{"id":137458,"date":"2016-09-21T13:15:00","date_gmt":"2016-09-21T11:15:00","guid":{"rendered":"http:\/\/hudo.com\/si\/2016\/09\/21\/kaj-bo-pocel-dejan-zavec\/"},"modified":"2016-09-22T15:47:02","modified_gmt":"2016-09-22T13:47:02","slug":"kaj-bo-pocel-dejan-zavec","status":"publish","type":"post","link":"https:\/\/hudo.com\/si\/aktualno\/kaj-bo-pocel-dejan-zavec\/","title":{"rendered":"Kaj bo po\u010del Dejan Zavec?"},"content":{"rendered":"<p>Slabo leto dni potem, ko je kon\u010dal svojo profesionalno kariero, nekdanji svetovni prvak v boksu Dejan Zavec \u017ee uresni\u010duje svojo napoved o tem, da bo pri\u0161el \u010das za nove zmage &#8211; druga\u010dne od dosedanjih. Poslej bo v veliki meri pomagal mladim boksarjem na njihovi poti, tudi na poti v profesionalni boks. V karieri boksarja, ki jo je zaklju\u010dil lani po porazu v Miamiju proti Kubancu Erislandyju Lari, je Dejan Zavec odboksal 40 profesionalnih dvobojev, pri \u010demer je zabele\u017eil 35 zmag, od tega 19 s KO, \u0161tiri poraze in eno prekinitev. Skupaj to pomeni 274 odboksanih rund, nikoli v dvoboju ni &#8220;padel&#8221;, oziroma bil knock outiran. Zdaj se bo preizkusil na drugi strani vrvi ringa. Za boksarje bo skrbel v Dejan Zavec Boxing in Dejan Zavec Pro Boxing, njegov glavni na\u010drt je mladim perspektivnim in nadarjenim boksarjem pomagati uresni\u010devati njihove tekmovalne ambicije, tako v amaterskem kot poklicnem boksu. V njegovi ekipi so Tomi Loren\u010di\u010d, Alja\u017e Venko, Mitja Di\u0161i\u010d, Jan Sekol, Dado Vukali\u010d, Ema Kozin in Marko \u010cali\u0107, nekateri med njimi se bodo javnosti predstavili \u017ee v soboto v mariborski dvorani Lukna, kjer sledi ve\u010der \u0161ampionov z devetimi razli\u010dnimi borbami. Dogodek se bo pri\u010del ob 17. uri, osrednja borba pa bo borba med Gregorjem Stra\u010danekom in Poljakom Jakubom Pokuso za naslov evropskega prvaka. &#8220;Namesto njih ne bom mogel delati. Vse bodo morali sami, pokazal pa jim bom pot in na\u010din dela, da bodo pri\u0161li tja, kamor si \u017eelijo. Zavedajo se, kak\u0161na je ta pot, skupaj pa nas \u010daka \u0161e veliko prehojenih in neprehojenih poti. Z Alja\u017eem Venkom sva se dobivala \u017ee na treningih pripravah, pomagal mi je pri sparingu, Mitjo Di\u0161i\u010da tudi \u017ee poznam od njegovih za\u010detkov. Vsi ti fantje imajo talent in vsi so pripravljeni tega nadgrajevati, kar je najpomembnej\u0161a osebnostna vrlina. Poslu\u0161ati in garati. Delo niti ve\u010d ni prava beseda, ko se odlo\u010di\u0161 za nekaj ve\u010d, ko ho\u010de\u0161 biti bolj\u0161i od soseda, prijatelja, v Evropi, na svetu, tukaj vidim velik potencial, v kolikor bodo fantje naredili to, kar jim bo re\u010deno,<\/p>\n","protected":false},"excerpt":{"rendered":"<p>Slabo leto dni potem, ko je kon\u010dal svojo profesionalno kariero, nekdanji svetovni prvak v boksu Dejan Zavec \u017ee uresni\u010duje svojo napoved o tem, da bo pri\u0161el \u010das za nove zmage &#8211; druga\u010dne od dosedanjih. Poslej bo v veliki meri pomagal mladim boksarjem na njihovi poti, tudi na poti v profesionalni boks. V karieri boksarja, ki jo je zaklju\u010dil lani po porazu v Miamiju proti Kubancu Erislandyju Lari, je Dejan Zavec odboksal 40 profesionalnih dvobojev, pri \u010demer je zabele\u017eil 35 zmag, od tega 19 s KO, \u0161tiri poraze in eno prekinitev. Skupaj to pomeni 274 odboksanih rund, nikoli v dvoboju ni &#8220;padel&#8221;, oziroma bil knock outiran. Zdaj se bo preizkusil na drugi strani vrvi ringa. Za boksarje bo skrbel v Dejan Zavec Boxing in Dejan Zavec Pro Boxing, njegov glavni na\u010drt je mladim perspektivnim in nadarjenim boksarjem pomagati uresni\u010devati njihove tekmovalne ambicije, tako v amaterskem kot poklicnem boksu. V njegovi ekipi so Tomi Loren\u010di\u010d, Alja\u017e Venko, Mitja Di\u0161i\u010d, Jan Sekol, Dado Vukali\u010d, Ema Kozin in Marko \u010cali\u0107, nekateri med njimi se bodo javnosti predstavili \u017ee v soboto v mariborski dvorani Lukna, kjer sledi ve\u010der \u0161ampionov z devetimi razli\u010dnimi borbami. Dogodek se bo pri\u010del ob 17. uri, osrednja borba pa bo borba med Gregorjem Stra\u010danekom in Poljakom Jakubom Pokuso za naslov evropskega prvaka. &#8220;Namesto njih ne bom mogel delati. Vse bodo morali sami, pokazal pa jim bom pot in na\u010din dela, da bodo pri\u0161li tja, kamor si \u017eelijo. Zavedajo se, kak\u0161na je ta pot, skupaj pa nas \u010daka \u0161e veliko prehojenih in neprehojenih poti. Z Alja\u017eem Venkom sva se dobivala \u017ee na treningih pripravah, pomagal mi je pri sparingu, Mitjo Di\u0161i\u010da tudi \u017ee poznam od njegovih za\u010detkov. Vsi ti fantje imajo talent in vsi so pripravljeni tega nadgrajevati, kar je najpomembnej\u0161a osebnostna vrlina. Poslu\u0161ati in garati. Delo niti ve\u010d ni prava beseda, ko se odlo\u010di\u0161 za nekaj ve\u010d, ko ho\u010de\u0161 biti bolj\u0161i od soseda, prijatelja, v Evropi, na svetu, tukaj vidim velik potencial, v kolikor bodo fantje naredili to, kar jim bo re\u010deno,<\/p>\n","protected":false},"author":1,"featured_media":0,"comment_status":"closed","ping_status":"closed","sticky":false,"template":"","format":"standard","meta":{"footnotes":""},"categories":[1179],"tags":[],"source":[1711],"supertag":[],"acf":[],"yoast_head":"<!-- This site is optimized with the Yoast SEO plugin v21.3 - https:\/\/yoast.com\/wordpress\/plugins\/seo\/ -->\n<title>Kaj bo po\u010del Dejan Zavec? - Hudo Slovenija<\/title>\n<meta name=\"robots\" content=\"index, follow, max-snippet:-1, max-image-preview:large, max-video-preview:-1\" \/>\n<link rel=\"canonical\" href=\"https:\/\/hudo.com\/si\/aktualno\/kaj-bo-pocel-dejan-zavec\/\" \/>\n<meta property=\"og:locale\" content=\"sl_SI\" \/>\n<meta property=\"og:type\" content=\"article\" \/>\n<meta property=\"og:title\" content=\"Kaj bo po\u010del Dejan Zavec? - Hudo Slovenija\" \/>\n<meta property=\"og:description\" content=\"Slabo leto dni potem, ko je kon\u010dal svojo profesionalno kariero, nekdanji svetovni prvak v boksu Dejan Zavec \u017ee uresni\u010duje svojo napoved o tem, da bo pri\u0161el \u010das za nove zmage - druga\u010dne od dosedanjih. Poslej bo v veliki meri pomagal mladim boksarjem na njihovi poti, tudi na poti v profesionalni boks. V karieri boksarja, ki jo je zaklju\u010dil lani po porazu v Miamiju proti Kubancu Erislandyju Lari, je Dejan Zavec odboksal 40 profesionalnih dvobojev, pri \u010demer je zabele\u017eil 35 zmag, od tega 19 s KO, \u0161tiri poraze in eno prekinitev. Skupaj to pomeni 274 odboksanih rund, nikoli v dvoboju ni &quot;padel&quot;, oziroma bil knock outiran. Zdaj se bo preizkusil na drugi strani vrvi ringa. Za boksarje bo skrbel v Dejan Zavec Boxing in Dejan Zavec Pro Boxing, njegov glavni na\u010drt je mladim perspektivnim in nadarjenim boksarjem pomagati uresni\u010devati njihove tekmovalne ambicije, tako v amaterskem kot poklicnem boksu. V njegovi ekipi so Tomi Loren\u010di\u010d, Alja\u017e Venko, Mitja Di\u0161i\u010d, Jan Sekol, Dado Vukali\u010d, Ema Kozin in Marko \u010cali\u0107, nekateri med njimi se bodo javnosti predstavili \u017ee v soboto v mariborski dvorani Lukna, kjer sledi ve\u010der \u0161ampionov z devetimi razli\u010dnimi borbami. Dogodek se bo pri\u010del ob 17. uri, osrednja borba pa bo borba med Gregorjem Stra\u010danekom in Poljakom Jakubom Pokuso za naslov evropskega prvaka. &quot;Namesto njih ne bom mogel delati. Vse bodo morali sami, pokazal pa jim bom pot in na\u010din dela, da bodo pri\u0161li tja, kamor si \u017eelijo. Zavedajo se, kak\u0161na je ta pot, skupaj pa nas \u010daka \u0161e veliko prehojenih in neprehojenih poti. Z Alja\u017eem Venkom sva se dobivala \u017ee na treningih pripravah, pomagal mi je pri sparingu, Mitjo Di\u0161i\u010da tudi \u017ee poznam od njegovih za\u010detkov. Vsi ti fantje imajo talent in vsi so pripravljeni tega nadgrajevati, kar je najpomembnej\u0161a osebnostna vrlina. Poslu\u0161ati in garati. Delo niti ve\u010d ni prava beseda, ko se odlo\u010di\u0161 za nekaj ve\u010d, ko ho\u010de\u0161 biti bolj\u0161i od soseda, prijatelja, v Evropi, na svetu, tukaj vidim velik potencial, v kolikor bodo fantje naredili to, kar jim bo re\u010deno,\" \/>\n<meta property=\"og:url\" content=\"https:\/\/hudo.com\/si\/aktualno\/kaj-bo-pocel-dejan-zavec\/\" \/>\n<meta property=\"og:site_name\" content=\"Hudo Slovenija\" \/>\n<meta property=\"article:publisher\" content=\"https:\/\/www.facebook.com\/hudo.si\" \/>\n<meta property=\"article:published_time\" content=\"2016-09-21T11:15:00+00:00\" \/>\n<meta property=\"article:modified_time\" content=\"2016-09-22T13:47:02+00:00\" \/>\n<meta property=\"og:image\" content=\"https:\/\/hudo.com\/si\/wp-content\/uploads\/sites\/2\/2016\/09\/01486201F-300.jpg\" \/>\n\t<meta property=\"og:image:width\" content=\"450\" \/>\n\t<meta property=\"og:image:height\" content=\"288\" \/>\n\t<meta property=\"og:image:type\" content=\"image\/jpeg\" \/>\n<meta name=\"author\" content=\"hudo\" \/>\n<meta name=\"twitter:card\" content=\"summary_large_image\" \/>\n<meta name=\"twitter:creator\" content=\"@hudo_si\" \/>\n<meta name=\"twitter:site\" content=\"@hudo_si\" \/>\n<meta name=\"twitter:label1\" content=\"Written by\" \/>\n\t<meta name=\"twitter:data1\" content=\"hudo\" \/>\n\t<meta name=\"twitter:label2\" content=\"Est. reading time\" \/>\n\t<meta name=\"twitter:data2\" content=\"2 minuti\" \/>\n<script type=\"application\/ld+json\" class=\"yoast-schema-graph\">{\"@context\":\"https:\/\/schema.org\",\"@graph\":[{\"@type\":\"Article\",\"@id\":\"https:\/\/hudo.com\/si\/aktualno\/kaj-bo-pocel-dejan-zavec\/#article\",\"isPartOf\":{\"@id\":\"https:\/\/hudo.com\/si\/aktualno\/kaj-bo-pocel-dejan-zavec\/\"},\"author\":{\"name\":\"hudo\",\"@id\":\"https:\/\/hudo.com\/si\/#\/schema\/person\/601cf3379633985b20f7e50f2bb47707\"},\"headline\":\"Kaj bo po\u010del Dejan Zavec?\",\"datePublished\":\"2016-09-21T11:15:00+00:00\",\"dateModified\":\"2016-09-22T13:47:02+00:00\",\"mainEntityOfPage\":{\"@id\":\"https:\/\/hudo.com\/si\/aktualno\/kaj-bo-pocel-dejan-zavec\/\"},\"wordCount\":359,\"publisher\":{\"@id\":\"https:\/\/hudo.com\/si\/#organization\"},\"articleSection\":[\"Aktualno\"],\"inLanguage\":\"sl-SI\"},{\"@type\":\"WebPage\",\"@id\":\"https:\/\/hudo.com\/si\/aktualno\/kaj-bo-pocel-dejan-zavec\/\",\"url\":\"https:\/\/hudo.com\/si\/aktualno\/kaj-bo-pocel-dejan-zavec\/\",\"name\":\"Kaj bo po\u010del Dejan Zavec? - Hudo Slovenija\",\"isPartOf\":{\"@id\":\"https:\/\/hudo.com\/si\/#website\"},\"datePublished\":\"2016-09-21T11:15:00+00:00\",\"dateModified\":\"2016-09-22T13:47:02+00:00\",\"breadcrumb\":{\"@id\":\"https:\/\/hudo.com\/si\/aktualno\/kaj-bo-pocel-dejan-zavec\/#breadcrumb\"},\"inLanguage\":\"sl-SI\",\"potentialAction\":[{\"@type\":\"ReadAction\",\"target\":[\"https:\/\/hudo.com\/si\/aktualno\/kaj-bo-pocel-dejan-zavec\/\"]}]},{\"@type\":\"BreadcrumbList\",\"@id\":\"https:\/\/hudo.com\/si\/aktualno\/kaj-bo-pocel-dejan-zavec\/#breadcrumb\",\"itemListElement\":[{\"@type\":\"ListItem\",\"position\":1,\"name\":\"Home\",\"item\":\"https:\/\/hudo.com\/si\/\"},{\"@type\":\"ListItem\",\"position\":2,\"name\":\"Kaj bo po\u010del Dejan Zavec?\"}]},{\"@type\":\"WebSite\",\"@id\":\"https:\/\/hudo.com\/si\/#website\",\"url\":\"https:\/\/hudo.com\/si\/\",\"name\":\"Hudo Slovenija\",\"description\":\"Vse novice iz Slovenije in sveta\",\"publisher\":{\"@id\":\"https:\/\/hudo.com\/si\/#organization\"},\"potentialAction\":[{\"@type\":\"SearchAction\",\"target\":{\"@type\":\"EntryPoint\",\"urlTemplate\":\"https:\/\/hudo.com\/si\/?s={search_term_string}\"},\"query-input\":\"required name=search_term_string\"}],\"inLanguage\":\"sl-SI\"},{\"@type\":\"Organization\",\"@id\":\"https:\/\/hudo.com\/si\/#organization\",\"name\":\"VSN Media\",\"url\":\"https:\/\/hudo.com\/si\/\",\"logo\":{\"@type\":\"ImageObject\",\"inLanguage\":\"sl-SI\",\"@id\":\"https:\/\/hudo.com\/si\/#\/schema\/logo\/image\/\",\"url\":\"https:\/\/hudo.com\/si\/wp-content\/uploads\/sites\/2\/2021\/03\/hudo-app-2.png\",\"contentUrl\":\"https:\/\/hudo.com\/si\/wp-content\/uploads\/sites\/2\/2021\/03\/hudo-app-2.png\",\"width\":2185,\"height\":2167,\"caption\":\"VSN Media\"},\"image\":{\"@id\":\"https:\/\/hudo.com\/si\/#\/schema\/logo\/image\/\"},\"sameAs\":[\"https:\/\/www.facebook.com\/hudo.si\",\"https:\/\/twitter.com\/hudo_si\"]},{\"@type\":\"Person\",\"@id\":\"https:\/\/hudo.com\/si\/#\/schema\/person\/601cf3379633985b20f7e50f2bb47707\",\"name\":\"hudo\",\"image\":{\"@type\":\"ImageObject\",\"inLanguage\":\"sl-SI\",\"@id\":\"https:\/\/hudo.com\/si\/#\/schema\/person\/image\/\",\"url\":\"https:\/\/secure.gravatar.com\/avatar\/c4ca25fa72cace7a696b52ff5db9e095?s=96&d=mm&r=g\",\"contentUrl\":\"https:\/\/secure.gravatar.com\/avatar\/c4ca25fa72cace7a696b52ff5db9e095?s=96&d=mm&r=g\",\"caption\":\"hudo\"},\"url\":\"https:\/\/hudo.com\/si\/author\/hudo\/\"}]}<\/script>\n<!-- \/ Yoast SEO plugin. -->","yoast_head_json":{"title":"Kaj bo po\u010del Dejan Zavec? - Hudo Slovenija","robots":{"index":"index","follow":"follow","max-snippet":"max-snippet:-1","max-image-preview":"max-image-preview:large","max-video-preview":"max-video-preview:-1"},"canonical":"https:\/\/hudo.com\/si\/aktualno\/kaj-bo-pocel-dejan-zavec\/","og_locale":"sl_SI","og_type":"article","og_title":"Kaj bo po\u010del Dejan Zavec? - Hudo Slovenija","og_description":"Slabo leto dni potem, ko je kon\u010dal svojo profesionalno kariero, nekdanji svetovni prvak v boksu Dejan Zavec \u017ee uresni\u010duje svojo napoved o tem, da bo pri\u0161el \u010das za nove zmage - druga\u010dne od dosedanjih. Poslej bo v veliki meri pomagal mladim boksarjem na njihovi poti, tudi na poti v profesionalni boks. V karieri boksarja, ki jo je zaklju\u010dil lani po porazu v Miamiju proti Kubancu Erislandyju Lari, je Dejan Zavec odboksal 40 profesionalnih dvobojev, pri \u010demer je zabele\u017eil 35 zmag, od tega 19 s KO, \u0161tiri poraze in eno prekinitev. Skupaj to pomeni 274 odboksanih rund, nikoli v dvoboju ni \"padel\", oziroma bil knock outiran. Zdaj se bo preizkusil na drugi strani vrvi ringa. Za boksarje bo skrbel v Dejan Zavec Boxing in Dejan Zavec Pro Boxing, njegov glavni na\u010drt je mladim perspektivnim in nadarjenim boksarjem pomagati uresni\u010devati njihove tekmovalne ambicije, tako v amaterskem kot poklicnem boksu. V njegovi ekipi so Tomi Loren\u010di\u010d, Alja\u017e Venko, Mitja Di\u0161i\u010d, Jan Sekol, Dado Vukali\u010d, Ema Kozin in Marko \u010cali\u0107, nekateri med njimi se bodo javnosti predstavili \u017ee v soboto v mariborski dvorani Lukna, kjer sledi ve\u010der \u0161ampionov z devetimi razli\u010dnimi borbami. Dogodek se bo pri\u010del ob 17. uri, osrednja borba pa bo borba med Gregorjem Stra\u010danekom in Poljakom Jakubom Pokuso za naslov evropskega prvaka. \"Namesto njih ne bom mogel delati. Vse bodo morali sami, pokazal pa jim bom pot in na\u010din dela, da bodo pri\u0161li tja, kamor si \u017eelijo. Zavedajo se, kak\u0161na je ta pot, skupaj pa nas \u010daka \u0161e veliko prehojenih in neprehojenih poti. Z Alja\u017eem Venkom sva se dobivala \u017ee na treningih pripravah, pomagal mi je pri sparingu, Mitjo Di\u0161i\u010da tudi \u017ee poznam od njegovih za\u010detkov. Vsi ti fantje imajo talent in vsi so pripravljeni tega nadgrajevati, kar je najpomembnej\u0161a osebnostna vrlina. Poslu\u0161ati in garati. Delo niti ve\u010d ni prava beseda, ko se odlo\u010di\u0161 za nekaj ve\u010d, ko ho\u010de\u0161 biti bolj\u0161i od soseda, prijatelja, v Evropi, na svetu, tukaj vidim velik potencial, v kolikor bodo fantje naredili to, kar jim bo re\u010deno,","og_url":"https:\/\/hudo.com\/si\/aktualno\/kaj-bo-pocel-dejan-zavec\/","og_site_name":"Hudo Slovenija","article_publisher":"https:\/\/www.facebook.com\/hudo.si","article_published_time":"2016-09-21T11:15:00+00:00","article_modified_time":"2016-09-22T13:47:02+00:00","og_image":[{"width":450,"height":288,"url":"https:\/\/hudo.com\/si\/wp-content\/uploads\/sites\/2\/2016\/09\/01486201F-300.jpg","type":"image\/jpeg"}],"author":"hudo","twitter_card":"summary_large_image","twitter_creator":"@hudo_si","twitter_site":"@hudo_si","twitter_misc":{"Written by":"hudo","Est. reading time":"2 minuti"},"schema":{"@context":"https:\/\/schema.org","@graph":[{"@type":"Article","@id":"https:\/\/hudo.com\/si\/aktualno\/kaj-bo-pocel-dejan-zavec\/#article","isPartOf":{"@id":"https:\/\/hudo.com\/si\/aktualno\/kaj-bo-pocel-dejan-zavec\/"},"author":{"name":"hudo","@id":"https:\/\/hudo.com\/si\/#\/schema\/person\/601cf3379633985b20f7e50f2bb47707"},"headline":"Kaj bo po\u010del Dejan Zavec?","datePublished":"2016-09-21T11:15:00+00:00","dateModified":"2016-09-22T13:47:02+00:00","mainEntityOfPage":{"@id":"https:\/\/hudo.com\/si\/aktualno\/kaj-bo-pocel-dejan-zavec\/"},"wordCount":359,"publisher":{"@id":"https:\/\/hudo.com\/si\/#organization"},"articleSection":["Aktualno"],"inLanguage":"sl-SI"},{"@type":"WebPage","@id":"https:\/\/hudo.com\/si\/aktualno\/kaj-bo-pocel-dejan-zavec\/","url":"https:\/\/hudo.com\/si\/aktualno\/kaj-bo-pocel-dejan-zavec\/","name":"Kaj bo po\u010del Dejan Zavec? - Hudo Slovenija","isPartOf":{"@id":"https:\/\/hudo.com\/si\/#website"},"datePublished":"2016-09-21T11:15:00+00:00","dateModified":"2016-09-22T13:47:02+00:00","breadcrumb":{"@id":"https:\/\/hudo.com\/si\/aktualno\/kaj-bo-pocel-dejan-zavec\/#breadcrumb"},"inLanguage":"sl-SI","potentialAction":[{"@type":"ReadAction","target":["https:\/\/hudo.com\/si\/aktualno\/kaj-bo-pocel-dejan-zavec\/"]}]},{"@type":"BreadcrumbList","@id":"https:\/\/hudo.com\/si\/aktualno\/kaj-bo-pocel-dejan-zavec\/#breadcrumb","itemListElement":[{"@type":"ListItem","position":1,"name":"Home","item":"https:\/\/hudo.com\/si\/"},{"@type":"ListItem","position":2,"name":"Kaj bo po\u010del Dejan Zavec?"}]},{"@type":"WebSite","@id":"https:\/\/hudo.com\/si\/#website","url":"https:\/\/hudo.com\/si\/","name":"Hudo Slovenija","description":"Vse novice iz Slovenije in sveta","publisher":{"@id":"https:\/\/hudo.com\/si\/#organization"},"potentialAction":[{"@type":"SearchAction","target":{"@type":"EntryPoint","urlTemplate":"https:\/\/hudo.com\/si\/?s={search_term_string}"},"query-input":"required name=search_term_string"}],"inLanguage":"sl-SI"},{"@type":"Organization","@id":"https:\/\/hudo.com\/si\/#organization","name":"VSN Media","url":"https:\/\/hudo.com\/si\/","logo":{"@type":"ImageObject","inLanguage":"sl-SI","@id":"https:\/\/hudo.com\/si\/#\/schema\/logo\/image\/","url":"https:\/\/hudo.com\/si\/wp-content\/uploads\/sites\/2\/2021\/03\/hudo-app-2.png","contentUrl":"https:\/\/hudo.com\/si\/wp-content\/uploads\/sites\/2\/2021\/03\/hudo-app-2.png","width":2185,"height":2167,"caption":"VSN Media"},"image":{"@id":"https:\/\/hudo.com\/si\/#\/schema\/logo\/image\/"},"sameAs":["https:\/\/www.facebook.com\/hudo.si","https:\/\/twitter.com\/hudo_si"]},{"@type":"Person","@id":"https:\/\/hudo.com\/si\/#\/schema\/person\/601cf3379633985b20f7e50f2bb47707","name":"hudo","image":{"@type":"ImageObject","inLanguage":"sl-SI","@id":"https:\/\/hudo.com\/si\/#\/schema\/person\/image\/","url":"https:\/\/secure.gravatar.com\/avatar\/c4ca25fa72cace7a696b52ff5db9e095?s=96&d=mm&r=g","contentUrl":"https:\/\/secure.gravatar.com\/avatar\/c4ca25fa72cace7a696b52ff5db9e095?s=96&d=mm&r=g","caption":"hudo"},"url":"https:\/\/hudo.com\/si\/author\/hudo\/"}]}},"amp_enabled":true,"_links":{"self":[{"href":"https:\/\/hudo.com\/si\/wp-json\/wp\/v2\/posts\/137458"}],"collection":[{"href":"https:\/\/hudo.com\/si\/wp-json\/wp\/v2\/posts"}],"about":[{"href":"https:\/\/hudo.com\/si\/wp-json\/wp\/v2\/types\/post"}],"author":[{"embeddable":true,"href":"https:\/\/hudo.com\/si\/wp-json\/wp\/v2\/users\/1"}],"replies":[{"embeddable":true,"href":"https:\/\/hudo.com\/si\/wp-json\/wp\/v2\/comments?post=137458"}],"version-history":[{"count":1,"href":"https:\/\/hudo.com\/si\/wp-json\/wp\/v2\/posts\/137458\/revisions"}],"predecessor-version":[{"id":137835,"href":"https:\/\/hudo.com\/si\/wp-json\/wp\/v2\/posts\/137458\/revisions\/137835"}],"wp:attachment":[{"href":"https:\/\/hudo.com\/si\/wp-json\/wp\/v2\/media?parent=137458"}],"wp:term":[{"taxonomy":"category","embeddable":true,"href":"https:\/\/hudo.com\/si\/wp-json\/wp\/v2\/categories?post=137458"},{"taxonomy":"post_tag","embeddable":true,"href":"https:\/\/hudo.com\/si\/wp-json\/wp\/v2\/tags?post=137458"},{"taxonomy":"source","embeddable":true,"href":"https:\/\/hudo.com\/si\/wp-json\/wp\/v2\/source?post=137458"},{"taxonomy":"supertag","embeddable":true,"href":"https:\/\/hudo.com\/si\/wp-json\/wp\/v2\/supertag?post=137458"}],"curies":[{"name":"wp","href":"https:\/\/api.w.org\/{rel}","templated":true}]}}