{"id":138036,"date":"2016-09-22T12:18:52","date_gmt":"2016-09-22T10:18:52","guid":{"rendered":"http:\/\/hudo.com\/si\/?p=138036"},"modified":"2016-09-22T12:18:52","modified_gmt":"2016-09-22T10:18:52","slug":"slovenska-posta-okrepila-sodelovanje-v-evropski-paketni-mrezi","status":"publish","type":"post","link":"https:\/\/hudo.com\/si\/aktualno\/slovenska-posta-okrepila-sodelovanje-v-evropski-paketni-mrezi\/","title":{"rendered":"Slovenska po\u0161ta okrepila vlogo v evropski paketni mre\u017ei"},"content":{"rendered":"<p>Kot so ob tem sporo\u010dili iz Po\u0161te Slovenije, se je ta s podpisom pridru\u017eila mre\u017ei nem\u0161ke po\u0161te, kar je za njih dolgoro\u010dnega in strate\u0161kega pomena. &#8220;Pri\u010dakujemo lahko, da se bo nem\u0161ka po\u0161ta v skladu s svojo dolgoro\u010dno strategijo najve\u010djega logista na svetu ustrezno pozicionirala na trgih, ki so klju\u010dni za slovensko gospodarstvo, in znatno pove\u010dala prispetje paketnih po\u0161iljk v Slovenijo,&#8221; je povedal Novak.<\/p>\n<p>Po\u0161ta Slovenije kot \u010dlanica mre\u017ee na\u010drtuje nadaljnjo rast na podro\u010dju paketne dostave, kar bo vplivalo na uspe\u0161nost celotnega poslovanja v prihodnje. Dogovorjeni model partnerskega sodelovanja med obema po\u0161tama namre\u010d omogo\u010da dostavo dodatnih paketnih po\u0161iljk iz omenjene paketne mre\u017ee v Slovenijo.<\/p>\n<p>Ob sklenitvi partnerskega sodelovanja z Deutsche Post je generalni direktor slovenske po\u0161te \u0161e dodal, da v sklopu raz\u0161irjenega sodelovanja z nem\u0161kimi partnerji ne bodo zgolj la\u017eje dostopali do evropskega trga paketne dostave, pa\u010d pa tudi do uporabe najmodernej\u0161ih tehnologij.<\/p>\n<p>Na nem\u0161ki strani poudarjajo, da je bila po njihovi uspe\u0161ni uveljavitvi na avstrijskem paketnem trgu v roku leta dni \u0161iritev mre\u017ee v ekonomsko povezano sosednjo Slovenijo samoumevna. Skupaj z lokalnimi partnerji \u017eelijo podpreti tudi spletne trgovce in njihova podjetja na teh trgih.<\/p>\n<p>&#8220;Hkrati na\u0161im strankam v preostalem delu Evrope ponujamo atraktivno prilo\u017enost, da ponudijo izdelke \u010dezmejno na vedno ve\u010djem \u0161tevilu trgov. Zanesljiva in fleksibilna logistika je klju\u010den predpogoj za spletno trgovino. Z raz\u0161irjeno mre\u017eo in na\u0161imi visokimi standardi storitev smo ustvarili temelje za pristno evropsko okolje spletne trgovine,&#8221; je povedal D\u00fcnnwald.<\/p>\n<p>Paketna mre\u017ea skupaj s Po\u0161to Slovenije zdaj vklju\u010duje \u017ee 18 dr\u017eav, slovenska dru\u017eba v dr\u017eavni lasti pa je po\u0161iljke iz mre\u017ee Parcel Connect v sklopu novega partnerstva prvi\u010d uradno sprejela \u017ee po zaklju\u010dku testnega obdobja 1. septembra.<\/p>\n<p>Skupina Deutsche Post DHL Group je vodilno svetovno podjetje na podro\u010dju logistike in po\u0161tnih komunikacij, ki upravlja Deutsche Post, kot vodilnega ponudnika po\u0161tnih storitev v Evropi, ter DHL, ki ima pomemben polo\u017eaj na podro\u010dju mednarodnih ekspresnih po\u0161iljk, tovornega prometa, elektronskega poslovanja in upravljanja dobavnih verig.<\/p>\n<p>Omenjena nem\u0161ka skupina zaposluje pribli\u017eno pol milijona ljudi v ve\u010d kot 220 dr\u017eavah po vsem svetu, lani pa je ustvarila za ve\u010d kot 59 milijard evrov prihodkov.<\/p>\n","protected":false},"excerpt":{"rendered":"<p>Generalni direktor Po\u0161te Slovenije Boris Novak in prvi mo\u017e dru\u017ebe DHL Parcel Europe Achim D\u00fcnnwald sta ta teden podpisala multilateralno pogodbo o \u0161iritvi partnerskega sodelovanja med slovensko in nem\u0161ko po\u0161to v segmentu paketne dostave. Slovenija je s tem postala del velike in razvejane evropske paketne mre\u017ee Parcel Connect.<\/p>\n","protected":false},"author":7,"featured_media":138037,"comment_status":"closed","ping_status":"closed","sticky":false,"template":"","format":"standard","meta":{"footnotes":""},"categories":[1179],"tags":[6427,2391,3628,5074],"source":[4511],"supertag":[7541],"acf":[],"yoast_head":"<!-- This site is optimized with the Yoast SEO plugin v21.3 - https:\/\/yoast.com\/wordpress\/plugins\/seo\/ -->\n<title>Slovenska po\u0161ta okrepila vlogo v evropski paketni mre\u017ei - Hudo Slovenija<\/title>\n<meta name=\"robots\" content=\"index, follow, max-snippet:-1, max-image-preview:large, max-video-preview:-1\" \/>\n<link rel=\"canonical\" href=\"https:\/\/hudo.com\/si\/aktualno\/slovenska-posta-okrepila-sodelovanje-v-evropski-paketni-mrezi\/\" \/>\n<meta property=\"og:locale\" content=\"sl_SI\" \/>\n<meta property=\"og:type\" content=\"article\" \/>\n<meta property=\"og:title\" content=\"Slovenska po\u0161ta okrepila vlogo v evropski paketni mre\u017ei - Hudo Slovenija\" \/>\n<meta property=\"og:description\" content=\"Generalni direktor Po\u0161te Slovenije Boris Novak in prvi mo\u017e dru\u017ebe DHL Parcel Europe Achim D\u00fcnnwald sta ta teden podpisala multilateralno pogodbo o \u0161iritvi partnerskega sodelovanja med slovensko in nem\u0161ko po\u0161to v segmentu paketne dostave. Slovenija je s tem postala del velike in razvejane evropske paketne mre\u017ee Parcel Connect.\" \/>\n<meta property=\"og:url\" content=\"https:\/\/hudo.com\/si\/aktualno\/slovenska-posta-okrepila-sodelovanje-v-evropski-paketni-mrezi\/\" \/>\n<meta property=\"og:site_name\" content=\"Hudo Slovenija\" \/>\n<meta property=\"article:publisher\" content=\"https:\/\/www.facebook.com\/hudo.si\" \/>\n<meta property=\"article:published_time\" content=\"2016-09-22T10:18:52+00:00\" \/>\n<meta property=\"og:image\" content=\"https:\/\/hudo.com\/si\/wp-content\/uploads\/sites\/2\/2016\/09\/profimedia-0179552645.jpg\" \/>\n\t<meta property=\"og:image:width\" content=\"1250\" \/>\n\t<meta property=\"og:image:height\" content=\"833\" \/>\n\t<meta property=\"og:image:type\" content=\"image\/jpeg\" \/>\n<meta name=\"author\" content=\"A. P., STA\" \/>\n<meta name=\"twitter:card\" content=\"summary_large_image\" \/>\n<meta name=\"twitter:creator\" content=\"@hudo_si\" \/>\n<meta name=\"twitter:site\" content=\"@hudo_si\" \/>\n<meta name=\"twitter:label1\" content=\"Written by\" \/>\n\t<meta name=\"twitter:data1\" content=\"A. P., STA\" \/>\n\t<meta name=\"twitter:label2\" content=\"Est. reading time\" \/>\n\t<meta name=\"twitter:data2\" content=\"2 minuti\" \/>\n<script type=\"application\/ld+json\" class=\"yoast-schema-graph\">{\"@context\":\"https:\/\/schema.org\",\"@graph\":[{\"@type\":\"Article\",\"@id\":\"https:\/\/hudo.com\/si\/aktualno\/slovenska-posta-okrepila-sodelovanje-v-evropski-paketni-mrezi\/#article\",\"isPartOf\":{\"@id\":\"https:\/\/hudo.com\/si\/aktualno\/slovenska-posta-okrepila-sodelovanje-v-evropski-paketni-mrezi\/\"},\"author\":{\"name\":\"A. P., STA\",\"@id\":\"https:\/\/hudo.com\/si\/#\/schema\/person\/18f09c02475ba9e606e941a565b80cff\"},\"headline\":\"Slovenska po\u0161ta okrepila vlogo v evropski paketni mre\u017ei\",\"datePublished\":\"2016-09-22T10:18:52+00:00\",\"dateModified\":\"2016-09-22T10:18:52+00:00\",\"mainEntityOfPage\":{\"@id\":\"https:\/\/hudo.com\/si\/aktualno\/slovenska-posta-okrepila-sodelovanje-v-evropski-paketni-mrezi\/\"},\"wordCount\":407,\"publisher\":{\"@id\":\"https:\/\/hudo.com\/si\/#organization\"},\"keywords\":[\"DHL\",\"gospodarstvo\",\"nem\u010dija\",\"po\u0161ta Slovenije\"],\"articleSection\":[\"Aktualno\"],\"inLanguage\":\"sl-SI\"},{\"@type\":\"WebPage\",\"@id\":\"https:\/\/hudo.com\/si\/aktualno\/slovenska-posta-okrepila-sodelovanje-v-evropski-paketni-mrezi\/\",\"url\":\"https:\/\/hudo.com\/si\/aktualno\/slovenska-posta-okrepila-sodelovanje-v-evropski-paketni-mrezi\/\",\"name\":\"Slovenska po\u0161ta okrepila vlogo v evropski paketni mre\u017ei - Hudo Slovenija\",\"isPartOf\":{\"@id\":\"https:\/\/hudo.com\/si\/#website\"},\"datePublished\":\"2016-09-22T10:18:52+00:00\",\"dateModified\":\"2016-09-22T10:18:52+00:00\",\"breadcrumb\":{\"@id\":\"https:\/\/hudo.com\/si\/aktualno\/slovenska-posta-okrepila-sodelovanje-v-evropski-paketni-mrezi\/#breadcrumb\"},\"inLanguage\":\"sl-SI\",\"potentialAction\":[{\"@type\":\"ReadAction\",\"target\":[\"https:\/\/hudo.com\/si\/aktualno\/slovenska-posta-okrepila-sodelovanje-v-evropski-paketni-mrezi\/\"]}]},{\"@type\":\"BreadcrumbList\",\"@id\":\"https:\/\/hudo.com\/si\/aktualno\/slovenska-posta-okrepila-sodelovanje-v-evropski-paketni-mrezi\/#breadcrumb\",\"itemListElement\":[{\"@type\":\"ListItem\",\"position\":1,\"name\":\"Home\",\"item\":\"https:\/\/hudo.com\/si\/\"},{\"@type\":\"ListItem\",\"position\":2,\"name\":\"Slovenska po\u0161ta okrepila vlogo v evropski paketni mre\u017ei\"}]},{\"@type\":\"WebSite\",\"@id\":\"https:\/\/hudo.com\/si\/#website\",\"url\":\"https:\/\/hudo.com\/si\/\",\"name\":\"Hudo Slovenija\",\"description\":\"Vse novice iz Slovenije in sveta\",\"publisher\":{\"@id\":\"https:\/\/hudo.com\/si\/#organization\"},\"potentialAction\":[{\"@type\":\"SearchAction\",\"target\":{\"@type\":\"EntryPoint\",\"urlTemplate\":\"https:\/\/hudo.com\/si\/?s={search_term_string}\"},\"query-input\":\"required name=search_term_string\"}],\"inLanguage\":\"sl-SI\"},{\"@type\":\"Organization\",\"@id\":\"https:\/\/hudo.com\/si\/#organization\",\"name\":\"VSN Media\",\"url\":\"https:\/\/hudo.com\/si\/\",\"logo\":{\"@type\":\"ImageObject\",\"inLanguage\":\"sl-SI\",\"@id\":\"https:\/\/hudo.com\/si\/#\/schema\/logo\/image\/\",\"url\":\"https:\/\/hudo.com\/si\/wp-content\/uploads\/sites\/2\/2021\/03\/hudo-app-2.png\",\"contentUrl\":\"https:\/\/hudo.com\/si\/wp-content\/uploads\/sites\/2\/2021\/03\/hudo-app-2.png\",\"width\":2185,\"height\":2167,\"caption\":\"VSN Media\"},\"image\":{\"@id\":\"https:\/\/hudo.com\/si\/#\/schema\/logo\/image\/\"},\"sameAs\":[\"https:\/\/www.facebook.com\/hudo.si\",\"https:\/\/twitter.com\/hudo_si\"]},{\"@type\":\"Person\",\"@id\":\"https:\/\/hudo.com\/si\/#\/schema\/person\/18f09c02475ba9e606e941a565b80cff\",\"name\":\"A. P., STA\",\"image\":{\"@type\":\"ImageObject\",\"inLanguage\":\"sl-SI\",\"@id\":\"https:\/\/hudo.com\/si\/#\/schema\/person\/image\/\",\"url\":\"https:\/\/secure.gravatar.com\/avatar\/03eac8e609f5f04383125d80eaeaaf3e?s=96&d=mm&r=g\",\"contentUrl\":\"https:\/\/secure.gravatar.com\/avatar\/03eac8e609f5f04383125d80eaeaaf3e?s=96&d=mm&r=g\",\"caption\":\"A. P., STA\"},\"url\":\"https:\/\/hudo.com\/si\/author\/lubu\/\"}]}<\/script>\n<!-- \/ Yoast SEO plugin. -->","yoast_head_json":{"title":"Slovenska po\u0161ta okrepila vlogo v evropski paketni mre\u017ei - Hudo Slovenija","robots":{"index":"index","follow":"follow","max-snippet":"max-snippet:-1","max-image-preview":"max-image-preview:large","max-video-preview":"max-video-preview:-1"},"canonical":"https:\/\/hudo.com\/si\/aktualno\/slovenska-posta-okrepila-sodelovanje-v-evropski-paketni-mrezi\/","og_locale":"sl_SI","og_type":"article","og_title":"Slovenska po\u0161ta okrepila vlogo v evropski paketni mre\u017ei - Hudo Slovenija","og_description":"Generalni direktor Po\u0161te Slovenije Boris Novak in prvi mo\u017e dru\u017ebe DHL Parcel Europe Achim D\u00fcnnwald sta ta teden podpisala multilateralno pogodbo o \u0161iritvi partnerskega sodelovanja med slovensko in nem\u0161ko po\u0161to v segmentu paketne dostave. Slovenija je s tem postala del velike in razvejane evropske paketne mre\u017ee Parcel Connect.","og_url":"https:\/\/hudo.com\/si\/aktualno\/slovenska-posta-okrepila-sodelovanje-v-evropski-paketni-mrezi\/","og_site_name":"Hudo Slovenija","article_publisher":"https:\/\/www.facebook.com\/hudo.si","article_published_time":"2016-09-22T10:18:52+00:00","og_image":[{"width":1250,"height":833,"url":"https:\/\/hudo.com\/si\/wp-content\/uploads\/sites\/2\/2016\/09\/profimedia-0179552645.jpg","type":"image\/jpeg"}],"author":"A. P., STA","twitter_card":"summary_large_image","twitter_creator":"@hudo_si","twitter_site":"@hudo_si","twitter_misc":{"Written by":"A. P., STA","Est. reading time":"2 minuti"},"schema":{"@context":"https:\/\/schema.org","@graph":[{"@type":"Article","@id":"https:\/\/hudo.com\/si\/aktualno\/slovenska-posta-okrepila-sodelovanje-v-evropski-paketni-mrezi\/#article","isPartOf":{"@id":"https:\/\/hudo.com\/si\/aktualno\/slovenska-posta-okrepila-sodelovanje-v-evropski-paketni-mrezi\/"},"author":{"name":"A. P., STA","@id":"https:\/\/hudo.com\/si\/#\/schema\/person\/18f09c02475ba9e606e941a565b80cff"},"headline":"Slovenska po\u0161ta okrepila vlogo v evropski paketni mre\u017ei","datePublished":"2016-09-22T10:18:52+00:00","dateModified":"2016-09-22T10:18:52+00:00","mainEntityOfPage":{"@id":"https:\/\/hudo.com\/si\/aktualno\/slovenska-posta-okrepila-sodelovanje-v-evropski-paketni-mrezi\/"},"wordCount":407,"publisher":{"@id":"https:\/\/hudo.com\/si\/#organization"},"keywords":["DHL","gospodarstvo","nem\u010dija","po\u0161ta Slovenije"],"articleSection":["Aktualno"],"inLanguage":"sl-SI"},{"@type":"WebPage","@id":"https:\/\/hudo.com\/si\/aktualno\/slovenska-posta-okrepila-sodelovanje-v-evropski-paketni-mrezi\/","url":"https:\/\/hudo.com\/si\/aktualno\/slovenska-posta-okrepila-sodelovanje-v-evropski-paketni-mrezi\/","name":"Slovenska po\u0161ta okrepila vlogo v evropski paketni mre\u017ei - Hudo Slovenija","isPartOf":{"@id":"https:\/\/hudo.com\/si\/#website"},"datePublished":"2016-09-22T10:18:52+00:00","dateModified":"2016-09-22T10:18:52+00:00","breadcrumb":{"@id":"https:\/\/hudo.com\/si\/aktualno\/slovenska-posta-okrepila-sodelovanje-v-evropski-paketni-mrezi\/#breadcrumb"},"inLanguage":"sl-SI","potentialAction":[{"@type":"ReadAction","target":["https:\/\/hudo.com\/si\/aktualno\/slovenska-posta-okrepila-sodelovanje-v-evropski-paketni-mrezi\/"]}]},{"@type":"BreadcrumbList","@id":"https:\/\/hudo.com\/si\/aktualno\/slovenska-posta-okrepila-sodelovanje-v-evropski-paketni-mrezi\/#breadcrumb","itemListElement":[{"@type":"ListItem","position":1,"name":"Home","item":"https:\/\/hudo.com\/si\/"},{"@type":"ListItem","position":2,"name":"Slovenska po\u0161ta okrepila vlogo v evropski paketni mre\u017ei"}]},{"@type":"WebSite","@id":"https:\/\/hudo.com\/si\/#website","url":"https:\/\/hudo.com\/si\/","name":"Hudo Slovenija","description":"Vse novice iz Slovenije in sveta","publisher":{"@id":"https:\/\/hudo.com\/si\/#organization"},"potentialAction":[{"@type":"SearchAction","target":{"@type":"EntryPoint","urlTemplate":"https:\/\/hudo.com\/si\/?s={search_term_string}"},"query-input":"required name=search_term_string"}],"inLanguage":"sl-SI"},{"@type":"Organization","@id":"https:\/\/hudo.com\/si\/#organization","name":"VSN Media","url":"https:\/\/hudo.com\/si\/","logo":{"@type":"ImageObject","inLanguage":"sl-SI","@id":"https:\/\/hudo.com\/si\/#\/schema\/logo\/image\/","url":"https:\/\/hudo.com\/si\/wp-content\/uploads\/sites\/2\/2021\/03\/hudo-app-2.png","contentUrl":"https:\/\/hudo.com\/si\/wp-content\/uploads\/sites\/2\/2021\/03\/hudo-app-2.png","width":2185,"height":2167,"caption":"VSN Media"},"image":{"@id":"https:\/\/hudo.com\/si\/#\/schema\/logo\/image\/"},"sameAs":["https:\/\/www.facebook.com\/hudo.si","https:\/\/twitter.com\/hudo_si"]},{"@type":"Person","@id":"https:\/\/hudo.com\/si\/#\/schema\/person\/18f09c02475ba9e606e941a565b80cff","name":"A. P., STA","image":{"@type":"ImageObject","inLanguage":"sl-SI","@id":"https:\/\/hudo.com\/si\/#\/schema\/person\/image\/","url":"https:\/\/secure.gravatar.com\/avatar\/03eac8e609f5f04383125d80eaeaaf3e?s=96&d=mm&r=g","contentUrl":"https:\/\/secure.gravatar.com\/avatar\/03eac8e609f5f04383125d80eaeaaf3e?s=96&d=mm&r=g","caption":"A. P., STA"},"url":"https:\/\/hudo.com\/si\/author\/lubu\/"}]}},"amp_enabled":true,"_links":{"self":[{"href":"https:\/\/hudo.com\/si\/wp-json\/wp\/v2\/posts\/138036"}],"collection":[{"href":"https:\/\/hudo.com\/si\/wp-json\/wp\/v2\/posts"}],"about":[{"href":"https:\/\/hudo.com\/si\/wp-json\/wp\/v2\/types\/post"}],"author":[{"embeddable":true,"href":"https:\/\/hudo.com\/si\/wp-json\/wp\/v2\/users\/7"}],"replies":[{"embeddable":true,"href":"https:\/\/hudo.com\/si\/wp-json\/wp\/v2\/comments?post=138036"}],"version-history":[{"count":1,"href":"https:\/\/hudo.com\/si\/wp-json\/wp\/v2\/posts\/138036\/revisions"}],"predecessor-version":[{"id":138038,"href":"https:\/\/hudo.com\/si\/wp-json\/wp\/v2\/posts\/138036\/revisions\/138038"}],"wp:featuredmedia":[{"embeddable":true,"href":"https:\/\/hudo.com\/si\/wp-json\/wp\/v2\/media\/138037"}],"wp:attachment":[{"href":"https:\/\/hudo.com\/si\/wp-json\/wp\/v2\/media?parent=138036"}],"wp:term":[{"taxonomy":"category","embeddable":true,"href":"https:\/\/hudo.com\/si\/wp-json\/wp\/v2\/categories?post=138036"},{"taxonomy":"post_tag","embeddable":true,"href":"https:\/\/hudo.com\/si\/wp-json\/wp\/v2\/tags?post=138036"},{"taxonomy":"source","embeddable":true,"href":"https:\/\/hudo.com\/si\/wp-json\/wp\/v2\/source?post=138036"},{"taxonomy":"supertag","embeddable":true,"href":"https:\/\/hudo.com\/si\/wp-json\/wp\/v2\/supertag?post=138036"}],"curies":[{"name":"wp","href":"https:\/\/api.w.org\/{rel}","templated":true}]}}