{"id":13811,"date":"2015-10-05T11:05:19","date_gmt":"2015-10-05T10:05:19","guid":{"rendered":"http:\/\/master.hudo.com\/si\/2015\/10\/05\/kmetija-je-nova-glava-bogate-druzine-zacetek-konca\/"},"modified":"2015-10-05T11:05:19","modified_gmt":"2015-10-05T10:05:19","slug":"kmetija-je-nova-glava-bogate-druzine-zacetek-konca","status":"publish","type":"post","link":"https:\/\/hudo.com\/si\/vip\/kmetija-je-nova-glava-bogate-druzine-zacetek-konca\/","title":{"rendered":"Kmetija: Je nova glava bogate dru\u017eine za\u010detek konca?"},"content":{"rendered":"<figure>\n\t\t\t\t\t<img loading=\"lazy\" decoding=\"async\" width=\"660\" height=\"320\" src=\"data:image\/gif;base64,R0lGODlhAQABAAAAACH5BAEKAAEALAAAAAABAAEAAAICTAEAOw==\" class=\"lazyload\" data-src=\"http:\/\/zenska.hudo.com\/files\/2015\/10\/kmetija6-320x155.jpg\" data-srcset=\"http:\/\/zenska.hudo.com\/files\/2015\/10\/kmetija6-660x320.jpg 660w,http:\/\/zenska.hudo.com\/files\/2015\/10\/kmetija6-320x155.jpg 330w\" sizes=\"(max-width: 660px) 100vw, 660px\"\/><figcaption>Foto:  screenshot planet tv<\/figcaption><\/figure>\n<p>Maja in Barbara sta opravljali novo glavo dru\u017eine, ne samo, da se jima zdi nesposobna, moti ju tudi, da se povezuje z Dominiko. Barbara je izbor Jacqueline za glavo dru\u017eine ozna\u010dila za najslab\u0161i mo\u017eni scenarij. Jacqueline je sicer rekla, da se bo pri vodenju trudila po najbolj\u0161ih mo\u010deh, da pa vsekakor ne bo uvajala strogega voja\u0161kega re\u017eima.<\/p>\n<p>In \u010deprav so se Jacquelin v novi uniformi od srca nasmejali, pa jim gre vseeno v nos njeno zavezni\u0161tvo z Dominiko. Pa tudi na\u010drt, da se Jacqueline znebijo je splaval po vodi. A zanimivo, kako glasna je Maja \u010dez novo glavo, ko pa sama tudi zares ni bila vodja svoje skupine. \u010ce ne bi imela mo\u010dnih karakterjev v ozadju, bi tudi ona pogrnila na celi \u010drti.<\/p>\n<h2><strong>Po Maji se je nemudoma na facebooku vsul val kritik:<\/strong><\/h2>\n<blockquote>\n<p>&#8220;prava se je oglasila, \u0161tiri tedne , pa ni\u010d in \u0161e enkrat ni\u010d od nje&#8221;<\/p>\n<p>&#8220;Kaj se ta smrklja sploh ogla\u0161a&#8230;saj 4 tedne ni ni\u010d delala&#8230;&#8221;<\/p>\n<p>&#8220;Ce je kdo brez glave si to ti Maja, sorry. Res si glasna sam pred kamero.&#8221;<\/p>\n<p>&#8221; <span data-ft=\"{&quot;tn&quot;:&quot;K&quot;}\" data-reactid=\".4q.1:5.0.1:$comment400009380198495_400012213531545\/=10.0.$right.0.$left.0.0.1.$comment-body\"><span class=\"UFICommentBody\" data-reactid=\".4q.1:5.0.1:$comment400009380198495_400012213531545\/=10.0.$right.0.$left.0.0.1.$comment-body.0\"><span data-reactid=\".4q.1:5.0.1:$comment400009380198495_400012213531545\/=10.0.$right.0.$left.0.0.1.$comment-body.0.$end\/=1$text0\/=010\">Kaj a ona je bila glava dru\u017eine? Jaz sem pa mislila, da je to maskota bogate dru\u017eine.&#8221;<\/span><\/span><\/span><\/p>\n<p>&#8220;A zdaj bo pa glasna? \u010ce bi delovala kot glava, ko je bila, potem bi se se z njo strinjala. Ampak s tako osebo, ki sama ne zna pokazat niti malo ob\u010dutka za neko vodenje se pa\u010d ne morem strinjat.&#8221;<\/p>\n<p>&#8220;z veseljem pogledam kmetijo in od vseh na kmetiji sem opazila da Maja \u0161e najmanj dela, \u0161ment samo skoz nekaj &#8220;pogu\u010dava&#8221; pa \u0161e to se ji komaj da&#8230;..upam da ko pride ven, pogleda posnetke in opazi svojo lenobo in krivico, ki jo z svojim ogovarjanjem po\u010dne svojim delavnim sotekmovalcem&#8230;..Maja preklopi svojo hitrost iz prve vsaj v drugo prestavo&#8221;<\/p>\n<p>&#8220;Maja je vedno imela svetovalca in ni\u010d samostojnosti!!!!!!!!!!!!!!!!!!!! <span class=\"emoticon_text\">&#8220;<\/span><\/p>\n<\/blockquote>\n<h2><strong>Presenetljivo so \u0161tevilni komentatorji navdu\u0161eni nad novo glavo dru\u017eine:<\/strong><\/h2>\n<blockquote>\n<p>&#8220;Franca in Dominika sta neznosna. V obna\u0161anju, primitivnosti in nesramnosti. \u017daklin, upam, da naredi red in Franca postavi kamor spada.&#8221;<\/p>\n<p>&#8220;Vsaka \u010dast, koliko poni\u017eevanje je \u017ee prenesla in se \u0161e vedno smeji ter se ne preda Kapo dol!&#8221;<\/p>\n<p>&#8220;kakorkoli se bo obrnila,ko jim itak nebo prav!sram naj bo smrkavce kot sta Maja in Nik in vse ostale,ki se delajo norca iz nje!&#8221;<\/p>\n<p>&#8220;In pol re\u010de Niko,sramota,da je \u017daklin glava. Haha,sramota je bla ta tvoja lena Maja, v \u0161tirih tednih ni\u010d od nje. \u0160e vedno stoji,gleda in mumla,druga o\u010ditno ne zna.&#8221;<\/p>\n<\/blockquote>\n","protected":false},"excerpt":{"rendered":"<p>Prestol v bogati dru\u017eini je kon\u010dno zasedla nova glava dru\u017eina in o\u010ditno je stara glava to precej te\u017eko sprejela. \u010cez novo je imela nemudoma marsikaj za povedati.<\/p>\n","protected":false},"author":1,"featured_media":0,"comment_status":"closed","ping_status":"closed","sticky":false,"template":"","format":"standard","meta":{"footnotes":""},"categories":[1093],"tags":[3058],"source":[1370,1345,1334],"supertag":[],"acf":[],"yoast_head":"<!-- This site is optimized with the Yoast SEO plugin v21.3 - https:\/\/yoast.com\/wordpress\/plugins\/seo\/ -->\n<title>Kmetija: Je nova glava bogate dru\u017eine za\u010detek konca? - Hudo Slovenija<\/title>\n<meta name=\"robots\" content=\"index, follow, max-snippet:-1, max-image-preview:large, max-video-preview:-1\" \/>\n<link rel=\"canonical\" href=\"https:\/\/hudo.com\/si\/vip\/kmetija-je-nova-glava-bogate-druzine-zacetek-konca\/\" \/>\n<meta property=\"og:locale\" content=\"sl_SI\" \/>\n<meta property=\"og:type\" content=\"article\" \/>\n<meta property=\"og:title\" content=\"Kmetija: Je nova glava bogate dru\u017eine za\u010detek konca? - Hudo Slovenija\" \/>\n<meta property=\"og:description\" content=\"Prestol v bogati dru\u017eini je kon\u010dno zasedla nova glava dru\u017eina in o\u010ditno je stara glava to precej te\u017eko sprejela. \u010cez novo je imela nemudoma marsikaj za povedati.\" \/>\n<meta property=\"og:url\" content=\"https:\/\/hudo.com\/si\/vip\/kmetija-je-nova-glava-bogate-druzine-zacetek-konca\/\" \/>\n<meta property=\"og:site_name\" content=\"Hudo Slovenija\" \/>\n<meta property=\"article:publisher\" content=\"https:\/\/www.facebook.com\/hudo.si\" \/>\n<meta property=\"article:published_time\" content=\"2015-10-05T10:05:19+00:00\" \/>\n<meta property=\"og:image\" content=\"https:\/\/hudo.com\/si\/wp-content\/uploads\/sites\/2\/2016\/04\/kmetija6.jpg\" \/>\n\t<meta property=\"og:image:width\" content=\"642\" \/>\n\t<meta property=\"og:image:height\" content=\"363\" \/>\n\t<meta property=\"og:image:type\" content=\"image\/jpeg\" \/>\n<meta name=\"author\" content=\"hudo\" \/>\n<meta name=\"twitter:card\" content=\"summary_large_image\" \/>\n<meta name=\"twitter:creator\" content=\"@hudo_si\" \/>\n<meta name=\"twitter:site\" content=\"@hudo_si\" \/>\n<meta name=\"twitter:label1\" content=\"Written by\" \/>\n\t<meta name=\"twitter:data1\" content=\"hudo\" \/>\n\t<meta name=\"twitter:label2\" content=\"Est. reading time\" \/>\n\t<meta name=\"twitter:data2\" content=\"2 minuti\" \/>\n<script type=\"application\/ld+json\" class=\"yoast-schema-graph\">{\"@context\":\"https:\/\/schema.org\",\"@graph\":[{\"@type\":\"Article\",\"@id\":\"https:\/\/hudo.com\/si\/vip\/kmetija-je-nova-glava-bogate-druzine-zacetek-konca\/#article\",\"isPartOf\":{\"@id\":\"https:\/\/hudo.com\/si\/vip\/kmetija-je-nova-glava-bogate-druzine-zacetek-konca\/\"},\"author\":{\"name\":\"hudo\",\"@id\":\"https:\/\/hudo.com\/si\/#\/schema\/person\/601cf3379633985b20f7e50f2bb47707\"},\"headline\":\"Kmetija: Je nova glava bogate dru\u017eine za\u010detek konca?\",\"datePublished\":\"2015-10-05T10:05:19+00:00\",\"dateModified\":\"2015-10-05T10:05:19+00:00\",\"mainEntityOfPage\":{\"@id\":\"https:\/\/hudo.com\/si\/vip\/kmetija-je-nova-glava-bogate-druzine-zacetek-konca\/\"},\"wordCount\":444,\"publisher\":{\"@id\":\"https:\/\/hudo.com\/si\/#organization\"},\"keywords\":[\"Kmetija: nov za\u010detek 2015\"],\"articleSection\":[\"VIP\"],\"inLanguage\":\"sl-SI\"},{\"@type\":\"WebPage\",\"@id\":\"https:\/\/hudo.com\/si\/vip\/kmetija-je-nova-glava-bogate-druzine-zacetek-konca\/\",\"url\":\"https:\/\/hudo.com\/si\/vip\/kmetija-je-nova-glava-bogate-druzine-zacetek-konca\/\",\"name\":\"Kmetija: Je nova glava bogate dru\u017eine za\u010detek konca? - Hudo Slovenija\",\"isPartOf\":{\"@id\":\"https:\/\/hudo.com\/si\/#website\"},\"datePublished\":\"2015-10-05T10:05:19+00:00\",\"dateModified\":\"2015-10-05T10:05:19+00:00\",\"breadcrumb\":{\"@id\":\"https:\/\/hudo.com\/si\/vip\/kmetija-je-nova-glava-bogate-druzine-zacetek-konca\/#breadcrumb\"},\"inLanguage\":\"sl-SI\",\"potentialAction\":[{\"@type\":\"ReadAction\",\"target\":[\"https:\/\/hudo.com\/si\/vip\/kmetija-je-nova-glava-bogate-druzine-zacetek-konca\/\"]}]},{\"@type\":\"BreadcrumbList\",\"@id\":\"https:\/\/hudo.com\/si\/vip\/kmetija-je-nova-glava-bogate-druzine-zacetek-konca\/#breadcrumb\",\"itemListElement\":[{\"@type\":\"ListItem\",\"position\":1,\"name\":\"Home\",\"item\":\"https:\/\/hudo.com\/si\/\"},{\"@type\":\"ListItem\",\"position\":2,\"name\":\"Kmetija: Je nova glava bogate dru\u017eine za\u010detek konca?\"}]},{\"@type\":\"WebSite\",\"@id\":\"https:\/\/hudo.com\/si\/#website\",\"url\":\"https:\/\/hudo.com\/si\/\",\"name\":\"Hudo Slovenija\",\"description\":\"Vse novice iz Slovenije in sveta\",\"publisher\":{\"@id\":\"https:\/\/hudo.com\/si\/#organization\"},\"potentialAction\":[{\"@type\":\"SearchAction\",\"target\":{\"@type\":\"EntryPoint\",\"urlTemplate\":\"https:\/\/hudo.com\/si\/?s={search_term_string}\"},\"query-input\":\"required name=search_term_string\"}],\"inLanguage\":\"sl-SI\"},{\"@type\":\"Organization\",\"@id\":\"https:\/\/hudo.com\/si\/#organization\",\"name\":\"VSN Media\",\"url\":\"https:\/\/hudo.com\/si\/\",\"logo\":{\"@type\":\"ImageObject\",\"inLanguage\":\"sl-SI\",\"@id\":\"https:\/\/hudo.com\/si\/#\/schema\/logo\/image\/\",\"url\":\"https:\/\/hudo.com\/si\/wp-content\/uploads\/sites\/2\/2021\/03\/hudo-app-2.png\",\"contentUrl\":\"https:\/\/hudo.com\/si\/wp-content\/uploads\/sites\/2\/2021\/03\/hudo-app-2.png\",\"width\":2185,\"height\":2167,\"caption\":\"VSN Media\"},\"image\":{\"@id\":\"https:\/\/hudo.com\/si\/#\/schema\/logo\/image\/\"},\"sameAs\":[\"https:\/\/www.facebook.com\/hudo.si\",\"https:\/\/twitter.com\/hudo_si\"]},{\"@type\":\"Person\",\"@id\":\"https:\/\/hudo.com\/si\/#\/schema\/person\/601cf3379633985b20f7e50f2bb47707\",\"name\":\"hudo\",\"image\":{\"@type\":\"ImageObject\",\"inLanguage\":\"sl-SI\",\"@id\":\"https:\/\/hudo.com\/si\/#\/schema\/person\/image\/\",\"url\":\"https:\/\/secure.gravatar.com\/avatar\/c4ca25fa72cace7a696b52ff5db9e095?s=96&d=mm&r=g\",\"contentUrl\":\"https:\/\/secure.gravatar.com\/avatar\/c4ca25fa72cace7a696b52ff5db9e095?s=96&d=mm&r=g\",\"caption\":\"hudo\"},\"url\":\"https:\/\/hudo.com\/si\/author\/hudo\/\"}]}<\/script>\n<!-- \/ Yoast SEO plugin. -->","yoast_head_json":{"title":"Kmetija: Je nova glava bogate dru\u017eine za\u010detek konca? - Hudo Slovenija","robots":{"index":"index","follow":"follow","max-snippet":"max-snippet:-1","max-image-preview":"max-image-preview:large","max-video-preview":"max-video-preview:-1"},"canonical":"https:\/\/hudo.com\/si\/vip\/kmetija-je-nova-glava-bogate-druzine-zacetek-konca\/","og_locale":"sl_SI","og_type":"article","og_title":"Kmetija: Je nova glava bogate dru\u017eine za\u010detek konca? - Hudo Slovenija","og_description":"Prestol v bogati dru\u017eini je kon\u010dno zasedla nova glava dru\u017eina in o\u010ditno je stara glava to precej te\u017eko sprejela. \u010cez novo je imela nemudoma marsikaj za povedati.","og_url":"https:\/\/hudo.com\/si\/vip\/kmetija-je-nova-glava-bogate-druzine-zacetek-konca\/","og_site_name":"Hudo Slovenija","article_publisher":"https:\/\/www.facebook.com\/hudo.si","article_published_time":"2015-10-05T10:05:19+00:00","og_image":[{"width":642,"height":363,"url":"https:\/\/hudo.com\/si\/wp-content\/uploads\/sites\/2\/2016\/04\/kmetija6.jpg","type":"image\/jpeg"}],"author":"hudo","twitter_card":"summary_large_image","twitter_creator":"@hudo_si","twitter_site":"@hudo_si","twitter_misc":{"Written by":"hudo","Est. reading time":"2 minuti"},"schema":{"@context":"https:\/\/schema.org","@graph":[{"@type":"Article","@id":"https:\/\/hudo.com\/si\/vip\/kmetija-je-nova-glava-bogate-druzine-zacetek-konca\/#article","isPartOf":{"@id":"https:\/\/hudo.com\/si\/vip\/kmetija-je-nova-glava-bogate-druzine-zacetek-konca\/"},"author":{"name":"hudo","@id":"https:\/\/hudo.com\/si\/#\/schema\/person\/601cf3379633985b20f7e50f2bb47707"},"headline":"Kmetija: Je nova glava bogate dru\u017eine za\u010detek konca?","datePublished":"2015-10-05T10:05:19+00:00","dateModified":"2015-10-05T10:05:19+00:00","mainEntityOfPage":{"@id":"https:\/\/hudo.com\/si\/vip\/kmetija-je-nova-glava-bogate-druzine-zacetek-konca\/"},"wordCount":444,"publisher":{"@id":"https:\/\/hudo.com\/si\/#organization"},"keywords":["Kmetija: nov za\u010detek 2015"],"articleSection":["VIP"],"inLanguage":"sl-SI"},{"@type":"WebPage","@id":"https:\/\/hudo.com\/si\/vip\/kmetija-je-nova-glava-bogate-druzine-zacetek-konca\/","url":"https:\/\/hudo.com\/si\/vip\/kmetija-je-nova-glava-bogate-druzine-zacetek-konca\/","name":"Kmetija: Je nova glava bogate dru\u017eine za\u010detek konca? - Hudo Slovenija","isPartOf":{"@id":"https:\/\/hudo.com\/si\/#website"},"datePublished":"2015-10-05T10:05:19+00:00","dateModified":"2015-10-05T10:05:19+00:00","breadcrumb":{"@id":"https:\/\/hudo.com\/si\/vip\/kmetija-je-nova-glava-bogate-druzine-zacetek-konca\/#breadcrumb"},"inLanguage":"sl-SI","potentialAction":[{"@type":"ReadAction","target":["https:\/\/hudo.com\/si\/vip\/kmetija-je-nova-glava-bogate-druzine-zacetek-konca\/"]}]},{"@type":"BreadcrumbList","@id":"https:\/\/hudo.com\/si\/vip\/kmetija-je-nova-glava-bogate-druzine-zacetek-konca\/#breadcrumb","itemListElement":[{"@type":"ListItem","position":1,"name":"Home","item":"https:\/\/hudo.com\/si\/"},{"@type":"ListItem","position":2,"name":"Kmetija: Je nova glava bogate dru\u017eine za\u010detek konca?"}]},{"@type":"WebSite","@id":"https:\/\/hudo.com\/si\/#website","url":"https:\/\/hudo.com\/si\/","name":"Hudo Slovenija","description":"Vse novice iz Slovenije in sveta","publisher":{"@id":"https:\/\/hudo.com\/si\/#organization"},"potentialAction":[{"@type":"SearchAction","target":{"@type":"EntryPoint","urlTemplate":"https:\/\/hudo.com\/si\/?s={search_term_string}"},"query-input":"required name=search_term_string"}],"inLanguage":"sl-SI"},{"@type":"Organization","@id":"https:\/\/hudo.com\/si\/#organization","name":"VSN Media","url":"https:\/\/hudo.com\/si\/","logo":{"@type":"ImageObject","inLanguage":"sl-SI","@id":"https:\/\/hudo.com\/si\/#\/schema\/logo\/image\/","url":"https:\/\/hudo.com\/si\/wp-content\/uploads\/sites\/2\/2021\/03\/hudo-app-2.png","contentUrl":"https:\/\/hudo.com\/si\/wp-content\/uploads\/sites\/2\/2021\/03\/hudo-app-2.png","width":2185,"height":2167,"caption":"VSN Media"},"image":{"@id":"https:\/\/hudo.com\/si\/#\/schema\/logo\/image\/"},"sameAs":["https:\/\/www.facebook.com\/hudo.si","https:\/\/twitter.com\/hudo_si"]},{"@type":"Person","@id":"https:\/\/hudo.com\/si\/#\/schema\/person\/601cf3379633985b20f7e50f2bb47707","name":"hudo","image":{"@type":"ImageObject","inLanguage":"sl-SI","@id":"https:\/\/hudo.com\/si\/#\/schema\/person\/image\/","url":"https:\/\/secure.gravatar.com\/avatar\/c4ca25fa72cace7a696b52ff5db9e095?s=96&d=mm&r=g","contentUrl":"https:\/\/secure.gravatar.com\/avatar\/c4ca25fa72cace7a696b52ff5db9e095?s=96&d=mm&r=g","caption":"hudo"},"url":"https:\/\/hudo.com\/si\/author\/hudo\/"}]}},"amp_enabled":true,"_links":{"self":[{"href":"https:\/\/hudo.com\/si\/wp-json\/wp\/v2\/posts\/13811"}],"collection":[{"href":"https:\/\/hudo.com\/si\/wp-json\/wp\/v2\/posts"}],"about":[{"href":"https:\/\/hudo.com\/si\/wp-json\/wp\/v2\/types\/post"}],"author":[{"embeddable":true,"href":"https:\/\/hudo.com\/si\/wp-json\/wp\/v2\/users\/1"}],"replies":[{"embeddable":true,"href":"https:\/\/hudo.com\/si\/wp-json\/wp\/v2\/comments?post=13811"}],"version-history":[{"count":0,"href":"https:\/\/hudo.com\/si\/wp-json\/wp\/v2\/posts\/13811\/revisions"}],"wp:attachment":[{"href":"https:\/\/hudo.com\/si\/wp-json\/wp\/v2\/media?parent=13811"}],"wp:term":[{"taxonomy":"category","embeddable":true,"href":"https:\/\/hudo.com\/si\/wp-json\/wp\/v2\/categories?post=13811"},{"taxonomy":"post_tag","embeddable":true,"href":"https:\/\/hudo.com\/si\/wp-json\/wp\/v2\/tags?post=13811"},{"taxonomy":"source","embeddable":true,"href":"https:\/\/hudo.com\/si\/wp-json\/wp\/v2\/source?post=13811"},{"taxonomy":"supertag","embeddable":true,"href":"https:\/\/hudo.com\/si\/wp-json\/wp\/v2\/supertag?post=13811"}],"curies":[{"name":"wp","href":"https:\/\/api.w.org\/{rel}","templated":true}]}}