{"id":13859,"date":"2015-10-01T09:20:03","date_gmt":"2015-10-01T08:20:03","guid":{"rendered":"http:\/\/master.hudo.com\/si\/2015\/10\/01\/kdo-bo-naslednji-zapustil-kmetijo\/"},"modified":"2015-10-01T09:20:03","modified_gmt":"2015-10-01T08:20:03","slug":"kdo-bo-naslednji-zapustil-kmetijo","status":"publish","type":"post","link":"https:\/\/hudo.com\/si\/vip\/kdo-bo-naslednji-zapustil-kmetijo\/","title":{"rendered":"Kdo bo naslednji zapustil kmetijo?"},"content":{"rendered":"<figure>\n\t\t\t\t\t<img loading=\"lazy\" decoding=\"async\" width=\"660\" height=\"320\" src=\"data:image\/gif;base64,R0lGODlhAQABAAAAACH5BAEKAAEALAAAAAABAAEAAAICTAEAOw==\" class=\"lazyload\" data-src=\"http:\/\/zenska.hudo.com\/files\/2015\/10\/kmetija5-320x155.jpg\" data-srcset=\"http:\/\/zenska.hudo.com\/files\/2015\/10\/kmetija5-660x320.jpg 660w,http:\/\/zenska.hudo.com\/files\/2015\/10\/kmetija5-320x155.jpg 330w\" sizes=\"(max-width: 660px) 100vw, 660px\"\/><figcaption>Foto:  screenshot planet tv<\/figcaption><\/figure>\n<p>Slavica je imela na izbiro Dominiko, Jacqueline ali Barbaro. \u0160pela pa je lahko izbirala le med Barbaro in Maru\u0161o. Slavica je izbrala Barbaro, \u0160pela pa Maru\u0161o, ki se je tak\u0161nega razpleta najbolj bala. V areno na dvoboj se bo odpravila dvojica iz pora\u017eene dru\u017eine pri tedenski nalogi, pri kateri bo odlo\u010dalo to, katera glave dru\u017eine je pravilno razumela navodila mentorjev za zidanje kamina in katera ne. Naloge so se namre\u010d lotili popolnoma razli\u010dno in kot je razvidno iz facebook komentarjev, bolj slabo ka\u017ee siroma\u0161ni dru\u017eini.<\/p>\n<p><strong>Poglejte, koga bi se najraje znebili komentatorji na facebooku:<\/strong><\/p>\n<blockquote>\n<p>&#8220;no se mi je kar zdelo \u010de bi slavica dominiki zamerla bi jo vzela za dvobojevalko.tako pa je raje izbrala barbaro.in \u010de slavica izgubi je dominika glava dru\u017eine.preprosto ko pasul.vse skupaj je bilo zaigrano&#8221;<\/p>\n<p>&#8220;Maru\u0161o kon\u010dno vun&#8221;<\/p>\n<p>&#8220;V areni bosta slavica in barbara..tako da marusa ostaja&#8221;<\/p>\n<p>&#8220;Upam da res revni izgubijo in gre Maru\u0161a ven&#8221;<\/p>\n<p>&#8220;kak ste nesramni kaj pa vam je naredila Maru\u0161a,mislim da je Seba bolj nesramen&#8221;<\/p>\n<p>&#8220;MARU\u0160A zadnji \u010das, da zgine\u0161 z kmetije, ker te je sama histerija in hudobija&#8230;.&#8221;<\/p>\n<p>&#8220;Maru\u0161a je hinavska,zahrbtna oseba,prek je bil Faki na uni strani vse jim dajmo,zdaj k ni ve\u010d ga tm ni\u010d ne bojo dobil.\u0161krtuh babji,&#8230;&#8221;<\/p>\n<p>&#8220;Slavica gre v boj in upam,da tudi domov!!&#8221;<\/p>\n<p>&#8220;\u0160pela naj ostane,ni hudobna,niti \u017ealjiva. Je \u010dist ok. Slava pa domov!!&#8221;<\/p>\n<p>&#8220;Naj antipati\u010dna Slava GRE domov.&#8221;<\/p>\n<\/blockquote>\n<p>&nbsp;<\/p>\n","protected":false},"excerpt":{"rendered":"<p>Prvi dvobojevalki Slavica in \u0160pela sta izbrali svoji tekmici za morebitni dvoboj v areni, ki se bo zgodil danes. Kaj pravite, katera bo zapustila kmetijo?<\/p>\n","protected":false},"author":1,"featured_media":0,"comment_status":"closed","ping_status":"closed","sticky":false,"template":"","format":"standard","meta":{"footnotes":""},"categories":[1093],"tags":[2303,3058],"source":[1370,1345,1334],"supertag":[],"acf":[],"yoast_head":"<!-- This site is optimized with the Yoast SEO plugin v21.3 - https:\/\/yoast.com\/wordpress\/plugins\/seo\/ -->\n<title>Kdo bo naslednji zapustil kmetijo? - Hudo Slovenija<\/title>\n<meta name=\"robots\" content=\"index, follow, max-snippet:-1, max-image-preview:large, max-video-preview:-1\" \/>\n<link rel=\"canonical\" href=\"https:\/\/hudo.com\/si\/vip\/kdo-bo-naslednji-zapustil-kmetijo\/\" \/>\n<meta property=\"og:locale\" content=\"sl_SI\" \/>\n<meta property=\"og:type\" content=\"article\" \/>\n<meta property=\"og:title\" content=\"Kdo bo naslednji zapustil kmetijo? - Hudo Slovenija\" \/>\n<meta property=\"og:description\" content=\"Prvi dvobojevalki Slavica in \u0160pela sta izbrali svoji tekmici za morebitni dvoboj v areni, ki se bo zgodil danes. Kaj pravite, katera bo zapustila kmetijo?\" \/>\n<meta property=\"og:url\" content=\"https:\/\/hudo.com\/si\/vip\/kdo-bo-naslednji-zapustil-kmetijo\/\" \/>\n<meta property=\"og:site_name\" content=\"Hudo Slovenija\" \/>\n<meta property=\"article:publisher\" content=\"https:\/\/www.facebook.com\/hudo.si\" \/>\n<meta property=\"article:published_time\" content=\"2015-10-01T08:20:03+00:00\" \/>\n<meta property=\"og:image\" content=\"https:\/\/hudo.com\/si\/wp-content\/uploads\/sites\/2\/2016\/04\/kmetija5.jpg\" \/>\n\t<meta property=\"og:image:width\" content=\"647\" \/>\n\t<meta property=\"og:image:height\" content=\"361\" \/>\n\t<meta property=\"og:image:type\" content=\"image\/jpeg\" \/>\n<meta name=\"author\" content=\"hudo\" \/>\n<meta name=\"twitter:card\" content=\"summary_large_image\" \/>\n<meta name=\"twitter:creator\" content=\"@hudo_si\" \/>\n<meta name=\"twitter:site\" content=\"@hudo_si\" \/>\n<meta name=\"twitter:label1\" content=\"Written by\" \/>\n\t<meta name=\"twitter:data1\" content=\"hudo\" \/>\n\t<meta name=\"twitter:label2\" content=\"Est. reading time\" \/>\n\t<meta name=\"twitter:data2\" content=\"1 minuta\" \/>\n<script type=\"application\/ld+json\" class=\"yoast-schema-graph\">{\"@context\":\"https:\/\/schema.org\",\"@graph\":[{\"@type\":\"Article\",\"@id\":\"https:\/\/hudo.com\/si\/vip\/kdo-bo-naslednji-zapustil-kmetijo\/#article\",\"isPartOf\":{\"@id\":\"https:\/\/hudo.com\/si\/vip\/kdo-bo-naslednji-zapustil-kmetijo\/\"},\"author\":{\"name\":\"hudo\",\"@id\":\"https:\/\/hudo.com\/si\/#\/schema\/person\/601cf3379633985b20f7e50f2bb47707\"},\"headline\":\"Kdo bo naslednji zapustil kmetijo?\",\"datePublished\":\"2015-10-01T08:20:03+00:00\",\"dateModified\":\"2015-10-01T08:20:03+00:00\",\"mainEntityOfPage\":{\"@id\":\"https:\/\/hudo.com\/si\/vip\/kdo-bo-naslednji-zapustil-kmetijo\/\"},\"wordCount\":266,\"publisher\":{\"@id\":\"https:\/\/hudo.com\/si\/#organization\"},\"keywords\":[\"Kmetija nov za\u010detek\",\"Kmetija: nov za\u010detek 2015\"],\"articleSection\":[\"VIP\"],\"inLanguage\":\"sl-SI\"},{\"@type\":\"WebPage\",\"@id\":\"https:\/\/hudo.com\/si\/vip\/kdo-bo-naslednji-zapustil-kmetijo\/\",\"url\":\"https:\/\/hudo.com\/si\/vip\/kdo-bo-naslednji-zapustil-kmetijo\/\",\"name\":\"Kdo bo naslednji zapustil kmetijo? - Hudo Slovenija\",\"isPartOf\":{\"@id\":\"https:\/\/hudo.com\/si\/#website\"},\"datePublished\":\"2015-10-01T08:20:03+00:00\",\"dateModified\":\"2015-10-01T08:20:03+00:00\",\"breadcrumb\":{\"@id\":\"https:\/\/hudo.com\/si\/vip\/kdo-bo-naslednji-zapustil-kmetijo\/#breadcrumb\"},\"inLanguage\":\"sl-SI\",\"potentialAction\":[{\"@type\":\"ReadAction\",\"target\":[\"https:\/\/hudo.com\/si\/vip\/kdo-bo-naslednji-zapustil-kmetijo\/\"]}]},{\"@type\":\"BreadcrumbList\",\"@id\":\"https:\/\/hudo.com\/si\/vip\/kdo-bo-naslednji-zapustil-kmetijo\/#breadcrumb\",\"itemListElement\":[{\"@type\":\"ListItem\",\"position\":1,\"name\":\"Home\",\"item\":\"https:\/\/hudo.com\/si\/\"},{\"@type\":\"ListItem\",\"position\":2,\"name\":\"Kdo bo naslednji zapustil kmetijo?\"}]},{\"@type\":\"WebSite\",\"@id\":\"https:\/\/hudo.com\/si\/#website\",\"url\":\"https:\/\/hudo.com\/si\/\",\"name\":\"Hudo Slovenija\",\"description\":\"Vse novice iz Slovenije in sveta\",\"publisher\":{\"@id\":\"https:\/\/hudo.com\/si\/#organization\"},\"potentialAction\":[{\"@type\":\"SearchAction\",\"target\":{\"@type\":\"EntryPoint\",\"urlTemplate\":\"https:\/\/hudo.com\/si\/?s={search_term_string}\"},\"query-input\":\"required name=search_term_string\"}],\"inLanguage\":\"sl-SI\"},{\"@type\":\"Organization\",\"@id\":\"https:\/\/hudo.com\/si\/#organization\",\"name\":\"VSN Media\",\"url\":\"https:\/\/hudo.com\/si\/\",\"logo\":{\"@type\":\"ImageObject\",\"inLanguage\":\"sl-SI\",\"@id\":\"https:\/\/hudo.com\/si\/#\/schema\/logo\/image\/\",\"url\":\"https:\/\/hudo.com\/si\/wp-content\/uploads\/sites\/2\/2021\/03\/hudo-app-2.png\",\"contentUrl\":\"https:\/\/hudo.com\/si\/wp-content\/uploads\/sites\/2\/2021\/03\/hudo-app-2.png\",\"width\":2185,\"height\":2167,\"caption\":\"VSN Media\"},\"image\":{\"@id\":\"https:\/\/hudo.com\/si\/#\/schema\/logo\/image\/\"},\"sameAs\":[\"https:\/\/www.facebook.com\/hudo.si\",\"https:\/\/twitter.com\/hudo_si\"]},{\"@type\":\"Person\",\"@id\":\"https:\/\/hudo.com\/si\/#\/schema\/person\/601cf3379633985b20f7e50f2bb47707\",\"name\":\"hudo\",\"image\":{\"@type\":\"ImageObject\",\"inLanguage\":\"sl-SI\",\"@id\":\"https:\/\/hudo.com\/si\/#\/schema\/person\/image\/\",\"url\":\"https:\/\/secure.gravatar.com\/avatar\/c4ca25fa72cace7a696b52ff5db9e095?s=96&d=mm&r=g\",\"contentUrl\":\"https:\/\/secure.gravatar.com\/avatar\/c4ca25fa72cace7a696b52ff5db9e095?s=96&d=mm&r=g\",\"caption\":\"hudo\"},\"url\":\"https:\/\/hudo.com\/si\/author\/hudo\/\"}]}<\/script>\n<!-- \/ Yoast SEO plugin. -->","yoast_head_json":{"title":"Kdo bo naslednji zapustil kmetijo? - Hudo Slovenija","robots":{"index":"index","follow":"follow","max-snippet":"max-snippet:-1","max-image-preview":"max-image-preview:large","max-video-preview":"max-video-preview:-1"},"canonical":"https:\/\/hudo.com\/si\/vip\/kdo-bo-naslednji-zapustil-kmetijo\/","og_locale":"sl_SI","og_type":"article","og_title":"Kdo bo naslednji zapustil kmetijo? - Hudo Slovenija","og_description":"Prvi dvobojevalki Slavica in \u0160pela sta izbrali svoji tekmici za morebitni dvoboj v areni, ki se bo zgodil danes. Kaj pravite, katera bo zapustila kmetijo?","og_url":"https:\/\/hudo.com\/si\/vip\/kdo-bo-naslednji-zapustil-kmetijo\/","og_site_name":"Hudo Slovenija","article_publisher":"https:\/\/www.facebook.com\/hudo.si","article_published_time":"2015-10-01T08:20:03+00:00","og_image":[{"width":647,"height":361,"url":"https:\/\/hudo.com\/si\/wp-content\/uploads\/sites\/2\/2016\/04\/kmetija5.jpg","type":"image\/jpeg"}],"author":"hudo","twitter_card":"summary_large_image","twitter_creator":"@hudo_si","twitter_site":"@hudo_si","twitter_misc":{"Written by":"hudo","Est. reading time":"1 minuta"},"schema":{"@context":"https:\/\/schema.org","@graph":[{"@type":"Article","@id":"https:\/\/hudo.com\/si\/vip\/kdo-bo-naslednji-zapustil-kmetijo\/#article","isPartOf":{"@id":"https:\/\/hudo.com\/si\/vip\/kdo-bo-naslednji-zapustil-kmetijo\/"},"author":{"name":"hudo","@id":"https:\/\/hudo.com\/si\/#\/schema\/person\/601cf3379633985b20f7e50f2bb47707"},"headline":"Kdo bo naslednji zapustil kmetijo?","datePublished":"2015-10-01T08:20:03+00:00","dateModified":"2015-10-01T08:20:03+00:00","mainEntityOfPage":{"@id":"https:\/\/hudo.com\/si\/vip\/kdo-bo-naslednji-zapustil-kmetijo\/"},"wordCount":266,"publisher":{"@id":"https:\/\/hudo.com\/si\/#organization"},"keywords":["Kmetija nov za\u010detek","Kmetija: nov za\u010detek 2015"],"articleSection":["VIP"],"inLanguage":"sl-SI"},{"@type":"WebPage","@id":"https:\/\/hudo.com\/si\/vip\/kdo-bo-naslednji-zapustil-kmetijo\/","url":"https:\/\/hudo.com\/si\/vip\/kdo-bo-naslednji-zapustil-kmetijo\/","name":"Kdo bo naslednji zapustil kmetijo? - Hudo Slovenija","isPartOf":{"@id":"https:\/\/hudo.com\/si\/#website"},"datePublished":"2015-10-01T08:20:03+00:00","dateModified":"2015-10-01T08:20:03+00:00","breadcrumb":{"@id":"https:\/\/hudo.com\/si\/vip\/kdo-bo-naslednji-zapustil-kmetijo\/#breadcrumb"},"inLanguage":"sl-SI","potentialAction":[{"@type":"ReadAction","target":["https:\/\/hudo.com\/si\/vip\/kdo-bo-naslednji-zapustil-kmetijo\/"]}]},{"@type":"BreadcrumbList","@id":"https:\/\/hudo.com\/si\/vip\/kdo-bo-naslednji-zapustil-kmetijo\/#breadcrumb","itemListElement":[{"@type":"ListItem","position":1,"name":"Home","item":"https:\/\/hudo.com\/si\/"},{"@type":"ListItem","position":2,"name":"Kdo bo naslednji zapustil kmetijo?"}]},{"@type":"WebSite","@id":"https:\/\/hudo.com\/si\/#website","url":"https:\/\/hudo.com\/si\/","name":"Hudo Slovenija","description":"Vse novice iz Slovenije in sveta","publisher":{"@id":"https:\/\/hudo.com\/si\/#organization"},"potentialAction":[{"@type":"SearchAction","target":{"@type":"EntryPoint","urlTemplate":"https:\/\/hudo.com\/si\/?s={search_term_string}"},"query-input":"required name=search_term_string"}],"inLanguage":"sl-SI"},{"@type":"Organization","@id":"https:\/\/hudo.com\/si\/#organization","name":"VSN Media","url":"https:\/\/hudo.com\/si\/","logo":{"@type":"ImageObject","inLanguage":"sl-SI","@id":"https:\/\/hudo.com\/si\/#\/schema\/logo\/image\/","url":"https:\/\/hudo.com\/si\/wp-content\/uploads\/sites\/2\/2021\/03\/hudo-app-2.png","contentUrl":"https:\/\/hudo.com\/si\/wp-content\/uploads\/sites\/2\/2021\/03\/hudo-app-2.png","width":2185,"height":2167,"caption":"VSN Media"},"image":{"@id":"https:\/\/hudo.com\/si\/#\/schema\/logo\/image\/"},"sameAs":["https:\/\/www.facebook.com\/hudo.si","https:\/\/twitter.com\/hudo_si"]},{"@type":"Person","@id":"https:\/\/hudo.com\/si\/#\/schema\/person\/601cf3379633985b20f7e50f2bb47707","name":"hudo","image":{"@type":"ImageObject","inLanguage":"sl-SI","@id":"https:\/\/hudo.com\/si\/#\/schema\/person\/image\/","url":"https:\/\/secure.gravatar.com\/avatar\/c4ca25fa72cace7a696b52ff5db9e095?s=96&d=mm&r=g","contentUrl":"https:\/\/secure.gravatar.com\/avatar\/c4ca25fa72cace7a696b52ff5db9e095?s=96&d=mm&r=g","caption":"hudo"},"url":"https:\/\/hudo.com\/si\/author\/hudo\/"}]}},"amp_enabled":true,"_links":{"self":[{"href":"https:\/\/hudo.com\/si\/wp-json\/wp\/v2\/posts\/13859"}],"collection":[{"href":"https:\/\/hudo.com\/si\/wp-json\/wp\/v2\/posts"}],"about":[{"href":"https:\/\/hudo.com\/si\/wp-json\/wp\/v2\/types\/post"}],"author":[{"embeddable":true,"href":"https:\/\/hudo.com\/si\/wp-json\/wp\/v2\/users\/1"}],"replies":[{"embeddable":true,"href":"https:\/\/hudo.com\/si\/wp-json\/wp\/v2\/comments?post=13859"}],"version-history":[{"count":0,"href":"https:\/\/hudo.com\/si\/wp-json\/wp\/v2\/posts\/13859\/revisions"}],"wp:attachment":[{"href":"https:\/\/hudo.com\/si\/wp-json\/wp\/v2\/media?parent=13859"}],"wp:term":[{"taxonomy":"category","embeddable":true,"href":"https:\/\/hudo.com\/si\/wp-json\/wp\/v2\/categories?post=13859"},{"taxonomy":"post_tag","embeddable":true,"href":"https:\/\/hudo.com\/si\/wp-json\/wp\/v2\/tags?post=13859"},{"taxonomy":"source","embeddable":true,"href":"https:\/\/hudo.com\/si\/wp-json\/wp\/v2\/source?post=13859"},{"taxonomy":"supertag","embeddable":true,"href":"https:\/\/hudo.com\/si\/wp-json\/wp\/v2\/supertag?post=13859"}],"curies":[{"name":"wp","href":"https:\/\/api.w.org\/{rel}","templated":true}]}}