{"id":13869,"date":"2015-09-30T11:26:32","date_gmt":"2015-09-30T10:26:32","guid":{"rendered":"http:\/\/master.hudo.com\/si\/2015\/09\/30\/v-slovenijo-premierno-prihaja-uradni-mercedes-benz-fashion-week-ljubljana\/"},"modified":"2015-09-30T11:26:32","modified_gmt":"2015-09-30T10:26:32","slug":"v-slovenijo-premierno-prihaja-uradni-mercedes-benz-fashion-week-ljubljana","status":"publish","type":"post","link":"https:\/\/hudo.com\/si\/vip\/v-slovenijo-premierno-prihaja-uradni-mercedes-benz-fashion-week-ljubljana\/","title":{"rendered":"V Slovenijo premierno prihaja uradni Mercedes-Benz Fashion Week Ljubljana"},"content":{"rendered":"<figure>\n\t\t\t\t\t<img loading=\"lazy\" decoding=\"async\" width=\"660\" height=\"320\" src=\"data:image\/gif;base64,R0lGODlhAQABAAAAACH5BAEKAAEALAAAAAABAAEAAAICTAEAOw==\" class=\"lazyload\" data-src=\"http:\/\/zenska.hudo.com\/files\/2015\/09\/11951605_163509210651422_1962449793238737773_o-320x155.jpg\" data-srcset=\"http:\/\/zenska.hudo.com\/files\/2015\/09\/11951605_163509210651422_1962449793238737773_o-660x320.jpg 660w,http:\/\/zenska.hudo.com\/files\/2015\/09\/11951605_163509210651422_1962449793238737773_o-320x155.jpg 330w\" sizes=\"(max-width: 660px) 100vw, 660px\"\/><figcaption>Foto: facebook<\/figcaption><\/figure>\n<p>Mercedes-Benz Fashion Week Ljubljana bo z licen\u010dnim formatom ter lokalnimi znanji in partnerji projekta prispeval k prepozna<span class=\"text_exposed_show\">vnosti modnega ustvarjanja ter spodbujanju novih kreativnih re\u0161itev. Teden mode je izjemna prilo\u017enost za lokalne modne oblikovalce in ustvarjalce, da se predstavijo mednarodni areni poznavalcev mode, publicistov, komentatorjev, stilistov in kupcev.\u00a0Zvezde MBFWLJ bodo mednarodno nagrajeni oblikovalci, ki s svojimi potrditvami sodelovanja \u017ee prispevajo k prepoznavnosti dogodka Mercedes-Benz Fashion Week Ljubljana v evropskem prostoru.<\/span><\/p>\n<h2>Kolekcije za pomlad\/poletje 2016<\/h2>\n<p>Na tednu mode se bo predstavilo ve\u010d kot deset uveljavljenih znamk, med njimi <strong>Akultura, Anja Dragan, Dajana Ljubi\u010di\u0107, Dioralop, JSP, MadamDemode, M\u00caHL\u00ca, Nata\u0161a Hrupi\u010d, Peter Movrin in Petja Zorec<\/strong>, ki bodo v Cankarjevem domu predstavili svoje kolekcije za pomlad\/poletje 2016. Ustvarjala ekipa je program dopolnila tudi s predavanji, ekskluzivno multimedijsko instalacijo, okroglo mizo z uveljavljenimi gosti iz sveta oblikovanja, umetnosti in mode ter s posebnim presene\u010denjem znamke Mercedes-Benz.<\/p>\n<h2>Nagrada Mercedes-Benz Fashion Award<\/h2>\n<p>Po zgledu svetovnih prestolnic mode, bo tudi na MBFWLJ podeljena nagrada Mercedes-Benz Fashion Award. Presti\u017eno nagrado bo prejel ustvarjalec oziroma ustvarjalka, ki bo s svojim delom izkazal oziroma izkazala najve\u010djo mero izvirnosti, povezanosti ideje z izhodi\u0161\u010di ter dosegel ali dosegla najvi\u0161jo uporabno vrednost.<\/p>\n<p>Priznanje vklju\u010duje tudi denarno nagrado v vi\u0161ini 1.000,00 evrov in prilo\u017enost na prihodnjem ljubljanskem tednu mode, kjer bo lahko izbiral ali izbirala a med predstavitvijo svoje kolekcije na modni pisti, sodelovanju na modni in\u0161talaciji ali razstavi aktualne kolekcije. Tokratno \u017eirijo vodi Nata\u0161a Per\u0161uh, izredna profesorica na Naravoslovnotehni\u0161ki fakulteti, \u010dlani \u017eirije so Elena Fajt, izredna profesorica na Naravoslovnotehni\u0161ki fakulteti, Sa\u0161o Radovi\u010d, programski in umetni\u0161ki direktor Mercedes-Benz Fashion Week Ljubljana, ter Metka Kej\u017ear, predstavnica znamke Mercedes-Benz.<\/p>\n<p><em><strong>Mercedes-Benz Fashion Week Ljubljana bo med 29. in 31. oktobrom 2015 potekal v Cankarjevem domu.<\/strong><\/em><\/p>\n","protected":false},"excerpt":{"rendered":"<p>Obeta se ljubljanski teden mode, kakr\u0161nega \u0161e ni bilo.<\/p>\n","protected":false},"author":1,"featured_media":0,"comment_status":"closed","ping_status":"closed","sticky":false,"template":"","format":"standard","meta":{"footnotes":""},"categories":[1093],"tags":[3128,2064,3228],"source":[1370,1345,1334],"supertag":[],"acf":[],"yoast_head":"<!-- This site is optimized with the Yoast SEO plugin v21.3 - https:\/\/yoast.com\/wordpress\/plugins\/seo\/ -->\n<title>V Slovenijo premierno prihaja uradni Mercedes-Benz Fashion Week Ljubljana - Hudo Slovenija<\/title>\n<meta name=\"robots\" content=\"index, follow, max-snippet:-1, max-image-preview:large, max-video-preview:-1\" \/>\n<link rel=\"canonical\" href=\"https:\/\/hudo.com\/si\/vip\/v-slovenijo-premierno-prihaja-uradni-mercedes-benz-fashion-week-ljubljana\/\" \/>\n<meta property=\"og:locale\" content=\"sl_SI\" \/>\n<meta property=\"og:type\" content=\"article\" \/>\n<meta property=\"og:title\" content=\"V Slovenijo premierno prihaja uradni Mercedes-Benz Fashion Week Ljubljana - Hudo Slovenija\" \/>\n<meta property=\"og:description\" content=\"Obeta se ljubljanski teden mode, kakr\u0161nega \u0161e ni bilo.\" \/>\n<meta property=\"og:url\" content=\"https:\/\/hudo.com\/si\/vip\/v-slovenijo-premierno-prihaja-uradni-mercedes-benz-fashion-week-ljubljana\/\" \/>\n<meta property=\"og:site_name\" content=\"Hudo Slovenija\" \/>\n<meta property=\"article:publisher\" content=\"https:\/\/www.facebook.com\/hudo.si\" \/>\n<meta property=\"article:published_time\" content=\"2015-09-30T10:26:32+00:00\" \/>\n<meta property=\"og:image\" content=\"https:\/\/hudo.com\/si\/wp-content\/uploads\/sites\/2\/2016\/04\/11951605_163509210651422_1962449793238737773_o.jpg\" \/>\n\t<meta property=\"og:image:width\" content=\"2048\" \/>\n\t<meta property=\"og:image:height\" content=\"757\" \/>\n\t<meta property=\"og:image:type\" content=\"image\/jpeg\" \/>\n<meta name=\"author\" content=\"hudo\" \/>\n<meta name=\"twitter:card\" content=\"summary_large_image\" \/>\n<meta name=\"twitter:creator\" content=\"@hudo_si\" \/>\n<meta name=\"twitter:site\" content=\"@hudo_si\" \/>\n<meta name=\"twitter:label1\" content=\"Written by\" \/>\n\t<meta name=\"twitter:data1\" content=\"hudo\" \/>\n\t<meta name=\"twitter:label2\" content=\"Est. reading time\" \/>\n\t<meta name=\"twitter:data2\" content=\"1 minuta\" \/>\n<script type=\"application\/ld+json\" class=\"yoast-schema-graph\">{\"@context\":\"https:\/\/schema.org\",\"@graph\":[{\"@type\":\"Article\",\"@id\":\"https:\/\/hudo.com\/si\/vip\/v-slovenijo-premierno-prihaja-uradni-mercedes-benz-fashion-week-ljubljana\/#article\",\"isPartOf\":{\"@id\":\"https:\/\/hudo.com\/si\/vip\/v-slovenijo-premierno-prihaja-uradni-mercedes-benz-fashion-week-ljubljana\/\"},\"author\":{\"name\":\"hudo\",\"@id\":\"https:\/\/hudo.com\/si\/#\/schema\/person\/601cf3379633985b20f7e50f2bb47707\"},\"headline\":\"V Slovenijo premierno prihaja uradni Mercedes-Benz Fashion Week Ljubljana\",\"datePublished\":\"2015-09-30T10:26:32+00:00\",\"dateModified\":\"2015-09-30T10:26:32+00:00\",\"mainEntityOfPage\":{\"@id\":\"https:\/\/hudo.com\/si\/vip\/v-slovenijo-premierno-prihaja-uradni-mercedes-benz-fashion-week-ljubljana\/\"},\"wordCount\":307,\"publisher\":{\"@id\":\"https:\/\/hudo.com\/si\/#organization\"},\"keywords\":[\"MBFWLJ\",\"mercedes-benz fashion week ljubljana\",\"teden mode\"],\"articleSection\":[\"VIP\"],\"inLanguage\":\"sl-SI\"},{\"@type\":\"WebPage\",\"@id\":\"https:\/\/hudo.com\/si\/vip\/v-slovenijo-premierno-prihaja-uradni-mercedes-benz-fashion-week-ljubljana\/\",\"url\":\"https:\/\/hudo.com\/si\/vip\/v-slovenijo-premierno-prihaja-uradni-mercedes-benz-fashion-week-ljubljana\/\",\"name\":\"V Slovenijo premierno prihaja uradni Mercedes-Benz Fashion Week Ljubljana - Hudo Slovenija\",\"isPartOf\":{\"@id\":\"https:\/\/hudo.com\/si\/#website\"},\"datePublished\":\"2015-09-30T10:26:32+00:00\",\"dateModified\":\"2015-09-30T10:26:32+00:00\",\"breadcrumb\":{\"@id\":\"https:\/\/hudo.com\/si\/vip\/v-slovenijo-premierno-prihaja-uradni-mercedes-benz-fashion-week-ljubljana\/#breadcrumb\"},\"inLanguage\":\"sl-SI\",\"potentialAction\":[{\"@type\":\"ReadAction\",\"target\":[\"https:\/\/hudo.com\/si\/vip\/v-slovenijo-premierno-prihaja-uradni-mercedes-benz-fashion-week-ljubljana\/\"]}]},{\"@type\":\"BreadcrumbList\",\"@id\":\"https:\/\/hudo.com\/si\/vip\/v-slovenijo-premierno-prihaja-uradni-mercedes-benz-fashion-week-ljubljana\/#breadcrumb\",\"itemListElement\":[{\"@type\":\"ListItem\",\"position\":1,\"name\":\"Home\",\"item\":\"https:\/\/hudo.com\/si\/\"},{\"@type\":\"ListItem\",\"position\":2,\"name\":\"V Slovenijo premierno prihaja uradni Mercedes-Benz Fashion Week Ljubljana\"}]},{\"@type\":\"WebSite\",\"@id\":\"https:\/\/hudo.com\/si\/#website\",\"url\":\"https:\/\/hudo.com\/si\/\",\"name\":\"Hudo Slovenija\",\"description\":\"Vse novice iz Slovenije in sveta\",\"publisher\":{\"@id\":\"https:\/\/hudo.com\/si\/#organization\"},\"potentialAction\":[{\"@type\":\"SearchAction\",\"target\":{\"@type\":\"EntryPoint\",\"urlTemplate\":\"https:\/\/hudo.com\/si\/?s={search_term_string}\"},\"query-input\":\"required name=search_term_string\"}],\"inLanguage\":\"sl-SI\"},{\"@type\":\"Organization\",\"@id\":\"https:\/\/hudo.com\/si\/#organization\",\"name\":\"VSN Media\",\"url\":\"https:\/\/hudo.com\/si\/\",\"logo\":{\"@type\":\"ImageObject\",\"inLanguage\":\"sl-SI\",\"@id\":\"https:\/\/hudo.com\/si\/#\/schema\/logo\/image\/\",\"url\":\"https:\/\/hudo.com\/si\/wp-content\/uploads\/sites\/2\/2021\/03\/hudo-app-2.png\",\"contentUrl\":\"https:\/\/hudo.com\/si\/wp-content\/uploads\/sites\/2\/2021\/03\/hudo-app-2.png\",\"width\":2185,\"height\":2167,\"caption\":\"VSN Media\"},\"image\":{\"@id\":\"https:\/\/hudo.com\/si\/#\/schema\/logo\/image\/\"},\"sameAs\":[\"https:\/\/www.facebook.com\/hudo.si\",\"https:\/\/twitter.com\/hudo_si\"]},{\"@type\":\"Person\",\"@id\":\"https:\/\/hudo.com\/si\/#\/schema\/person\/601cf3379633985b20f7e50f2bb47707\",\"name\":\"hudo\",\"image\":{\"@type\":\"ImageObject\",\"inLanguage\":\"sl-SI\",\"@id\":\"https:\/\/hudo.com\/si\/#\/schema\/person\/image\/\",\"url\":\"https:\/\/secure.gravatar.com\/avatar\/c4ca25fa72cace7a696b52ff5db9e095?s=96&d=mm&r=g\",\"contentUrl\":\"https:\/\/secure.gravatar.com\/avatar\/c4ca25fa72cace7a696b52ff5db9e095?s=96&d=mm&r=g\",\"caption\":\"hudo\"},\"url\":\"https:\/\/hudo.com\/si\/author\/hudo\/\"}]}<\/script>\n<!-- \/ Yoast SEO plugin. -->","yoast_head_json":{"title":"V Slovenijo premierno prihaja uradni Mercedes-Benz Fashion Week Ljubljana - Hudo Slovenija","robots":{"index":"index","follow":"follow","max-snippet":"max-snippet:-1","max-image-preview":"max-image-preview:large","max-video-preview":"max-video-preview:-1"},"canonical":"https:\/\/hudo.com\/si\/vip\/v-slovenijo-premierno-prihaja-uradni-mercedes-benz-fashion-week-ljubljana\/","og_locale":"sl_SI","og_type":"article","og_title":"V Slovenijo premierno prihaja uradni Mercedes-Benz Fashion Week Ljubljana - Hudo Slovenija","og_description":"Obeta se ljubljanski teden mode, kakr\u0161nega \u0161e ni bilo.","og_url":"https:\/\/hudo.com\/si\/vip\/v-slovenijo-premierno-prihaja-uradni-mercedes-benz-fashion-week-ljubljana\/","og_site_name":"Hudo Slovenija","article_publisher":"https:\/\/www.facebook.com\/hudo.si","article_published_time":"2015-09-30T10:26:32+00:00","og_image":[{"width":2048,"height":757,"url":"https:\/\/hudo.com\/si\/wp-content\/uploads\/sites\/2\/2016\/04\/11951605_163509210651422_1962449793238737773_o.jpg","type":"image\/jpeg"}],"author":"hudo","twitter_card":"summary_large_image","twitter_creator":"@hudo_si","twitter_site":"@hudo_si","twitter_misc":{"Written by":"hudo","Est. reading time":"1 minuta"},"schema":{"@context":"https:\/\/schema.org","@graph":[{"@type":"Article","@id":"https:\/\/hudo.com\/si\/vip\/v-slovenijo-premierno-prihaja-uradni-mercedes-benz-fashion-week-ljubljana\/#article","isPartOf":{"@id":"https:\/\/hudo.com\/si\/vip\/v-slovenijo-premierno-prihaja-uradni-mercedes-benz-fashion-week-ljubljana\/"},"author":{"name":"hudo","@id":"https:\/\/hudo.com\/si\/#\/schema\/person\/601cf3379633985b20f7e50f2bb47707"},"headline":"V Slovenijo premierno prihaja uradni Mercedes-Benz Fashion Week Ljubljana","datePublished":"2015-09-30T10:26:32+00:00","dateModified":"2015-09-30T10:26:32+00:00","mainEntityOfPage":{"@id":"https:\/\/hudo.com\/si\/vip\/v-slovenijo-premierno-prihaja-uradni-mercedes-benz-fashion-week-ljubljana\/"},"wordCount":307,"publisher":{"@id":"https:\/\/hudo.com\/si\/#organization"},"keywords":["MBFWLJ","mercedes-benz fashion week ljubljana","teden mode"],"articleSection":["VIP"],"inLanguage":"sl-SI"},{"@type":"WebPage","@id":"https:\/\/hudo.com\/si\/vip\/v-slovenijo-premierno-prihaja-uradni-mercedes-benz-fashion-week-ljubljana\/","url":"https:\/\/hudo.com\/si\/vip\/v-slovenijo-premierno-prihaja-uradni-mercedes-benz-fashion-week-ljubljana\/","name":"V Slovenijo premierno prihaja uradni Mercedes-Benz Fashion Week Ljubljana - Hudo Slovenija","isPartOf":{"@id":"https:\/\/hudo.com\/si\/#website"},"datePublished":"2015-09-30T10:26:32+00:00","dateModified":"2015-09-30T10:26:32+00:00","breadcrumb":{"@id":"https:\/\/hudo.com\/si\/vip\/v-slovenijo-premierno-prihaja-uradni-mercedes-benz-fashion-week-ljubljana\/#breadcrumb"},"inLanguage":"sl-SI","potentialAction":[{"@type":"ReadAction","target":["https:\/\/hudo.com\/si\/vip\/v-slovenijo-premierno-prihaja-uradni-mercedes-benz-fashion-week-ljubljana\/"]}]},{"@type":"BreadcrumbList","@id":"https:\/\/hudo.com\/si\/vip\/v-slovenijo-premierno-prihaja-uradni-mercedes-benz-fashion-week-ljubljana\/#breadcrumb","itemListElement":[{"@type":"ListItem","position":1,"name":"Home","item":"https:\/\/hudo.com\/si\/"},{"@type":"ListItem","position":2,"name":"V Slovenijo premierno prihaja uradni Mercedes-Benz Fashion Week Ljubljana"}]},{"@type":"WebSite","@id":"https:\/\/hudo.com\/si\/#website","url":"https:\/\/hudo.com\/si\/","name":"Hudo Slovenija","description":"Vse novice iz Slovenije in sveta","publisher":{"@id":"https:\/\/hudo.com\/si\/#organization"},"potentialAction":[{"@type":"SearchAction","target":{"@type":"EntryPoint","urlTemplate":"https:\/\/hudo.com\/si\/?s={search_term_string}"},"query-input":"required name=search_term_string"}],"inLanguage":"sl-SI"},{"@type":"Organization","@id":"https:\/\/hudo.com\/si\/#organization","name":"VSN Media","url":"https:\/\/hudo.com\/si\/","logo":{"@type":"ImageObject","inLanguage":"sl-SI","@id":"https:\/\/hudo.com\/si\/#\/schema\/logo\/image\/","url":"https:\/\/hudo.com\/si\/wp-content\/uploads\/sites\/2\/2021\/03\/hudo-app-2.png","contentUrl":"https:\/\/hudo.com\/si\/wp-content\/uploads\/sites\/2\/2021\/03\/hudo-app-2.png","width":2185,"height":2167,"caption":"VSN Media"},"image":{"@id":"https:\/\/hudo.com\/si\/#\/schema\/logo\/image\/"},"sameAs":["https:\/\/www.facebook.com\/hudo.si","https:\/\/twitter.com\/hudo_si"]},{"@type":"Person","@id":"https:\/\/hudo.com\/si\/#\/schema\/person\/601cf3379633985b20f7e50f2bb47707","name":"hudo","image":{"@type":"ImageObject","inLanguage":"sl-SI","@id":"https:\/\/hudo.com\/si\/#\/schema\/person\/image\/","url":"https:\/\/secure.gravatar.com\/avatar\/c4ca25fa72cace7a696b52ff5db9e095?s=96&d=mm&r=g","contentUrl":"https:\/\/secure.gravatar.com\/avatar\/c4ca25fa72cace7a696b52ff5db9e095?s=96&d=mm&r=g","caption":"hudo"},"url":"https:\/\/hudo.com\/si\/author\/hudo\/"}]}},"amp_enabled":true,"_links":{"self":[{"href":"https:\/\/hudo.com\/si\/wp-json\/wp\/v2\/posts\/13869"}],"collection":[{"href":"https:\/\/hudo.com\/si\/wp-json\/wp\/v2\/posts"}],"about":[{"href":"https:\/\/hudo.com\/si\/wp-json\/wp\/v2\/types\/post"}],"author":[{"embeddable":true,"href":"https:\/\/hudo.com\/si\/wp-json\/wp\/v2\/users\/1"}],"replies":[{"embeddable":true,"href":"https:\/\/hudo.com\/si\/wp-json\/wp\/v2\/comments?post=13869"}],"version-history":[{"count":0,"href":"https:\/\/hudo.com\/si\/wp-json\/wp\/v2\/posts\/13869\/revisions"}],"wp:attachment":[{"href":"https:\/\/hudo.com\/si\/wp-json\/wp\/v2\/media?parent=13869"}],"wp:term":[{"taxonomy":"category","embeddable":true,"href":"https:\/\/hudo.com\/si\/wp-json\/wp\/v2\/categories?post=13869"},{"taxonomy":"post_tag","embeddable":true,"href":"https:\/\/hudo.com\/si\/wp-json\/wp\/v2\/tags?post=13869"},{"taxonomy":"source","embeddable":true,"href":"https:\/\/hudo.com\/si\/wp-json\/wp\/v2\/source?post=13869"},{"taxonomy":"supertag","embeddable":true,"href":"https:\/\/hudo.com\/si\/wp-json\/wp\/v2\/supertag?post=13869"}],"curies":[{"name":"wp","href":"https:\/\/api.w.org\/{rel}","templated":true}]}}