{"id":138762,"date":"2016-09-23T09:07:25","date_gmt":"2016-09-23T07:07:25","guid":{"rendered":"http:\/\/hudo.com\/si\/?p=138762"},"modified":"2016-09-23T09:07:25","modified_gmt":"2016-09-23T07:07:25","slug":"putin-v-moskvi-sprejel-predsednika-republike-srbske","status":"publish","type":"post","link":"https:\/\/hudo.com\/si\/aktualno\/putin-v-moskvi-sprejel-predsednika-republike-srbske\/","title":{"rendered":"Putin se je v Moskvi sestal s predsednikom Republike srbske"},"content":{"rendered":"<p>Kot sta poro\u010dala srbska tiskovna agencija Tanjug in hrva\u0161ka tiskovna agencija Hina, je Dodik dejal, se z ruskim predsednikom nista posebej pogovarjala o referendumu v Republiki srbski, ki bo to nedeljo.<\/p>\n<p>&#8220;Kar zadeva referendum, ni bilo posebnih pogovorov, razen ugotovitve, da je to pravica naroda,&#8221; je za televizijo Republike srbske dejal Dodik. Omenil je tudi, da bodo dr\u017eavljani Republike srbske, ki \u017eivijo v Rusiji, imeli mo\u017enost, da se referenduma udele\u017eijo v Moskvi in \u0161e nekaterih ruskih mestih.<\/p>\n<p>Kot je \u0161e dejal, je bila najpomembnej\u0161a tema s Putinom pogovor o gospodarskem sodelovanju in gospodarski odnosi. Pri tem je omenil sodelovanje na podro\u010dju predelave nafte oziroma obratovanje rafinerije v Bosanskem Brodu, ki ga je v preteklosti kupil ruski Zarube\u017enjeft.<\/p>\n<p>Politi\u010dna vpra\u0161anja, kot je pojasnil Dodik, so bila povezana z uresni\u010devanjem daytonskega sporazuma. Putin naj bi v zvezi s tem dejal, da je zelo zainteresiran za stabilnost v regiji in spo\u0161tovanje mednarodnih sporazumov. Predsednik Republike srbske je \u0161e dejal, da so pogovori potekali v zelo dobrem ozra\u010dju.<\/p>\n<p>Putin je Dodika sprejel v \u010detrtek zve\u010der, mediji v Rusiji pa temu sre\u010danju niso namenili nobene pozornosti, \u0161e navaja Hina.<\/p>\n<p>V Republiki srbski bodo v nedeljo pripravili posvetovalni referendum, na katerem se bo 1,2 milijona volivcev lahko izjasnilo, ali podpirajo, da dan Republike srbske ostane 9. januar. Referendum bodo pripravili kljub presoji ustavnega sodi\u0161\u010da BiH o neustavnosti in nasprotovanju mednarodne skupnosti. \u0160tevilni opozarjajo, da bi referendum lahko vplival na destabilizacijo BiH in regije.<\/p>\n","protected":false},"excerpt":{"rendered":"<p>Ruski predsednik Vladimir Putin je v \u010detrtek v Moskvi sprejel predsednika Republike srbske Milorada Dodika. Kot so objavili na spletni strani ruskega predsednika, sta se pogovarjala o razmerah na Balkanu in razli\u010dnih mednarodnih vpra\u0161anjih. Dodik je po sre\u010danju dejal, da je Putin izrazil podporo stabilizaciji v regiji.<\/p>\n","protected":false},"author":8,"featured_media":138763,"comment_status":"closed","ping_status":"closed","sticky":false,"template":"","format":"standard","meta":{"footnotes":""},"categories":[1179],"tags":[6439,6438,1354,4219],"source":[4511],"supertag":[6103],"acf":[],"yoast_head":"<!-- This site is optimized with the Yoast SEO plugin v21.3 - https:\/\/yoast.com\/wordpress\/plugins\/seo\/ -->\n<title>Putin se je v Moskvi sestal s predsednikom Republike srbske - Hudo Slovenija<\/title>\n<meta name=\"robots\" content=\"index, follow, max-snippet:-1, max-image-preview:large, max-video-preview:-1\" \/>\n<link rel=\"canonical\" href=\"https:\/\/hudo.com\/si\/aktualno\/putin-v-moskvi-sprejel-predsednika-republike-srbske\/\" \/>\n<meta property=\"og:locale\" content=\"sl_SI\" \/>\n<meta property=\"og:type\" content=\"article\" \/>\n<meta property=\"og:title\" content=\"Putin se je v Moskvi sestal s predsednikom Republike srbske - Hudo Slovenija\" \/>\n<meta property=\"og:description\" content=\"Ruski predsednik Vladimir Putin je v \u010detrtek v Moskvi sprejel predsednika Republike srbske Milorada Dodika. Kot so objavili na spletni strani ruskega predsednika, sta se pogovarjala o razmerah na Balkanu in razli\u010dnih mednarodnih vpra\u0161anjih. Dodik je po sre\u010danju dejal, da je Putin izrazil podporo stabilizaciji v regiji.\" \/>\n<meta property=\"og:url\" content=\"https:\/\/hudo.com\/si\/aktualno\/putin-v-moskvi-sprejel-predsednika-republike-srbske\/\" \/>\n<meta property=\"og:site_name\" content=\"Hudo Slovenija\" \/>\n<meta property=\"article:publisher\" content=\"https:\/\/www.facebook.com\/hudo.si\" \/>\n<meta property=\"article:published_time\" content=\"2016-09-23T07:07:25+00:00\" \/>\n<meta property=\"og:image\" content=\"https:\/\/hudo.com\/si\/wp-content\/uploads\/sites\/2\/2016\/09\/profimedia-0300733231-1.jpg\" \/>\n\t<meta property=\"og:image:width\" content=\"1250\" \/>\n\t<meta property=\"og:image:height\" content=\"972\" \/>\n\t<meta property=\"og:image:type\" content=\"image\/jpeg\" \/>\n<meta name=\"author\" content=\"M. N., STA\" \/>\n<meta name=\"twitter:card\" content=\"summary_large_image\" \/>\n<meta name=\"twitter:creator\" content=\"@hudo_si\" \/>\n<meta name=\"twitter:site\" content=\"@hudo_si\" \/>\n<meta name=\"twitter:label1\" content=\"Written by\" \/>\n\t<meta name=\"twitter:data1\" content=\"M. N., STA\" \/>\n\t<meta name=\"twitter:label2\" content=\"Est. reading time\" \/>\n\t<meta name=\"twitter:data2\" content=\"1 minuta\" \/>\n<script type=\"application\/ld+json\" class=\"yoast-schema-graph\">{\"@context\":\"https:\/\/schema.org\",\"@graph\":[{\"@type\":\"Article\",\"@id\":\"https:\/\/hudo.com\/si\/aktualno\/putin-v-moskvi-sprejel-predsednika-republike-srbske\/#article\",\"isPartOf\":{\"@id\":\"https:\/\/hudo.com\/si\/aktualno\/putin-v-moskvi-sprejel-predsednika-republike-srbske\/\"},\"author\":{\"name\":\"M. N., STA\",\"@id\":\"https:\/\/hudo.com\/si\/#\/schema\/person\/c2f10ce65d2e6ede2aeda5be2a0611fa\"},\"headline\":\"Putin se je v Moskvi sestal s predsednikom Republike srbske\",\"datePublished\":\"2016-09-23T07:07:25+00:00\",\"dateModified\":\"2016-09-23T07:07:25+00:00\",\"mainEntityOfPage\":{\"@id\":\"https:\/\/hudo.com\/si\/aktualno\/putin-v-moskvi-sprejel-predsednika-republike-srbske\/\"},\"wordCount\":261,\"publisher\":{\"@id\":\"https:\/\/hudo.com\/si\/#organization\"},\"keywords\":[\"milorad dodik\",\"Republika srbska\",\"Rusija\",\"Vladimir Putin\"],\"articleSection\":[\"Aktualno\"],\"inLanguage\":\"sl-SI\"},{\"@type\":\"WebPage\",\"@id\":\"https:\/\/hudo.com\/si\/aktualno\/putin-v-moskvi-sprejel-predsednika-republike-srbske\/\",\"url\":\"https:\/\/hudo.com\/si\/aktualno\/putin-v-moskvi-sprejel-predsednika-republike-srbske\/\",\"name\":\"Putin se je v Moskvi sestal s predsednikom Republike srbske - Hudo Slovenija\",\"isPartOf\":{\"@id\":\"https:\/\/hudo.com\/si\/#website\"},\"datePublished\":\"2016-09-23T07:07:25+00:00\",\"dateModified\":\"2016-09-23T07:07:25+00:00\",\"breadcrumb\":{\"@id\":\"https:\/\/hudo.com\/si\/aktualno\/putin-v-moskvi-sprejel-predsednika-republike-srbske\/#breadcrumb\"},\"inLanguage\":\"sl-SI\",\"potentialAction\":[{\"@type\":\"ReadAction\",\"target\":[\"https:\/\/hudo.com\/si\/aktualno\/putin-v-moskvi-sprejel-predsednika-republike-srbske\/\"]}]},{\"@type\":\"BreadcrumbList\",\"@id\":\"https:\/\/hudo.com\/si\/aktualno\/putin-v-moskvi-sprejel-predsednika-republike-srbske\/#breadcrumb\",\"itemListElement\":[{\"@type\":\"ListItem\",\"position\":1,\"name\":\"Home\",\"item\":\"https:\/\/hudo.com\/si\/\"},{\"@type\":\"ListItem\",\"position\":2,\"name\":\"Putin se je v Moskvi sestal s predsednikom Republike srbske\"}]},{\"@type\":\"WebSite\",\"@id\":\"https:\/\/hudo.com\/si\/#website\",\"url\":\"https:\/\/hudo.com\/si\/\",\"name\":\"Hudo Slovenija\",\"description\":\"Vse novice iz Slovenije in sveta\",\"publisher\":{\"@id\":\"https:\/\/hudo.com\/si\/#organization\"},\"potentialAction\":[{\"@type\":\"SearchAction\",\"target\":{\"@type\":\"EntryPoint\",\"urlTemplate\":\"https:\/\/hudo.com\/si\/?s={search_term_string}\"},\"query-input\":\"required name=search_term_string\"}],\"inLanguage\":\"sl-SI\"},{\"@type\":\"Organization\",\"@id\":\"https:\/\/hudo.com\/si\/#organization\",\"name\":\"VSN Media\",\"url\":\"https:\/\/hudo.com\/si\/\",\"logo\":{\"@type\":\"ImageObject\",\"inLanguage\":\"sl-SI\",\"@id\":\"https:\/\/hudo.com\/si\/#\/schema\/logo\/image\/\",\"url\":\"https:\/\/hudo.com\/si\/wp-content\/uploads\/sites\/2\/2021\/03\/hudo-app-2.png\",\"contentUrl\":\"https:\/\/hudo.com\/si\/wp-content\/uploads\/sites\/2\/2021\/03\/hudo-app-2.png\",\"width\":2185,\"height\":2167,\"caption\":\"VSN Media\"},\"image\":{\"@id\":\"https:\/\/hudo.com\/si\/#\/schema\/logo\/image\/\"},\"sameAs\":[\"https:\/\/www.facebook.com\/hudo.si\",\"https:\/\/twitter.com\/hudo_si\"]},{\"@type\":\"Person\",\"@id\":\"https:\/\/hudo.com\/si\/#\/schema\/person\/c2f10ce65d2e6ede2aeda5be2a0611fa\",\"name\":\"M. N., STA\",\"image\":{\"@type\":\"ImageObject\",\"inLanguage\":\"sl-SI\",\"@id\":\"https:\/\/hudo.com\/si\/#\/schema\/person\/image\/\",\"url\":\"https:\/\/secure.gravatar.com\/avatar\/f370d38daa10467f755c5c766a4cac20?s=96&d=mm&r=g\",\"contentUrl\":\"https:\/\/secure.gravatar.com\/avatar\/f370d38daa10467f755c5c766a4cac20?s=96&d=mm&r=g\",\"caption\":\"M. N., STA\"},\"url\":\"https:\/\/hudo.com\/si\/author\/mana\/\"}]}<\/script>\n<!-- \/ Yoast SEO plugin. -->","yoast_head_json":{"title":"Putin se je v Moskvi sestal s predsednikom Republike srbske - Hudo Slovenija","robots":{"index":"index","follow":"follow","max-snippet":"max-snippet:-1","max-image-preview":"max-image-preview:large","max-video-preview":"max-video-preview:-1"},"canonical":"https:\/\/hudo.com\/si\/aktualno\/putin-v-moskvi-sprejel-predsednika-republike-srbske\/","og_locale":"sl_SI","og_type":"article","og_title":"Putin se je v Moskvi sestal s predsednikom Republike srbske - Hudo Slovenija","og_description":"Ruski predsednik Vladimir Putin je v \u010detrtek v Moskvi sprejel predsednika Republike srbske Milorada Dodika. Kot so objavili na spletni strani ruskega predsednika, sta se pogovarjala o razmerah na Balkanu in razli\u010dnih mednarodnih vpra\u0161anjih. Dodik je po sre\u010danju dejal, da je Putin izrazil podporo stabilizaciji v regiji.","og_url":"https:\/\/hudo.com\/si\/aktualno\/putin-v-moskvi-sprejel-predsednika-republike-srbske\/","og_site_name":"Hudo Slovenija","article_publisher":"https:\/\/www.facebook.com\/hudo.si","article_published_time":"2016-09-23T07:07:25+00:00","og_image":[{"width":1250,"height":972,"url":"https:\/\/hudo.com\/si\/wp-content\/uploads\/sites\/2\/2016\/09\/profimedia-0300733231-1.jpg","type":"image\/jpeg"}],"author":"M. N., STA","twitter_card":"summary_large_image","twitter_creator":"@hudo_si","twitter_site":"@hudo_si","twitter_misc":{"Written by":"M. N., STA","Est. reading time":"1 minuta"},"schema":{"@context":"https:\/\/schema.org","@graph":[{"@type":"Article","@id":"https:\/\/hudo.com\/si\/aktualno\/putin-v-moskvi-sprejel-predsednika-republike-srbske\/#article","isPartOf":{"@id":"https:\/\/hudo.com\/si\/aktualno\/putin-v-moskvi-sprejel-predsednika-republike-srbske\/"},"author":{"name":"M. N., STA","@id":"https:\/\/hudo.com\/si\/#\/schema\/person\/c2f10ce65d2e6ede2aeda5be2a0611fa"},"headline":"Putin se je v Moskvi sestal s predsednikom Republike srbske","datePublished":"2016-09-23T07:07:25+00:00","dateModified":"2016-09-23T07:07:25+00:00","mainEntityOfPage":{"@id":"https:\/\/hudo.com\/si\/aktualno\/putin-v-moskvi-sprejel-predsednika-republike-srbske\/"},"wordCount":261,"publisher":{"@id":"https:\/\/hudo.com\/si\/#organization"},"keywords":["milorad dodik","Republika srbska","Rusija","Vladimir Putin"],"articleSection":["Aktualno"],"inLanguage":"sl-SI"},{"@type":"WebPage","@id":"https:\/\/hudo.com\/si\/aktualno\/putin-v-moskvi-sprejel-predsednika-republike-srbske\/","url":"https:\/\/hudo.com\/si\/aktualno\/putin-v-moskvi-sprejel-predsednika-republike-srbske\/","name":"Putin se je v Moskvi sestal s predsednikom Republike srbske - Hudo Slovenija","isPartOf":{"@id":"https:\/\/hudo.com\/si\/#website"},"datePublished":"2016-09-23T07:07:25+00:00","dateModified":"2016-09-23T07:07:25+00:00","breadcrumb":{"@id":"https:\/\/hudo.com\/si\/aktualno\/putin-v-moskvi-sprejel-predsednika-republike-srbske\/#breadcrumb"},"inLanguage":"sl-SI","potentialAction":[{"@type":"ReadAction","target":["https:\/\/hudo.com\/si\/aktualno\/putin-v-moskvi-sprejel-predsednika-republike-srbske\/"]}]},{"@type":"BreadcrumbList","@id":"https:\/\/hudo.com\/si\/aktualno\/putin-v-moskvi-sprejel-predsednika-republike-srbske\/#breadcrumb","itemListElement":[{"@type":"ListItem","position":1,"name":"Home","item":"https:\/\/hudo.com\/si\/"},{"@type":"ListItem","position":2,"name":"Putin se je v Moskvi sestal s predsednikom Republike srbske"}]},{"@type":"WebSite","@id":"https:\/\/hudo.com\/si\/#website","url":"https:\/\/hudo.com\/si\/","name":"Hudo Slovenija","description":"Vse novice iz Slovenije in sveta","publisher":{"@id":"https:\/\/hudo.com\/si\/#organization"},"potentialAction":[{"@type":"SearchAction","target":{"@type":"EntryPoint","urlTemplate":"https:\/\/hudo.com\/si\/?s={search_term_string}"},"query-input":"required name=search_term_string"}],"inLanguage":"sl-SI"},{"@type":"Organization","@id":"https:\/\/hudo.com\/si\/#organization","name":"VSN Media","url":"https:\/\/hudo.com\/si\/","logo":{"@type":"ImageObject","inLanguage":"sl-SI","@id":"https:\/\/hudo.com\/si\/#\/schema\/logo\/image\/","url":"https:\/\/hudo.com\/si\/wp-content\/uploads\/sites\/2\/2021\/03\/hudo-app-2.png","contentUrl":"https:\/\/hudo.com\/si\/wp-content\/uploads\/sites\/2\/2021\/03\/hudo-app-2.png","width":2185,"height":2167,"caption":"VSN Media"},"image":{"@id":"https:\/\/hudo.com\/si\/#\/schema\/logo\/image\/"},"sameAs":["https:\/\/www.facebook.com\/hudo.si","https:\/\/twitter.com\/hudo_si"]},{"@type":"Person","@id":"https:\/\/hudo.com\/si\/#\/schema\/person\/c2f10ce65d2e6ede2aeda5be2a0611fa","name":"M. N., STA","image":{"@type":"ImageObject","inLanguage":"sl-SI","@id":"https:\/\/hudo.com\/si\/#\/schema\/person\/image\/","url":"https:\/\/secure.gravatar.com\/avatar\/f370d38daa10467f755c5c766a4cac20?s=96&d=mm&r=g","contentUrl":"https:\/\/secure.gravatar.com\/avatar\/f370d38daa10467f755c5c766a4cac20?s=96&d=mm&r=g","caption":"M. N., STA"},"url":"https:\/\/hudo.com\/si\/author\/mana\/"}]}},"amp_enabled":true,"_links":{"self":[{"href":"https:\/\/hudo.com\/si\/wp-json\/wp\/v2\/posts\/138762"}],"collection":[{"href":"https:\/\/hudo.com\/si\/wp-json\/wp\/v2\/posts"}],"about":[{"href":"https:\/\/hudo.com\/si\/wp-json\/wp\/v2\/types\/post"}],"author":[{"embeddable":true,"href":"https:\/\/hudo.com\/si\/wp-json\/wp\/v2\/users\/8"}],"replies":[{"embeddable":true,"href":"https:\/\/hudo.com\/si\/wp-json\/wp\/v2\/comments?post=138762"}],"version-history":[{"count":1,"href":"https:\/\/hudo.com\/si\/wp-json\/wp\/v2\/posts\/138762\/revisions"}],"predecessor-version":[{"id":138765,"href":"https:\/\/hudo.com\/si\/wp-json\/wp\/v2\/posts\/138762\/revisions\/138765"}],"wp:featuredmedia":[{"embeddable":true,"href":"https:\/\/hudo.com\/si\/wp-json\/wp\/v2\/media\/138763"}],"wp:attachment":[{"href":"https:\/\/hudo.com\/si\/wp-json\/wp\/v2\/media?parent=138762"}],"wp:term":[{"taxonomy":"category","embeddable":true,"href":"https:\/\/hudo.com\/si\/wp-json\/wp\/v2\/categories?post=138762"},{"taxonomy":"post_tag","embeddable":true,"href":"https:\/\/hudo.com\/si\/wp-json\/wp\/v2\/tags?post=138762"},{"taxonomy":"source","embeddable":true,"href":"https:\/\/hudo.com\/si\/wp-json\/wp\/v2\/source?post=138762"},{"taxonomy":"supertag","embeddable":true,"href":"https:\/\/hudo.com\/si\/wp-json\/wp\/v2\/supertag?post=138762"}],"curies":[{"name":"wp","href":"https:\/\/api.w.org\/{rel}","templated":true}]}}