{"id":13923,"date":"2015-09-25T07:47:36","date_gmt":"2015-09-25T06:47:36","guid":{"rendered":"http:\/\/master.hudo.com\/si\/2015\/09\/25\/kaj-nasi-otroci-pocnejo-na-svojih-mobilnih-telefonih\/"},"modified":"2015-09-25T07:47:36","modified_gmt":"2015-09-25T06:47:36","slug":"kaj-nasi-otroci-pocnejo-na-svojih-mobilnih-telefonih","status":"publish","type":"post","link":"https:\/\/hudo.com\/si\/zdrav-duh-telo\/kaj-nasi-otroci-pocnejo-na-svojih-mobilnih-telefonih\/","title":{"rendered":"Kaj na\u0161i otroci po\u010dnejo na svojih mobilnih telefonih?"},"content":{"rendered":"<figure>\n\t\t\t\t\t<img loading=\"lazy\" decoding=\"async\" width=\"660\" height=\"320\" src=\"data:image\/gif;base64,R0lGODlhAQABAAAAACH5BAEKAAEALAAAAAABAAEAAAICTAEAOw==\" class=\"lazyload\" data-src=\"http:\/\/zenska.hudo.com\/files\/2015\/09\/thinkstockphotos-517678925-320x155.jpg\" data-srcset=\"http:\/\/zenska.hudo.com\/files\/2015\/09\/thinkstockphotos-517678925-660x320.jpg 660w,http:\/\/zenska.hudo.com\/files\/2015\/09\/thinkstockphotos-517678925-320x155.jpg 330w\" sizes=\"(max-width: 660px) 100vw, 660px\"\/><figcaption>Foto: Thinkstock<\/figcaption><\/figure>\n<p>Na\u0161im najmlaj\u0161im sta bila digitalna tehnologija in s tem tudi mobilni svet tako reko\u010d polo\u017eena v zibelko. Star\u0161em in strokovnjakom pa se ob tem poraja pomembno vpra\u0161anje \u2013 pri kateri starosti lahko otroku \u017ee zaupamo lastni mobilni telefon in verjamemo, da ga bo tudi odgovorno uporabljal? Z namenom bolj\u0161ega razumevanja omenjenega podro\u010dja in vpogleda v navade slovenskih star\u0161ev je Spar Slovenija ob predstavitvi nove storitve SPAR MOBIL opravil raziskavo o uporabi mobilne tehnologije.<\/p>\n<h2><strong>Slovenski star\u0161i svojim otrokom zaupajo telefon pri desetem letu starosti<\/strong><\/h2>\n<p>Izsledki raziskave so pokazali, da ve\u010dina slovenskih star\u0161ev kot najprimernej\u0161o starost ocenjuje 10 let. Tako je odgovorilo 34 % star\u0161ev mlaj\u0161ih otrok, starih od 6 do 12 let, in 42 % star\u0161ev mladostnikov, starih od 13 do 18 let. 64 % mlaj\u0161ih otrok \u017ee ima lastni mobilni telefon, pri mladostnikih pa je ta \u017ee stalnica, saj ga uporablja kar 99 % vseh. Pametni mobilni telefon ima slaba polovica (46 %) mlaj\u0161ih otrok, pri mladostnikih pa dele\u017e zraste na 92 %.<\/p>\n<p>Raziskava je razkrila, da najve\u010d mlaj\u0161ih otrok telefone uporablja za klicanje (90 %) in po\u0161iljanje SMS-sporo\u010dil (68 %), MMS-e pa jih po\u0161ilja manj, le 12 %. Skoraj polovica (49 %) jih \u017ee uporablja brez\u017ei\u010dni Wi-Fi internet, medtem ko jih internet s pla\u010dljivimi mobilnimi podatki uporablja samo 9 %. \u010cas na dru\u017ebenih omre\u017ejih, kot sta Facebook in Twitter, od nekajkrat na teden do nekajkrat na dan pre\u017eivlja 16 % mlaj\u0161ih otrok. Mladostniki svoj na\u010din uporabe v veliki meri prilagodijo pametnemu mobilnemu telefonu. 79 % mladostnikov ga uporablja za klice in SMS-sporo\u010dila, kar 82 % jih na svojem mobilnem telefonu uporablja Wi-Fi, 62 % pa preko njega dostopa do dru\u017ebenih omre\u017eij. Kar 91 % mladih uporabnikov dru\u017ebenih omre\u017eij slednje uporablja ve\u010dkrat dnevno. Ve\u010dji dele\u017e mladostnikov (37 %) kakor mlaj\u0161ih otrok mobilnik uporablja tudi za po\u0161iljanje MMS-sporo\u010dil. S starostjo se pove\u010da uporaba pla\u010dljivega prenosa mobilnih podatkov, ki ga uporablja 38 % 13- do 18-letnikov.<\/p>\n<h2><strong>Star\u0161i mlaj\u0161ih otrok se najpogosteje odlo\u010dijo za predpla\u010dni\u0161ki paket<\/strong><\/h2>\n<p>Ko pride \u010das za prvi mobilni telefon, se star\u0161i soo\u010dajo z vpra\u0161anjem pametnega vklju\u010devanja otrok v tehnologijo, s katerim se bodo ti nau\u010dili varne uporabe, navsezadnje pa tudi odgovornega ravnanja z denarjem. Po mnenju star\u0161ev so za mlaj\u0161e otroke najprimernej\u0161i predpla\u010dni\u0161ki paketi \u2013 tako meni kar 77 % vpra\u0161anih, medtem ko je mnenje za starej\u0161e otroke precej razdeljeno, vendar \u0161e vedno nekoliko bolj v prid predpla\u010dni\u0161kih paketov (58 %). Najve\u010d star\u0161ev mlaj\u0161ih otrok (60 %) ocenjuje znesek, ki ga namenijo za\u00a0 mobilno telefonijo svojih najmlaj\u0161ih, na do 5 evrov mese\u010dno, medtem ko 31 % star\u0161ev nameni od 6 do 10 evrov. Pri mladostnikih se poraba pove\u010da, najve\u010d \u2013 tretjina vseh \u2013 pa jih mese\u010dno porabi 10 do 15 evrov.<\/p>\n<p>Ko pride do dejanske izbire paketa, se 68 % star\u0161ev mlaj\u0161ih otrok odlo\u010di za predpla\u010dni\u0161kega, pri tem pa najve\u010dje prednosti vidijo v omejevanju porabe in zavarovanju pred prekora\u010ditvijo stro\u0161kov. 29 % mlaj\u0161ih otrok ima naro\u010dni\u0161ki paket sklenjen preko enega od star\u0161ev. Kot pomembna dejavnika ocenjujejo tudi bolj\u0161i pregled nad porabo storitev in pla\u010devanje zgolj dejanske porabe. Predpla\u010dni\u0161ke pakete uporablja petina vseh mladostnikov (20 %), katerih star\u0161i razpoznavajo enake prednosti, ve\u010d (57 %) se jih \u017ee odlo\u010di za naro\u010dni\u0161ko razmerje, ki je sklenjeno prek enega od star\u0161ev, naro\u010dni\u0161ki mobilni paket na lastno ime pa ima 22 % mladostnikov.<\/p>\n<h2><strong>Pomen mobilnega interneta<\/strong><\/h2>\n<p>Medtem ko mlaj\u0161i otroci interneta prek mobilnega telefona v ve\u010dji meri \u0161e ne uporabljajo, se dele\u017e otrok, za katere je dostop do interneta pomemben, s starostjo pove\u010duje. Pri mlaj\u0161ih otrokih je ta dele\u017e 15 %, pri mladostnikih pa se podvoji na 30 %. Najve\u010d star\u0161ev se verjetno zgrozi ob misli, da bi najmlaj\u0161i prek svojega mobilnika nenadzorovano raziskovali splet \u2013 tako zaradi njihove varnosti pa tudi zaradi stro\u0161kov, ki lahko s tem nastanejo. Predpla\u010dni\u0161ki paketi omogo\u010dijo nadzor, kar je pomembna prednost, ko pride do izbire.<\/p>\n<h2><strong>Raziskava med slovenskimi star\u0161i razkriva:<\/strong><\/h2>\n<ul>\n<li>34 % star\u0161ev mlaj\u0161ih otrok, starih od 6 do 12 let, in 42 % star\u0161ev mladostnikov, starih od 13 do 18 let, ocenjuje, da je najprimernej\u0161a starost za prvi lastni mobilni telefon 10 let.<\/li>\n<li>64 % mlaj\u0161ih otrok in 99 % mladostnikov \u017ee ima lastni mobilni telefon.<\/li>\n<li>46 % mlaj\u0161ih otrok in 92 % mladostnikov ima pametni mobilni telefon.<\/li>\n<li>90 % mlaj\u0161ih otrok mobilne telefone uporablja za klicanje, 68 % za po\u0161iljanje SMS-sporo\u010dil, 12 % pa za po\u0161iljanje MMS-ov.<\/li>\n<li>49 % mlaj\u0161ih otrok \u017ee uporablja brez\u017ei\u010dni Wi-Fi internet, 9 % pa internet s pla\u010dljivimi mobilnimi podatki.<\/li>\n<li>16 % mlaj\u0161ih otrok preko mobilnega telefona dostopa do dru\u017ebenih omre\u017ejih, kot sta Facebook in Twitter. 56 % teh ve\u010dkrat na dan, 44 % pa nekajkrat na teden.<\/li>\n<li>79 % mladostnikov mobilni telefon uporablja za klice in SMS-sporo\u010dila, 37 % pa za po\u0161iljanje MMS-ov.<\/li>\n<li>82 % mladostnikov na svojem mobilnem telefonu uporablja Wi-Fi internet, 38 % pa internet s pla\u010dljivimi mobilnimi podatki.<\/li>\n<li>62 % mladostnikov preko mobilnega telefona dostopa do dru\u017ebenih omre\u017eij, kot sta Facebook in Twitter. 91 % teh ve\u010dkrat na dan.<\/li>\n<li>77 % star\u0161ev mlaj\u0161ih otrok in 58 % star\u0161ev mladostnikov meni, da je za njihove otroke najprimernej\u0161i predpla\u010dni\u0161ki paket.<\/li>\n<li>68 % mlaj\u0161ih otrok in 20 % mladostnikov uporablja predpla\u010dni\u0161ki paket.<\/li>\n<li>29 % mlaj\u0161ih otrok in 57 % mladostnikov ima naro\u010dni\u0161ko razmerje sklenjeno preko enega od star\u0161ev.<\/li>\n<li>60 % star\u0161ev mlaj\u0161ih otrok ocenjuje mese\u010dni stro\u0161ek na do 5 evrov mese\u010dno, 31 % pa na od 6 do 10 evrov. 33 % star\u0161ev mladostnikov ocenjuje mese\u010dni stro\u0161ek na od 10 do 15 evrov, manj 39 %, ve\u010d pa 28 %.<\/li>\n<li>15 % star\u0161ev mlaj\u0161ih otrok in 30 % star\u0161ev mladostnikov ocenjuje dostop do interneta prek mobilnega telefona kot pomemben.<\/li>\n<\/ul>\n<h2><strong>O raziskavi<\/strong><\/h2>\n<p>Raziskavo o uporabi mobilne telefonije je v juliju 2015 izvedla agencija Ipsos raziskovanje trga, medijev in javnega mnenja, d. o. o., v sodelovanju s podjetjem Spar Slovenija, d. o. o. Vanjo je bilo vklju\u010denih 100 star\u0161ev z otroki, starimi med 6 in 12 let, in 107 otrok ali star\u0161ev z otroki, starimi med 13 in 18 let.<\/p>\n<p>&nbsp;<\/p>\n","protected":false},"excerpt":{"rendered":"<p>Raziskava o uporabi mobilne telefonije med otroki in mladostniki v Sloveniji je pokazala zanimive rezultate.<\/p>\n","protected":false},"author":1,"featured_media":0,"comment_status":"closed","ping_status":"closed","sticky":false,"template":"","format":"standard","meta":{"footnotes":""},"categories":[1],"tags":[2021,1538,2670,1409],"source":[1410,1335,1334],"supertag":[],"acf":[],"yoast_head":"<!-- This site is optimized with the Yoast SEO plugin v21.3 - https:\/\/yoast.com\/wordpress\/plugins\/seo\/ -->\n<title>Kaj na\u0161i otroci po\u010dnejo na svojih mobilnih telefonih? - Hudo Slovenija<\/title>\n<meta name=\"robots\" content=\"index, follow, max-snippet:-1, max-image-preview:large, max-video-preview:-1\" \/>\n<link rel=\"canonical\" href=\"https:\/\/hudo.com\/si\/zdrav-duh-telo\/kaj-nasi-otroci-pocnejo-na-svojih-mobilnih-telefonih\/\" \/>\n<meta property=\"og:locale\" content=\"sl_SI\" \/>\n<meta property=\"og:type\" content=\"article\" \/>\n<meta property=\"og:title\" content=\"Kaj na\u0161i otroci po\u010dnejo na svojih mobilnih telefonih? - Hudo Slovenija\" \/>\n<meta property=\"og:description\" content=\"Raziskava o uporabi mobilne telefonije med otroki in mladostniki v Sloveniji je pokazala zanimive rezultate.\" \/>\n<meta property=\"og:url\" content=\"https:\/\/hudo.com\/si\/zdrav-duh-telo\/kaj-nasi-otroci-pocnejo-na-svojih-mobilnih-telefonih\/\" \/>\n<meta property=\"og:site_name\" content=\"Hudo Slovenija\" \/>\n<meta property=\"article:publisher\" content=\"https:\/\/www.facebook.com\/hudo.si\" \/>\n<meta property=\"article:published_time\" content=\"2015-09-25T06:47:36+00:00\" \/>\n<meta property=\"og:image\" content=\"https:\/\/hudo.com\/si\/wp-content\/uploads\/sites\/2\/2016\/04\/thinkstockphotos-517678925.jpg\" \/>\n\t<meta property=\"og:image:width\" content=\"725\" \/>\n\t<meta property=\"og:image:height\" content=\"483\" \/>\n\t<meta property=\"og:image:type\" content=\"image\/jpeg\" \/>\n<meta name=\"author\" content=\"hudo\" \/>\n<meta name=\"twitter:card\" content=\"summary_large_image\" \/>\n<meta name=\"twitter:creator\" content=\"@hudo_si\" \/>\n<meta name=\"twitter:site\" content=\"@hudo_si\" \/>\n<meta name=\"twitter:label1\" content=\"Written by\" \/>\n\t<meta name=\"twitter:data1\" content=\"hudo\" \/>\n\t<meta name=\"twitter:label2\" content=\"Est. reading time\" \/>\n\t<meta name=\"twitter:data2\" content=\"5 minut\" \/>\n<script type=\"application\/ld+json\" class=\"yoast-schema-graph\">{\"@context\":\"https:\/\/schema.org\",\"@graph\":[{\"@type\":\"Article\",\"@id\":\"https:\/\/hudo.com\/si\/zdrav-duh-telo\/kaj-nasi-otroci-pocnejo-na-svojih-mobilnih-telefonih\/#article\",\"isPartOf\":{\"@id\":\"https:\/\/hudo.com\/si\/zdrav-duh-telo\/kaj-nasi-otroci-pocnejo-na-svojih-mobilnih-telefonih\/\"},\"author\":{\"name\":\"hudo\",\"@id\":\"https:\/\/hudo.com\/si\/#\/schema\/person\/601cf3379633985b20f7e50f2bb47707\"},\"headline\":\"Kaj na\u0161i otroci po\u010dnejo na svojih mobilnih telefonih?\",\"datePublished\":\"2015-09-25T06:47:36+00:00\",\"dateModified\":\"2015-09-25T06:47:36+00:00\",\"mainEntityOfPage\":{\"@id\":\"https:\/\/hudo.com\/si\/zdrav-duh-telo\/kaj-nasi-otroci-pocnejo-na-svojih-mobilnih-telefonih\/\"},\"wordCount\":986,\"publisher\":{\"@id\":\"https:\/\/hudo.com\/si\/#organization\"},\"keywords\":[\"mobilni telefoni\",\"raziskava\",\"varnost otrok\",\"vzgoja otroka\"],\"articleSection\":[\"Zdrav duh &amp; telo\"],\"inLanguage\":\"sl-SI\"},{\"@type\":\"WebPage\",\"@id\":\"https:\/\/hudo.com\/si\/zdrav-duh-telo\/kaj-nasi-otroci-pocnejo-na-svojih-mobilnih-telefonih\/\",\"url\":\"https:\/\/hudo.com\/si\/zdrav-duh-telo\/kaj-nasi-otroci-pocnejo-na-svojih-mobilnih-telefonih\/\",\"name\":\"Kaj na\u0161i otroci po\u010dnejo na svojih mobilnih telefonih? - Hudo Slovenija\",\"isPartOf\":{\"@id\":\"https:\/\/hudo.com\/si\/#website\"},\"datePublished\":\"2015-09-25T06:47:36+00:00\",\"dateModified\":\"2015-09-25T06:47:36+00:00\",\"breadcrumb\":{\"@id\":\"https:\/\/hudo.com\/si\/zdrav-duh-telo\/kaj-nasi-otroci-pocnejo-na-svojih-mobilnih-telefonih\/#breadcrumb\"},\"inLanguage\":\"sl-SI\",\"potentialAction\":[{\"@type\":\"ReadAction\",\"target\":[\"https:\/\/hudo.com\/si\/zdrav-duh-telo\/kaj-nasi-otroci-pocnejo-na-svojih-mobilnih-telefonih\/\"]}]},{\"@type\":\"BreadcrumbList\",\"@id\":\"https:\/\/hudo.com\/si\/zdrav-duh-telo\/kaj-nasi-otroci-pocnejo-na-svojih-mobilnih-telefonih\/#breadcrumb\",\"itemListElement\":[{\"@type\":\"ListItem\",\"position\":1,\"name\":\"Home\",\"item\":\"https:\/\/hudo.com\/si\/\"},{\"@type\":\"ListItem\",\"position\":2,\"name\":\"Kaj na\u0161i otroci po\u010dnejo na svojih mobilnih telefonih?\"}]},{\"@type\":\"WebSite\",\"@id\":\"https:\/\/hudo.com\/si\/#website\",\"url\":\"https:\/\/hudo.com\/si\/\",\"name\":\"Hudo Slovenija\",\"description\":\"Vse novice iz Slovenije in sveta\",\"publisher\":{\"@id\":\"https:\/\/hudo.com\/si\/#organization\"},\"potentialAction\":[{\"@type\":\"SearchAction\",\"target\":{\"@type\":\"EntryPoint\",\"urlTemplate\":\"https:\/\/hudo.com\/si\/?s={search_term_string}\"},\"query-input\":\"required name=search_term_string\"}],\"inLanguage\":\"sl-SI\"},{\"@type\":\"Organization\",\"@id\":\"https:\/\/hudo.com\/si\/#organization\",\"name\":\"VSN Media\",\"url\":\"https:\/\/hudo.com\/si\/\",\"logo\":{\"@type\":\"ImageObject\",\"inLanguage\":\"sl-SI\",\"@id\":\"https:\/\/hudo.com\/si\/#\/schema\/logo\/image\/\",\"url\":\"https:\/\/hudo.com\/si\/wp-content\/uploads\/sites\/2\/2021\/03\/hudo-app-2.png\",\"contentUrl\":\"https:\/\/hudo.com\/si\/wp-content\/uploads\/sites\/2\/2021\/03\/hudo-app-2.png\",\"width\":2185,\"height\":2167,\"caption\":\"VSN Media\"},\"image\":{\"@id\":\"https:\/\/hudo.com\/si\/#\/schema\/logo\/image\/\"},\"sameAs\":[\"https:\/\/www.facebook.com\/hudo.si\",\"https:\/\/twitter.com\/hudo_si\"]},{\"@type\":\"Person\",\"@id\":\"https:\/\/hudo.com\/si\/#\/schema\/person\/601cf3379633985b20f7e50f2bb47707\",\"name\":\"hudo\",\"image\":{\"@type\":\"ImageObject\",\"inLanguage\":\"sl-SI\",\"@id\":\"https:\/\/hudo.com\/si\/#\/schema\/person\/image\/\",\"url\":\"https:\/\/secure.gravatar.com\/avatar\/c4ca25fa72cace7a696b52ff5db9e095?s=96&d=mm&r=g\",\"contentUrl\":\"https:\/\/secure.gravatar.com\/avatar\/c4ca25fa72cace7a696b52ff5db9e095?s=96&d=mm&r=g\",\"caption\":\"hudo\"},\"url\":\"https:\/\/hudo.com\/si\/author\/hudo\/\"}]}<\/script>\n<!-- \/ Yoast SEO plugin. -->","yoast_head_json":{"title":"Kaj na\u0161i otroci po\u010dnejo na svojih mobilnih telefonih? - Hudo Slovenija","robots":{"index":"index","follow":"follow","max-snippet":"max-snippet:-1","max-image-preview":"max-image-preview:large","max-video-preview":"max-video-preview:-1"},"canonical":"https:\/\/hudo.com\/si\/zdrav-duh-telo\/kaj-nasi-otroci-pocnejo-na-svojih-mobilnih-telefonih\/","og_locale":"sl_SI","og_type":"article","og_title":"Kaj na\u0161i otroci po\u010dnejo na svojih mobilnih telefonih? - Hudo Slovenija","og_description":"Raziskava o uporabi mobilne telefonije med otroki in mladostniki v Sloveniji je pokazala zanimive rezultate.","og_url":"https:\/\/hudo.com\/si\/zdrav-duh-telo\/kaj-nasi-otroci-pocnejo-na-svojih-mobilnih-telefonih\/","og_site_name":"Hudo Slovenija","article_publisher":"https:\/\/www.facebook.com\/hudo.si","article_published_time":"2015-09-25T06:47:36+00:00","og_image":[{"width":725,"height":483,"url":"https:\/\/hudo.com\/si\/wp-content\/uploads\/sites\/2\/2016\/04\/thinkstockphotos-517678925.jpg","type":"image\/jpeg"}],"author":"hudo","twitter_card":"summary_large_image","twitter_creator":"@hudo_si","twitter_site":"@hudo_si","twitter_misc":{"Written by":"hudo","Est. reading time":"5 minut"},"schema":{"@context":"https:\/\/schema.org","@graph":[{"@type":"Article","@id":"https:\/\/hudo.com\/si\/zdrav-duh-telo\/kaj-nasi-otroci-pocnejo-na-svojih-mobilnih-telefonih\/#article","isPartOf":{"@id":"https:\/\/hudo.com\/si\/zdrav-duh-telo\/kaj-nasi-otroci-pocnejo-na-svojih-mobilnih-telefonih\/"},"author":{"name":"hudo","@id":"https:\/\/hudo.com\/si\/#\/schema\/person\/601cf3379633985b20f7e50f2bb47707"},"headline":"Kaj na\u0161i otroci po\u010dnejo na svojih mobilnih telefonih?","datePublished":"2015-09-25T06:47:36+00:00","dateModified":"2015-09-25T06:47:36+00:00","mainEntityOfPage":{"@id":"https:\/\/hudo.com\/si\/zdrav-duh-telo\/kaj-nasi-otroci-pocnejo-na-svojih-mobilnih-telefonih\/"},"wordCount":986,"publisher":{"@id":"https:\/\/hudo.com\/si\/#organization"},"keywords":["mobilni telefoni","raziskava","varnost otrok","vzgoja otroka"],"articleSection":["Zdrav duh &amp; telo"],"inLanguage":"sl-SI"},{"@type":"WebPage","@id":"https:\/\/hudo.com\/si\/zdrav-duh-telo\/kaj-nasi-otroci-pocnejo-na-svojih-mobilnih-telefonih\/","url":"https:\/\/hudo.com\/si\/zdrav-duh-telo\/kaj-nasi-otroci-pocnejo-na-svojih-mobilnih-telefonih\/","name":"Kaj na\u0161i otroci po\u010dnejo na svojih mobilnih telefonih? - Hudo Slovenija","isPartOf":{"@id":"https:\/\/hudo.com\/si\/#website"},"datePublished":"2015-09-25T06:47:36+00:00","dateModified":"2015-09-25T06:47:36+00:00","breadcrumb":{"@id":"https:\/\/hudo.com\/si\/zdrav-duh-telo\/kaj-nasi-otroci-pocnejo-na-svojih-mobilnih-telefonih\/#breadcrumb"},"inLanguage":"sl-SI","potentialAction":[{"@type":"ReadAction","target":["https:\/\/hudo.com\/si\/zdrav-duh-telo\/kaj-nasi-otroci-pocnejo-na-svojih-mobilnih-telefonih\/"]}]},{"@type":"BreadcrumbList","@id":"https:\/\/hudo.com\/si\/zdrav-duh-telo\/kaj-nasi-otroci-pocnejo-na-svojih-mobilnih-telefonih\/#breadcrumb","itemListElement":[{"@type":"ListItem","position":1,"name":"Home","item":"https:\/\/hudo.com\/si\/"},{"@type":"ListItem","position":2,"name":"Kaj na\u0161i otroci po\u010dnejo na svojih mobilnih telefonih?"}]},{"@type":"WebSite","@id":"https:\/\/hudo.com\/si\/#website","url":"https:\/\/hudo.com\/si\/","name":"Hudo Slovenija","description":"Vse novice iz Slovenije in sveta","publisher":{"@id":"https:\/\/hudo.com\/si\/#organization"},"potentialAction":[{"@type":"SearchAction","target":{"@type":"EntryPoint","urlTemplate":"https:\/\/hudo.com\/si\/?s={search_term_string}"},"query-input":"required name=search_term_string"}],"inLanguage":"sl-SI"},{"@type":"Organization","@id":"https:\/\/hudo.com\/si\/#organization","name":"VSN Media","url":"https:\/\/hudo.com\/si\/","logo":{"@type":"ImageObject","inLanguage":"sl-SI","@id":"https:\/\/hudo.com\/si\/#\/schema\/logo\/image\/","url":"https:\/\/hudo.com\/si\/wp-content\/uploads\/sites\/2\/2021\/03\/hudo-app-2.png","contentUrl":"https:\/\/hudo.com\/si\/wp-content\/uploads\/sites\/2\/2021\/03\/hudo-app-2.png","width":2185,"height":2167,"caption":"VSN Media"},"image":{"@id":"https:\/\/hudo.com\/si\/#\/schema\/logo\/image\/"},"sameAs":["https:\/\/www.facebook.com\/hudo.si","https:\/\/twitter.com\/hudo_si"]},{"@type":"Person","@id":"https:\/\/hudo.com\/si\/#\/schema\/person\/601cf3379633985b20f7e50f2bb47707","name":"hudo","image":{"@type":"ImageObject","inLanguage":"sl-SI","@id":"https:\/\/hudo.com\/si\/#\/schema\/person\/image\/","url":"https:\/\/secure.gravatar.com\/avatar\/c4ca25fa72cace7a696b52ff5db9e095?s=96&d=mm&r=g","contentUrl":"https:\/\/secure.gravatar.com\/avatar\/c4ca25fa72cace7a696b52ff5db9e095?s=96&d=mm&r=g","caption":"hudo"},"url":"https:\/\/hudo.com\/si\/author\/hudo\/"}]}},"amp_enabled":true,"_links":{"self":[{"href":"https:\/\/hudo.com\/si\/wp-json\/wp\/v2\/posts\/13923"}],"collection":[{"href":"https:\/\/hudo.com\/si\/wp-json\/wp\/v2\/posts"}],"about":[{"href":"https:\/\/hudo.com\/si\/wp-json\/wp\/v2\/types\/post"}],"author":[{"embeddable":true,"href":"https:\/\/hudo.com\/si\/wp-json\/wp\/v2\/users\/1"}],"replies":[{"embeddable":true,"href":"https:\/\/hudo.com\/si\/wp-json\/wp\/v2\/comments?post=13923"}],"version-history":[{"count":0,"href":"https:\/\/hudo.com\/si\/wp-json\/wp\/v2\/posts\/13923\/revisions"}],"wp:attachment":[{"href":"https:\/\/hudo.com\/si\/wp-json\/wp\/v2\/media?parent=13923"}],"wp:term":[{"taxonomy":"category","embeddable":true,"href":"https:\/\/hudo.com\/si\/wp-json\/wp\/v2\/categories?post=13923"},{"taxonomy":"post_tag","embeddable":true,"href":"https:\/\/hudo.com\/si\/wp-json\/wp\/v2\/tags?post=13923"},{"taxonomy":"source","embeddable":true,"href":"https:\/\/hudo.com\/si\/wp-json\/wp\/v2\/source?post=13923"},{"taxonomy":"supertag","embeddable":true,"href":"https:\/\/hudo.com\/si\/wp-json\/wp\/v2\/supertag?post=13923"}],"curies":[{"name":"wp","href":"https:\/\/api.w.org\/{rel}","templated":true}]}}