{"id":13939,"date":"2015-09-23T09:35:00","date_gmt":"2015-09-23T08:35:00","guid":{"rendered":"http:\/\/master.hudo.com\/si\/2015\/09\/23\/na-kmetiji-so-se-vsi-zarotili-proti-sebastijanu\/"},"modified":"2015-09-23T09:35:00","modified_gmt":"2015-09-23T08:35:00","slug":"na-kmetiji-so-se-vsi-zarotili-proti-sebastijanu","status":"publish","type":"post","link":"https:\/\/hudo.com\/si\/vip\/na-kmetiji-so-se-vsi-zarotili-proti-sebastijanu\/","title":{"rendered":"Na Kmetiji so se vsi zarotili proti Sebastijanu"},"content":{"rendered":"<figure>\n\t\t\t\t\t<img loading=\"lazy\" decoding=\"async\" width=\"660\" height=\"320\" src=\"data:image\/gif;base64,R0lGODlhAQABAAAAACH5BAEKAAEALAAAAAABAAEAAAICTAEAOw==\" class=\"lazyload\" data-src=\"http:\/\/zenska.hudo.com\/files\/2015\/09\/kmetija2-320x155.jpg\" data-srcset=\"http:\/\/zenska.hudo.com\/files\/2015\/09\/kmetija2-660x320.jpg 660w,http:\/\/zenska.hudo.com\/files\/2015\/09\/kmetija2-320x155.jpg 330w\" sizes=\"(max-width: 660px) 100vw, 660px\"\/><figcaption>Foto: screenshot planet tv<\/figcaption><\/figure>\n<p>Dru\u017eini sta se spet zbrali, da izglasujeta prva dvobojevalca. Prva dvobojevalca potem izbereta druga dvobojevalca, s katerima se bosta, v primeru poraza njune dru\u017eine pri tedenski nalogi, pomerila v areni za obstanek.\u00a0Pri bogati dru\u017eini je bilo vse skupaj precej izena\u010deno. Ko so \u017ee vsi oddali svoj glas, je bil rezultat izena\u010den, saj sta Dominika in Bojan imela oba po tri glasove. V tem primeru o prvem dvobojevalcu odlo\u010da glava dru\u017eine. Maja je nato za prvega dvobojevalca dolo\u010dila Bojana. Pri siromakih je najve\u010d glasov dobil Sebastijan in bil ob tem zelo jezen in ostalim \u010dlanom dru\u017eine napovedal, da bodo ob\u010dutili posledice.<\/p>\n<h2>Taktiko so dobro na\u0161tudirali<\/h2>\n<p>Toda verjetno bo najve\u010dje posledice ob\u010dutil prav Sebastijan, saj sta se obe dru\u017eini zarotili proti njemu. Ker prestavlja najve\u010djo gro\u017enjo tako Fakiju kot Nikotu, sta njuni partnerici prepri\u010dali \u0161e ostale, da je najbolje, da se ga znebijo. Kot je pojasnila Maja, so se siromaki odlo\u010dili, da \u010de slu\u010dajno na dvoboju s Francem, ki bo drugi dvobojevalec, zmaga Sebastijan, bo izpadli Franc za novo glavo dru\u017eine postavil Nikota. Niko bo tako za\u0161\u010diten, Bruno pa bo sku\u0161aj Sebastijana, k bo \u0161e naprej vztrajno dobival pali\u010dice za nominacije, izlo\u010diti z znanjem pratike. \u010ce se jim bo ta taktika obnesla, pa bomo \u0161e videli.<\/p>\n<p><strong>Preberite si, kako Sebastijanovo nominacijo komentirajo komentatorji na facebooku:<\/strong><\/p>\n<blockquote>\n<p>&#8220;Sebastjan je pa zdaj u\u017ealjen, ker je bil izbran za prvega dvobojevalca in no\u010de ve\u010d delat, namesto, da bi se potrudil in bi naredli nalogo,pa se ne bi rabo dvobojevat &#8230;. tak ko mali otrok, ko mu igra\u010do vzame\u0161&#8221;<\/p>\n<p>&#8220;Sebastijan naj gre domov na drugi strani bi mogla it pa Dominika itak ni\u010d ne dela nikoli se v kuhinji je zani\u010d kolko se opazi.&#8221;<\/p>\n<p>&#8220;Maru\u0161a je lisica. Nekako se mi je Maru\u0161a zamerila, ne pa Sebastjan, mu dam prav, \u010de je Maru\u0161a svojo rit re\u0161ila, naj tudi on samo nase gleda, dokler ne zmaga. Mu nima noben ni\u010d za o\u010ditat, tukaj vsak samo nase gleda.&#8221;<\/p>\n<p>&#8220;Sebastjan tt \u010de gre v dvoboj bo zmagu.\u00a0Drga\u010d ma pa \u010dist prau za Francija ka njega bk kolk bo on pojedu.\u010clovk je la\u010dn naj je:) hahaha&#8221;<\/p>\n<p>&#8220;Nominirat bi definitivno mogli histeri\u010dno in hinavsko Maru\u0161o, Sabastijan je priden in delovn, Maru\u0161a pa je samo na ograji in opravlja in nervira ali pa cmeri&#8221;<\/p>\n<p>&#8220;France bi moral za dvobojevalca in ne sebastjan!&#8221;<\/p>\n<\/blockquote>\n","protected":false},"excerpt":{"rendered":"<p>Dru\u017eini sta dolo\u010dili prva dvobojevalca, to sta Bojan in Sebastijan. Sebastijan je po nominaciji povsem spremenil obraz in  njegovi sotekmovalci so po tem le \u0161e bolj odlo\u010deni, da se ga \u017eelijo znebiti.<\/p>\n","protected":false},"author":1,"featured_media":0,"comment_status":"closed","ping_status":"closed","sticky":false,"template":"","format":"standard","meta":{"footnotes":""},"categories":[1093],"tags":[2303,3058],"source":[1370,1345,1334],"supertag":[],"acf":[],"yoast_head":"<!-- This site is optimized with the Yoast SEO plugin v21.3 - https:\/\/yoast.com\/wordpress\/plugins\/seo\/ -->\n<title>Na Kmetiji so se vsi zarotili proti Sebastijanu - Hudo Slovenija<\/title>\n<meta name=\"robots\" content=\"index, follow, max-snippet:-1, max-image-preview:large, max-video-preview:-1\" \/>\n<link rel=\"canonical\" href=\"https:\/\/hudo.com\/si\/vip\/na-kmetiji-so-se-vsi-zarotili-proti-sebastijanu\/\" \/>\n<meta property=\"og:locale\" content=\"sl_SI\" \/>\n<meta property=\"og:type\" content=\"article\" \/>\n<meta property=\"og:title\" content=\"Na Kmetiji so se vsi zarotili proti Sebastijanu - Hudo Slovenija\" \/>\n<meta property=\"og:description\" content=\"Dru\u017eini sta dolo\u010dili prva dvobojevalca, to sta Bojan in Sebastijan. Sebastijan je po nominaciji povsem spremenil obraz in njegovi sotekmovalci so po tem le \u0161e bolj odlo\u010deni, da se ga \u017eelijo znebiti.\" \/>\n<meta property=\"og:url\" content=\"https:\/\/hudo.com\/si\/vip\/na-kmetiji-so-se-vsi-zarotili-proti-sebastijanu\/\" \/>\n<meta property=\"og:site_name\" content=\"Hudo Slovenija\" \/>\n<meta property=\"article:publisher\" content=\"https:\/\/www.facebook.com\/hudo.si\" \/>\n<meta property=\"article:published_time\" content=\"2015-09-23T08:35:00+00:00\" \/>\n<meta property=\"og:image\" content=\"https:\/\/hudo.com\/si\/wp-content\/uploads\/sites\/2\/2016\/04\/kmetija2.jpg\" \/>\n\t<meta property=\"og:image:width\" content=\"517\" \/>\n\t<meta property=\"og:image:height\" content=\"289\" \/>\n\t<meta property=\"og:image:type\" content=\"image\/jpeg\" \/>\n<meta name=\"author\" content=\"hudo\" \/>\n<meta name=\"twitter:card\" content=\"summary_large_image\" \/>\n<meta name=\"twitter:creator\" content=\"@hudo_si\" \/>\n<meta name=\"twitter:site\" content=\"@hudo_si\" \/>\n<meta name=\"twitter:label1\" content=\"Written by\" \/>\n\t<meta name=\"twitter:data1\" content=\"hudo\" \/>\n\t<meta name=\"twitter:label2\" content=\"Est. reading time\" \/>\n\t<meta name=\"twitter:data2\" content=\"2 minuti\" \/>\n<script type=\"application\/ld+json\" class=\"yoast-schema-graph\">{\"@context\":\"https:\/\/schema.org\",\"@graph\":[{\"@type\":\"Article\",\"@id\":\"https:\/\/hudo.com\/si\/vip\/na-kmetiji-so-se-vsi-zarotili-proti-sebastijanu\/#article\",\"isPartOf\":{\"@id\":\"https:\/\/hudo.com\/si\/vip\/na-kmetiji-so-se-vsi-zarotili-proti-sebastijanu\/\"},\"author\":{\"name\":\"hudo\",\"@id\":\"https:\/\/hudo.com\/si\/#\/schema\/person\/601cf3379633985b20f7e50f2bb47707\"},\"headline\":\"Na Kmetiji so se vsi zarotili proti Sebastijanu\",\"datePublished\":\"2015-09-23T08:35:00+00:00\",\"dateModified\":\"2015-09-23T08:35:00+00:00\",\"mainEntityOfPage\":{\"@id\":\"https:\/\/hudo.com\/si\/vip\/na-kmetiji-so-se-vsi-zarotili-proti-sebastijanu\/\"},\"wordCount\":429,\"publisher\":{\"@id\":\"https:\/\/hudo.com\/si\/#organization\"},\"keywords\":[\"Kmetija nov za\u010detek\",\"Kmetija: nov za\u010detek 2015\"],\"articleSection\":[\"VIP\"],\"inLanguage\":\"sl-SI\"},{\"@type\":\"WebPage\",\"@id\":\"https:\/\/hudo.com\/si\/vip\/na-kmetiji-so-se-vsi-zarotili-proti-sebastijanu\/\",\"url\":\"https:\/\/hudo.com\/si\/vip\/na-kmetiji-so-se-vsi-zarotili-proti-sebastijanu\/\",\"name\":\"Na Kmetiji so se vsi zarotili proti Sebastijanu - Hudo Slovenija\",\"isPartOf\":{\"@id\":\"https:\/\/hudo.com\/si\/#website\"},\"datePublished\":\"2015-09-23T08:35:00+00:00\",\"dateModified\":\"2015-09-23T08:35:00+00:00\",\"breadcrumb\":{\"@id\":\"https:\/\/hudo.com\/si\/vip\/na-kmetiji-so-se-vsi-zarotili-proti-sebastijanu\/#breadcrumb\"},\"inLanguage\":\"sl-SI\",\"potentialAction\":[{\"@type\":\"ReadAction\",\"target\":[\"https:\/\/hudo.com\/si\/vip\/na-kmetiji-so-se-vsi-zarotili-proti-sebastijanu\/\"]}]},{\"@type\":\"BreadcrumbList\",\"@id\":\"https:\/\/hudo.com\/si\/vip\/na-kmetiji-so-se-vsi-zarotili-proti-sebastijanu\/#breadcrumb\",\"itemListElement\":[{\"@type\":\"ListItem\",\"position\":1,\"name\":\"Home\",\"item\":\"https:\/\/hudo.com\/si\/\"},{\"@type\":\"ListItem\",\"position\":2,\"name\":\"Na Kmetiji so se vsi zarotili proti Sebastijanu\"}]},{\"@type\":\"WebSite\",\"@id\":\"https:\/\/hudo.com\/si\/#website\",\"url\":\"https:\/\/hudo.com\/si\/\",\"name\":\"Hudo Slovenija\",\"description\":\"Vse novice iz Slovenije in sveta\",\"publisher\":{\"@id\":\"https:\/\/hudo.com\/si\/#organization\"},\"potentialAction\":[{\"@type\":\"SearchAction\",\"target\":{\"@type\":\"EntryPoint\",\"urlTemplate\":\"https:\/\/hudo.com\/si\/?s={search_term_string}\"},\"query-input\":\"required name=search_term_string\"}],\"inLanguage\":\"sl-SI\"},{\"@type\":\"Organization\",\"@id\":\"https:\/\/hudo.com\/si\/#organization\",\"name\":\"VSN Media\",\"url\":\"https:\/\/hudo.com\/si\/\",\"logo\":{\"@type\":\"ImageObject\",\"inLanguage\":\"sl-SI\",\"@id\":\"https:\/\/hudo.com\/si\/#\/schema\/logo\/image\/\",\"url\":\"https:\/\/hudo.com\/si\/wp-content\/uploads\/sites\/2\/2021\/03\/hudo-app-2.png\",\"contentUrl\":\"https:\/\/hudo.com\/si\/wp-content\/uploads\/sites\/2\/2021\/03\/hudo-app-2.png\",\"width\":2185,\"height\":2167,\"caption\":\"VSN Media\"},\"image\":{\"@id\":\"https:\/\/hudo.com\/si\/#\/schema\/logo\/image\/\"},\"sameAs\":[\"https:\/\/www.facebook.com\/hudo.si\",\"https:\/\/twitter.com\/hudo_si\"]},{\"@type\":\"Person\",\"@id\":\"https:\/\/hudo.com\/si\/#\/schema\/person\/601cf3379633985b20f7e50f2bb47707\",\"name\":\"hudo\",\"image\":{\"@type\":\"ImageObject\",\"inLanguage\":\"sl-SI\",\"@id\":\"https:\/\/hudo.com\/si\/#\/schema\/person\/image\/\",\"url\":\"https:\/\/secure.gravatar.com\/avatar\/c4ca25fa72cace7a696b52ff5db9e095?s=96&d=mm&r=g\",\"contentUrl\":\"https:\/\/secure.gravatar.com\/avatar\/c4ca25fa72cace7a696b52ff5db9e095?s=96&d=mm&r=g\",\"caption\":\"hudo\"},\"url\":\"https:\/\/hudo.com\/si\/author\/hudo\/\"}]}<\/script>\n<!-- \/ Yoast SEO plugin. -->","yoast_head_json":{"title":"Na Kmetiji so se vsi zarotili proti Sebastijanu - Hudo Slovenija","robots":{"index":"index","follow":"follow","max-snippet":"max-snippet:-1","max-image-preview":"max-image-preview:large","max-video-preview":"max-video-preview:-1"},"canonical":"https:\/\/hudo.com\/si\/vip\/na-kmetiji-so-se-vsi-zarotili-proti-sebastijanu\/","og_locale":"sl_SI","og_type":"article","og_title":"Na Kmetiji so se vsi zarotili proti Sebastijanu - Hudo Slovenija","og_description":"Dru\u017eini sta dolo\u010dili prva dvobojevalca, to sta Bojan in Sebastijan. Sebastijan je po nominaciji povsem spremenil obraz in njegovi sotekmovalci so po tem le \u0161e bolj odlo\u010deni, da se ga \u017eelijo znebiti.","og_url":"https:\/\/hudo.com\/si\/vip\/na-kmetiji-so-se-vsi-zarotili-proti-sebastijanu\/","og_site_name":"Hudo Slovenija","article_publisher":"https:\/\/www.facebook.com\/hudo.si","article_published_time":"2015-09-23T08:35:00+00:00","og_image":[{"width":517,"height":289,"url":"https:\/\/hudo.com\/si\/wp-content\/uploads\/sites\/2\/2016\/04\/kmetija2.jpg","type":"image\/jpeg"}],"author":"hudo","twitter_card":"summary_large_image","twitter_creator":"@hudo_si","twitter_site":"@hudo_si","twitter_misc":{"Written by":"hudo","Est. reading time":"2 minuti"},"schema":{"@context":"https:\/\/schema.org","@graph":[{"@type":"Article","@id":"https:\/\/hudo.com\/si\/vip\/na-kmetiji-so-se-vsi-zarotili-proti-sebastijanu\/#article","isPartOf":{"@id":"https:\/\/hudo.com\/si\/vip\/na-kmetiji-so-se-vsi-zarotili-proti-sebastijanu\/"},"author":{"name":"hudo","@id":"https:\/\/hudo.com\/si\/#\/schema\/person\/601cf3379633985b20f7e50f2bb47707"},"headline":"Na Kmetiji so se vsi zarotili proti Sebastijanu","datePublished":"2015-09-23T08:35:00+00:00","dateModified":"2015-09-23T08:35:00+00:00","mainEntityOfPage":{"@id":"https:\/\/hudo.com\/si\/vip\/na-kmetiji-so-se-vsi-zarotili-proti-sebastijanu\/"},"wordCount":429,"publisher":{"@id":"https:\/\/hudo.com\/si\/#organization"},"keywords":["Kmetija nov za\u010detek","Kmetija: nov za\u010detek 2015"],"articleSection":["VIP"],"inLanguage":"sl-SI"},{"@type":"WebPage","@id":"https:\/\/hudo.com\/si\/vip\/na-kmetiji-so-se-vsi-zarotili-proti-sebastijanu\/","url":"https:\/\/hudo.com\/si\/vip\/na-kmetiji-so-se-vsi-zarotili-proti-sebastijanu\/","name":"Na Kmetiji so se vsi zarotili proti Sebastijanu - Hudo Slovenija","isPartOf":{"@id":"https:\/\/hudo.com\/si\/#website"},"datePublished":"2015-09-23T08:35:00+00:00","dateModified":"2015-09-23T08:35:00+00:00","breadcrumb":{"@id":"https:\/\/hudo.com\/si\/vip\/na-kmetiji-so-se-vsi-zarotili-proti-sebastijanu\/#breadcrumb"},"inLanguage":"sl-SI","potentialAction":[{"@type":"ReadAction","target":["https:\/\/hudo.com\/si\/vip\/na-kmetiji-so-se-vsi-zarotili-proti-sebastijanu\/"]}]},{"@type":"BreadcrumbList","@id":"https:\/\/hudo.com\/si\/vip\/na-kmetiji-so-se-vsi-zarotili-proti-sebastijanu\/#breadcrumb","itemListElement":[{"@type":"ListItem","position":1,"name":"Home","item":"https:\/\/hudo.com\/si\/"},{"@type":"ListItem","position":2,"name":"Na Kmetiji so se vsi zarotili proti Sebastijanu"}]},{"@type":"WebSite","@id":"https:\/\/hudo.com\/si\/#website","url":"https:\/\/hudo.com\/si\/","name":"Hudo Slovenija","description":"Vse novice iz Slovenije in sveta","publisher":{"@id":"https:\/\/hudo.com\/si\/#organization"},"potentialAction":[{"@type":"SearchAction","target":{"@type":"EntryPoint","urlTemplate":"https:\/\/hudo.com\/si\/?s={search_term_string}"},"query-input":"required name=search_term_string"}],"inLanguage":"sl-SI"},{"@type":"Organization","@id":"https:\/\/hudo.com\/si\/#organization","name":"VSN Media","url":"https:\/\/hudo.com\/si\/","logo":{"@type":"ImageObject","inLanguage":"sl-SI","@id":"https:\/\/hudo.com\/si\/#\/schema\/logo\/image\/","url":"https:\/\/hudo.com\/si\/wp-content\/uploads\/sites\/2\/2021\/03\/hudo-app-2.png","contentUrl":"https:\/\/hudo.com\/si\/wp-content\/uploads\/sites\/2\/2021\/03\/hudo-app-2.png","width":2185,"height":2167,"caption":"VSN Media"},"image":{"@id":"https:\/\/hudo.com\/si\/#\/schema\/logo\/image\/"},"sameAs":["https:\/\/www.facebook.com\/hudo.si","https:\/\/twitter.com\/hudo_si"]},{"@type":"Person","@id":"https:\/\/hudo.com\/si\/#\/schema\/person\/601cf3379633985b20f7e50f2bb47707","name":"hudo","image":{"@type":"ImageObject","inLanguage":"sl-SI","@id":"https:\/\/hudo.com\/si\/#\/schema\/person\/image\/","url":"https:\/\/secure.gravatar.com\/avatar\/c4ca25fa72cace7a696b52ff5db9e095?s=96&d=mm&r=g","contentUrl":"https:\/\/secure.gravatar.com\/avatar\/c4ca25fa72cace7a696b52ff5db9e095?s=96&d=mm&r=g","caption":"hudo"},"url":"https:\/\/hudo.com\/si\/author\/hudo\/"}]}},"amp_enabled":true,"_links":{"self":[{"href":"https:\/\/hudo.com\/si\/wp-json\/wp\/v2\/posts\/13939"}],"collection":[{"href":"https:\/\/hudo.com\/si\/wp-json\/wp\/v2\/posts"}],"about":[{"href":"https:\/\/hudo.com\/si\/wp-json\/wp\/v2\/types\/post"}],"author":[{"embeddable":true,"href":"https:\/\/hudo.com\/si\/wp-json\/wp\/v2\/users\/1"}],"replies":[{"embeddable":true,"href":"https:\/\/hudo.com\/si\/wp-json\/wp\/v2\/comments?post=13939"}],"version-history":[{"count":0,"href":"https:\/\/hudo.com\/si\/wp-json\/wp\/v2\/posts\/13939\/revisions"}],"wp:attachment":[{"href":"https:\/\/hudo.com\/si\/wp-json\/wp\/v2\/media?parent=13939"}],"wp:term":[{"taxonomy":"category","embeddable":true,"href":"https:\/\/hudo.com\/si\/wp-json\/wp\/v2\/categories?post=13939"},{"taxonomy":"post_tag","embeddable":true,"href":"https:\/\/hudo.com\/si\/wp-json\/wp\/v2\/tags?post=13939"},{"taxonomy":"source","embeddable":true,"href":"https:\/\/hudo.com\/si\/wp-json\/wp\/v2\/source?post=13939"},{"taxonomy":"supertag","embeddable":true,"href":"https:\/\/hudo.com\/si\/wp-json\/wp\/v2\/supertag?post=13939"}],"curies":[{"name":"wp","href":"https:\/\/api.w.org\/{rel}","templated":true}]}}