{"id":13955,"date":"2015-09-21T10:00:49","date_gmt":"2015-09-21T09:00:49","guid":{"rendered":"http:\/\/master.hudo.com\/si\/2015\/09\/21\/parom-se-na-kmetiji-slabo-pise\/"},"modified":"2015-09-21T10:00:49","modified_gmt":"2015-09-21T09:00:49","slug":"parom-se-na-kmetiji-slabo-pise","status":"publish","type":"post","link":"https:\/\/hudo.com\/si\/vip\/parom-se-na-kmetiji-slabo-pise\/","title":{"rendered":"Parom se na Kmetiji slabo pi\u0161e!"},"content":{"rendered":"<figure>\n\t\t\t\t\t<img loading=\"lazy\" decoding=\"async\" width=\"660\" height=\"320\" src=\"data:image\/gif;base64,R0lGODlhAQABAAAAACH5BAEKAAEALAAAAAABAAEAAAICTAEAOw==\" class=\"lazyload\" data-src=\"http:\/\/zenska.hudo.com\/files\/2015\/09\/kmetija1-320x155.jpg\" data-srcset=\"http:\/\/zenska.hudo.com\/files\/2015\/09\/kmetija1-660x320.jpg 660w,http:\/\/zenska.hudo.com\/files\/2015\/09\/kmetija1-320x155.jpg 330w\" sizes=\"(max-width: 660px) 100vw, 660px\"\/><figcaption>Foto: screenshot planet tv<\/figcaption><\/figure>\n<p>Prva sta se z ljubezenskimi te\u017eavami na kmetiji soo\u010dila mlada zaljubljenca Maja in Niko.\u00a0Maja je namre\u010d Niku o\u010ditala, da se je spremenil, da se je \u010disto podredil dru\u017eini in da je vedno bolj \u017ealjiv. Moti jo, ker se pred kamerami obna\u0161a popolnoma druga\u010de kot ga je vajena in da sploh ve\u010d ne ka\u017ee, da si \u017eeli biti z njo. Pogre\u0161a tudi objeme ob ograji in ji ni v\u0161e\u010d, da Niko veliko \u010dasa porabi za pogovore z Anito. Niko je vse o\u010ditke zavra\u010dal, a pogovor se je nato vseeno kon\u010dal z Majinimi solzami in obljubo, da se ne bo ve\u010d pogovarjala z njim in da no\u010de ve\u010d imeti opravka z njim. Toda bli\u017ea se Majin rojstni dan in njen izbranec se ji namerava odkupiti z lesenim srcem, ki ji ga je izdelal sam. Ali mu bo odpustila, bomo \u0161e videli, preberite pa si nekaj komentarjev na njuno obna\u0161anje na facebooku:<\/p>\n<blockquote>\n<p>&#8220;\u010de je ni slu\u010dajno Dominika kaj na\u0161uhtala,\u017ee zadnji\u010d ji je dajala neke nasvete, neprimerne seveda&#8221;<\/p>\n<p>&#8220;Ne vem kak\u0161en je to odnos, da \u017eenska re\u010de partnerju &#8220;tele blesavo&#8221; in pa kako ga ma poln k****&#8230;. Sem pa prepri\u010dana, da bo Maja tista k bo \u0161e kako rabila Nika&#8221;<\/p>\n<p>&#8220;Dobila je krila, ker je po sre\u010dnih naklju\u010djih gospodarica in sedaj se obna\u0161a kot se!!!!!!!!!!!!!!!!&#8221;<\/p>\n<p>&#8220;\u010ce je opazila,da se je Niko spremenil bi mu morala povedati na lep na\u010din kaj jo moti.Ne pa da ga zmerja.Tako se ne dela z \u010dlovekom,ki ga ima\u0161 rad.&#8221;<\/p>\n<p>&#8220;Otroci ne sodijo v take \u0161ove&#8221;<\/p>\n<\/blockquote>\n<h2>Film je po\u010dil tudi Maru\u0161i<\/h2>\n<p>Prepir med Fakijem in Maru\u0161o je izbruhnil po tem, ko se je potepu\u0161ki pes pribli\u017eal posestvu in se je Maru\u0161a zbala za svojega psa. Faki se je medtem pribli\u017eal vratom, da bi preveril za kak\u0161nega psa gre, pri tem pa ga je Maru\u0161a odrinila in Faki se je mo\u010dno udaril v \u017ee po\u0161kodovano roko. Faki se je v bole\u010dinah umaknil stran, Maru\u0161a pa je nanj kri\u010dala in se za\u010dela prepirati. Faki se o tem ni \u017eelel pogovarjati in je rekel Maru\u0161i naj gre stran. Maru\u0161a je planila v jok in mu o\u010ditala, da to vedno po\u010dne in to samo zato, da ji pokvari dan. Postala je histeri\u010dna in kri\u010dala nanj, on pa se ji je \u017eelel le umakniti. Ve\u010d o prepiru bomo izvedeli v dana\u0161nji oddaji, preberite pa si nekaj facebook odzivov na izsek prepira, ki je bil objavljen na uradni strani \u0161ova Kmetija: nov za\u010detek:<\/p>\n<blockquote>\n<p>&#8220;Maru\u0161a mislim da bi ti mogla it na konkreten pregled glave <span class=\"emoticon_text\">smile, <\/span>prej pa sebe poslu\u0161at zaradi kakih malenkosti za\u010denjas prepir. Tut ti nisi tako pametna kot si misli\u0161.&#8221;<\/p>\n<p>&#8221; <span data-ft=\"{&quot;tn&quot;:&quot;K&quot;}\" data-reactid=\".26.1:5.1:$comment396414363891330_396419677224132\/=10.0.$right.0.$left.0.0.1.$comment-body\"><span class=\"UFICommentBody\" data-reactid=\".26.1:5.1:$comment396414363891330_396419677224132\/=10.0.$right.0.$left.0.0.1.$comment-body.0\"><span data-reactid=\".26.1:5.1:$comment396414363891330_396419677224132\/=10.0.$right.0.$left.0.0.1.$comment-body.0.$end\/=1$text0\/=010\">Pa kaj ona misli, da se bo ta Faki sam z njo ukvarjal???&#8221;<\/span><\/span><\/span><\/p>\n<p>&#8221; <span data-ft=\"{&quot;tn&quot;:&quot;K&quot;}\" data-reactid=\".26.1:5.1:$comment396414363891330_396424627223637\/=10.0.$right.0.$left.0.0.1.$comment-body\"><span class=\"UFICommentBody\" data-reactid=\".26.1:5.1:$comment396414363891330_396424627223637\/=10.0.$right.0.$left.0.0.1.$comment-body.0\"><span data-reactid=\".26.1:5.1:$comment396414363891330_396424627223637\/=10.0.$right.0.$left.0.0.1.$comment-body.0.$end\/=1$text0\/=010\">Joj&#8230;pa Faki je je tih&#8230;.ona pa kar &#8220;laja&#8221;v njega&#8221;<\/span><\/span><\/span><\/p>\n<p>&#8220;Toj kr neki zarad \u0161ova bota sla dva para narazen&#8221;<\/p>\n<p>&#8220;Z\u00a0babo direkt na psihiatrijo,itak pa vse zre\u017eirano tako da \u017ee glava boli!&#8221;<\/p>\n<p>&#8220;O joj joj, draga Maru\u0161ka&#8230;.pravi\u0161, da Faki vsem ka\u017ee kak\u0161en primitivc je, pa kako se obna\u0161a do tebe &#8230;..daj vpra\u0161aj se kdo od vaju je res primitivc in kako se obna\u0161a\u0161 ti do njega&#8230;do \u017daklin&#8230;..Jaz se res \u010dudim, da ima \u017eivce in da te poslu\u0161a&#8230;&#8230;..&#8221;<\/p>\n<p>&#8220;Normalno da se boji za psa. Faki je pokazal svoje pravo lice kar je pokazal pri delitvi vrta.&#8221;<\/p>\n<\/blockquote>\n","protected":false},"excerpt":{"rendered":"<p>Najprej se je za\u010delo s prepirom med Majo in Nikom, sedaj je po\u010dilo \u0161e med Fakijem in Maru\u0161o. Bo sodelovanje na Kmetiji usodno za njihove veze?<\/p>\n","protected":false},"author":1,"featured_media":0,"comment_status":"closed","ping_status":"closed","sticky":false,"template":"","format":"standard","meta":{"footnotes":""},"categories":[1093],"tags":[2303,3058],"source":[1370,1345,1334],"supertag":[],"acf":[],"yoast_head":"<!-- This site is optimized with the Yoast SEO plugin v21.3 - https:\/\/yoast.com\/wordpress\/plugins\/seo\/ -->\n<title>Parom se na Kmetiji slabo pi\u0161e! - Hudo Slovenija<\/title>\n<meta name=\"robots\" content=\"index, follow, max-snippet:-1, max-image-preview:large, max-video-preview:-1\" \/>\n<link rel=\"canonical\" href=\"https:\/\/hudo.com\/si\/vip\/parom-se-na-kmetiji-slabo-pise\/\" \/>\n<meta property=\"og:locale\" content=\"sl_SI\" \/>\n<meta property=\"og:type\" content=\"article\" \/>\n<meta property=\"og:title\" content=\"Parom se na Kmetiji slabo pi\u0161e! - Hudo Slovenija\" \/>\n<meta property=\"og:description\" content=\"Najprej se je za\u010delo s prepirom med Majo in Nikom, sedaj je po\u010dilo \u0161e med Fakijem in Maru\u0161o. Bo sodelovanje na Kmetiji usodno za njihove veze?\" \/>\n<meta property=\"og:url\" content=\"https:\/\/hudo.com\/si\/vip\/parom-se-na-kmetiji-slabo-pise\/\" \/>\n<meta property=\"og:site_name\" content=\"Hudo Slovenija\" \/>\n<meta property=\"article:publisher\" content=\"https:\/\/www.facebook.com\/hudo.si\" \/>\n<meta property=\"article:published_time\" content=\"2015-09-21T09:00:49+00:00\" \/>\n<meta property=\"og:image\" content=\"https:\/\/hudo.com\/si\/wp-content\/uploads\/sites\/2\/2016\/04\/kmetija1.jpg\" \/>\n\t<meta property=\"og:image:width\" content=\"640\" \/>\n\t<meta property=\"og:image:height\" content=\"321\" \/>\n\t<meta property=\"og:image:type\" content=\"image\/jpeg\" \/>\n<meta name=\"author\" content=\"hudo\" \/>\n<meta name=\"twitter:card\" content=\"summary_large_image\" \/>\n<meta name=\"twitter:creator\" content=\"@hudo_si\" \/>\n<meta name=\"twitter:site\" content=\"@hudo_si\" \/>\n<meta name=\"twitter:label1\" content=\"Written by\" \/>\n\t<meta name=\"twitter:data1\" content=\"hudo\" \/>\n\t<meta name=\"twitter:label2\" content=\"Est. reading time\" \/>\n\t<meta name=\"twitter:data2\" content=\"3 minute\" \/>\n<script type=\"application\/ld+json\" class=\"yoast-schema-graph\">{\"@context\":\"https:\/\/schema.org\",\"@graph\":[{\"@type\":\"Article\",\"@id\":\"https:\/\/hudo.com\/si\/vip\/parom-se-na-kmetiji-slabo-pise\/#article\",\"isPartOf\":{\"@id\":\"https:\/\/hudo.com\/si\/vip\/parom-se-na-kmetiji-slabo-pise\/\"},\"author\":{\"name\":\"hudo\",\"@id\":\"https:\/\/hudo.com\/si\/#\/schema\/person\/601cf3379633985b20f7e50f2bb47707\"},\"headline\":\"Parom se na Kmetiji slabo pi\u0161e!\",\"datePublished\":\"2015-09-21T09:00:49+00:00\",\"dateModified\":\"2015-09-21T09:00:49+00:00\",\"mainEntityOfPage\":{\"@id\":\"https:\/\/hudo.com\/si\/vip\/parom-se-na-kmetiji-slabo-pise\/\"},\"wordCount\":616,\"publisher\":{\"@id\":\"https:\/\/hudo.com\/si\/#organization\"},\"keywords\":[\"Kmetija nov za\u010detek\",\"Kmetija: nov za\u010detek 2015\"],\"articleSection\":[\"VIP\"],\"inLanguage\":\"sl-SI\"},{\"@type\":\"WebPage\",\"@id\":\"https:\/\/hudo.com\/si\/vip\/parom-se-na-kmetiji-slabo-pise\/\",\"url\":\"https:\/\/hudo.com\/si\/vip\/parom-se-na-kmetiji-slabo-pise\/\",\"name\":\"Parom se na Kmetiji slabo pi\u0161e! - Hudo Slovenija\",\"isPartOf\":{\"@id\":\"https:\/\/hudo.com\/si\/#website\"},\"datePublished\":\"2015-09-21T09:00:49+00:00\",\"dateModified\":\"2015-09-21T09:00:49+00:00\",\"breadcrumb\":{\"@id\":\"https:\/\/hudo.com\/si\/vip\/parom-se-na-kmetiji-slabo-pise\/#breadcrumb\"},\"inLanguage\":\"sl-SI\",\"potentialAction\":[{\"@type\":\"ReadAction\",\"target\":[\"https:\/\/hudo.com\/si\/vip\/parom-se-na-kmetiji-slabo-pise\/\"]}]},{\"@type\":\"BreadcrumbList\",\"@id\":\"https:\/\/hudo.com\/si\/vip\/parom-se-na-kmetiji-slabo-pise\/#breadcrumb\",\"itemListElement\":[{\"@type\":\"ListItem\",\"position\":1,\"name\":\"Home\",\"item\":\"https:\/\/hudo.com\/si\/\"},{\"@type\":\"ListItem\",\"position\":2,\"name\":\"Parom se na Kmetiji slabo pi\u0161e!\"}]},{\"@type\":\"WebSite\",\"@id\":\"https:\/\/hudo.com\/si\/#website\",\"url\":\"https:\/\/hudo.com\/si\/\",\"name\":\"Hudo Slovenija\",\"description\":\"Vse novice iz Slovenije in sveta\",\"publisher\":{\"@id\":\"https:\/\/hudo.com\/si\/#organization\"},\"potentialAction\":[{\"@type\":\"SearchAction\",\"target\":{\"@type\":\"EntryPoint\",\"urlTemplate\":\"https:\/\/hudo.com\/si\/?s={search_term_string}\"},\"query-input\":\"required name=search_term_string\"}],\"inLanguage\":\"sl-SI\"},{\"@type\":\"Organization\",\"@id\":\"https:\/\/hudo.com\/si\/#organization\",\"name\":\"VSN Media\",\"url\":\"https:\/\/hudo.com\/si\/\",\"logo\":{\"@type\":\"ImageObject\",\"inLanguage\":\"sl-SI\",\"@id\":\"https:\/\/hudo.com\/si\/#\/schema\/logo\/image\/\",\"url\":\"https:\/\/hudo.com\/si\/wp-content\/uploads\/sites\/2\/2021\/03\/hudo-app-2.png\",\"contentUrl\":\"https:\/\/hudo.com\/si\/wp-content\/uploads\/sites\/2\/2021\/03\/hudo-app-2.png\",\"width\":2185,\"height\":2167,\"caption\":\"VSN Media\"},\"image\":{\"@id\":\"https:\/\/hudo.com\/si\/#\/schema\/logo\/image\/\"},\"sameAs\":[\"https:\/\/www.facebook.com\/hudo.si\",\"https:\/\/twitter.com\/hudo_si\"]},{\"@type\":\"Person\",\"@id\":\"https:\/\/hudo.com\/si\/#\/schema\/person\/601cf3379633985b20f7e50f2bb47707\",\"name\":\"hudo\",\"image\":{\"@type\":\"ImageObject\",\"inLanguage\":\"sl-SI\",\"@id\":\"https:\/\/hudo.com\/si\/#\/schema\/person\/image\/\",\"url\":\"https:\/\/secure.gravatar.com\/avatar\/c4ca25fa72cace7a696b52ff5db9e095?s=96&d=mm&r=g\",\"contentUrl\":\"https:\/\/secure.gravatar.com\/avatar\/c4ca25fa72cace7a696b52ff5db9e095?s=96&d=mm&r=g\",\"caption\":\"hudo\"},\"url\":\"https:\/\/hudo.com\/si\/author\/hudo\/\"}]}<\/script>\n<!-- \/ Yoast SEO plugin. -->","yoast_head_json":{"title":"Parom se na Kmetiji slabo pi\u0161e! - Hudo Slovenija","robots":{"index":"index","follow":"follow","max-snippet":"max-snippet:-1","max-image-preview":"max-image-preview:large","max-video-preview":"max-video-preview:-1"},"canonical":"https:\/\/hudo.com\/si\/vip\/parom-se-na-kmetiji-slabo-pise\/","og_locale":"sl_SI","og_type":"article","og_title":"Parom se na Kmetiji slabo pi\u0161e! - Hudo Slovenija","og_description":"Najprej se je za\u010delo s prepirom med Majo in Nikom, sedaj je po\u010dilo \u0161e med Fakijem in Maru\u0161o. Bo sodelovanje na Kmetiji usodno za njihove veze?","og_url":"https:\/\/hudo.com\/si\/vip\/parom-se-na-kmetiji-slabo-pise\/","og_site_name":"Hudo Slovenija","article_publisher":"https:\/\/www.facebook.com\/hudo.si","article_published_time":"2015-09-21T09:00:49+00:00","og_image":[{"width":640,"height":321,"url":"https:\/\/hudo.com\/si\/wp-content\/uploads\/sites\/2\/2016\/04\/kmetija1.jpg","type":"image\/jpeg"}],"author":"hudo","twitter_card":"summary_large_image","twitter_creator":"@hudo_si","twitter_site":"@hudo_si","twitter_misc":{"Written by":"hudo","Est. reading time":"3 minute"},"schema":{"@context":"https:\/\/schema.org","@graph":[{"@type":"Article","@id":"https:\/\/hudo.com\/si\/vip\/parom-se-na-kmetiji-slabo-pise\/#article","isPartOf":{"@id":"https:\/\/hudo.com\/si\/vip\/parom-se-na-kmetiji-slabo-pise\/"},"author":{"name":"hudo","@id":"https:\/\/hudo.com\/si\/#\/schema\/person\/601cf3379633985b20f7e50f2bb47707"},"headline":"Parom se na Kmetiji slabo pi\u0161e!","datePublished":"2015-09-21T09:00:49+00:00","dateModified":"2015-09-21T09:00:49+00:00","mainEntityOfPage":{"@id":"https:\/\/hudo.com\/si\/vip\/parom-se-na-kmetiji-slabo-pise\/"},"wordCount":616,"publisher":{"@id":"https:\/\/hudo.com\/si\/#organization"},"keywords":["Kmetija nov za\u010detek","Kmetija: nov za\u010detek 2015"],"articleSection":["VIP"],"inLanguage":"sl-SI"},{"@type":"WebPage","@id":"https:\/\/hudo.com\/si\/vip\/parom-se-na-kmetiji-slabo-pise\/","url":"https:\/\/hudo.com\/si\/vip\/parom-se-na-kmetiji-slabo-pise\/","name":"Parom se na Kmetiji slabo pi\u0161e! - Hudo Slovenija","isPartOf":{"@id":"https:\/\/hudo.com\/si\/#website"},"datePublished":"2015-09-21T09:00:49+00:00","dateModified":"2015-09-21T09:00:49+00:00","breadcrumb":{"@id":"https:\/\/hudo.com\/si\/vip\/parom-se-na-kmetiji-slabo-pise\/#breadcrumb"},"inLanguage":"sl-SI","potentialAction":[{"@type":"ReadAction","target":["https:\/\/hudo.com\/si\/vip\/parom-se-na-kmetiji-slabo-pise\/"]}]},{"@type":"BreadcrumbList","@id":"https:\/\/hudo.com\/si\/vip\/parom-se-na-kmetiji-slabo-pise\/#breadcrumb","itemListElement":[{"@type":"ListItem","position":1,"name":"Home","item":"https:\/\/hudo.com\/si\/"},{"@type":"ListItem","position":2,"name":"Parom se na Kmetiji slabo pi\u0161e!"}]},{"@type":"WebSite","@id":"https:\/\/hudo.com\/si\/#website","url":"https:\/\/hudo.com\/si\/","name":"Hudo Slovenija","description":"Vse novice iz Slovenije in sveta","publisher":{"@id":"https:\/\/hudo.com\/si\/#organization"},"potentialAction":[{"@type":"SearchAction","target":{"@type":"EntryPoint","urlTemplate":"https:\/\/hudo.com\/si\/?s={search_term_string}"},"query-input":"required name=search_term_string"}],"inLanguage":"sl-SI"},{"@type":"Organization","@id":"https:\/\/hudo.com\/si\/#organization","name":"VSN Media","url":"https:\/\/hudo.com\/si\/","logo":{"@type":"ImageObject","inLanguage":"sl-SI","@id":"https:\/\/hudo.com\/si\/#\/schema\/logo\/image\/","url":"https:\/\/hudo.com\/si\/wp-content\/uploads\/sites\/2\/2021\/03\/hudo-app-2.png","contentUrl":"https:\/\/hudo.com\/si\/wp-content\/uploads\/sites\/2\/2021\/03\/hudo-app-2.png","width":2185,"height":2167,"caption":"VSN Media"},"image":{"@id":"https:\/\/hudo.com\/si\/#\/schema\/logo\/image\/"},"sameAs":["https:\/\/www.facebook.com\/hudo.si","https:\/\/twitter.com\/hudo_si"]},{"@type":"Person","@id":"https:\/\/hudo.com\/si\/#\/schema\/person\/601cf3379633985b20f7e50f2bb47707","name":"hudo","image":{"@type":"ImageObject","inLanguage":"sl-SI","@id":"https:\/\/hudo.com\/si\/#\/schema\/person\/image\/","url":"https:\/\/secure.gravatar.com\/avatar\/c4ca25fa72cace7a696b52ff5db9e095?s=96&d=mm&r=g","contentUrl":"https:\/\/secure.gravatar.com\/avatar\/c4ca25fa72cace7a696b52ff5db9e095?s=96&d=mm&r=g","caption":"hudo"},"url":"https:\/\/hudo.com\/si\/author\/hudo\/"}]}},"amp_enabled":true,"_links":{"self":[{"href":"https:\/\/hudo.com\/si\/wp-json\/wp\/v2\/posts\/13955"}],"collection":[{"href":"https:\/\/hudo.com\/si\/wp-json\/wp\/v2\/posts"}],"about":[{"href":"https:\/\/hudo.com\/si\/wp-json\/wp\/v2\/types\/post"}],"author":[{"embeddable":true,"href":"https:\/\/hudo.com\/si\/wp-json\/wp\/v2\/users\/1"}],"replies":[{"embeddable":true,"href":"https:\/\/hudo.com\/si\/wp-json\/wp\/v2\/comments?post=13955"}],"version-history":[{"count":0,"href":"https:\/\/hudo.com\/si\/wp-json\/wp\/v2\/posts\/13955\/revisions"}],"wp:attachment":[{"href":"https:\/\/hudo.com\/si\/wp-json\/wp\/v2\/media?parent=13955"}],"wp:term":[{"taxonomy":"category","embeddable":true,"href":"https:\/\/hudo.com\/si\/wp-json\/wp\/v2\/categories?post=13955"},{"taxonomy":"post_tag","embeddable":true,"href":"https:\/\/hudo.com\/si\/wp-json\/wp\/v2\/tags?post=13955"},{"taxonomy":"source","embeddable":true,"href":"https:\/\/hudo.com\/si\/wp-json\/wp\/v2\/source?post=13955"},{"taxonomy":"supertag","embeddable":true,"href":"https:\/\/hudo.com\/si\/wp-json\/wp\/v2\/supertag?post=13955"}],"curies":[{"name":"wp","href":"https:\/\/api.w.org\/{rel}","templated":true}]}}