{"id":139728,"date":"2016-09-24T12:45:38","date_gmt":"2016-09-24T10:45:38","guid":{"rendered":"http:\/\/hudo.com\/si\/?p=139728"},"modified":"2016-09-24T14:55:05","modified_gmt":"2016-09-24T12:55:05","slug":"na-dunaju-se-je-zacel-vrh-drzav-ob-balkanski-migracijski-poti-ki-se-ga-udelezuje-tudi-slovenski-premier-miro-cerar","status":"publish","type":"post","link":"https:\/\/hudo.com\/si\/aktualno\/na-dunaju-se-je-zacel-vrh-drzav-ob-balkanski-migracijski-poti-ki-se-ga-udelezuje-tudi-slovenski-premier-miro-cerar\/","title":{"rendered":"Na Dunaju se je za\u010del vrh dr\u017eav ob balkanski migracijski poti, ki se ga udele\u017euje tudi slovenski premier Miro Cerar"},"content":{"rendered":"<p>K avstrijskemu kanclerju Christianu Kernu so ob Cerarju pri\u0161li tudi nem\u0161ka kanclerka Angela Merkel ter predsedniki vlad Gr\u010dije, Makedonije, Srbije, Hrva\u0161ke, Albanije, Mad\u017earske ter Bolgarije, Romunijo pa zastopa notranji minister. Pridru\u017eila sta se jim tudi evropski komisar za migracije Dimitris Avramopulos ter predsednik Evropskega sveta Donald Tusk, navaja nem\u0161ka tiskovna agencija dpa.<\/p>\n<p>V sredi\u0161\u010du pogovorov bodo mo\u017ene re\u0161itve za bolj\u0161o za\u0161\u010dito zunanje evropske meje ter ocena stanja na marca zaprti balkanski migracijski poti. &#8220;Prakti\u010dno in politi\u010dno moramo zagotoviti, da bo zahodnobalkanska pot za nezakonite migracije zaprta za vedno,&#8221; je pred za\u010detkom sre\u010danja poudaril Tusk.<\/p>\n<p>Po besedah Tuska ni bilo od prvega dne naprej nobenega dvoma, kako pomemben je u\u010dinkovit nadzor nad zunanjo evropsko mejo, poro\u010da avstrijska tiskovna agencija APA. Temeljni pogoj za to pa je &#8220;tesno sodelovanje&#8221; med partnerskimi dr\u017eavami na Zahodnem Balkanu in Tur\u010dijo, je poudaril. &#8220;Danes bomo govorili o tem, kako smo lahko \u0161e bolj u\u010dinkoviti,&#8221; je pojasnil pred novinarji.<\/p>\n<p>Nekoliko druga\u010dne tone je ubral Avramopulos, ki je poudaril, da mora kakr\u0161na koli evropska re\u0161itev temeljiti na &#8220;humanosti in dostojanstvu&#8221;. Bil je tudi kriti\u010den do evropskih \u010dlanic, ki niso bile pripravljene pristati na skupno migrantsko politiko. &#8220;Solidarnost ni a la carte,&#8221; je opozoril.<\/p>\n<p>Pogovori naj bi trajali pribli\u017eno tri ure, pomembnej\u0161ih sklepov pa ne gre pri\u010dakovati. Zaradi visokega sre\u010danja je delno zaprto dunajsko mestno sredi\u0161\u010de.<\/p>\n<p>Avramopulos se je pred tem za kako uro sestal tudi z avstrijskim notranjim ministrom Wolfgangom Sobotko. Kot poro\u010da avstrijska tiskovna agencija APA, naj bi Sobotka poskusil dobiti razumevanje za vnovi\u010dno podalj\u0161anje dovoljenja Evropske komisije Avstriji, da lahko izvaja nadzor na notranji schengenski meji s Slovenijo in Mad\u017earsko. Sedanja odobritev, ki je bila uvedena zaradi migrantske krize, se namre\u010d izte\u010de novembra. Avramopulos je zahtevo Sobotke &#8220;vzel na znanje&#8221;, \u0161e poro\u010da APA.<\/p>\n","protected":false},"excerpt":{"rendered":"<p>Na Dunaju se je za\u010del vrh dr\u017eav ob balkanski migracijski poti, ki se ga udele\u017euje tudi slovenski premier Miro Cerar. Vrh je zdru\u017eil voditelje 11 evropskih dr\u017eav ter visoke predstavnike EU, med katerimi pa ni predsednika Evropske komisije Jean-Claudea Juncerja.<\/p>\n","protected":false},"author":8,"featured_media":133237,"comment_status":"closed","ping_status":"closed","sticky":false,"template":"","format":"standard","meta":{"footnotes":""},"categories":[1179],"tags":[1949,4548,4525,2173],"source":[4511],"supertag":[5675],"acf":[],"yoast_head":"<!-- This site is optimized with the Yoast SEO plugin v21.3 - https:\/\/yoast.com\/wordpress\/plugins\/seo\/ -->\n<title>Na Dunaju se je za\u010del vrh dr\u017eav ob balkanski migracijski poti, ki se ga udele\u017euje tudi slovenski premier Miro Cerar - Hudo Slovenija<\/title>\n<meta name=\"robots\" content=\"index, follow, max-snippet:-1, max-image-preview:large, max-video-preview:-1\" \/>\n<link rel=\"canonical\" href=\"https:\/\/hudo.com\/si\/aktualno\/na-dunaju-se-je-zacel-vrh-drzav-ob-balkanski-migracijski-poti-ki-se-ga-udelezuje-tudi-slovenski-premier-miro-cerar\/\" \/>\n<meta property=\"og:locale\" content=\"sl_SI\" \/>\n<meta property=\"og:type\" content=\"article\" \/>\n<meta property=\"og:title\" content=\"Na Dunaju se je za\u010del vrh dr\u017eav ob balkanski migracijski poti, ki se ga udele\u017euje tudi slovenski premier Miro Cerar - Hudo Slovenija\" \/>\n<meta property=\"og:description\" content=\"Na Dunaju se je za\u010del vrh dr\u017eav ob balkanski migracijski poti, ki se ga udele\u017euje tudi slovenski premier Miro Cerar. Vrh je zdru\u017eil voditelje 11 evropskih dr\u017eav ter visoke predstavnike EU, med katerimi pa ni predsednika Evropske komisije Jean-Claudea Juncerja.\" \/>\n<meta property=\"og:url\" content=\"https:\/\/hudo.com\/si\/aktualno\/na-dunaju-se-je-zacel-vrh-drzav-ob-balkanski-migracijski-poti-ki-se-ga-udelezuje-tudi-slovenski-premier-miro-cerar\/\" \/>\n<meta property=\"og:site_name\" content=\"Hudo Slovenija\" \/>\n<meta property=\"article:publisher\" content=\"https:\/\/www.facebook.com\/hudo.si\" \/>\n<meta property=\"article:published_time\" content=\"2016-09-24T10:45:38+00:00\" \/>\n<meta property=\"article:modified_time\" content=\"2016-09-24T12:55:05+00:00\" \/>\n<meta property=\"og:image\" content=\"https:\/\/hudo.com\/si\/wp-content\/uploads\/sites\/2\/2016\/09\/profimedia-0278554826-1.jpg\" \/>\n\t<meta property=\"og:image:width\" content=\"1250\" \/>\n\t<meta property=\"og:image:height\" content=\"833\" \/>\n\t<meta property=\"og:image:type\" content=\"image\/jpeg\" \/>\n<meta name=\"author\" content=\"M. N., STA\" \/>\n<meta name=\"twitter:card\" content=\"summary_large_image\" \/>\n<meta name=\"twitter:creator\" content=\"@hudo_si\" \/>\n<meta name=\"twitter:site\" content=\"@hudo_si\" \/>\n<meta name=\"twitter:label1\" content=\"Written by\" \/>\n\t<meta name=\"twitter:data1\" content=\"M. N., STA\" \/>\n\t<meta name=\"twitter:label2\" content=\"Est. reading time\" \/>\n\t<meta name=\"twitter:data2\" content=\"2 minuti\" \/>\n<script type=\"application\/ld+json\" class=\"yoast-schema-graph\">{\"@context\":\"https:\/\/schema.org\",\"@graph\":[{\"@type\":\"Article\",\"@id\":\"https:\/\/hudo.com\/si\/aktualno\/na-dunaju-se-je-zacel-vrh-drzav-ob-balkanski-migracijski-poti-ki-se-ga-udelezuje-tudi-slovenski-premier-miro-cerar\/#article\",\"isPartOf\":{\"@id\":\"https:\/\/hudo.com\/si\/aktualno\/na-dunaju-se-je-zacel-vrh-drzav-ob-balkanski-migracijski-poti-ki-se-ga-udelezuje-tudi-slovenski-premier-miro-cerar\/\"},\"author\":{\"name\":\"M. N., STA\",\"@id\":\"https:\/\/hudo.com\/si\/#\/schema\/person\/c2f10ce65d2e6ede2aeda5be2a0611fa\"},\"headline\":\"Na Dunaju se je za\u010del vrh dr\u017eav ob balkanski migracijski poti, ki se ga udele\u017euje tudi slovenski premier Miro Cerar\",\"datePublished\":\"2016-09-24T10:45:38+00:00\",\"dateModified\":\"2016-09-24T12:55:05+00:00\",\"mainEntityOfPage\":{\"@id\":\"https:\/\/hudo.com\/si\/aktualno\/na-dunaju-se-je-zacel-vrh-drzav-ob-balkanski-migracijski-poti-ki-se-ga-udelezuje-tudi-slovenski-premier-miro-cerar\/\"},\"wordCount\":346,\"publisher\":{\"@id\":\"https:\/\/hudo.com\/si\/#organization\"},\"keywords\":[\"dunaj\",\"EU\",\"migrantska kriza\",\"Miro Cerar\"],\"articleSection\":[\"Aktualno\"],\"inLanguage\":\"sl-SI\"},{\"@type\":\"WebPage\",\"@id\":\"https:\/\/hudo.com\/si\/aktualno\/na-dunaju-se-je-zacel-vrh-drzav-ob-balkanski-migracijski-poti-ki-se-ga-udelezuje-tudi-slovenski-premier-miro-cerar\/\",\"url\":\"https:\/\/hudo.com\/si\/aktualno\/na-dunaju-se-je-zacel-vrh-drzav-ob-balkanski-migracijski-poti-ki-se-ga-udelezuje-tudi-slovenski-premier-miro-cerar\/\",\"name\":\"Na Dunaju se je za\u010del vrh dr\u017eav ob balkanski migracijski poti, ki se ga udele\u017euje tudi slovenski premier Miro Cerar - Hudo Slovenija\",\"isPartOf\":{\"@id\":\"https:\/\/hudo.com\/si\/#website\"},\"datePublished\":\"2016-09-24T10:45:38+00:00\",\"dateModified\":\"2016-09-24T12:55:05+00:00\",\"breadcrumb\":{\"@id\":\"https:\/\/hudo.com\/si\/aktualno\/na-dunaju-se-je-zacel-vrh-drzav-ob-balkanski-migracijski-poti-ki-se-ga-udelezuje-tudi-slovenski-premier-miro-cerar\/#breadcrumb\"},\"inLanguage\":\"sl-SI\",\"potentialAction\":[{\"@type\":\"ReadAction\",\"target\":[\"https:\/\/hudo.com\/si\/aktualno\/na-dunaju-se-je-zacel-vrh-drzav-ob-balkanski-migracijski-poti-ki-se-ga-udelezuje-tudi-slovenski-premier-miro-cerar\/\"]}]},{\"@type\":\"BreadcrumbList\",\"@id\":\"https:\/\/hudo.com\/si\/aktualno\/na-dunaju-se-je-zacel-vrh-drzav-ob-balkanski-migracijski-poti-ki-se-ga-udelezuje-tudi-slovenski-premier-miro-cerar\/#breadcrumb\",\"itemListElement\":[{\"@type\":\"ListItem\",\"position\":1,\"name\":\"Home\",\"item\":\"https:\/\/hudo.com\/si\/\"},{\"@type\":\"ListItem\",\"position\":2,\"name\":\"Na Dunaju se je za\u010del vrh dr\u017eav ob balkanski migracijski poti, ki se ga udele\u017euje tudi slovenski premier Miro Cerar\"}]},{\"@type\":\"WebSite\",\"@id\":\"https:\/\/hudo.com\/si\/#website\",\"url\":\"https:\/\/hudo.com\/si\/\",\"name\":\"Hudo Slovenija\",\"description\":\"Vse novice iz Slovenije in sveta\",\"publisher\":{\"@id\":\"https:\/\/hudo.com\/si\/#organization\"},\"potentialAction\":[{\"@type\":\"SearchAction\",\"target\":{\"@type\":\"EntryPoint\",\"urlTemplate\":\"https:\/\/hudo.com\/si\/?s={search_term_string}\"},\"query-input\":\"required name=search_term_string\"}],\"inLanguage\":\"sl-SI\"},{\"@type\":\"Organization\",\"@id\":\"https:\/\/hudo.com\/si\/#organization\",\"name\":\"VSN Media\",\"url\":\"https:\/\/hudo.com\/si\/\",\"logo\":{\"@type\":\"ImageObject\",\"inLanguage\":\"sl-SI\",\"@id\":\"https:\/\/hudo.com\/si\/#\/schema\/logo\/image\/\",\"url\":\"https:\/\/hudo.com\/si\/wp-content\/uploads\/sites\/2\/2021\/03\/hudo-app-2.png\",\"contentUrl\":\"https:\/\/hudo.com\/si\/wp-content\/uploads\/sites\/2\/2021\/03\/hudo-app-2.png\",\"width\":2185,\"height\":2167,\"caption\":\"VSN Media\"},\"image\":{\"@id\":\"https:\/\/hudo.com\/si\/#\/schema\/logo\/image\/\"},\"sameAs\":[\"https:\/\/www.facebook.com\/hudo.si\",\"https:\/\/twitter.com\/hudo_si\"]},{\"@type\":\"Person\",\"@id\":\"https:\/\/hudo.com\/si\/#\/schema\/person\/c2f10ce65d2e6ede2aeda5be2a0611fa\",\"name\":\"M. N., STA\",\"image\":{\"@type\":\"ImageObject\",\"inLanguage\":\"sl-SI\",\"@id\":\"https:\/\/hudo.com\/si\/#\/schema\/person\/image\/\",\"url\":\"https:\/\/secure.gravatar.com\/avatar\/f370d38daa10467f755c5c766a4cac20?s=96&d=mm&r=g\",\"contentUrl\":\"https:\/\/secure.gravatar.com\/avatar\/f370d38daa10467f755c5c766a4cac20?s=96&d=mm&r=g\",\"caption\":\"M. N., STA\"},\"url\":\"https:\/\/hudo.com\/si\/author\/mana\/\"}]}<\/script>\n<!-- \/ Yoast SEO plugin. -->","yoast_head_json":{"title":"Na Dunaju se je za\u010del vrh dr\u017eav ob balkanski migracijski poti, ki se ga udele\u017euje tudi slovenski premier Miro Cerar - Hudo Slovenija","robots":{"index":"index","follow":"follow","max-snippet":"max-snippet:-1","max-image-preview":"max-image-preview:large","max-video-preview":"max-video-preview:-1"},"canonical":"https:\/\/hudo.com\/si\/aktualno\/na-dunaju-se-je-zacel-vrh-drzav-ob-balkanski-migracijski-poti-ki-se-ga-udelezuje-tudi-slovenski-premier-miro-cerar\/","og_locale":"sl_SI","og_type":"article","og_title":"Na Dunaju se je za\u010del vrh dr\u017eav ob balkanski migracijski poti, ki se ga udele\u017euje tudi slovenski premier Miro Cerar - Hudo Slovenija","og_description":"Na Dunaju se je za\u010del vrh dr\u017eav ob balkanski migracijski poti, ki se ga udele\u017euje tudi slovenski premier Miro Cerar. Vrh je zdru\u017eil voditelje 11 evropskih dr\u017eav ter visoke predstavnike EU, med katerimi pa ni predsednika Evropske komisije Jean-Claudea Juncerja.","og_url":"https:\/\/hudo.com\/si\/aktualno\/na-dunaju-se-je-zacel-vrh-drzav-ob-balkanski-migracijski-poti-ki-se-ga-udelezuje-tudi-slovenski-premier-miro-cerar\/","og_site_name":"Hudo Slovenija","article_publisher":"https:\/\/www.facebook.com\/hudo.si","article_published_time":"2016-09-24T10:45:38+00:00","article_modified_time":"2016-09-24T12:55:05+00:00","og_image":[{"width":1250,"height":833,"url":"https:\/\/hudo.com\/si\/wp-content\/uploads\/sites\/2\/2016\/09\/profimedia-0278554826-1.jpg","type":"image\/jpeg"}],"author":"M. N., STA","twitter_card":"summary_large_image","twitter_creator":"@hudo_si","twitter_site":"@hudo_si","twitter_misc":{"Written by":"M. N., STA","Est. reading time":"2 minuti"},"schema":{"@context":"https:\/\/schema.org","@graph":[{"@type":"Article","@id":"https:\/\/hudo.com\/si\/aktualno\/na-dunaju-se-je-zacel-vrh-drzav-ob-balkanski-migracijski-poti-ki-se-ga-udelezuje-tudi-slovenski-premier-miro-cerar\/#article","isPartOf":{"@id":"https:\/\/hudo.com\/si\/aktualno\/na-dunaju-se-je-zacel-vrh-drzav-ob-balkanski-migracijski-poti-ki-se-ga-udelezuje-tudi-slovenski-premier-miro-cerar\/"},"author":{"name":"M. N., STA","@id":"https:\/\/hudo.com\/si\/#\/schema\/person\/c2f10ce65d2e6ede2aeda5be2a0611fa"},"headline":"Na Dunaju se je za\u010del vrh dr\u017eav ob balkanski migracijski poti, ki se ga udele\u017euje tudi slovenski premier Miro Cerar","datePublished":"2016-09-24T10:45:38+00:00","dateModified":"2016-09-24T12:55:05+00:00","mainEntityOfPage":{"@id":"https:\/\/hudo.com\/si\/aktualno\/na-dunaju-se-je-zacel-vrh-drzav-ob-balkanski-migracijski-poti-ki-se-ga-udelezuje-tudi-slovenski-premier-miro-cerar\/"},"wordCount":346,"publisher":{"@id":"https:\/\/hudo.com\/si\/#organization"},"keywords":["dunaj","EU","migrantska kriza","Miro Cerar"],"articleSection":["Aktualno"],"inLanguage":"sl-SI"},{"@type":"WebPage","@id":"https:\/\/hudo.com\/si\/aktualno\/na-dunaju-se-je-zacel-vrh-drzav-ob-balkanski-migracijski-poti-ki-se-ga-udelezuje-tudi-slovenski-premier-miro-cerar\/","url":"https:\/\/hudo.com\/si\/aktualno\/na-dunaju-se-je-zacel-vrh-drzav-ob-balkanski-migracijski-poti-ki-se-ga-udelezuje-tudi-slovenski-premier-miro-cerar\/","name":"Na Dunaju se je za\u010del vrh dr\u017eav ob balkanski migracijski poti, ki se ga udele\u017euje tudi slovenski premier Miro Cerar - Hudo Slovenija","isPartOf":{"@id":"https:\/\/hudo.com\/si\/#website"},"datePublished":"2016-09-24T10:45:38+00:00","dateModified":"2016-09-24T12:55:05+00:00","breadcrumb":{"@id":"https:\/\/hudo.com\/si\/aktualno\/na-dunaju-se-je-zacel-vrh-drzav-ob-balkanski-migracijski-poti-ki-se-ga-udelezuje-tudi-slovenski-premier-miro-cerar\/#breadcrumb"},"inLanguage":"sl-SI","potentialAction":[{"@type":"ReadAction","target":["https:\/\/hudo.com\/si\/aktualno\/na-dunaju-se-je-zacel-vrh-drzav-ob-balkanski-migracijski-poti-ki-se-ga-udelezuje-tudi-slovenski-premier-miro-cerar\/"]}]},{"@type":"BreadcrumbList","@id":"https:\/\/hudo.com\/si\/aktualno\/na-dunaju-se-je-zacel-vrh-drzav-ob-balkanski-migracijski-poti-ki-se-ga-udelezuje-tudi-slovenski-premier-miro-cerar\/#breadcrumb","itemListElement":[{"@type":"ListItem","position":1,"name":"Home","item":"https:\/\/hudo.com\/si\/"},{"@type":"ListItem","position":2,"name":"Na Dunaju se je za\u010del vrh dr\u017eav ob balkanski migracijski poti, ki se ga udele\u017euje tudi slovenski premier Miro Cerar"}]},{"@type":"WebSite","@id":"https:\/\/hudo.com\/si\/#website","url":"https:\/\/hudo.com\/si\/","name":"Hudo Slovenija","description":"Vse novice iz Slovenije in sveta","publisher":{"@id":"https:\/\/hudo.com\/si\/#organization"},"potentialAction":[{"@type":"SearchAction","target":{"@type":"EntryPoint","urlTemplate":"https:\/\/hudo.com\/si\/?s={search_term_string}"},"query-input":"required name=search_term_string"}],"inLanguage":"sl-SI"},{"@type":"Organization","@id":"https:\/\/hudo.com\/si\/#organization","name":"VSN Media","url":"https:\/\/hudo.com\/si\/","logo":{"@type":"ImageObject","inLanguage":"sl-SI","@id":"https:\/\/hudo.com\/si\/#\/schema\/logo\/image\/","url":"https:\/\/hudo.com\/si\/wp-content\/uploads\/sites\/2\/2021\/03\/hudo-app-2.png","contentUrl":"https:\/\/hudo.com\/si\/wp-content\/uploads\/sites\/2\/2021\/03\/hudo-app-2.png","width":2185,"height":2167,"caption":"VSN Media"},"image":{"@id":"https:\/\/hudo.com\/si\/#\/schema\/logo\/image\/"},"sameAs":["https:\/\/www.facebook.com\/hudo.si","https:\/\/twitter.com\/hudo_si"]},{"@type":"Person","@id":"https:\/\/hudo.com\/si\/#\/schema\/person\/c2f10ce65d2e6ede2aeda5be2a0611fa","name":"M. N., STA","image":{"@type":"ImageObject","inLanguage":"sl-SI","@id":"https:\/\/hudo.com\/si\/#\/schema\/person\/image\/","url":"https:\/\/secure.gravatar.com\/avatar\/f370d38daa10467f755c5c766a4cac20?s=96&d=mm&r=g","contentUrl":"https:\/\/secure.gravatar.com\/avatar\/f370d38daa10467f755c5c766a4cac20?s=96&d=mm&r=g","caption":"M. N., STA"},"url":"https:\/\/hudo.com\/si\/author\/mana\/"}]}},"amp_enabled":true,"_links":{"self":[{"href":"https:\/\/hudo.com\/si\/wp-json\/wp\/v2\/posts\/139728"}],"collection":[{"href":"https:\/\/hudo.com\/si\/wp-json\/wp\/v2\/posts"}],"about":[{"href":"https:\/\/hudo.com\/si\/wp-json\/wp\/v2\/types\/post"}],"author":[{"embeddable":true,"href":"https:\/\/hudo.com\/si\/wp-json\/wp\/v2\/users\/8"}],"replies":[{"embeddable":true,"href":"https:\/\/hudo.com\/si\/wp-json\/wp\/v2\/comments?post=139728"}],"version-history":[{"count":2,"href":"https:\/\/hudo.com\/si\/wp-json\/wp\/v2\/posts\/139728\/revisions"}],"predecessor-version":[{"id":139797,"href":"https:\/\/hudo.com\/si\/wp-json\/wp\/v2\/posts\/139728\/revisions\/139797"}],"wp:featuredmedia":[{"embeddable":true,"href":"https:\/\/hudo.com\/si\/wp-json\/wp\/v2\/media\/133237"}],"wp:attachment":[{"href":"https:\/\/hudo.com\/si\/wp-json\/wp\/v2\/media?parent=139728"}],"wp:term":[{"taxonomy":"category","embeddable":true,"href":"https:\/\/hudo.com\/si\/wp-json\/wp\/v2\/categories?post=139728"},{"taxonomy":"post_tag","embeddable":true,"href":"https:\/\/hudo.com\/si\/wp-json\/wp\/v2\/tags?post=139728"},{"taxonomy":"source","embeddable":true,"href":"https:\/\/hudo.com\/si\/wp-json\/wp\/v2\/source?post=139728"},{"taxonomy":"supertag","embeddable":true,"href":"https:\/\/hudo.com\/si\/wp-json\/wp\/v2\/supertag?post=139728"}],"curies":[{"name":"wp","href":"https:\/\/api.w.org\/{rel}","templated":true}]}}