{"id":13983,"date":"2015-09-18T07:40:41","date_gmt":"2015-09-18T06:40:41","guid":{"rendered":"http:\/\/master.hudo.com\/si\/2015\/09\/18\/kmetija-nov-zacetek-marusi-se-je-dokoncno-strgalo\/"},"modified":"2015-09-18T07:40:41","modified_gmt":"2015-09-18T06:40:41","slug":"kmetija-nov-zacetek-marusi-se-je-dokoncno-strgalo","status":"publish","type":"post","link":"https:\/\/hudo.com\/si\/vip\/kmetija-nov-zacetek-marusi-se-je-dokoncno-strgalo\/","title":{"rendered":"Kmetija &#8211; nov za\u010detek: Maru\u0161i se je dokon\u010dno strgalo!"},"content":{"rendered":"<figure>\n\t\t\t\t\t<img loading=\"lazy\" decoding=\"async\" width=\"660\" height=\"320\" src=\"data:image\/gif;base64,R0lGODlhAQABAAAAACH5BAEKAAEALAAAAAABAAEAAAICTAEAOw==\" class=\"lazyload\" data-src=\"http:\/\/zenska.hudo.com\/files\/2015\/09\/kmetija-320x155.jpg\" data-srcset=\"http:\/\/zenska.hudo.com\/files\/2015\/09\/kmetija-660x320.jpg 660w,http:\/\/zenska.hudo.com\/files\/2015\/09\/kmetija-320x155.jpg 330w\" sizes=\"(max-width: 660px) 100vw, 660px\"\/><figcaption>Foto: screenshot planet tv<\/figcaption><\/figure>\n<p>Odlo\u010dilni trenutek se je zgodil, ko je Jacquelin Maru\u0161o vpra\u0161ala, \u010de lahko pomije posodo. To je tako razjezilo Maru\u0161o, da se ni mogla ve\u010d zadr\u017eati in za\u010del se je glasen prepir. Maru\u0161a je Jacquelin rekla, da naj jo pusti na miru, ker no\u010de imeti opravka z njo.\u00a0Na drugi strani pa je bila Jaquelin \u0161okirana zaradi Maru\u0161inega obna\u0161anja. In nad njenim obna\u0161anjem so zgro\u017eeni tudi komentatorji na facebooku, ki so zapisali:<\/p>\n<blockquote>\n<p>&#8220;Maru\u0161a je pokazala svoj pravi obraz&#8221;<\/p>\n<\/blockquote>\n<p>&nbsp;<\/p>\n<blockquote>\n<p>&#8220;\u010cedalje bolj se mi zdi, da Maru\u0161a postaja tak\u0161na kot je bila Lara iz lanske kmetije. Hinavka, in \u0161e kaj&#8230;&#8221;<\/p>\n<\/blockquote>\n<p>&nbsp;<\/p>\n<blockquote>\n<p>&#8220;Maru\u0161a ima premalo spo\u0161tovanja do drugih,sploh pa do starej\u0161ih!!Ji je butnila jeza ven,ker Anita gre v dvoboj,ne pa \u017daklin,zato se je znesla nad njo.Sramotno od Maru\u0161e,da nima spo\u0161tovanja do svojih sotekmovalcev!!!&#8221;<\/p>\n<p>&nbsp;<\/p>\n<p>&#8220;Ajde \u0161tekam, da ji gre na \u017eivce \u010de kdo sili v njo&#8230; ampak ona se krega s Francem, Sebastjanom, Barbaro, Jaqlin in tut Fakijem.., lahko bi se vpra\u0161ala \u010de slu\u010dajno ona dela kej narobe. Niti mal nima tolerance, v privatnem \u017eivljenju te to nikamor ne pripelje.&#8221;<\/p>\n<p>&nbsp;<\/p>\n<p>&#8220;Kaj ta Maru\u0161a histeri\u010dna misli da je edina na kmetiji&#8230;da njej noben ampak noben ne smee a re\u010dti in se \u017ee dere in pol joka da se ostali derejo nanjo&#8230;.baba te\u010dna egoisti\u010dna!&#8221;<\/p>\n<p>&nbsp;<\/p>\n<p><span data-reactid=\".4b.1:5.1:$comment395524313980335_395526967313403\/=10.0.$right.0.$left.0.0.1.$comment-body.0.0\"><span data-reactid=\".4b.1:5.1:$comment395524313980335_395526967313403\/=10.0.$right.0.$left.0.0.1.$comment-body.0.0.$end\/=1$text0\/=010\">&#8220;Ne zagovarjam \u017daklin,da ne bo pomote.Samo lepo jo je vpra\u0161ala &#8220;\u010de lahko pomije posodo&#8221; in ona izbruhne in \u0161e tako nesramno in ne spo\u0161tljivo jo nadere. Kam bi pa pri\u0161li,\u010de bi nam vsi \u0161li na \u017eivce in bi se na<\/span><\/span><span data-reactid=\".4b.1:5.1:$comment395524313980335_395526967313403\/=10.0.$right.0.$left.0.0.1.$comment-body.0.3\"><span data-reactid=\".4b.1:5.1:$comment395524313980335_395526967313403\/=10.0.$right.0.$left.0.0.1.$comment-body.0.3.0\"><span data-reactid=\".4b.1:5.1:$comment395524313980335_395526967313403\/=10.0.$right.0.$left.0.0.1.$comment-body.0.3.0.$end\/=1$text0\/=010\"> vsakega zna\u0161ali!!Maru\u0161a bi se mogla vpra\u0161at kaj z njo ni ok, ker se z vsakim krega in vsak ji gre na \u017eivce in vedet bi mogla, da nih\u010de ni popoln.Tokrat dam \u017daklin \u010dist prav!!&#8221;<\/span><\/span><\/span><\/p>\n<p>&nbsp;<\/p>\n<p>&#8220;Pravi Maru\u0161in Sindrom = PMS&#8221;<\/p>\n<\/blockquote>\n<p><strong>Ve\u010d o sporu med Maru\u0161o in Jacquelin pa boste v nocoj\u0161nji oddaji Kmetija: Nov za\u010detek.<\/strong><\/p>\n<p>&nbsp;<\/p>\n<p>&nbsp;<\/p>\n","protected":false},"excerpt":{"rendered":"<p>Maru\u0161a in Jacquelin se \u017ee nekaj \u010dasa ne razumeta in kljub temu, da Maru\u0161a no\u010de imeti opravka z njo, Jacquelin \u0161e vedno dreza vanjo.\u00a0Tokrat je po\u010dilo!<\/p>\n","protected":false},"author":1,"featured_media":0,"comment_status":"closed","ping_status":"closed","sticky":false,"template":"","format":"standard","meta":{"footnotes":""},"categories":[1093],"tags":[2303,3058],"source":[1370,1345,1334],"supertag":[],"acf":[],"yoast_head":"<!-- This site is optimized with the Yoast SEO plugin v21.3 - https:\/\/yoast.com\/wordpress\/plugins\/seo\/ -->\n<title>Kmetija &#8211; nov za\u010detek: Maru\u0161i se je dokon\u010dno strgalo! - Hudo Slovenija<\/title>\n<meta name=\"robots\" content=\"index, follow, max-snippet:-1, max-image-preview:large, max-video-preview:-1\" \/>\n<link rel=\"canonical\" href=\"https:\/\/hudo.com\/si\/vip\/kmetija-nov-zacetek-marusi-se-je-dokoncno-strgalo\/\" \/>\n<meta property=\"og:locale\" content=\"sl_SI\" \/>\n<meta property=\"og:type\" content=\"article\" \/>\n<meta property=\"og:title\" content=\"Kmetija &#8211; nov za\u010detek: Maru\u0161i se je dokon\u010dno strgalo! - Hudo Slovenija\" \/>\n<meta property=\"og:description\" content=\"Maru\u0161a in Jacquelin se \u017ee nekaj \u010dasa ne razumeta in kljub temu, da Maru\u0161a no\u010de imeti opravka z njo, Jacquelin \u0161e vedno dreza vanjo.\u00a0Tokrat je po\u010dilo!\" \/>\n<meta property=\"og:url\" content=\"https:\/\/hudo.com\/si\/vip\/kmetija-nov-zacetek-marusi-se-je-dokoncno-strgalo\/\" \/>\n<meta property=\"og:site_name\" content=\"Hudo Slovenija\" \/>\n<meta property=\"article:publisher\" content=\"https:\/\/www.facebook.com\/hudo.si\" \/>\n<meta property=\"article:published_time\" content=\"2015-09-18T06:40:41+00:00\" \/>\n<meta property=\"og:image\" content=\"https:\/\/hudo.com\/si\/wp-content\/uploads\/sites\/2\/2016\/04\/kmetija.jpg\" \/>\n\t<meta property=\"og:image:width\" content=\"643\" \/>\n\t<meta property=\"og:image:height\" content=\"358\" \/>\n\t<meta property=\"og:image:type\" content=\"image\/jpeg\" \/>\n<meta name=\"author\" content=\"hudo\" \/>\n<meta name=\"twitter:card\" content=\"summary_large_image\" \/>\n<meta name=\"twitter:creator\" content=\"@hudo_si\" \/>\n<meta name=\"twitter:site\" content=\"@hudo_si\" \/>\n<meta name=\"twitter:label1\" content=\"Written by\" \/>\n\t<meta name=\"twitter:data1\" content=\"hudo\" \/>\n\t<meta name=\"twitter:label2\" content=\"Est. reading time\" \/>\n\t<meta name=\"twitter:data2\" content=\"2 minuti\" \/>\n<script type=\"application\/ld+json\" class=\"yoast-schema-graph\">{\"@context\":\"https:\/\/schema.org\",\"@graph\":[{\"@type\":\"Article\",\"@id\":\"https:\/\/hudo.com\/si\/vip\/kmetija-nov-zacetek-marusi-se-je-dokoncno-strgalo\/#article\",\"isPartOf\":{\"@id\":\"https:\/\/hudo.com\/si\/vip\/kmetija-nov-zacetek-marusi-se-je-dokoncno-strgalo\/\"},\"author\":{\"name\":\"hudo\",\"@id\":\"https:\/\/hudo.com\/si\/#\/schema\/person\/601cf3379633985b20f7e50f2bb47707\"},\"headline\":\"Kmetija &#8211; nov za\u010detek: Maru\u0161i se je dokon\u010dno strgalo!\",\"datePublished\":\"2015-09-18T06:40:41+00:00\",\"dateModified\":\"2015-09-18T06:40:41+00:00\",\"mainEntityOfPage\":{\"@id\":\"https:\/\/hudo.com\/si\/vip\/kmetija-nov-zacetek-marusi-se-je-dokoncno-strgalo\/\"},\"wordCount\":374,\"publisher\":{\"@id\":\"https:\/\/hudo.com\/si\/#organization\"},\"keywords\":[\"Kmetija nov za\u010detek\",\"Kmetija: nov za\u010detek 2015\"],\"articleSection\":[\"VIP\"],\"inLanguage\":\"sl-SI\"},{\"@type\":\"WebPage\",\"@id\":\"https:\/\/hudo.com\/si\/vip\/kmetija-nov-zacetek-marusi-se-je-dokoncno-strgalo\/\",\"url\":\"https:\/\/hudo.com\/si\/vip\/kmetija-nov-zacetek-marusi-se-je-dokoncno-strgalo\/\",\"name\":\"Kmetija &#8211; nov za\u010detek: Maru\u0161i se je dokon\u010dno strgalo! - Hudo Slovenija\",\"isPartOf\":{\"@id\":\"https:\/\/hudo.com\/si\/#website\"},\"datePublished\":\"2015-09-18T06:40:41+00:00\",\"dateModified\":\"2015-09-18T06:40:41+00:00\",\"breadcrumb\":{\"@id\":\"https:\/\/hudo.com\/si\/vip\/kmetija-nov-zacetek-marusi-se-je-dokoncno-strgalo\/#breadcrumb\"},\"inLanguage\":\"sl-SI\",\"potentialAction\":[{\"@type\":\"ReadAction\",\"target\":[\"https:\/\/hudo.com\/si\/vip\/kmetija-nov-zacetek-marusi-se-je-dokoncno-strgalo\/\"]}]},{\"@type\":\"BreadcrumbList\",\"@id\":\"https:\/\/hudo.com\/si\/vip\/kmetija-nov-zacetek-marusi-se-je-dokoncno-strgalo\/#breadcrumb\",\"itemListElement\":[{\"@type\":\"ListItem\",\"position\":1,\"name\":\"Home\",\"item\":\"https:\/\/hudo.com\/si\/\"},{\"@type\":\"ListItem\",\"position\":2,\"name\":\"Kmetija &#8211; nov za\u010detek: Maru\u0161i se je dokon\u010dno strgalo!\"}]},{\"@type\":\"WebSite\",\"@id\":\"https:\/\/hudo.com\/si\/#website\",\"url\":\"https:\/\/hudo.com\/si\/\",\"name\":\"Hudo Slovenija\",\"description\":\"Vse novice iz Slovenije in sveta\",\"publisher\":{\"@id\":\"https:\/\/hudo.com\/si\/#organization\"},\"potentialAction\":[{\"@type\":\"SearchAction\",\"target\":{\"@type\":\"EntryPoint\",\"urlTemplate\":\"https:\/\/hudo.com\/si\/?s={search_term_string}\"},\"query-input\":\"required name=search_term_string\"}],\"inLanguage\":\"sl-SI\"},{\"@type\":\"Organization\",\"@id\":\"https:\/\/hudo.com\/si\/#organization\",\"name\":\"VSN Media\",\"url\":\"https:\/\/hudo.com\/si\/\",\"logo\":{\"@type\":\"ImageObject\",\"inLanguage\":\"sl-SI\",\"@id\":\"https:\/\/hudo.com\/si\/#\/schema\/logo\/image\/\",\"url\":\"https:\/\/hudo.com\/si\/wp-content\/uploads\/sites\/2\/2021\/03\/hudo-app-2.png\",\"contentUrl\":\"https:\/\/hudo.com\/si\/wp-content\/uploads\/sites\/2\/2021\/03\/hudo-app-2.png\",\"width\":2185,\"height\":2167,\"caption\":\"VSN Media\"},\"image\":{\"@id\":\"https:\/\/hudo.com\/si\/#\/schema\/logo\/image\/\"},\"sameAs\":[\"https:\/\/www.facebook.com\/hudo.si\",\"https:\/\/twitter.com\/hudo_si\"]},{\"@type\":\"Person\",\"@id\":\"https:\/\/hudo.com\/si\/#\/schema\/person\/601cf3379633985b20f7e50f2bb47707\",\"name\":\"hudo\",\"image\":{\"@type\":\"ImageObject\",\"inLanguage\":\"sl-SI\",\"@id\":\"https:\/\/hudo.com\/si\/#\/schema\/person\/image\/\",\"url\":\"https:\/\/secure.gravatar.com\/avatar\/c4ca25fa72cace7a696b52ff5db9e095?s=96&d=mm&r=g\",\"contentUrl\":\"https:\/\/secure.gravatar.com\/avatar\/c4ca25fa72cace7a696b52ff5db9e095?s=96&d=mm&r=g\",\"caption\":\"hudo\"},\"url\":\"https:\/\/hudo.com\/si\/author\/hudo\/\"}]}<\/script>\n<!-- \/ Yoast SEO plugin. -->","yoast_head_json":{"title":"Kmetija &#8211; nov za\u010detek: Maru\u0161i se je dokon\u010dno strgalo! - Hudo Slovenija","robots":{"index":"index","follow":"follow","max-snippet":"max-snippet:-1","max-image-preview":"max-image-preview:large","max-video-preview":"max-video-preview:-1"},"canonical":"https:\/\/hudo.com\/si\/vip\/kmetija-nov-zacetek-marusi-se-je-dokoncno-strgalo\/","og_locale":"sl_SI","og_type":"article","og_title":"Kmetija &#8211; nov za\u010detek: Maru\u0161i se je dokon\u010dno strgalo! - Hudo Slovenija","og_description":"Maru\u0161a in Jacquelin se \u017ee nekaj \u010dasa ne razumeta in kljub temu, da Maru\u0161a no\u010de imeti opravka z njo, Jacquelin \u0161e vedno dreza vanjo.\u00a0Tokrat je po\u010dilo!","og_url":"https:\/\/hudo.com\/si\/vip\/kmetija-nov-zacetek-marusi-se-je-dokoncno-strgalo\/","og_site_name":"Hudo Slovenija","article_publisher":"https:\/\/www.facebook.com\/hudo.si","article_published_time":"2015-09-18T06:40:41+00:00","og_image":[{"width":643,"height":358,"url":"https:\/\/hudo.com\/si\/wp-content\/uploads\/sites\/2\/2016\/04\/kmetija.jpg","type":"image\/jpeg"}],"author":"hudo","twitter_card":"summary_large_image","twitter_creator":"@hudo_si","twitter_site":"@hudo_si","twitter_misc":{"Written by":"hudo","Est. reading time":"2 minuti"},"schema":{"@context":"https:\/\/schema.org","@graph":[{"@type":"Article","@id":"https:\/\/hudo.com\/si\/vip\/kmetija-nov-zacetek-marusi-se-je-dokoncno-strgalo\/#article","isPartOf":{"@id":"https:\/\/hudo.com\/si\/vip\/kmetija-nov-zacetek-marusi-se-je-dokoncno-strgalo\/"},"author":{"name":"hudo","@id":"https:\/\/hudo.com\/si\/#\/schema\/person\/601cf3379633985b20f7e50f2bb47707"},"headline":"Kmetija &#8211; nov za\u010detek: Maru\u0161i se je dokon\u010dno strgalo!","datePublished":"2015-09-18T06:40:41+00:00","dateModified":"2015-09-18T06:40:41+00:00","mainEntityOfPage":{"@id":"https:\/\/hudo.com\/si\/vip\/kmetija-nov-zacetek-marusi-se-je-dokoncno-strgalo\/"},"wordCount":374,"publisher":{"@id":"https:\/\/hudo.com\/si\/#organization"},"keywords":["Kmetija nov za\u010detek","Kmetija: nov za\u010detek 2015"],"articleSection":["VIP"],"inLanguage":"sl-SI"},{"@type":"WebPage","@id":"https:\/\/hudo.com\/si\/vip\/kmetija-nov-zacetek-marusi-se-je-dokoncno-strgalo\/","url":"https:\/\/hudo.com\/si\/vip\/kmetija-nov-zacetek-marusi-se-je-dokoncno-strgalo\/","name":"Kmetija &#8211; nov za\u010detek: Maru\u0161i se je dokon\u010dno strgalo! - Hudo Slovenija","isPartOf":{"@id":"https:\/\/hudo.com\/si\/#website"},"datePublished":"2015-09-18T06:40:41+00:00","dateModified":"2015-09-18T06:40:41+00:00","breadcrumb":{"@id":"https:\/\/hudo.com\/si\/vip\/kmetija-nov-zacetek-marusi-se-je-dokoncno-strgalo\/#breadcrumb"},"inLanguage":"sl-SI","potentialAction":[{"@type":"ReadAction","target":["https:\/\/hudo.com\/si\/vip\/kmetija-nov-zacetek-marusi-se-je-dokoncno-strgalo\/"]}]},{"@type":"BreadcrumbList","@id":"https:\/\/hudo.com\/si\/vip\/kmetija-nov-zacetek-marusi-se-je-dokoncno-strgalo\/#breadcrumb","itemListElement":[{"@type":"ListItem","position":1,"name":"Home","item":"https:\/\/hudo.com\/si\/"},{"@type":"ListItem","position":2,"name":"Kmetija &#8211; nov za\u010detek: Maru\u0161i se je dokon\u010dno strgalo!"}]},{"@type":"WebSite","@id":"https:\/\/hudo.com\/si\/#website","url":"https:\/\/hudo.com\/si\/","name":"Hudo Slovenija","description":"Vse novice iz Slovenije in sveta","publisher":{"@id":"https:\/\/hudo.com\/si\/#organization"},"potentialAction":[{"@type":"SearchAction","target":{"@type":"EntryPoint","urlTemplate":"https:\/\/hudo.com\/si\/?s={search_term_string}"},"query-input":"required name=search_term_string"}],"inLanguage":"sl-SI"},{"@type":"Organization","@id":"https:\/\/hudo.com\/si\/#organization","name":"VSN Media","url":"https:\/\/hudo.com\/si\/","logo":{"@type":"ImageObject","inLanguage":"sl-SI","@id":"https:\/\/hudo.com\/si\/#\/schema\/logo\/image\/","url":"https:\/\/hudo.com\/si\/wp-content\/uploads\/sites\/2\/2021\/03\/hudo-app-2.png","contentUrl":"https:\/\/hudo.com\/si\/wp-content\/uploads\/sites\/2\/2021\/03\/hudo-app-2.png","width":2185,"height":2167,"caption":"VSN Media"},"image":{"@id":"https:\/\/hudo.com\/si\/#\/schema\/logo\/image\/"},"sameAs":["https:\/\/www.facebook.com\/hudo.si","https:\/\/twitter.com\/hudo_si"]},{"@type":"Person","@id":"https:\/\/hudo.com\/si\/#\/schema\/person\/601cf3379633985b20f7e50f2bb47707","name":"hudo","image":{"@type":"ImageObject","inLanguage":"sl-SI","@id":"https:\/\/hudo.com\/si\/#\/schema\/person\/image\/","url":"https:\/\/secure.gravatar.com\/avatar\/c4ca25fa72cace7a696b52ff5db9e095?s=96&d=mm&r=g","contentUrl":"https:\/\/secure.gravatar.com\/avatar\/c4ca25fa72cace7a696b52ff5db9e095?s=96&d=mm&r=g","caption":"hudo"},"url":"https:\/\/hudo.com\/si\/author\/hudo\/"}]}},"amp_enabled":true,"_links":{"self":[{"href":"https:\/\/hudo.com\/si\/wp-json\/wp\/v2\/posts\/13983"}],"collection":[{"href":"https:\/\/hudo.com\/si\/wp-json\/wp\/v2\/posts"}],"about":[{"href":"https:\/\/hudo.com\/si\/wp-json\/wp\/v2\/types\/post"}],"author":[{"embeddable":true,"href":"https:\/\/hudo.com\/si\/wp-json\/wp\/v2\/users\/1"}],"replies":[{"embeddable":true,"href":"https:\/\/hudo.com\/si\/wp-json\/wp\/v2\/comments?post=13983"}],"version-history":[{"count":0,"href":"https:\/\/hudo.com\/si\/wp-json\/wp\/v2\/posts\/13983\/revisions"}],"wp:attachment":[{"href":"https:\/\/hudo.com\/si\/wp-json\/wp\/v2\/media?parent=13983"}],"wp:term":[{"taxonomy":"category","embeddable":true,"href":"https:\/\/hudo.com\/si\/wp-json\/wp\/v2\/categories?post=13983"},{"taxonomy":"post_tag","embeddable":true,"href":"https:\/\/hudo.com\/si\/wp-json\/wp\/v2\/tags?post=13983"},{"taxonomy":"source","embeddable":true,"href":"https:\/\/hudo.com\/si\/wp-json\/wp\/v2\/source?post=13983"},{"taxonomy":"supertag","embeddable":true,"href":"https:\/\/hudo.com\/si\/wp-json\/wp\/v2\/supertag?post=13983"}],"curies":[{"name":"wp","href":"https:\/\/api.w.org\/{rel}","templated":true}]}}