{"id":139848,"date":"2016-09-24T13:35:00","date_gmt":"2016-09-24T11:35:00","guid":{"rendered":"http:\/\/hudo.com\/si\/2016\/09\/24\/voditelji-na-dunaju-o-zasciti-zunanje-evropske-meje\/"},"modified":"2016-09-24T13:35:00","modified_gmt":"2016-09-24T11:35:00","slug":"voditelji-na-dunaju-o-zasciti-zunanje-evropske-meje","status":"publish","type":"post","link":"https:\/\/hudo.com\/si\/aktualno\/voditelji-na-dunaju-o-zasciti-zunanje-evropske-meje\/","title":{"rendered":"Voditelji na Dunaju o za\u0161\u010diti zunanje evropske meje"},"content":{"rendered":"<p>Kategorija: Evropa Sat, 24 Sep 2016 15:35:00 +0200  Dunaj &#8211; Na Dunaju se je za\u010del vrh dr\u017eav ob balkanski migracijski poti, ki se ga udele\u017euje tudi slovenski premier Miro Cerar. Vrh je zdru\u017eil voditelje 11 evropskih dr\u017eav ter visoke predstavnike EU, med katerimi pa ni predsednika Evropske komisije Jean-Claudea Juncerja. K avstrijskemu kanclerju Christianu Kernu so ob Cerarju pri\u0161li tudi nem\u0161ka kanclerka Angela Merkel ter predsedniki vlad Gr\u010dije, Makedonije, Srbije, Hrva\u0161ke, Albanije, Mad\u017earske ter Bolgarije, Romunijo pa zastopa notranji minister. Pridru\u017eila sta se jim tudi evropski komisar za migracije Dimitris Avramopulos ter predsednik Evropskega sveta Donald Tusk. V sredi\u0161\u010du pogovorov bodo mo\u017ene re\u0161itve za bolj\u0161o za\u0161\u010dito zunanje evropske meje ter ocena stanja na marca zaprti balkanski migracijski poti. \u00bbPrakti\u010dno in politi\u010dno moramo zagotoviti, da bo zahodnobalkanska pot za nezakonite migracije zaprta za vedno,\u00ab je pred za\u010detkom sre\u010danja poudaril Tusk. Po besedah\u00a0&#8230;<\/p>\n","protected":false},"excerpt":{"rendered":"<p>Kategorija: Evropa Sat, 24 Sep 2016 15:35:00 +0200  Dunaj &#8211; Na Dunaju se je za\u010del vrh dr\u017eav ob balkanski migracijski poti, ki se ga udele\u017euje tudi slovenski premier Miro Cerar. Vrh je zdru\u017eil voditelje 11 evropskih dr\u017eav ter visoke predstavnike EU, med katerimi pa ni predsednika Evropske komisije Jean-Claudea Juncerja. K avstrijskemu kanclerju Christianu Kernu so ob Cerarju pri\u0161li tudi nem\u0161ka kanclerka Angela Merkel ter predsedniki vlad Gr\u010dije, Makedonije, Srbije, Hrva\u0161ke, Albanije, Mad\u017earske ter Bolgarije, Romunijo pa zastopa notranji minister. Pridru\u017eila sta se jim tudi evropski komisar za migracije Dimitris Avramopulos ter predsednik Evropskega sveta Donald Tusk. V sredi\u0161\u010du pogovorov bodo mo\u017ene re\u0161itve za bolj\u0161o za\u0161\u010dito zunanje evropske meje ter ocena stanja na marca zaprti balkanski migracijski poti. \u00bbPrakti\u010dno in politi\u010dno moramo zagotoviti, da bo zahodnobalkanska pot za nezakonite migracije zaprta za vedno,\u00ab je pred za\u010detkom sre\u010danja poudaril Tusk. Po besedah\u00a0&#8230;<\/p>\n","protected":false},"author":1,"featured_media":0,"comment_status":"closed","ping_status":"closed","sticky":false,"template":"","format":"standard","meta":{"footnotes":""},"categories":[1179],"tags":[],"source":[1703],"supertag":[],"acf":[],"yoast_head":"<!-- This site is optimized with the Yoast SEO plugin v21.3 - https:\/\/yoast.com\/wordpress\/plugins\/seo\/ -->\n<title>Voditelji na Dunaju o za\u0161\u010diti zunanje evropske meje - Hudo Slovenija<\/title>\n<meta name=\"robots\" content=\"index, follow, max-snippet:-1, max-image-preview:large, max-video-preview:-1\" \/>\n<link rel=\"canonical\" href=\"https:\/\/hudo.com\/si\/aktualno\/voditelji-na-dunaju-o-zasciti-zunanje-evropske-meje\/\" \/>\n<meta property=\"og:locale\" content=\"sl_SI\" \/>\n<meta property=\"og:type\" content=\"article\" \/>\n<meta property=\"og:title\" content=\"Voditelji na Dunaju o za\u0161\u010diti zunanje evropske meje - Hudo Slovenija\" \/>\n<meta property=\"og:description\" content=\"Kategorija: Evropa Sat, 24 Sep 2016 15:35:00 +0200 Dunaj - Na Dunaju se je za\u010del vrh dr\u017eav ob balkanski migracijski poti, ki se ga udele\u017euje tudi slovenski premier Miro Cerar. Vrh je zdru\u017eil voditelje 11 evropskih dr\u017eav ter visoke predstavnike EU, med katerimi pa ni predsednika Evropske komisije Jean-Claudea Juncerja. K avstrijskemu kanclerju Christianu Kernu so ob Cerarju pri\u0161li tudi nem\u0161ka kanclerka Angela Merkel ter predsedniki vlad Gr\u010dije, Makedonije, Srbije, Hrva\u0161ke, Albanije, Mad\u017earske ter Bolgarije, Romunijo pa zastopa notranji minister. Pridru\u017eila sta se jim tudi evropski komisar za migracije Dimitris Avramopulos ter predsednik Evropskega sveta Donald Tusk. V sredi\u0161\u010du pogovorov bodo mo\u017ene re\u0161itve za bolj\u0161o za\u0161\u010dito zunanje evropske meje ter ocena stanja na marca zaprti balkanski migracijski poti. \u00bbPrakti\u010dno in politi\u010dno moramo zagotoviti, da bo zahodnobalkanska pot za nezakonite migracije zaprta za vedno,\u00ab je pred za\u010detkom sre\u010danja poudaril Tusk. Po besedah\u00a0...\" \/>\n<meta property=\"og:url\" content=\"https:\/\/hudo.com\/si\/aktualno\/voditelji-na-dunaju-o-zasciti-zunanje-evropske-meje\/\" \/>\n<meta property=\"og:site_name\" content=\"Hudo Slovenija\" \/>\n<meta property=\"article:publisher\" content=\"https:\/\/www.facebook.com\/hudo.si\" \/>\n<meta property=\"article:published_time\" content=\"2016-09-24T11:35:00+00:00\" \/>\n<meta property=\"og:image\" content=\"https:\/\/hudo.com\/si\/wp-content\/uploads\/sites\/2\/2016\/09\/480x290_AFP_Photo-20160924131730-65564100.jpeg\" \/>\n\t<meta property=\"og:image:width\" content=\"480\" \/>\n\t<meta property=\"og:image:height\" content=\"290\" \/>\n\t<meta property=\"og:image:type\" content=\"image\/jpeg\" \/>\n<meta name=\"author\" content=\"hudo\" \/>\n<meta name=\"twitter:card\" content=\"summary_large_image\" \/>\n<meta name=\"twitter:creator\" content=\"@hudo_si\" \/>\n<meta name=\"twitter:site\" content=\"@hudo_si\" \/>\n<meta name=\"twitter:label1\" content=\"Written by\" \/>\n\t<meta name=\"twitter:data1\" content=\"hudo\" \/>\n\t<meta name=\"twitter:label2\" content=\"Est. reading time\" \/>\n\t<meta name=\"twitter:data2\" content=\"1 minuta\" \/>\n<script type=\"application\/ld+json\" class=\"yoast-schema-graph\">{\"@context\":\"https:\/\/schema.org\",\"@graph\":[{\"@type\":\"Article\",\"@id\":\"https:\/\/hudo.com\/si\/aktualno\/voditelji-na-dunaju-o-zasciti-zunanje-evropske-meje\/#article\",\"isPartOf\":{\"@id\":\"https:\/\/hudo.com\/si\/aktualno\/voditelji-na-dunaju-o-zasciti-zunanje-evropske-meje\/\"},\"author\":{\"name\":\"hudo\",\"@id\":\"https:\/\/hudo.com\/si\/#\/schema\/person\/601cf3379633985b20f7e50f2bb47707\"},\"headline\":\"Voditelji na Dunaju o za\u0161\u010diti zunanje evropske meje\",\"datePublished\":\"2016-09-24T11:35:00+00:00\",\"dateModified\":\"2016-09-24T11:35:00+00:00\",\"mainEntityOfPage\":{\"@id\":\"https:\/\/hudo.com\/si\/aktualno\/voditelji-na-dunaju-o-zasciti-zunanje-evropske-meje\/\"},\"wordCount\":165,\"publisher\":{\"@id\":\"https:\/\/hudo.com\/si\/#organization\"},\"articleSection\":[\"Aktualno\"],\"inLanguage\":\"sl-SI\"},{\"@type\":\"WebPage\",\"@id\":\"https:\/\/hudo.com\/si\/aktualno\/voditelji-na-dunaju-o-zasciti-zunanje-evropske-meje\/\",\"url\":\"https:\/\/hudo.com\/si\/aktualno\/voditelji-na-dunaju-o-zasciti-zunanje-evropske-meje\/\",\"name\":\"Voditelji na Dunaju o za\u0161\u010diti zunanje evropske meje - Hudo Slovenija\",\"isPartOf\":{\"@id\":\"https:\/\/hudo.com\/si\/#website\"},\"datePublished\":\"2016-09-24T11:35:00+00:00\",\"dateModified\":\"2016-09-24T11:35:00+00:00\",\"breadcrumb\":{\"@id\":\"https:\/\/hudo.com\/si\/aktualno\/voditelji-na-dunaju-o-zasciti-zunanje-evropske-meje\/#breadcrumb\"},\"inLanguage\":\"sl-SI\",\"potentialAction\":[{\"@type\":\"ReadAction\",\"target\":[\"https:\/\/hudo.com\/si\/aktualno\/voditelji-na-dunaju-o-zasciti-zunanje-evropske-meje\/\"]}]},{\"@type\":\"BreadcrumbList\",\"@id\":\"https:\/\/hudo.com\/si\/aktualno\/voditelji-na-dunaju-o-zasciti-zunanje-evropske-meje\/#breadcrumb\",\"itemListElement\":[{\"@type\":\"ListItem\",\"position\":1,\"name\":\"Home\",\"item\":\"https:\/\/hudo.com\/si\/\"},{\"@type\":\"ListItem\",\"position\":2,\"name\":\"Voditelji na Dunaju o za\u0161\u010diti zunanje evropske meje\"}]},{\"@type\":\"WebSite\",\"@id\":\"https:\/\/hudo.com\/si\/#website\",\"url\":\"https:\/\/hudo.com\/si\/\",\"name\":\"Hudo Slovenija\",\"description\":\"Vse novice iz Slovenije in sveta\",\"publisher\":{\"@id\":\"https:\/\/hudo.com\/si\/#organization\"},\"potentialAction\":[{\"@type\":\"SearchAction\",\"target\":{\"@type\":\"EntryPoint\",\"urlTemplate\":\"https:\/\/hudo.com\/si\/?s={search_term_string}\"},\"query-input\":\"required name=search_term_string\"}],\"inLanguage\":\"sl-SI\"},{\"@type\":\"Organization\",\"@id\":\"https:\/\/hudo.com\/si\/#organization\",\"name\":\"VSN Media\",\"url\":\"https:\/\/hudo.com\/si\/\",\"logo\":{\"@type\":\"ImageObject\",\"inLanguage\":\"sl-SI\",\"@id\":\"https:\/\/hudo.com\/si\/#\/schema\/logo\/image\/\",\"url\":\"https:\/\/hudo.com\/si\/wp-content\/uploads\/sites\/2\/2021\/03\/hudo-app-2.png\",\"contentUrl\":\"https:\/\/hudo.com\/si\/wp-content\/uploads\/sites\/2\/2021\/03\/hudo-app-2.png\",\"width\":2185,\"height\":2167,\"caption\":\"VSN Media\"},\"image\":{\"@id\":\"https:\/\/hudo.com\/si\/#\/schema\/logo\/image\/\"},\"sameAs\":[\"https:\/\/www.facebook.com\/hudo.si\",\"https:\/\/twitter.com\/hudo_si\"]},{\"@type\":\"Person\",\"@id\":\"https:\/\/hudo.com\/si\/#\/schema\/person\/601cf3379633985b20f7e50f2bb47707\",\"name\":\"hudo\",\"image\":{\"@type\":\"ImageObject\",\"inLanguage\":\"sl-SI\",\"@id\":\"https:\/\/hudo.com\/si\/#\/schema\/person\/image\/\",\"url\":\"https:\/\/secure.gravatar.com\/avatar\/c4ca25fa72cace7a696b52ff5db9e095?s=96&d=mm&r=g\",\"contentUrl\":\"https:\/\/secure.gravatar.com\/avatar\/c4ca25fa72cace7a696b52ff5db9e095?s=96&d=mm&r=g\",\"caption\":\"hudo\"},\"url\":\"https:\/\/hudo.com\/si\/author\/hudo\/\"}]}<\/script>\n<!-- \/ Yoast SEO plugin. -->","yoast_head_json":{"title":"Voditelji na Dunaju o za\u0161\u010diti zunanje evropske meje - Hudo Slovenija","robots":{"index":"index","follow":"follow","max-snippet":"max-snippet:-1","max-image-preview":"max-image-preview:large","max-video-preview":"max-video-preview:-1"},"canonical":"https:\/\/hudo.com\/si\/aktualno\/voditelji-na-dunaju-o-zasciti-zunanje-evropske-meje\/","og_locale":"sl_SI","og_type":"article","og_title":"Voditelji na Dunaju o za\u0161\u010diti zunanje evropske meje - Hudo Slovenija","og_description":"Kategorija: Evropa Sat, 24 Sep 2016 15:35:00 +0200 Dunaj - Na Dunaju se je za\u010del vrh dr\u017eav ob balkanski migracijski poti, ki se ga udele\u017euje tudi slovenski premier Miro Cerar. Vrh je zdru\u017eil voditelje 11 evropskih dr\u017eav ter visoke predstavnike EU, med katerimi pa ni predsednika Evropske komisije Jean-Claudea Juncerja. K avstrijskemu kanclerju Christianu Kernu so ob Cerarju pri\u0161li tudi nem\u0161ka kanclerka Angela Merkel ter predsedniki vlad Gr\u010dije, Makedonije, Srbije, Hrva\u0161ke, Albanije, Mad\u017earske ter Bolgarije, Romunijo pa zastopa notranji minister. Pridru\u017eila sta se jim tudi evropski komisar za migracije Dimitris Avramopulos ter predsednik Evropskega sveta Donald Tusk. V sredi\u0161\u010du pogovorov bodo mo\u017ene re\u0161itve za bolj\u0161o za\u0161\u010dito zunanje evropske meje ter ocena stanja na marca zaprti balkanski migracijski poti. \u00bbPrakti\u010dno in politi\u010dno moramo zagotoviti, da bo zahodnobalkanska pot za nezakonite migracije zaprta za vedno,\u00ab je pred za\u010detkom sre\u010danja poudaril Tusk. Po besedah\u00a0...","og_url":"https:\/\/hudo.com\/si\/aktualno\/voditelji-na-dunaju-o-zasciti-zunanje-evropske-meje\/","og_site_name":"Hudo Slovenija","article_publisher":"https:\/\/www.facebook.com\/hudo.si","article_published_time":"2016-09-24T11:35:00+00:00","og_image":[{"width":480,"height":290,"url":"https:\/\/hudo.com\/si\/wp-content\/uploads\/sites\/2\/2016\/09\/480x290_AFP_Photo-20160924131730-65564100.jpeg","type":"image\/jpeg"}],"author":"hudo","twitter_card":"summary_large_image","twitter_creator":"@hudo_si","twitter_site":"@hudo_si","twitter_misc":{"Written by":"hudo","Est. reading time":"1 minuta"},"schema":{"@context":"https:\/\/schema.org","@graph":[{"@type":"Article","@id":"https:\/\/hudo.com\/si\/aktualno\/voditelji-na-dunaju-o-zasciti-zunanje-evropske-meje\/#article","isPartOf":{"@id":"https:\/\/hudo.com\/si\/aktualno\/voditelji-na-dunaju-o-zasciti-zunanje-evropske-meje\/"},"author":{"name":"hudo","@id":"https:\/\/hudo.com\/si\/#\/schema\/person\/601cf3379633985b20f7e50f2bb47707"},"headline":"Voditelji na Dunaju o za\u0161\u010diti zunanje evropske meje","datePublished":"2016-09-24T11:35:00+00:00","dateModified":"2016-09-24T11:35:00+00:00","mainEntityOfPage":{"@id":"https:\/\/hudo.com\/si\/aktualno\/voditelji-na-dunaju-o-zasciti-zunanje-evropske-meje\/"},"wordCount":165,"publisher":{"@id":"https:\/\/hudo.com\/si\/#organization"},"articleSection":["Aktualno"],"inLanguage":"sl-SI"},{"@type":"WebPage","@id":"https:\/\/hudo.com\/si\/aktualno\/voditelji-na-dunaju-o-zasciti-zunanje-evropske-meje\/","url":"https:\/\/hudo.com\/si\/aktualno\/voditelji-na-dunaju-o-zasciti-zunanje-evropske-meje\/","name":"Voditelji na Dunaju o za\u0161\u010diti zunanje evropske meje - Hudo Slovenija","isPartOf":{"@id":"https:\/\/hudo.com\/si\/#website"},"datePublished":"2016-09-24T11:35:00+00:00","dateModified":"2016-09-24T11:35:00+00:00","breadcrumb":{"@id":"https:\/\/hudo.com\/si\/aktualno\/voditelji-na-dunaju-o-zasciti-zunanje-evropske-meje\/#breadcrumb"},"inLanguage":"sl-SI","potentialAction":[{"@type":"ReadAction","target":["https:\/\/hudo.com\/si\/aktualno\/voditelji-na-dunaju-o-zasciti-zunanje-evropske-meje\/"]}]},{"@type":"BreadcrumbList","@id":"https:\/\/hudo.com\/si\/aktualno\/voditelji-na-dunaju-o-zasciti-zunanje-evropske-meje\/#breadcrumb","itemListElement":[{"@type":"ListItem","position":1,"name":"Home","item":"https:\/\/hudo.com\/si\/"},{"@type":"ListItem","position":2,"name":"Voditelji na Dunaju o za\u0161\u010diti zunanje evropske meje"}]},{"@type":"WebSite","@id":"https:\/\/hudo.com\/si\/#website","url":"https:\/\/hudo.com\/si\/","name":"Hudo Slovenija","description":"Vse novice iz Slovenije in sveta","publisher":{"@id":"https:\/\/hudo.com\/si\/#organization"},"potentialAction":[{"@type":"SearchAction","target":{"@type":"EntryPoint","urlTemplate":"https:\/\/hudo.com\/si\/?s={search_term_string}"},"query-input":"required name=search_term_string"}],"inLanguage":"sl-SI"},{"@type":"Organization","@id":"https:\/\/hudo.com\/si\/#organization","name":"VSN Media","url":"https:\/\/hudo.com\/si\/","logo":{"@type":"ImageObject","inLanguage":"sl-SI","@id":"https:\/\/hudo.com\/si\/#\/schema\/logo\/image\/","url":"https:\/\/hudo.com\/si\/wp-content\/uploads\/sites\/2\/2021\/03\/hudo-app-2.png","contentUrl":"https:\/\/hudo.com\/si\/wp-content\/uploads\/sites\/2\/2021\/03\/hudo-app-2.png","width":2185,"height":2167,"caption":"VSN Media"},"image":{"@id":"https:\/\/hudo.com\/si\/#\/schema\/logo\/image\/"},"sameAs":["https:\/\/www.facebook.com\/hudo.si","https:\/\/twitter.com\/hudo_si"]},{"@type":"Person","@id":"https:\/\/hudo.com\/si\/#\/schema\/person\/601cf3379633985b20f7e50f2bb47707","name":"hudo","image":{"@type":"ImageObject","inLanguage":"sl-SI","@id":"https:\/\/hudo.com\/si\/#\/schema\/person\/image\/","url":"https:\/\/secure.gravatar.com\/avatar\/c4ca25fa72cace7a696b52ff5db9e095?s=96&d=mm&r=g","contentUrl":"https:\/\/secure.gravatar.com\/avatar\/c4ca25fa72cace7a696b52ff5db9e095?s=96&d=mm&r=g","caption":"hudo"},"url":"https:\/\/hudo.com\/si\/author\/hudo\/"}]}},"amp_enabled":true,"_links":{"self":[{"href":"https:\/\/hudo.com\/si\/wp-json\/wp\/v2\/posts\/139848"}],"collection":[{"href":"https:\/\/hudo.com\/si\/wp-json\/wp\/v2\/posts"}],"about":[{"href":"https:\/\/hudo.com\/si\/wp-json\/wp\/v2\/types\/post"}],"author":[{"embeddable":true,"href":"https:\/\/hudo.com\/si\/wp-json\/wp\/v2\/users\/1"}],"replies":[{"embeddable":true,"href":"https:\/\/hudo.com\/si\/wp-json\/wp\/v2\/comments?post=139848"}],"version-history":[{"count":0,"href":"https:\/\/hudo.com\/si\/wp-json\/wp\/v2\/posts\/139848\/revisions"}],"wp:attachment":[{"href":"https:\/\/hudo.com\/si\/wp-json\/wp\/v2\/media?parent=139848"}],"wp:term":[{"taxonomy":"category","embeddable":true,"href":"https:\/\/hudo.com\/si\/wp-json\/wp\/v2\/categories?post=139848"},{"taxonomy":"post_tag","embeddable":true,"href":"https:\/\/hudo.com\/si\/wp-json\/wp\/v2\/tags?post=139848"},{"taxonomy":"source","embeddable":true,"href":"https:\/\/hudo.com\/si\/wp-json\/wp\/v2\/source?post=139848"},{"taxonomy":"supertag","embeddable":true,"href":"https:\/\/hudo.com\/si\/wp-json\/wp\/v2\/supertag?post=139848"}],"curies":[{"name":"wp","href":"https:\/\/api.w.org\/{rel}","templated":true}]}}