{"id":139852,"date":"2016-09-24T13:00:00","date_gmt":"2016-09-24T11:00:00","guid":{"rendered":"http:\/\/hudo.com\/si\/2016\/09\/24\/po-podvigu-z-risi-v-boj-za-finale\/"},"modified":"2016-09-24T13:00:00","modified_gmt":"2016-09-24T11:00:00","slug":"po-podvigu-z-risi-v-boj-za-finale","status":"publish","type":"post","link":"https:\/\/hudo.com\/si\/aktualno\/po-podvigu-z-risi-v-boj-za-finale\/","title":{"rendered":"Po podvigu z risi v boj za finale"},"content":{"rendered":"<p>Kategorija: Hokej Sat, 24 Sep 2016 15:00:00 +0200  Toronto \u2013 Le redko \u017ee v septembrskih dneh hokej v svoji domovini do\u017eivi prav posebno pozornost. A tako je zdaj, ko Kanada \u017eivi za veliki polfinalni dvoboj svetovnega pokala z Rusijo. Med izbrano \u010detverico pa je tudi evropska selekcija z na\u0161im An\u017eetom Kopitarjem, pred katero bo jutri zve\u010der, ob 19. uri, izziv uvrstitve v finale proti mo\u010dni \u0160vedski.Ni nikakr\u0161na skrivnost, da prvi\u010d skupaj zbrane selekcije evropskih de\u017eel (po \u0161est Nemcev in Slovakov, \u0161tirje \u0160vicarji, trije Danci, po en Avstrijec, Francoz, Danec in Slovenec) niti med stroko niti v \u0161ir\u0161ih krogih ljubiteljev hokeja niso \u0161teli v krogu tistih mo\u0161tev, ki bi lahko nastopilo v kon\u010dnici svetovnega pokala, po 12 letih o\u017eivljenega tekmovanja s \u0161tevilnimi zvezdniki iz NHL. Morda gre celo za najmo\u010dnej\u0161e reprezentan\u010dno merjenje mo\u010di za naslednje \u0161tiri leta, novi svetovni\u00a0&#8230;<\/p>\n","protected":false},"excerpt":{"rendered":"<p>Kategorija: Hokej Sat, 24 Sep 2016 15:00:00 +0200  Toronto \u2013 Le redko \u017ee v septembrskih dneh hokej v svoji domovini do\u017eivi prav posebno pozornost. A tako je zdaj, ko Kanada \u017eivi za veliki polfinalni dvoboj svetovnega pokala z Rusijo. Med izbrano \u010detverico pa je tudi evropska selekcija z na\u0161im An\u017eetom Kopitarjem, pred katero bo jutri zve\u010der, ob 19. uri, izziv uvrstitve v finale proti mo\u010dni \u0160vedski.Ni nikakr\u0161na skrivnost, da prvi\u010d skupaj zbrane selekcije evropskih de\u017eel (po \u0161est Nemcev in Slovakov, \u0161tirje \u0160vicarji, trije Danci, po en Avstrijec, Francoz, Danec in Slovenec) niti med stroko niti v \u0161ir\u0161ih krogih ljubiteljev hokeja niso \u0161teli v krogu tistih mo\u0161tev, ki bi lahko nastopilo v kon\u010dnici svetovnega pokala, po 12 letih o\u017eivljenega tekmovanja s \u0161tevilnimi zvezdniki iz NHL. Morda gre celo za najmo\u010dnej\u0161e reprezentan\u010dno merjenje mo\u010di za naslednje \u0161tiri leta, novi svetovni\u00a0&#8230;<\/p>\n","protected":false},"author":1,"featured_media":0,"comment_status":"closed","ping_status":"closed","sticky":false,"template":"","format":"standard","meta":{"footnotes":""},"categories":[1179],"tags":[],"source":[1703],"supertag":[],"acf":[],"yoast_head":"<!-- This site is optimized with the Yoast SEO plugin v21.3 - https:\/\/yoast.com\/wordpress\/plugins\/seo\/ -->\n<title>Po podvigu z risi v boj za finale - Hudo Slovenija<\/title>\n<meta name=\"robots\" content=\"index, follow, max-snippet:-1, max-image-preview:large, max-video-preview:-1\" \/>\n<link rel=\"canonical\" href=\"https:\/\/hudo.com\/si\/aktualno\/po-podvigu-z-risi-v-boj-za-finale\/\" \/>\n<meta property=\"og:locale\" content=\"sl_SI\" \/>\n<meta property=\"og:type\" content=\"article\" \/>\n<meta property=\"og:title\" content=\"Po podvigu z risi v boj za finale - Hudo Slovenija\" \/>\n<meta property=\"og:description\" content=\"Kategorija: Hokej Sat, 24 Sep 2016 15:00:00 +0200 Toronto \u2013 Le redko \u017ee v septembrskih dneh hokej v svoji domovini do\u017eivi prav posebno pozornost. A tako je zdaj, ko Kanada \u017eivi za veliki polfinalni dvoboj svetovnega pokala z Rusijo. Med izbrano \u010detverico pa je tudi evropska selekcija z na\u0161im An\u017eetom Kopitarjem, pred katero bo jutri zve\u010der, ob 19. uri, izziv uvrstitve v finale proti mo\u010dni \u0160vedski.Ni nikakr\u0161na skrivnost, da prvi\u010d skupaj zbrane selekcije evropskih de\u017eel (po \u0161est Nemcev in Slovakov, \u0161tirje \u0160vicarji, trije Danci, po en Avstrijec, Francoz, Danec in Slovenec) niti med stroko niti v \u0161ir\u0161ih krogih ljubiteljev hokeja niso \u0161teli v krogu tistih mo\u0161tev, ki bi lahko nastopilo v kon\u010dnici svetovnega pokala, po 12 letih o\u017eivljenega tekmovanja s \u0161tevilnimi zvezdniki iz NHL. Morda gre celo za najmo\u010dnej\u0161e reprezentan\u010dno merjenje mo\u010di za naslednje \u0161tiri leta, novi svetovni\u00a0...\" \/>\n<meta property=\"og:url\" content=\"https:\/\/hudo.com\/si\/aktualno\/po-podvigu-z-risi-v-boj-za-finale\/\" \/>\n<meta property=\"og:site_name\" content=\"Hudo Slovenija\" \/>\n<meta property=\"article:publisher\" content=\"https:\/\/www.facebook.com\/hudo.si\" \/>\n<meta property=\"article:published_time\" content=\"2016-09-24T11:00:00+00:00\" \/>\n<meta property=\"og:image\" content=\"https:\/\/hudo.com\/si\/wp-content\/uploads\/sites\/2\/2016\/09\/480x290_Sport__AFP_Photo_2016092204_hires0.jpeg\" \/>\n\t<meta property=\"og:image:width\" content=\"480\" \/>\n\t<meta property=\"og:image:height\" content=\"290\" \/>\n\t<meta property=\"og:image:type\" content=\"image\/jpeg\" \/>\n<meta name=\"author\" content=\"hudo\" \/>\n<meta name=\"twitter:card\" content=\"summary_large_image\" \/>\n<meta name=\"twitter:creator\" content=\"@hudo_si\" \/>\n<meta name=\"twitter:site\" content=\"@hudo_si\" \/>\n<meta name=\"twitter:label1\" content=\"Written by\" \/>\n\t<meta name=\"twitter:data1\" content=\"hudo\" \/>\n\t<meta name=\"twitter:label2\" content=\"Est. reading time\" \/>\n\t<meta name=\"twitter:data2\" content=\"1 minuta\" \/>\n<script type=\"application\/ld+json\" class=\"yoast-schema-graph\">{\"@context\":\"https:\/\/schema.org\",\"@graph\":[{\"@type\":\"Article\",\"@id\":\"https:\/\/hudo.com\/si\/aktualno\/po-podvigu-z-risi-v-boj-za-finale\/#article\",\"isPartOf\":{\"@id\":\"https:\/\/hudo.com\/si\/aktualno\/po-podvigu-z-risi-v-boj-za-finale\/\"},\"author\":{\"name\":\"hudo\",\"@id\":\"https:\/\/hudo.com\/si\/#\/schema\/person\/601cf3379633985b20f7e50f2bb47707\"},\"headline\":\"Po podvigu z risi v boj za finale\",\"datePublished\":\"2016-09-24T11:00:00+00:00\",\"dateModified\":\"2016-09-24T11:00:00+00:00\",\"mainEntityOfPage\":{\"@id\":\"https:\/\/hudo.com\/si\/aktualno\/po-podvigu-z-risi-v-boj-za-finale\/\"},\"wordCount\":155,\"publisher\":{\"@id\":\"https:\/\/hudo.com\/si\/#organization\"},\"articleSection\":[\"Aktualno\"],\"inLanguage\":\"sl-SI\"},{\"@type\":\"WebPage\",\"@id\":\"https:\/\/hudo.com\/si\/aktualno\/po-podvigu-z-risi-v-boj-za-finale\/\",\"url\":\"https:\/\/hudo.com\/si\/aktualno\/po-podvigu-z-risi-v-boj-za-finale\/\",\"name\":\"Po podvigu z risi v boj za finale - Hudo Slovenija\",\"isPartOf\":{\"@id\":\"https:\/\/hudo.com\/si\/#website\"},\"datePublished\":\"2016-09-24T11:00:00+00:00\",\"dateModified\":\"2016-09-24T11:00:00+00:00\",\"breadcrumb\":{\"@id\":\"https:\/\/hudo.com\/si\/aktualno\/po-podvigu-z-risi-v-boj-za-finale\/#breadcrumb\"},\"inLanguage\":\"sl-SI\",\"potentialAction\":[{\"@type\":\"ReadAction\",\"target\":[\"https:\/\/hudo.com\/si\/aktualno\/po-podvigu-z-risi-v-boj-za-finale\/\"]}]},{\"@type\":\"BreadcrumbList\",\"@id\":\"https:\/\/hudo.com\/si\/aktualno\/po-podvigu-z-risi-v-boj-za-finale\/#breadcrumb\",\"itemListElement\":[{\"@type\":\"ListItem\",\"position\":1,\"name\":\"Home\",\"item\":\"https:\/\/hudo.com\/si\/\"},{\"@type\":\"ListItem\",\"position\":2,\"name\":\"Po podvigu z risi v boj za finale\"}]},{\"@type\":\"WebSite\",\"@id\":\"https:\/\/hudo.com\/si\/#website\",\"url\":\"https:\/\/hudo.com\/si\/\",\"name\":\"Hudo Slovenija\",\"description\":\"Vse novice iz Slovenije in sveta\",\"publisher\":{\"@id\":\"https:\/\/hudo.com\/si\/#organization\"},\"potentialAction\":[{\"@type\":\"SearchAction\",\"target\":{\"@type\":\"EntryPoint\",\"urlTemplate\":\"https:\/\/hudo.com\/si\/?s={search_term_string}\"},\"query-input\":\"required name=search_term_string\"}],\"inLanguage\":\"sl-SI\"},{\"@type\":\"Organization\",\"@id\":\"https:\/\/hudo.com\/si\/#organization\",\"name\":\"VSN Media\",\"url\":\"https:\/\/hudo.com\/si\/\",\"logo\":{\"@type\":\"ImageObject\",\"inLanguage\":\"sl-SI\",\"@id\":\"https:\/\/hudo.com\/si\/#\/schema\/logo\/image\/\",\"url\":\"https:\/\/hudo.com\/si\/wp-content\/uploads\/sites\/2\/2021\/03\/hudo-app-2.png\",\"contentUrl\":\"https:\/\/hudo.com\/si\/wp-content\/uploads\/sites\/2\/2021\/03\/hudo-app-2.png\",\"width\":2185,\"height\":2167,\"caption\":\"VSN Media\"},\"image\":{\"@id\":\"https:\/\/hudo.com\/si\/#\/schema\/logo\/image\/\"},\"sameAs\":[\"https:\/\/www.facebook.com\/hudo.si\",\"https:\/\/twitter.com\/hudo_si\"]},{\"@type\":\"Person\",\"@id\":\"https:\/\/hudo.com\/si\/#\/schema\/person\/601cf3379633985b20f7e50f2bb47707\",\"name\":\"hudo\",\"image\":{\"@type\":\"ImageObject\",\"inLanguage\":\"sl-SI\",\"@id\":\"https:\/\/hudo.com\/si\/#\/schema\/person\/image\/\",\"url\":\"https:\/\/secure.gravatar.com\/avatar\/c4ca25fa72cace7a696b52ff5db9e095?s=96&d=mm&r=g\",\"contentUrl\":\"https:\/\/secure.gravatar.com\/avatar\/c4ca25fa72cace7a696b52ff5db9e095?s=96&d=mm&r=g\",\"caption\":\"hudo\"},\"url\":\"https:\/\/hudo.com\/si\/author\/hudo\/\"}]}<\/script>\n<!-- \/ Yoast SEO plugin. -->","yoast_head_json":{"title":"Po podvigu z risi v boj za finale - Hudo Slovenija","robots":{"index":"index","follow":"follow","max-snippet":"max-snippet:-1","max-image-preview":"max-image-preview:large","max-video-preview":"max-video-preview:-1"},"canonical":"https:\/\/hudo.com\/si\/aktualno\/po-podvigu-z-risi-v-boj-za-finale\/","og_locale":"sl_SI","og_type":"article","og_title":"Po podvigu z risi v boj za finale - Hudo Slovenija","og_description":"Kategorija: Hokej Sat, 24 Sep 2016 15:00:00 +0200 Toronto \u2013 Le redko \u017ee v septembrskih dneh hokej v svoji domovini do\u017eivi prav posebno pozornost. A tako je zdaj, ko Kanada \u017eivi za veliki polfinalni dvoboj svetovnega pokala z Rusijo. Med izbrano \u010detverico pa je tudi evropska selekcija z na\u0161im An\u017eetom Kopitarjem, pred katero bo jutri zve\u010der, ob 19. uri, izziv uvrstitve v finale proti mo\u010dni \u0160vedski.Ni nikakr\u0161na skrivnost, da prvi\u010d skupaj zbrane selekcije evropskih de\u017eel (po \u0161est Nemcev in Slovakov, \u0161tirje \u0160vicarji, trije Danci, po en Avstrijec, Francoz, Danec in Slovenec) niti med stroko niti v \u0161ir\u0161ih krogih ljubiteljev hokeja niso \u0161teli v krogu tistih mo\u0161tev, ki bi lahko nastopilo v kon\u010dnici svetovnega pokala, po 12 letih o\u017eivljenega tekmovanja s \u0161tevilnimi zvezdniki iz NHL. Morda gre celo za najmo\u010dnej\u0161e reprezentan\u010dno merjenje mo\u010di za naslednje \u0161tiri leta, novi svetovni\u00a0...","og_url":"https:\/\/hudo.com\/si\/aktualno\/po-podvigu-z-risi-v-boj-za-finale\/","og_site_name":"Hudo Slovenija","article_publisher":"https:\/\/www.facebook.com\/hudo.si","article_published_time":"2016-09-24T11:00:00+00:00","og_image":[{"width":480,"height":290,"url":"https:\/\/hudo.com\/si\/wp-content\/uploads\/sites\/2\/2016\/09\/480x290_Sport__AFP_Photo_2016092204_hires0.jpeg","type":"image\/jpeg"}],"author":"hudo","twitter_card":"summary_large_image","twitter_creator":"@hudo_si","twitter_site":"@hudo_si","twitter_misc":{"Written by":"hudo","Est. reading time":"1 minuta"},"schema":{"@context":"https:\/\/schema.org","@graph":[{"@type":"Article","@id":"https:\/\/hudo.com\/si\/aktualno\/po-podvigu-z-risi-v-boj-za-finale\/#article","isPartOf":{"@id":"https:\/\/hudo.com\/si\/aktualno\/po-podvigu-z-risi-v-boj-za-finale\/"},"author":{"name":"hudo","@id":"https:\/\/hudo.com\/si\/#\/schema\/person\/601cf3379633985b20f7e50f2bb47707"},"headline":"Po podvigu z risi v boj za finale","datePublished":"2016-09-24T11:00:00+00:00","dateModified":"2016-09-24T11:00:00+00:00","mainEntityOfPage":{"@id":"https:\/\/hudo.com\/si\/aktualno\/po-podvigu-z-risi-v-boj-za-finale\/"},"wordCount":155,"publisher":{"@id":"https:\/\/hudo.com\/si\/#organization"},"articleSection":["Aktualno"],"inLanguage":"sl-SI"},{"@type":"WebPage","@id":"https:\/\/hudo.com\/si\/aktualno\/po-podvigu-z-risi-v-boj-za-finale\/","url":"https:\/\/hudo.com\/si\/aktualno\/po-podvigu-z-risi-v-boj-za-finale\/","name":"Po podvigu z risi v boj za finale - Hudo Slovenija","isPartOf":{"@id":"https:\/\/hudo.com\/si\/#website"},"datePublished":"2016-09-24T11:00:00+00:00","dateModified":"2016-09-24T11:00:00+00:00","breadcrumb":{"@id":"https:\/\/hudo.com\/si\/aktualno\/po-podvigu-z-risi-v-boj-za-finale\/#breadcrumb"},"inLanguage":"sl-SI","potentialAction":[{"@type":"ReadAction","target":["https:\/\/hudo.com\/si\/aktualno\/po-podvigu-z-risi-v-boj-za-finale\/"]}]},{"@type":"BreadcrumbList","@id":"https:\/\/hudo.com\/si\/aktualno\/po-podvigu-z-risi-v-boj-za-finale\/#breadcrumb","itemListElement":[{"@type":"ListItem","position":1,"name":"Home","item":"https:\/\/hudo.com\/si\/"},{"@type":"ListItem","position":2,"name":"Po podvigu z risi v boj za finale"}]},{"@type":"WebSite","@id":"https:\/\/hudo.com\/si\/#website","url":"https:\/\/hudo.com\/si\/","name":"Hudo Slovenija","description":"Vse novice iz Slovenije in sveta","publisher":{"@id":"https:\/\/hudo.com\/si\/#organization"},"potentialAction":[{"@type":"SearchAction","target":{"@type":"EntryPoint","urlTemplate":"https:\/\/hudo.com\/si\/?s={search_term_string}"},"query-input":"required name=search_term_string"}],"inLanguage":"sl-SI"},{"@type":"Organization","@id":"https:\/\/hudo.com\/si\/#organization","name":"VSN Media","url":"https:\/\/hudo.com\/si\/","logo":{"@type":"ImageObject","inLanguage":"sl-SI","@id":"https:\/\/hudo.com\/si\/#\/schema\/logo\/image\/","url":"https:\/\/hudo.com\/si\/wp-content\/uploads\/sites\/2\/2021\/03\/hudo-app-2.png","contentUrl":"https:\/\/hudo.com\/si\/wp-content\/uploads\/sites\/2\/2021\/03\/hudo-app-2.png","width":2185,"height":2167,"caption":"VSN Media"},"image":{"@id":"https:\/\/hudo.com\/si\/#\/schema\/logo\/image\/"},"sameAs":["https:\/\/www.facebook.com\/hudo.si","https:\/\/twitter.com\/hudo_si"]},{"@type":"Person","@id":"https:\/\/hudo.com\/si\/#\/schema\/person\/601cf3379633985b20f7e50f2bb47707","name":"hudo","image":{"@type":"ImageObject","inLanguage":"sl-SI","@id":"https:\/\/hudo.com\/si\/#\/schema\/person\/image\/","url":"https:\/\/secure.gravatar.com\/avatar\/c4ca25fa72cace7a696b52ff5db9e095?s=96&d=mm&r=g","contentUrl":"https:\/\/secure.gravatar.com\/avatar\/c4ca25fa72cace7a696b52ff5db9e095?s=96&d=mm&r=g","caption":"hudo"},"url":"https:\/\/hudo.com\/si\/author\/hudo\/"}]}},"amp_enabled":true,"_links":{"self":[{"href":"https:\/\/hudo.com\/si\/wp-json\/wp\/v2\/posts\/139852"}],"collection":[{"href":"https:\/\/hudo.com\/si\/wp-json\/wp\/v2\/posts"}],"about":[{"href":"https:\/\/hudo.com\/si\/wp-json\/wp\/v2\/types\/post"}],"author":[{"embeddable":true,"href":"https:\/\/hudo.com\/si\/wp-json\/wp\/v2\/users\/1"}],"replies":[{"embeddable":true,"href":"https:\/\/hudo.com\/si\/wp-json\/wp\/v2\/comments?post=139852"}],"version-history":[{"count":0,"href":"https:\/\/hudo.com\/si\/wp-json\/wp\/v2\/posts\/139852\/revisions"}],"wp:attachment":[{"href":"https:\/\/hudo.com\/si\/wp-json\/wp\/v2\/media?parent=139852"}],"wp:term":[{"taxonomy":"category","embeddable":true,"href":"https:\/\/hudo.com\/si\/wp-json\/wp\/v2\/categories?post=139852"},{"taxonomy":"post_tag","embeddable":true,"href":"https:\/\/hudo.com\/si\/wp-json\/wp\/v2\/tags?post=139852"},{"taxonomy":"source","embeddable":true,"href":"https:\/\/hudo.com\/si\/wp-json\/wp\/v2\/source?post=139852"},{"taxonomy":"supertag","embeddable":true,"href":"https:\/\/hudo.com\/si\/wp-json\/wp\/v2\/supertag?post=139852"}],"curies":[{"name":"wp","href":"https:\/\/api.w.org\/{rel}","templated":true}]}}