{"id":140544,"date":"2016-09-26T09:47:52","date_gmt":"2016-09-26T07:47:52","guid":{"rendered":"http:\/\/hudo.com\/si\/?p=140544"},"modified":"2016-09-26T09:49:33","modified_gmt":"2016-09-26T07:49:33","slug":"video-deklica-ki-je-mrtva-ze-300-let-nenadoma-odprla-oci","status":"publish","type":"post","link":"https:\/\/hudo.com\/si\/lifestyle\/video-deklica-ki-je-mrtva-ze-300-let-nenadoma-odprla-oci\/","title":{"rendered":"Video: Deklica, ki je mrtva \u017ee 300 let, nenadoma odprla o\u010di &#8230;"},"content":{"rendered":"<p>Umrla deklica je bila razgla\u0161ena za svetnico Santa Inocenciom, njeni ostanki pa so shranjeni v katedrali. <span id=\"result_box\" class=\"\" lang=\"sl\"><\/span><\/p>\n<p><span id=\"result_box\" class=\"\" lang=\"sl\"><span class=\"\">Video,<\/span> v katerem dekle domnevno odpre o\u010di, si je ogledalo \u017ee ve\u010d kot milijon ljudi.<\/span><\/p>\n<p>https:\/\/www.youtube.com\/watch?v=cvWeMVwvv7o<\/p>\n<p>&nbsp;<\/p>\n","protected":false},"excerpt":{"rendered":"<p>Turisti, ki so obiskali Guadalajara katedralo v Mehiki trdijo, da so ujeli in posneli trenutek, kjer deklica, ki je mrtva \u017ee 300 let, odpre o\u010di. Medtem, ko nekateri trdijo, da je to \u010dude\u017e, so drugi prepri\u010dani, da gre za prevaro oziroma monta\u017eo.<\/p>\n","protected":false},"author":6,"featured_media":140557,"comment_status":"closed","ping_status":"closed","sticky":false,"template":"","format":"standard","meta":{"footnotes":""},"categories":[1091],"tags":[],"source":[4511],"supertag":[],"acf":[],"yoast_head":"<!-- This site is optimized with the Yoast SEO plugin v21.3 - https:\/\/yoast.com\/wordpress\/plugins\/seo\/ -->\n<title>Video: Deklica, ki je mrtva \u017ee 300 let, nenadoma odprla o\u010di ... - Hudo Slovenija<\/title>\n<meta name=\"robots\" content=\"index, follow, max-snippet:-1, max-image-preview:large, max-video-preview:-1\" \/>\n<link rel=\"canonical\" href=\"https:\/\/hudo.com\/si\/lifestyle\/video-deklica-ki-je-mrtva-ze-300-let-nenadoma-odprla-oci\/\" \/>\n<meta property=\"og:locale\" content=\"sl_SI\" \/>\n<meta property=\"og:type\" content=\"article\" \/>\n<meta property=\"og:title\" content=\"Video: Deklica, ki je mrtva \u017ee 300 let, nenadoma odprla o\u010di ... - Hudo Slovenija\" \/>\n<meta property=\"og:description\" content=\"Turisti, ki so obiskali Guadalajara katedralo v Mehiki trdijo, da so ujeli in posneli trenutek, kjer deklica, ki je mrtva \u017ee 300 let, odpre o\u010di. Medtem, ko nekateri trdijo, da je to \u010dude\u017e, so drugi prepri\u010dani, da gre za prevaro oziroma monta\u017eo.\" \/>\n<meta property=\"og:url\" content=\"https:\/\/hudo.com\/si\/lifestyle\/video-deklica-ki-je-mrtva-ze-300-let-nenadoma-odprla-oci\/\" \/>\n<meta property=\"og:site_name\" content=\"Hudo Slovenija\" \/>\n<meta property=\"article:publisher\" content=\"https:\/\/www.facebook.com\/hudo.si\" \/>\n<meta property=\"article:published_time\" content=\"2016-09-26T07:47:52+00:00\" \/>\n<meta property=\"article:modified_time\" content=\"2016-09-26T07:49:33+00:00\" \/>\n<meta property=\"og:image\" content=\"https:\/\/hudo.com\/si\/wp-content\/uploads\/sites\/2\/2016\/09\/deklica.jpg\" \/>\n\t<meta property=\"og:image:width\" content=\"625\" \/>\n\t<meta property=\"og:image:height\" content=\"392\" \/>\n\t<meta property=\"og:image:type\" content=\"image\/jpeg\" \/>\n<meta name=\"author\" content=\"A. G.\" \/>\n<meta name=\"twitter:card\" content=\"summary_large_image\" \/>\n<meta name=\"twitter:creator\" content=\"@hudo_si\" \/>\n<meta name=\"twitter:site\" content=\"@hudo_si\" \/>\n<meta name=\"twitter:label1\" content=\"Written by\" \/>\n\t<meta name=\"twitter:data1\" content=\"A. G.\" \/>\n<script type=\"application\/ld+json\" class=\"yoast-schema-graph\">{\"@context\":\"https:\/\/schema.org\",\"@graph\":[{\"@type\":\"Article\",\"@id\":\"https:\/\/hudo.com\/si\/lifestyle\/video-deklica-ki-je-mrtva-ze-300-let-nenadoma-odprla-oci\/#article\",\"isPartOf\":{\"@id\":\"https:\/\/hudo.com\/si\/lifestyle\/video-deklica-ki-je-mrtva-ze-300-let-nenadoma-odprla-oci\/\"},\"author\":{\"name\":\"A. G.\",\"@id\":\"https:\/\/hudo.com\/si\/#\/schema\/person\/f95639a66e0dd2c682b0568634e85b8b\"},\"headline\":\"Video: Deklica, ki je mrtva \u017ee 300 let, nenadoma odprla o\u010di &#8230;\",\"datePublished\":\"2016-09-26T07:47:52+00:00\",\"dateModified\":\"2016-09-26T07:49:33+00:00\",\"mainEntityOfPage\":{\"@id\":\"https:\/\/hudo.com\/si\/lifestyle\/video-deklica-ki-je-mrtva-ze-300-let-nenadoma-odprla-oci\/\"},\"wordCount\":53,\"publisher\":{\"@id\":\"https:\/\/hudo.com\/si\/#organization\"},\"articleSection\":[\"Lifestyle\"],\"inLanguage\":\"sl-SI\"},{\"@type\":\"WebPage\",\"@id\":\"https:\/\/hudo.com\/si\/lifestyle\/video-deklica-ki-je-mrtva-ze-300-let-nenadoma-odprla-oci\/\",\"url\":\"https:\/\/hudo.com\/si\/lifestyle\/video-deklica-ki-je-mrtva-ze-300-let-nenadoma-odprla-oci\/\",\"name\":\"Video: Deklica, ki je mrtva \u017ee 300 let, nenadoma odprla o\u010di ... - Hudo Slovenija\",\"isPartOf\":{\"@id\":\"https:\/\/hudo.com\/si\/#website\"},\"datePublished\":\"2016-09-26T07:47:52+00:00\",\"dateModified\":\"2016-09-26T07:49:33+00:00\",\"breadcrumb\":{\"@id\":\"https:\/\/hudo.com\/si\/lifestyle\/video-deklica-ki-je-mrtva-ze-300-let-nenadoma-odprla-oci\/#breadcrumb\"},\"inLanguage\":\"sl-SI\",\"potentialAction\":[{\"@type\":\"ReadAction\",\"target\":[\"https:\/\/hudo.com\/si\/lifestyle\/video-deklica-ki-je-mrtva-ze-300-let-nenadoma-odprla-oci\/\"]}]},{\"@type\":\"BreadcrumbList\",\"@id\":\"https:\/\/hudo.com\/si\/lifestyle\/video-deklica-ki-je-mrtva-ze-300-let-nenadoma-odprla-oci\/#breadcrumb\",\"itemListElement\":[{\"@type\":\"ListItem\",\"position\":1,\"name\":\"Home\",\"item\":\"https:\/\/hudo.com\/si\/\"},{\"@type\":\"ListItem\",\"position\":2,\"name\":\"Video: Deklica, ki je mrtva \u017ee 300 let, nenadoma odprla o\u010di &#8230;\"}]},{\"@type\":\"WebSite\",\"@id\":\"https:\/\/hudo.com\/si\/#website\",\"url\":\"https:\/\/hudo.com\/si\/\",\"name\":\"Hudo Slovenija\",\"description\":\"Vse novice iz Slovenije in sveta\",\"publisher\":{\"@id\":\"https:\/\/hudo.com\/si\/#organization\"},\"potentialAction\":[{\"@type\":\"SearchAction\",\"target\":{\"@type\":\"EntryPoint\",\"urlTemplate\":\"https:\/\/hudo.com\/si\/?s={search_term_string}\"},\"query-input\":\"required name=search_term_string\"}],\"inLanguage\":\"sl-SI\"},{\"@type\":\"Organization\",\"@id\":\"https:\/\/hudo.com\/si\/#organization\",\"name\":\"VSN Media\",\"url\":\"https:\/\/hudo.com\/si\/\",\"logo\":{\"@type\":\"ImageObject\",\"inLanguage\":\"sl-SI\",\"@id\":\"https:\/\/hudo.com\/si\/#\/schema\/logo\/image\/\",\"url\":\"https:\/\/hudo.com\/si\/wp-content\/uploads\/sites\/2\/2021\/03\/hudo-app-2.png\",\"contentUrl\":\"https:\/\/hudo.com\/si\/wp-content\/uploads\/sites\/2\/2021\/03\/hudo-app-2.png\",\"width\":2185,\"height\":2167,\"caption\":\"VSN Media\"},\"image\":{\"@id\":\"https:\/\/hudo.com\/si\/#\/schema\/logo\/image\/\"},\"sameAs\":[\"https:\/\/www.facebook.com\/hudo.si\",\"https:\/\/twitter.com\/hudo_si\"]},{\"@type\":\"Person\",\"@id\":\"https:\/\/hudo.com\/si\/#\/schema\/person\/f95639a66e0dd2c682b0568634e85b8b\",\"name\":\"A. G.\",\"image\":{\"@type\":\"ImageObject\",\"inLanguage\":\"sl-SI\",\"@id\":\"https:\/\/hudo.com\/si\/#\/schema\/person\/image\/\",\"url\":\"https:\/\/secure.gravatar.com\/avatar\/9f44de561c70d5d80348d3ed0f4b142d?s=96&d=mm&r=g\",\"contentUrl\":\"https:\/\/secure.gravatar.com\/avatar\/9f44de561c70d5d80348d3ed0f4b142d?s=96&d=mm&r=g\",\"caption\":\"A. G.\"},\"url\":\"https:\/\/hudo.com\/si\/author\/alenkagrmek\/\"}]}<\/script>\n<!-- \/ Yoast SEO plugin. -->","yoast_head_json":{"title":"Video: Deklica, ki je mrtva \u017ee 300 let, nenadoma odprla o\u010di ... - Hudo Slovenija","robots":{"index":"index","follow":"follow","max-snippet":"max-snippet:-1","max-image-preview":"max-image-preview:large","max-video-preview":"max-video-preview:-1"},"canonical":"https:\/\/hudo.com\/si\/lifestyle\/video-deklica-ki-je-mrtva-ze-300-let-nenadoma-odprla-oci\/","og_locale":"sl_SI","og_type":"article","og_title":"Video: Deklica, ki je mrtva \u017ee 300 let, nenadoma odprla o\u010di ... - Hudo Slovenija","og_description":"Turisti, ki so obiskali Guadalajara katedralo v Mehiki trdijo, da so ujeli in posneli trenutek, kjer deklica, ki je mrtva \u017ee 300 let, odpre o\u010di. Medtem, ko nekateri trdijo, da je to \u010dude\u017e, so drugi prepri\u010dani, da gre za prevaro oziroma monta\u017eo.","og_url":"https:\/\/hudo.com\/si\/lifestyle\/video-deklica-ki-je-mrtva-ze-300-let-nenadoma-odprla-oci\/","og_site_name":"Hudo Slovenija","article_publisher":"https:\/\/www.facebook.com\/hudo.si","article_published_time":"2016-09-26T07:47:52+00:00","article_modified_time":"2016-09-26T07:49:33+00:00","og_image":[{"width":625,"height":392,"url":"https:\/\/hudo.com\/si\/wp-content\/uploads\/sites\/2\/2016\/09\/deklica.jpg","type":"image\/jpeg"}],"author":"A. G.","twitter_card":"summary_large_image","twitter_creator":"@hudo_si","twitter_site":"@hudo_si","twitter_misc":{"Written by":"A. G."},"schema":{"@context":"https:\/\/schema.org","@graph":[{"@type":"Article","@id":"https:\/\/hudo.com\/si\/lifestyle\/video-deklica-ki-je-mrtva-ze-300-let-nenadoma-odprla-oci\/#article","isPartOf":{"@id":"https:\/\/hudo.com\/si\/lifestyle\/video-deklica-ki-je-mrtva-ze-300-let-nenadoma-odprla-oci\/"},"author":{"name":"A. G.","@id":"https:\/\/hudo.com\/si\/#\/schema\/person\/f95639a66e0dd2c682b0568634e85b8b"},"headline":"Video: Deklica, ki je mrtva \u017ee 300 let, nenadoma odprla o\u010di &#8230;","datePublished":"2016-09-26T07:47:52+00:00","dateModified":"2016-09-26T07:49:33+00:00","mainEntityOfPage":{"@id":"https:\/\/hudo.com\/si\/lifestyle\/video-deklica-ki-je-mrtva-ze-300-let-nenadoma-odprla-oci\/"},"wordCount":53,"publisher":{"@id":"https:\/\/hudo.com\/si\/#organization"},"articleSection":["Lifestyle"],"inLanguage":"sl-SI"},{"@type":"WebPage","@id":"https:\/\/hudo.com\/si\/lifestyle\/video-deklica-ki-je-mrtva-ze-300-let-nenadoma-odprla-oci\/","url":"https:\/\/hudo.com\/si\/lifestyle\/video-deklica-ki-je-mrtva-ze-300-let-nenadoma-odprla-oci\/","name":"Video: Deklica, ki je mrtva \u017ee 300 let, nenadoma odprla o\u010di ... - Hudo Slovenija","isPartOf":{"@id":"https:\/\/hudo.com\/si\/#website"},"datePublished":"2016-09-26T07:47:52+00:00","dateModified":"2016-09-26T07:49:33+00:00","breadcrumb":{"@id":"https:\/\/hudo.com\/si\/lifestyle\/video-deklica-ki-je-mrtva-ze-300-let-nenadoma-odprla-oci\/#breadcrumb"},"inLanguage":"sl-SI","potentialAction":[{"@type":"ReadAction","target":["https:\/\/hudo.com\/si\/lifestyle\/video-deklica-ki-je-mrtva-ze-300-let-nenadoma-odprla-oci\/"]}]},{"@type":"BreadcrumbList","@id":"https:\/\/hudo.com\/si\/lifestyle\/video-deklica-ki-je-mrtva-ze-300-let-nenadoma-odprla-oci\/#breadcrumb","itemListElement":[{"@type":"ListItem","position":1,"name":"Home","item":"https:\/\/hudo.com\/si\/"},{"@type":"ListItem","position":2,"name":"Video: Deklica, ki je mrtva \u017ee 300 let, nenadoma odprla o\u010di &#8230;"}]},{"@type":"WebSite","@id":"https:\/\/hudo.com\/si\/#website","url":"https:\/\/hudo.com\/si\/","name":"Hudo Slovenija","description":"Vse novice iz Slovenije in sveta","publisher":{"@id":"https:\/\/hudo.com\/si\/#organization"},"potentialAction":[{"@type":"SearchAction","target":{"@type":"EntryPoint","urlTemplate":"https:\/\/hudo.com\/si\/?s={search_term_string}"},"query-input":"required name=search_term_string"}],"inLanguage":"sl-SI"},{"@type":"Organization","@id":"https:\/\/hudo.com\/si\/#organization","name":"VSN Media","url":"https:\/\/hudo.com\/si\/","logo":{"@type":"ImageObject","inLanguage":"sl-SI","@id":"https:\/\/hudo.com\/si\/#\/schema\/logo\/image\/","url":"https:\/\/hudo.com\/si\/wp-content\/uploads\/sites\/2\/2021\/03\/hudo-app-2.png","contentUrl":"https:\/\/hudo.com\/si\/wp-content\/uploads\/sites\/2\/2021\/03\/hudo-app-2.png","width":2185,"height":2167,"caption":"VSN Media"},"image":{"@id":"https:\/\/hudo.com\/si\/#\/schema\/logo\/image\/"},"sameAs":["https:\/\/www.facebook.com\/hudo.si","https:\/\/twitter.com\/hudo_si"]},{"@type":"Person","@id":"https:\/\/hudo.com\/si\/#\/schema\/person\/f95639a66e0dd2c682b0568634e85b8b","name":"A. G.","image":{"@type":"ImageObject","inLanguage":"sl-SI","@id":"https:\/\/hudo.com\/si\/#\/schema\/person\/image\/","url":"https:\/\/secure.gravatar.com\/avatar\/9f44de561c70d5d80348d3ed0f4b142d?s=96&d=mm&r=g","contentUrl":"https:\/\/secure.gravatar.com\/avatar\/9f44de561c70d5d80348d3ed0f4b142d?s=96&d=mm&r=g","caption":"A. G."},"url":"https:\/\/hudo.com\/si\/author\/alenkagrmek\/"}]}},"amp_enabled":true,"_links":{"self":[{"href":"https:\/\/hudo.com\/si\/wp-json\/wp\/v2\/posts\/140544"}],"collection":[{"href":"https:\/\/hudo.com\/si\/wp-json\/wp\/v2\/posts"}],"about":[{"href":"https:\/\/hudo.com\/si\/wp-json\/wp\/v2\/types\/post"}],"author":[{"embeddable":true,"href":"https:\/\/hudo.com\/si\/wp-json\/wp\/v2\/users\/6"}],"replies":[{"embeddable":true,"href":"https:\/\/hudo.com\/si\/wp-json\/wp\/v2\/comments?post=140544"}],"version-history":[{"count":3,"href":"https:\/\/hudo.com\/si\/wp-json\/wp\/v2\/posts\/140544\/revisions"}],"predecessor-version":[{"id":140555,"href":"https:\/\/hudo.com\/si\/wp-json\/wp\/v2\/posts\/140544\/revisions\/140555"}],"wp:featuredmedia":[{"embeddable":true,"href":"https:\/\/hudo.com\/si\/wp-json\/wp\/v2\/media\/140557"}],"wp:attachment":[{"href":"https:\/\/hudo.com\/si\/wp-json\/wp\/v2\/media?parent=140544"}],"wp:term":[{"taxonomy":"category","embeddable":true,"href":"https:\/\/hudo.com\/si\/wp-json\/wp\/v2\/categories?post=140544"},{"taxonomy":"post_tag","embeddable":true,"href":"https:\/\/hudo.com\/si\/wp-json\/wp\/v2\/tags?post=140544"},{"taxonomy":"source","embeddable":true,"href":"https:\/\/hudo.com\/si\/wp-json\/wp\/v2\/source?post=140544"},{"taxonomy":"supertag","embeddable":true,"href":"https:\/\/hudo.com\/si\/wp-json\/wp\/v2\/supertag?post=140544"}],"curies":[{"name":"wp","href":"https:\/\/api.w.org\/{rel}","templated":true}]}}