{"id":142326,"date":"2016-09-28T15:02:47","date_gmt":"2016-09-28T13:02:47","guid":{"rendered":"http:\/\/hudo.com\/si\/?p=142326"},"modified":"2016-09-28T15:02:47","modified_gmt":"2016-09-28T13:02:47","slug":"v-nsi-bi-konstruktivno-nezaupnico-podprli-le-ce-bi-v-sds-nasli-primernega-kandidata-za-mandatarja","status":"publish","type":"post","link":"https:\/\/hudo.com\/si\/aktualno\/v-nsi-bi-konstruktivno-nezaupnico-podprli-le-ce-bi-v-sds-nasli-primernega-kandidata-za-mandatarja\/","title":{"rendered":"V Nsi bi konstruktivno nezaupnico podprli le, \u010de bi v SDS na\u0161li primernega kandidata za mandatarja"},"content":{"rendered":"<p>V Bre\u017eicah bo namre\u010d 12. novembra volilni kongres NSi. Kot je Novakova pojasnila v dana\u0161nji izjavi za javnost, se je po posvetu \u0161ir\u0161ega vodstva stranke odlo\u010dila, da bo znova kandidirala za predsedni\u0161ki polo\u017eaj v stranki. Po oceni vodstva gre namre\u010d NSi v pravo smer, zato je sprejela kandidaturo in se odlo\u010dila, da popelje stranko na naslednje volitve.<\/p>\n<p>Protikandidata za zdaj nima, je pa pa po njenih besedah postopek \u0161e vedno odprt in lahko kandidira \u0161e kdo. &#8220;Potem bo kongres \u0161e toliko bolj zanimiv,&#8221; je dodala.<\/p>\n<p>Glede interpelacije, ki so jo o delu vlade vlo\u017eili v SDS, pa Novakova pravi, da bodo vsekakor sodelovali v razpravi in se na podlagi razprave, odgovorov vlade in morebitnih predlaganih sklepov odlo\u010dili, kako bodo glasovali. V tem trenutku to \u0161e te\u017eko napove, saj \u0161e ni znano, kak\u0161ne sklepe bodo po kon\u010dani razpravi v SDS predlagali.<\/p>\n<p>Spomnila je, da so v NSi do te vlade kriti\u010dni in so tudi \u017ee glasovali za interpelacijo nekaterih ministrov, za nekatere pa \u0161e bodo. Tudi v razpravi o interpelaciji o delu vlade bodo povedali, kak\u0161na so njihova pri\u010dakovanja in \u010desa vlada po njihovem mnenju ni izpolnila.<\/p>\n<p>V primeru, da bi po razpravi o interpelaciji pri\u0161lo do konstruktivne nezaupnice, pa Novakova ocenjuje, da ima SDS veliko sposobnih \u010dlanov, ki bi bili lahko kandidati za mandatarja. \u010ce bi torej predlagali zelo primernega kandidata, bi bila tudi njihova podpora nezaupnici mogo\u010da. &#8220;\u010ce pa nimajo pravega kandidata, konstruktivna nezaupnica ni smiselna, \u0161e posebej, \u010de ne bo splo\u0161ne podpore,&#8221;je dodala.<\/p>\n<p>Na vpra\u0161anje, kako bi v NSi ravnali, \u010de bi bil ta kandidat predsednik SDS Janez Jan\u0161a, pa je Novakova ponovila, da bodo v NSi sodelovali z SDS, a &#8220;z Janezom Jan\u0161o na \u010delu najbr\u017e ne&#8221;.<\/p>\n","protected":false},"excerpt":{"rendered":"<p>V NSi bodo sodelovali v razpravi o interpelaciji o delu vlade, konstruktivno nezaupnico pa bi podprli le, \u010de bi v SDS na\u0161li primernega kandidata za mandatarja, je danes dejala predsednica NSi Ljudmila Novak. Obenem je pojasnila, da se je za ponovno kandidaturo za predsednico stranke odlo\u010dila zaradi ocene vodstva, da gre NSi v pravo smer.<\/p>\n","protected":false},"author":8,"featured_media":142327,"comment_status":"closed","ping_status":"closed","sticky":false,"template":"","format":"standard","meta":{"footnotes":""},"categories":[1179],"tags":[6490,4631,4632],"source":[4511],"supertag":[5675],"acf":[],"yoast_head":"<!-- This site is optimized with the Yoast SEO plugin v21.3 - https:\/\/yoast.com\/wordpress\/plugins\/seo\/ -->\n<title>V Nsi bi konstruktivno nezaupnico podprli le, \u010de bi v SDS na\u0161li primernega kandidata za mandatarja - Hudo Slovenija<\/title>\n<meta name=\"robots\" content=\"index, follow, max-snippet:-1, max-image-preview:large, max-video-preview:-1\" \/>\n<link rel=\"canonical\" href=\"https:\/\/hudo.com\/si\/aktualno\/v-nsi-bi-konstruktivno-nezaupnico-podprli-le-ce-bi-v-sds-nasli-primernega-kandidata-za-mandatarja\/\" \/>\n<meta property=\"og:locale\" content=\"sl_SI\" \/>\n<meta property=\"og:type\" content=\"article\" \/>\n<meta property=\"og:title\" content=\"V Nsi bi konstruktivno nezaupnico podprli le, \u010de bi v SDS na\u0161li primernega kandidata za mandatarja - Hudo Slovenija\" \/>\n<meta property=\"og:description\" content=\"V NSi bodo sodelovali v razpravi o interpelaciji o delu vlade, konstruktivno nezaupnico pa bi podprli le, \u010de bi v SDS na\u0161li primernega kandidata za mandatarja, je danes dejala predsednica NSi Ljudmila Novak. Obenem je pojasnila, da se je za ponovno kandidaturo za predsednico stranke odlo\u010dila zaradi ocene vodstva, da gre NSi v pravo smer.\" \/>\n<meta property=\"og:url\" content=\"https:\/\/hudo.com\/si\/aktualno\/v-nsi-bi-konstruktivno-nezaupnico-podprli-le-ce-bi-v-sds-nasli-primernega-kandidata-za-mandatarja\/\" \/>\n<meta property=\"og:site_name\" content=\"Hudo Slovenija\" \/>\n<meta property=\"article:publisher\" content=\"https:\/\/www.facebook.com\/hudo.si\" \/>\n<meta property=\"article:published_time\" content=\"2016-09-28T13:02:47+00:00\" \/>\n<meta property=\"og:image\" content=\"https:\/\/hudo.com\/si\/wp-content\/uploads\/sites\/2\/2016\/09\/20160126-00664941.jpg\" \/>\n\t<meta property=\"og:image:width\" content=\"640\" \/>\n\t<meta property=\"og:image:height\" content=\"424\" \/>\n\t<meta property=\"og:image:type\" content=\"image\/jpeg\" \/>\n<meta name=\"author\" content=\"M. N., STA\" \/>\n<meta name=\"twitter:card\" content=\"summary_large_image\" \/>\n<meta name=\"twitter:creator\" content=\"@hudo_si\" \/>\n<meta name=\"twitter:site\" content=\"@hudo_si\" \/>\n<meta name=\"twitter:label1\" content=\"Written by\" \/>\n\t<meta name=\"twitter:data1\" content=\"M. N., STA\" \/>\n\t<meta name=\"twitter:label2\" content=\"Est. reading time\" \/>\n\t<meta name=\"twitter:data2\" content=\"2 minuti\" \/>\n<script type=\"application\/ld+json\" class=\"yoast-schema-graph\">{\"@context\":\"https:\/\/schema.org\",\"@graph\":[{\"@type\":\"Article\",\"@id\":\"https:\/\/hudo.com\/si\/aktualno\/v-nsi-bi-konstruktivno-nezaupnico-podprli-le-ce-bi-v-sds-nasli-primernega-kandidata-za-mandatarja\/#article\",\"isPartOf\":{\"@id\":\"https:\/\/hudo.com\/si\/aktualno\/v-nsi-bi-konstruktivno-nezaupnico-podprli-le-ce-bi-v-sds-nasli-primernega-kandidata-za-mandatarja\/\"},\"author\":{\"name\":\"M. N., STA\",\"@id\":\"https:\/\/hudo.com\/si\/#\/schema\/person\/c2f10ce65d2e6ede2aeda5be2a0611fa\"},\"headline\":\"V Nsi bi konstruktivno nezaupnico podprli le, \u010de bi v SDS na\u0161li primernega kandidata za mandatarja\",\"datePublished\":\"2016-09-28T13:02:47+00:00\",\"dateModified\":\"2016-09-28T13:02:47+00:00\",\"mainEntityOfPage\":{\"@id\":\"https:\/\/hudo.com\/si\/aktualno\/v-nsi-bi-konstruktivno-nezaupnico-podprli-le-ce-bi-v-sds-nasli-primernega-kandidata-za-mandatarja\/\"},\"wordCount\":318,\"publisher\":{\"@id\":\"https:\/\/hudo.com\/si\/#organization\"},\"keywords\":[\"Ljudmila Novak\",\"NSi\",\"SDS\"],\"articleSection\":[\"Aktualno\"],\"inLanguage\":\"sl-SI\"},{\"@type\":\"WebPage\",\"@id\":\"https:\/\/hudo.com\/si\/aktualno\/v-nsi-bi-konstruktivno-nezaupnico-podprli-le-ce-bi-v-sds-nasli-primernega-kandidata-za-mandatarja\/\",\"url\":\"https:\/\/hudo.com\/si\/aktualno\/v-nsi-bi-konstruktivno-nezaupnico-podprli-le-ce-bi-v-sds-nasli-primernega-kandidata-za-mandatarja\/\",\"name\":\"V Nsi bi konstruktivno nezaupnico podprli le, \u010de bi v SDS na\u0161li primernega kandidata za mandatarja - Hudo Slovenija\",\"isPartOf\":{\"@id\":\"https:\/\/hudo.com\/si\/#website\"},\"datePublished\":\"2016-09-28T13:02:47+00:00\",\"dateModified\":\"2016-09-28T13:02:47+00:00\",\"breadcrumb\":{\"@id\":\"https:\/\/hudo.com\/si\/aktualno\/v-nsi-bi-konstruktivno-nezaupnico-podprli-le-ce-bi-v-sds-nasli-primernega-kandidata-za-mandatarja\/#breadcrumb\"},\"inLanguage\":\"sl-SI\",\"potentialAction\":[{\"@type\":\"ReadAction\",\"target\":[\"https:\/\/hudo.com\/si\/aktualno\/v-nsi-bi-konstruktivno-nezaupnico-podprli-le-ce-bi-v-sds-nasli-primernega-kandidata-za-mandatarja\/\"]}]},{\"@type\":\"BreadcrumbList\",\"@id\":\"https:\/\/hudo.com\/si\/aktualno\/v-nsi-bi-konstruktivno-nezaupnico-podprli-le-ce-bi-v-sds-nasli-primernega-kandidata-za-mandatarja\/#breadcrumb\",\"itemListElement\":[{\"@type\":\"ListItem\",\"position\":1,\"name\":\"Home\",\"item\":\"https:\/\/hudo.com\/si\/\"},{\"@type\":\"ListItem\",\"position\":2,\"name\":\"V Nsi bi konstruktivno nezaupnico podprli le, \u010de bi v SDS na\u0161li primernega kandidata za mandatarja\"}]},{\"@type\":\"WebSite\",\"@id\":\"https:\/\/hudo.com\/si\/#website\",\"url\":\"https:\/\/hudo.com\/si\/\",\"name\":\"Hudo Slovenija\",\"description\":\"Vse novice iz Slovenije in sveta\",\"publisher\":{\"@id\":\"https:\/\/hudo.com\/si\/#organization\"},\"potentialAction\":[{\"@type\":\"SearchAction\",\"target\":{\"@type\":\"EntryPoint\",\"urlTemplate\":\"https:\/\/hudo.com\/si\/?s={search_term_string}\"},\"query-input\":\"required name=search_term_string\"}],\"inLanguage\":\"sl-SI\"},{\"@type\":\"Organization\",\"@id\":\"https:\/\/hudo.com\/si\/#organization\",\"name\":\"VSN Media\",\"url\":\"https:\/\/hudo.com\/si\/\",\"logo\":{\"@type\":\"ImageObject\",\"inLanguage\":\"sl-SI\",\"@id\":\"https:\/\/hudo.com\/si\/#\/schema\/logo\/image\/\",\"url\":\"https:\/\/hudo.com\/si\/wp-content\/uploads\/sites\/2\/2021\/03\/hudo-app-2.png\",\"contentUrl\":\"https:\/\/hudo.com\/si\/wp-content\/uploads\/sites\/2\/2021\/03\/hudo-app-2.png\",\"width\":2185,\"height\":2167,\"caption\":\"VSN Media\"},\"image\":{\"@id\":\"https:\/\/hudo.com\/si\/#\/schema\/logo\/image\/\"},\"sameAs\":[\"https:\/\/www.facebook.com\/hudo.si\",\"https:\/\/twitter.com\/hudo_si\"]},{\"@type\":\"Person\",\"@id\":\"https:\/\/hudo.com\/si\/#\/schema\/person\/c2f10ce65d2e6ede2aeda5be2a0611fa\",\"name\":\"M. N., STA\",\"image\":{\"@type\":\"ImageObject\",\"inLanguage\":\"sl-SI\",\"@id\":\"https:\/\/hudo.com\/si\/#\/schema\/person\/image\/\",\"url\":\"https:\/\/secure.gravatar.com\/avatar\/f370d38daa10467f755c5c766a4cac20?s=96&d=mm&r=g\",\"contentUrl\":\"https:\/\/secure.gravatar.com\/avatar\/f370d38daa10467f755c5c766a4cac20?s=96&d=mm&r=g\",\"caption\":\"M. N., STA\"},\"url\":\"https:\/\/hudo.com\/si\/author\/mana\/\"}]}<\/script>\n<!-- \/ Yoast SEO plugin. -->","yoast_head_json":{"title":"V Nsi bi konstruktivno nezaupnico podprli le, \u010de bi v SDS na\u0161li primernega kandidata za mandatarja - Hudo Slovenija","robots":{"index":"index","follow":"follow","max-snippet":"max-snippet:-1","max-image-preview":"max-image-preview:large","max-video-preview":"max-video-preview:-1"},"canonical":"https:\/\/hudo.com\/si\/aktualno\/v-nsi-bi-konstruktivno-nezaupnico-podprli-le-ce-bi-v-sds-nasli-primernega-kandidata-za-mandatarja\/","og_locale":"sl_SI","og_type":"article","og_title":"V Nsi bi konstruktivno nezaupnico podprli le, \u010de bi v SDS na\u0161li primernega kandidata za mandatarja - Hudo Slovenija","og_description":"V NSi bodo sodelovali v razpravi o interpelaciji o delu vlade, konstruktivno nezaupnico pa bi podprli le, \u010de bi v SDS na\u0161li primernega kandidata za mandatarja, je danes dejala predsednica NSi Ljudmila Novak. Obenem je pojasnila, da se je za ponovno kandidaturo za predsednico stranke odlo\u010dila zaradi ocene vodstva, da gre NSi v pravo smer.","og_url":"https:\/\/hudo.com\/si\/aktualno\/v-nsi-bi-konstruktivno-nezaupnico-podprli-le-ce-bi-v-sds-nasli-primernega-kandidata-za-mandatarja\/","og_site_name":"Hudo Slovenija","article_publisher":"https:\/\/www.facebook.com\/hudo.si","article_published_time":"2016-09-28T13:02:47+00:00","og_image":[{"width":640,"height":424,"url":"https:\/\/hudo.com\/si\/wp-content\/uploads\/sites\/2\/2016\/09\/20160126-00664941.jpg","type":"image\/jpeg"}],"author":"M. N., STA","twitter_card":"summary_large_image","twitter_creator":"@hudo_si","twitter_site":"@hudo_si","twitter_misc":{"Written by":"M. N., STA","Est. reading time":"2 minuti"},"schema":{"@context":"https:\/\/schema.org","@graph":[{"@type":"Article","@id":"https:\/\/hudo.com\/si\/aktualno\/v-nsi-bi-konstruktivno-nezaupnico-podprli-le-ce-bi-v-sds-nasli-primernega-kandidata-za-mandatarja\/#article","isPartOf":{"@id":"https:\/\/hudo.com\/si\/aktualno\/v-nsi-bi-konstruktivno-nezaupnico-podprli-le-ce-bi-v-sds-nasli-primernega-kandidata-za-mandatarja\/"},"author":{"name":"M. N., STA","@id":"https:\/\/hudo.com\/si\/#\/schema\/person\/c2f10ce65d2e6ede2aeda5be2a0611fa"},"headline":"V Nsi bi konstruktivno nezaupnico podprli le, \u010de bi v SDS na\u0161li primernega kandidata za mandatarja","datePublished":"2016-09-28T13:02:47+00:00","dateModified":"2016-09-28T13:02:47+00:00","mainEntityOfPage":{"@id":"https:\/\/hudo.com\/si\/aktualno\/v-nsi-bi-konstruktivno-nezaupnico-podprli-le-ce-bi-v-sds-nasli-primernega-kandidata-za-mandatarja\/"},"wordCount":318,"publisher":{"@id":"https:\/\/hudo.com\/si\/#organization"},"keywords":["Ljudmila Novak","NSi","SDS"],"articleSection":["Aktualno"],"inLanguage":"sl-SI"},{"@type":"WebPage","@id":"https:\/\/hudo.com\/si\/aktualno\/v-nsi-bi-konstruktivno-nezaupnico-podprli-le-ce-bi-v-sds-nasli-primernega-kandidata-za-mandatarja\/","url":"https:\/\/hudo.com\/si\/aktualno\/v-nsi-bi-konstruktivno-nezaupnico-podprli-le-ce-bi-v-sds-nasli-primernega-kandidata-za-mandatarja\/","name":"V Nsi bi konstruktivno nezaupnico podprli le, \u010de bi v SDS na\u0161li primernega kandidata za mandatarja - Hudo Slovenija","isPartOf":{"@id":"https:\/\/hudo.com\/si\/#website"},"datePublished":"2016-09-28T13:02:47+00:00","dateModified":"2016-09-28T13:02:47+00:00","breadcrumb":{"@id":"https:\/\/hudo.com\/si\/aktualno\/v-nsi-bi-konstruktivno-nezaupnico-podprli-le-ce-bi-v-sds-nasli-primernega-kandidata-za-mandatarja\/#breadcrumb"},"inLanguage":"sl-SI","potentialAction":[{"@type":"ReadAction","target":["https:\/\/hudo.com\/si\/aktualno\/v-nsi-bi-konstruktivno-nezaupnico-podprli-le-ce-bi-v-sds-nasli-primernega-kandidata-za-mandatarja\/"]}]},{"@type":"BreadcrumbList","@id":"https:\/\/hudo.com\/si\/aktualno\/v-nsi-bi-konstruktivno-nezaupnico-podprli-le-ce-bi-v-sds-nasli-primernega-kandidata-za-mandatarja\/#breadcrumb","itemListElement":[{"@type":"ListItem","position":1,"name":"Home","item":"https:\/\/hudo.com\/si\/"},{"@type":"ListItem","position":2,"name":"V Nsi bi konstruktivno nezaupnico podprli le, \u010de bi v SDS na\u0161li primernega kandidata za mandatarja"}]},{"@type":"WebSite","@id":"https:\/\/hudo.com\/si\/#website","url":"https:\/\/hudo.com\/si\/","name":"Hudo Slovenija","description":"Vse novice iz Slovenije in sveta","publisher":{"@id":"https:\/\/hudo.com\/si\/#organization"},"potentialAction":[{"@type":"SearchAction","target":{"@type":"EntryPoint","urlTemplate":"https:\/\/hudo.com\/si\/?s={search_term_string}"},"query-input":"required name=search_term_string"}],"inLanguage":"sl-SI"},{"@type":"Organization","@id":"https:\/\/hudo.com\/si\/#organization","name":"VSN Media","url":"https:\/\/hudo.com\/si\/","logo":{"@type":"ImageObject","inLanguage":"sl-SI","@id":"https:\/\/hudo.com\/si\/#\/schema\/logo\/image\/","url":"https:\/\/hudo.com\/si\/wp-content\/uploads\/sites\/2\/2021\/03\/hudo-app-2.png","contentUrl":"https:\/\/hudo.com\/si\/wp-content\/uploads\/sites\/2\/2021\/03\/hudo-app-2.png","width":2185,"height":2167,"caption":"VSN Media"},"image":{"@id":"https:\/\/hudo.com\/si\/#\/schema\/logo\/image\/"},"sameAs":["https:\/\/www.facebook.com\/hudo.si","https:\/\/twitter.com\/hudo_si"]},{"@type":"Person","@id":"https:\/\/hudo.com\/si\/#\/schema\/person\/c2f10ce65d2e6ede2aeda5be2a0611fa","name":"M. N., STA","image":{"@type":"ImageObject","inLanguage":"sl-SI","@id":"https:\/\/hudo.com\/si\/#\/schema\/person\/image\/","url":"https:\/\/secure.gravatar.com\/avatar\/f370d38daa10467f755c5c766a4cac20?s=96&d=mm&r=g","contentUrl":"https:\/\/secure.gravatar.com\/avatar\/f370d38daa10467f755c5c766a4cac20?s=96&d=mm&r=g","caption":"M. N., STA"},"url":"https:\/\/hudo.com\/si\/author\/mana\/"}]}},"amp_enabled":true,"_links":{"self":[{"href":"https:\/\/hudo.com\/si\/wp-json\/wp\/v2\/posts\/142326"}],"collection":[{"href":"https:\/\/hudo.com\/si\/wp-json\/wp\/v2\/posts"}],"about":[{"href":"https:\/\/hudo.com\/si\/wp-json\/wp\/v2\/types\/post"}],"author":[{"embeddable":true,"href":"https:\/\/hudo.com\/si\/wp-json\/wp\/v2\/users\/8"}],"replies":[{"embeddable":true,"href":"https:\/\/hudo.com\/si\/wp-json\/wp\/v2\/comments?post=142326"}],"version-history":[{"count":1,"href":"https:\/\/hudo.com\/si\/wp-json\/wp\/v2\/posts\/142326\/revisions"}],"predecessor-version":[{"id":142328,"href":"https:\/\/hudo.com\/si\/wp-json\/wp\/v2\/posts\/142326\/revisions\/142328"}],"wp:featuredmedia":[{"embeddable":true,"href":"https:\/\/hudo.com\/si\/wp-json\/wp\/v2\/media\/142327"}],"wp:attachment":[{"href":"https:\/\/hudo.com\/si\/wp-json\/wp\/v2\/media?parent=142326"}],"wp:term":[{"taxonomy":"category","embeddable":true,"href":"https:\/\/hudo.com\/si\/wp-json\/wp\/v2\/categories?post=142326"},{"taxonomy":"post_tag","embeddable":true,"href":"https:\/\/hudo.com\/si\/wp-json\/wp\/v2\/tags?post=142326"},{"taxonomy":"source","embeddable":true,"href":"https:\/\/hudo.com\/si\/wp-json\/wp\/v2\/source?post=142326"},{"taxonomy":"supertag","embeddable":true,"href":"https:\/\/hudo.com\/si\/wp-json\/wp\/v2\/supertag?post=142326"}],"curies":[{"name":"wp","href":"https:\/\/api.w.org\/{rel}","templated":true}]}}