{"id":143136,"date":"2016-09-29T11:07:00","date_gmt":"2016-09-29T09:07:00","guid":{"rendered":"http:\/\/hudo.com\/si\/2016\/09\/29\/smrt-59-letnega-voznika\/"},"modified":"2016-09-29T11:07:00","modified_gmt":"2016-09-29T09:07:00","slug":"smrt-59-letnega-voznika","status":"publish","type":"post","link":"https:\/\/hudo.com\/si\/aktualno\/smrt-59-letnega-voznika\/","title":{"rendered":"Smrt 59-letnega voznika"},"content":{"rendered":"<p>Kategorija: Kronika Thu, 29 Sep 2016 13:07:00 +0200  Novo mesto \u2212 Danes ob 11.21 je bila Policijska uprava Novo mesto obve\u0161\u010dena o hudi prometni nesre\u010di na regionalni cesti v Dobru\u0161ki vasi. Po prvih ugotovitvah in zbranih obvestilih policistov s kraja nesre\u010de je domnevno 59-letni voznik osebnega avtomobila zapeljal na nasprotni vozni pas in tr\u010dil v tovorno vozilo, ki ga je iz nasprotne smeri pripeljal 24-letni voznik. 59-letni mo\u0161ki je zaradi hudih po\u0161kodb umrl na kraju nesre\u010de. \u0160e vedno potekata ogled kraja in preiskava vseh okoli\u0161\u010din prometne nesre\u010de. Na kraju sta navzo\u010da tudi preiskovalni sodnik in okro\u017ena dr\u017eavna to\u017eilka.<\/p>\n","protected":false},"excerpt":{"rendered":"<p>Kategorija: Kronika Thu, 29 Sep 2016 13:07:00 +0200  Novo mesto \u2212 Danes ob 11.21 je bila Policijska uprava Novo mesto obve\u0161\u010dena o hudi prometni nesre\u010di na regionalni cesti v Dobru\u0161ki vasi. Po prvih ugotovitvah in zbranih obvestilih policistov s kraja nesre\u010de je domnevno 59-letni voznik osebnega avtomobila zapeljal na nasprotni vozni pas in tr\u010dil v tovorno vozilo, ki ga je iz nasprotne smeri pripeljal 24-letni voznik. 59-letni mo\u0161ki je zaradi hudih po\u0161kodb umrl na kraju nesre\u010de. \u0160e vedno potekata ogled kraja in preiskava vseh okoli\u0161\u010din prometne nesre\u010de. Na kraju sta navzo\u010da tudi preiskovalni sodnik in okro\u017ena dr\u017eavna to\u017eilka.<\/p>\n","protected":false},"author":1,"featured_media":0,"comment_status":"closed","ping_status":"closed","sticky":false,"template":"","format":"standard","meta":{"footnotes":""},"categories":[1179],"tags":[],"source":[1703],"supertag":[],"acf":[],"yoast_head":"<!-- This site is optimized with the Yoast SEO plugin v21.3 - https:\/\/yoast.com\/wordpress\/plugins\/seo\/ -->\n<title>Smrt 59-letnega voznika - Hudo Slovenija<\/title>\n<meta name=\"robots\" content=\"index, follow, max-snippet:-1, max-image-preview:large, max-video-preview:-1\" \/>\n<link rel=\"canonical\" href=\"https:\/\/hudo.com\/si\/aktualno\/smrt-59-letnega-voznika\/\" \/>\n<meta property=\"og:locale\" content=\"sl_SI\" \/>\n<meta property=\"og:type\" content=\"article\" \/>\n<meta property=\"og:title\" content=\"Smrt 59-letnega voznika - Hudo Slovenija\" \/>\n<meta property=\"og:description\" content=\"Kategorija: Kronika Thu, 29 Sep 2016 13:07:00 +0200 Novo mesto \u2212 Danes ob 11.21 je bila Policijska uprava Novo mesto obve\u0161\u010dena o hudi prometni nesre\u010di na regionalni cesti v Dobru\u0161ki vasi. Po prvih ugotovitvah in zbranih obvestilih policistov s kraja nesre\u010de je domnevno 59-letni voznik osebnega avtomobila zapeljal na nasprotni vozni pas in tr\u010dil v tovorno vozilo, ki ga je iz nasprotne smeri pripeljal 24-letni voznik. 59-letni mo\u0161ki je zaradi hudih po\u0161kodb umrl na kraju nesre\u010de. \u0160e vedno potekata ogled kraja in preiskava vseh okoli\u0161\u010din prometne nesre\u010de. Na kraju sta navzo\u010da tudi preiskovalni sodnik in okro\u017ena dr\u017eavna to\u017eilka.\" \/>\n<meta property=\"og:url\" content=\"https:\/\/hudo.com\/si\/aktualno\/smrt-59-letnega-voznika\/\" \/>\n<meta property=\"og:site_name\" content=\"Hudo Slovenija\" \/>\n<meta property=\"article:publisher\" content=\"https:\/\/www.facebook.com\/hudo.si\" \/>\n<meta property=\"article:published_time\" content=\"2016-09-29T09:07:00+00:00\" \/>\n<meta property=\"og:image\" content=\"https:\/\/hudo.com\/si\/wp-content\/uploads\/sites\/2\/2016\/09\/480x290_policijski_avto_spelazabkar2.jpeg\" \/>\n\t<meta property=\"og:image:width\" content=\"480\" \/>\n\t<meta property=\"og:image:height\" content=\"289\" \/>\n\t<meta property=\"og:image:type\" content=\"image\/jpeg\" \/>\n<meta name=\"author\" content=\"hudo\" \/>\n<meta name=\"twitter:card\" content=\"summary_large_image\" \/>\n<meta name=\"twitter:creator\" content=\"@hudo_si\" \/>\n<meta name=\"twitter:site\" content=\"@hudo_si\" \/>\n<meta name=\"twitter:label1\" content=\"Written by\" \/>\n\t<meta name=\"twitter:data1\" content=\"hudo\" \/>\n\t<meta name=\"twitter:label2\" content=\"Est. reading time\" \/>\n\t<meta name=\"twitter:data2\" content=\"1 minuta\" \/>\n<script type=\"application\/ld+json\" class=\"yoast-schema-graph\">{\"@context\":\"https:\/\/schema.org\",\"@graph\":[{\"@type\":\"Article\",\"@id\":\"https:\/\/hudo.com\/si\/aktualno\/smrt-59-letnega-voznika\/#article\",\"isPartOf\":{\"@id\":\"https:\/\/hudo.com\/si\/aktualno\/smrt-59-letnega-voznika\/\"},\"author\":{\"name\":\"hudo\",\"@id\":\"https:\/\/hudo.com\/si\/#\/schema\/person\/601cf3379633985b20f7e50f2bb47707\"},\"headline\":\"Smrt 59-letnega voznika\",\"datePublished\":\"2016-09-29T09:07:00+00:00\",\"dateModified\":\"2016-09-29T09:07:00+00:00\",\"mainEntityOfPage\":{\"@id\":\"https:\/\/hudo.com\/si\/aktualno\/smrt-59-letnega-voznika\/\"},\"wordCount\":109,\"publisher\":{\"@id\":\"https:\/\/hudo.com\/si\/#organization\"},\"articleSection\":[\"Aktualno\"],\"inLanguage\":\"sl-SI\"},{\"@type\":\"WebPage\",\"@id\":\"https:\/\/hudo.com\/si\/aktualno\/smrt-59-letnega-voznika\/\",\"url\":\"https:\/\/hudo.com\/si\/aktualno\/smrt-59-letnega-voznika\/\",\"name\":\"Smrt 59-letnega voznika - Hudo Slovenija\",\"isPartOf\":{\"@id\":\"https:\/\/hudo.com\/si\/#website\"},\"datePublished\":\"2016-09-29T09:07:00+00:00\",\"dateModified\":\"2016-09-29T09:07:00+00:00\",\"breadcrumb\":{\"@id\":\"https:\/\/hudo.com\/si\/aktualno\/smrt-59-letnega-voznika\/#breadcrumb\"},\"inLanguage\":\"sl-SI\",\"potentialAction\":[{\"@type\":\"ReadAction\",\"target\":[\"https:\/\/hudo.com\/si\/aktualno\/smrt-59-letnega-voznika\/\"]}]},{\"@type\":\"BreadcrumbList\",\"@id\":\"https:\/\/hudo.com\/si\/aktualno\/smrt-59-letnega-voznika\/#breadcrumb\",\"itemListElement\":[{\"@type\":\"ListItem\",\"position\":1,\"name\":\"Home\",\"item\":\"https:\/\/hudo.com\/si\/\"},{\"@type\":\"ListItem\",\"position\":2,\"name\":\"Smrt 59-letnega voznika\"}]},{\"@type\":\"WebSite\",\"@id\":\"https:\/\/hudo.com\/si\/#website\",\"url\":\"https:\/\/hudo.com\/si\/\",\"name\":\"Hudo Slovenija\",\"description\":\"Vse novice iz Slovenije in sveta\",\"publisher\":{\"@id\":\"https:\/\/hudo.com\/si\/#organization\"},\"potentialAction\":[{\"@type\":\"SearchAction\",\"target\":{\"@type\":\"EntryPoint\",\"urlTemplate\":\"https:\/\/hudo.com\/si\/?s={search_term_string}\"},\"query-input\":\"required name=search_term_string\"}],\"inLanguage\":\"sl-SI\"},{\"@type\":\"Organization\",\"@id\":\"https:\/\/hudo.com\/si\/#organization\",\"name\":\"VSN Media\",\"url\":\"https:\/\/hudo.com\/si\/\",\"logo\":{\"@type\":\"ImageObject\",\"inLanguage\":\"sl-SI\",\"@id\":\"https:\/\/hudo.com\/si\/#\/schema\/logo\/image\/\",\"url\":\"https:\/\/hudo.com\/si\/wp-content\/uploads\/sites\/2\/2021\/03\/hudo-app-2.png\",\"contentUrl\":\"https:\/\/hudo.com\/si\/wp-content\/uploads\/sites\/2\/2021\/03\/hudo-app-2.png\",\"width\":2185,\"height\":2167,\"caption\":\"VSN Media\"},\"image\":{\"@id\":\"https:\/\/hudo.com\/si\/#\/schema\/logo\/image\/\"},\"sameAs\":[\"https:\/\/www.facebook.com\/hudo.si\",\"https:\/\/twitter.com\/hudo_si\"]},{\"@type\":\"Person\",\"@id\":\"https:\/\/hudo.com\/si\/#\/schema\/person\/601cf3379633985b20f7e50f2bb47707\",\"name\":\"hudo\",\"image\":{\"@type\":\"ImageObject\",\"inLanguage\":\"sl-SI\",\"@id\":\"https:\/\/hudo.com\/si\/#\/schema\/person\/image\/\",\"url\":\"https:\/\/secure.gravatar.com\/avatar\/c4ca25fa72cace7a696b52ff5db9e095?s=96&d=mm&r=g\",\"contentUrl\":\"https:\/\/secure.gravatar.com\/avatar\/c4ca25fa72cace7a696b52ff5db9e095?s=96&d=mm&r=g\",\"caption\":\"hudo\"},\"url\":\"https:\/\/hudo.com\/si\/author\/hudo\/\"}]}<\/script>\n<!-- \/ Yoast SEO plugin. -->","yoast_head_json":{"title":"Smrt 59-letnega voznika - Hudo Slovenija","robots":{"index":"index","follow":"follow","max-snippet":"max-snippet:-1","max-image-preview":"max-image-preview:large","max-video-preview":"max-video-preview:-1"},"canonical":"https:\/\/hudo.com\/si\/aktualno\/smrt-59-letnega-voznika\/","og_locale":"sl_SI","og_type":"article","og_title":"Smrt 59-letnega voznika - Hudo Slovenija","og_description":"Kategorija: Kronika Thu, 29 Sep 2016 13:07:00 +0200 Novo mesto \u2212 Danes ob 11.21 je bila Policijska uprava Novo mesto obve\u0161\u010dena o hudi prometni nesre\u010di na regionalni cesti v Dobru\u0161ki vasi. Po prvih ugotovitvah in zbranih obvestilih policistov s kraja nesre\u010de je domnevno 59-letni voznik osebnega avtomobila zapeljal na nasprotni vozni pas in tr\u010dil v tovorno vozilo, ki ga je iz nasprotne smeri pripeljal 24-letni voznik. 59-letni mo\u0161ki je zaradi hudih po\u0161kodb umrl na kraju nesre\u010de. \u0160e vedno potekata ogled kraja in preiskava vseh okoli\u0161\u010din prometne nesre\u010de. Na kraju sta navzo\u010da tudi preiskovalni sodnik in okro\u017ena dr\u017eavna to\u017eilka.","og_url":"https:\/\/hudo.com\/si\/aktualno\/smrt-59-letnega-voznika\/","og_site_name":"Hudo Slovenija","article_publisher":"https:\/\/www.facebook.com\/hudo.si","article_published_time":"2016-09-29T09:07:00+00:00","og_image":[{"width":480,"height":289,"url":"https:\/\/hudo.com\/si\/wp-content\/uploads\/sites\/2\/2016\/09\/480x290_policijski_avto_spelazabkar2.jpeg","type":"image\/jpeg"}],"author":"hudo","twitter_card":"summary_large_image","twitter_creator":"@hudo_si","twitter_site":"@hudo_si","twitter_misc":{"Written by":"hudo","Est. reading time":"1 minuta"},"schema":{"@context":"https:\/\/schema.org","@graph":[{"@type":"Article","@id":"https:\/\/hudo.com\/si\/aktualno\/smrt-59-letnega-voznika\/#article","isPartOf":{"@id":"https:\/\/hudo.com\/si\/aktualno\/smrt-59-letnega-voznika\/"},"author":{"name":"hudo","@id":"https:\/\/hudo.com\/si\/#\/schema\/person\/601cf3379633985b20f7e50f2bb47707"},"headline":"Smrt 59-letnega voznika","datePublished":"2016-09-29T09:07:00+00:00","dateModified":"2016-09-29T09:07:00+00:00","mainEntityOfPage":{"@id":"https:\/\/hudo.com\/si\/aktualno\/smrt-59-letnega-voznika\/"},"wordCount":109,"publisher":{"@id":"https:\/\/hudo.com\/si\/#organization"},"articleSection":["Aktualno"],"inLanguage":"sl-SI"},{"@type":"WebPage","@id":"https:\/\/hudo.com\/si\/aktualno\/smrt-59-letnega-voznika\/","url":"https:\/\/hudo.com\/si\/aktualno\/smrt-59-letnega-voznika\/","name":"Smrt 59-letnega voznika - Hudo Slovenija","isPartOf":{"@id":"https:\/\/hudo.com\/si\/#website"},"datePublished":"2016-09-29T09:07:00+00:00","dateModified":"2016-09-29T09:07:00+00:00","breadcrumb":{"@id":"https:\/\/hudo.com\/si\/aktualno\/smrt-59-letnega-voznika\/#breadcrumb"},"inLanguage":"sl-SI","potentialAction":[{"@type":"ReadAction","target":["https:\/\/hudo.com\/si\/aktualno\/smrt-59-letnega-voznika\/"]}]},{"@type":"BreadcrumbList","@id":"https:\/\/hudo.com\/si\/aktualno\/smrt-59-letnega-voznika\/#breadcrumb","itemListElement":[{"@type":"ListItem","position":1,"name":"Home","item":"https:\/\/hudo.com\/si\/"},{"@type":"ListItem","position":2,"name":"Smrt 59-letnega voznika"}]},{"@type":"WebSite","@id":"https:\/\/hudo.com\/si\/#website","url":"https:\/\/hudo.com\/si\/","name":"Hudo Slovenija","description":"Vse novice iz Slovenije in sveta","publisher":{"@id":"https:\/\/hudo.com\/si\/#organization"},"potentialAction":[{"@type":"SearchAction","target":{"@type":"EntryPoint","urlTemplate":"https:\/\/hudo.com\/si\/?s={search_term_string}"},"query-input":"required name=search_term_string"}],"inLanguage":"sl-SI"},{"@type":"Organization","@id":"https:\/\/hudo.com\/si\/#organization","name":"VSN Media","url":"https:\/\/hudo.com\/si\/","logo":{"@type":"ImageObject","inLanguage":"sl-SI","@id":"https:\/\/hudo.com\/si\/#\/schema\/logo\/image\/","url":"https:\/\/hudo.com\/si\/wp-content\/uploads\/sites\/2\/2021\/03\/hudo-app-2.png","contentUrl":"https:\/\/hudo.com\/si\/wp-content\/uploads\/sites\/2\/2021\/03\/hudo-app-2.png","width":2185,"height":2167,"caption":"VSN Media"},"image":{"@id":"https:\/\/hudo.com\/si\/#\/schema\/logo\/image\/"},"sameAs":["https:\/\/www.facebook.com\/hudo.si","https:\/\/twitter.com\/hudo_si"]},{"@type":"Person","@id":"https:\/\/hudo.com\/si\/#\/schema\/person\/601cf3379633985b20f7e50f2bb47707","name":"hudo","image":{"@type":"ImageObject","inLanguage":"sl-SI","@id":"https:\/\/hudo.com\/si\/#\/schema\/person\/image\/","url":"https:\/\/secure.gravatar.com\/avatar\/c4ca25fa72cace7a696b52ff5db9e095?s=96&d=mm&r=g","contentUrl":"https:\/\/secure.gravatar.com\/avatar\/c4ca25fa72cace7a696b52ff5db9e095?s=96&d=mm&r=g","caption":"hudo"},"url":"https:\/\/hudo.com\/si\/author\/hudo\/"}]}},"amp_enabled":true,"_links":{"self":[{"href":"https:\/\/hudo.com\/si\/wp-json\/wp\/v2\/posts\/143136"}],"collection":[{"href":"https:\/\/hudo.com\/si\/wp-json\/wp\/v2\/posts"}],"about":[{"href":"https:\/\/hudo.com\/si\/wp-json\/wp\/v2\/types\/post"}],"author":[{"embeddable":true,"href":"https:\/\/hudo.com\/si\/wp-json\/wp\/v2\/users\/1"}],"replies":[{"embeddable":true,"href":"https:\/\/hudo.com\/si\/wp-json\/wp\/v2\/comments?post=143136"}],"version-history":[{"count":0,"href":"https:\/\/hudo.com\/si\/wp-json\/wp\/v2\/posts\/143136\/revisions"}],"wp:attachment":[{"href":"https:\/\/hudo.com\/si\/wp-json\/wp\/v2\/media?parent=143136"}],"wp:term":[{"taxonomy":"category","embeddable":true,"href":"https:\/\/hudo.com\/si\/wp-json\/wp\/v2\/categories?post=143136"},{"taxonomy":"post_tag","embeddable":true,"href":"https:\/\/hudo.com\/si\/wp-json\/wp\/v2\/tags?post=143136"},{"taxonomy":"source","embeddable":true,"href":"https:\/\/hudo.com\/si\/wp-json\/wp\/v2\/source?post=143136"},{"taxonomy":"supertag","embeddable":true,"href":"https:\/\/hudo.com\/si\/wp-json\/wp\/v2\/supertag?post=143136"}],"curies":[{"name":"wp","href":"https:\/\/api.w.org\/{rel}","templated":true}]}}