{"id":143138,"date":"2016-09-29T11:00:00","date_gmt":"2016-09-29T09:00:00","guid":{"rendered":"http:\/\/hudo.com\/si\/2016\/09\/29\/pogacnik-sodba-v-zadevi-bavcar-bo-napisana-v-razumnem-roku\/"},"modified":"2016-09-30T08:36:42","modified_gmt":"2016-09-30T06:36:42","slug":"pogacnik-sodba-v-zadevi-bavcar-bo-napisana-v-razumnem-roku","status":"publish","type":"post","link":"https:\/\/hudo.com\/si\/aktualno\/pogacnik-sodba-v-zadevi-bavcar-bo-napisana-v-razumnem-roku\/","title":{"rendered":"Poga\u010dnik: Sodba v zadevi Bav\u010dar bo napisana v razumnem roku"},"content":{"rendered":"<p>Predsednik ljubljanskega okro\u017enega sodi\u0161\u010da Marjan Poga\u010dnik je povedal, da sodba v zadevi Istrabenz ne bo napisana v za to dolo\u010denem 30-dnevnem instrukcijskem roku, &#8220;bo pa napisana v razumnem roku&#8221;. Na napoved ministra Gorana Klemen\u010di\u010da, da bodo v primeru zastaranja letele glave, pa je odgovoril: &#8220;Vsak naj ostane v mejah svojih pristojnosti.&#8221; Po besedah Poga\u010dnika sodnica senata, ki mora spisati sodbo v ponovljenem sojenju Igorju Bav\u010darju v zadevi Istrabenz, dela (tudi v svojem prostem \u010dasu) in bo tudi v prihodnje storila vse, da &#8220;razprava o zastaranju zadeve ne bo postala realna opcija&#8221;. V tem trenutku tako po njegovem mnenju &#8220;ni razloga za paniko&#8221;. Celotna zadeva je sicer po Poga\u010dnikovih besedah zelo obse\u017ena, zato sodba ne bo mogla biti napisana v za to priporo\u010denem roku. &#8220;Bova pa sodnica in jaz poskrbela, da bo napisana v razumnem roku,&#8221; je dejal in dodal, da napredovanje zadeve spremlja ves \u010das. Ostro se je odzval na torkove izjave ministra za pravosodje Klemen\u010di\u010da, ko je dejal, da bo v primeru zastaranja storil vse, da bodo letele glave. Poga\u010dnik je povedal, da ga je izjava presenetila, saj imamo v Sloveniji tri veje oblasti, med katerimi &#8220;ne obstaja nek hierarhi\u010dni odnos&#8221;, pa tudi zato, ker Klemen\u010di\u010da \u0161teje za vrhunskega pravnika. Izjavo ministra je po Poga\u010dnikovih besedah ve\u010dina njegovih sodni\u0161kih kolegov na okro\u017enem sodi\u0161\u010du razumela kot napoved sankcij in ugotavljanja odgovornosti, za kar pa &#8220;v tem trenutku ni nobene realne podlage&#8221;. Hkrati je poudaril, da minister za kaj takega niti pristojen: &#8220;Odgovornost znotraj sodne veje oblasti ugotavljajo po predpisanih postopkih za to dolo\u010deni organi, kot je denimo Sodni svet, ki imenuje in razre\u0161uje predsednike sodi\u0161\u010d. V postopku morebitne razre\u0161itve predsednika sodi\u0161\u010da minister za pravosodje sicer lahko ima predlagalno vlogo, zagotovo pa ni tisti, ki bi lahko odlo\u010dal, kdo bo predsednik na nekem sodi\u0161\u010du,&#8221; je dejal. Dodal je, da je tak\u0161no ureditev sprejel DZ in ne sodstvo samo. Predsednik ljubljanskega okro\u017enega sodi\u0161\u010d<\/p>\n","protected":false},"excerpt":{"rendered":"<p>Predsednik ljubljanskega okro\u017enega sodi\u0161\u010da Marjan Poga\u010dnik je povedal, da sodba v zadevi Istrabenz ne bo napisana v za to dolo\u010denem 30-dnevnem instrukcijskem roku, &#8220;bo pa napisana v razumnem roku&#8221;. Na napoved ministra Gorana Klemen\u010di\u010da, da bodo v primeru zastaranja letele glave, pa je odgovoril: &#8220;Vsak naj ostane v mejah svojih pristojnosti.&#8221; Po besedah Poga\u010dnika sodnica senata, ki mora spisati sodbo v ponovljenem sojenju Igorju Bav\u010darju v zadevi Istrabenz, dela (tudi v svojem prostem \u010dasu) in bo tudi v prihodnje storila vse, da &#8220;razprava o zastaranju zadeve ne bo postala realna opcija&#8221;. V tem trenutku tako po njegovem mnenju &#8220;ni razloga za paniko&#8221;. Celotna zadeva je sicer po Poga\u010dnikovih besedah zelo obse\u017ena, zato sodba ne bo mogla biti napisana v za to priporo\u010denem roku. &#8220;Bova pa sodnica in jaz poskrbela, da bo napisana v razumnem roku,&#8221; je dejal in dodal, da napredovanje zadeve spremlja ves \u010das. Ostro se je odzval na torkove izjave ministra za pravosodje Klemen\u010di\u010da, ko je dejal, da bo v primeru zastaranja storil vse, da bodo letele glave. Poga\u010dnik je povedal, da ga je izjava presenetila, saj imamo v Sloveniji tri veje oblasti, med katerimi &#8220;ne obstaja nek hierarhi\u010dni odnos&#8221;, pa tudi zato, ker Klemen\u010di\u010da \u0161teje za vrhunskega pravnika. Izjavo ministra je po Poga\u010dnikovih besedah ve\u010dina njegovih sodni\u0161kih kolegov na okro\u017enem sodi\u0161\u010du razumela kot napoved sankcij in ugotavljanja odgovornosti, za kar pa &#8220;v tem trenutku ni nobene realne podlage&#8221;. Hkrati je poudaril, da minister za kaj takega niti pristojen: &#8220;Odgovornost znotraj sodne veje oblasti ugotavljajo po predpisanih postopkih za to dolo\u010deni organi, kot je denimo Sodni svet, ki imenuje in razre\u0161uje predsednike sodi\u0161\u010d. V postopku morebitne razre\u0161itve predsednika sodi\u0161\u010da minister za pravosodje sicer lahko ima predlagalno vlogo, zagotovo pa ni tisti, ki bi lahko odlo\u010dal, kdo bo predsednik na nekem sodi\u0161\u010du,&#8221; je dejal. Dodal je, da je tak\u0161no ureditev sprejel DZ in ne sodstvo samo. Predsednik ljubljanskega okro\u017enega sodi\u0161\u010d<\/p>\n","protected":false},"author":1,"featured_media":0,"comment_status":"closed","ping_status":"closed","sticky":false,"template":"","format":"standard","meta":{"footnotes":""},"categories":[1179],"tags":[],"source":[1711],"supertag":[],"acf":[],"yoast_head":"<!-- This site is optimized with the Yoast SEO plugin v21.3 - https:\/\/yoast.com\/wordpress\/plugins\/seo\/ -->\n<title>Poga\u010dnik: Sodba v zadevi Bav\u010dar bo napisana v razumnem roku - Hudo Slovenija<\/title>\n<meta name=\"robots\" content=\"index, follow, max-snippet:-1, max-image-preview:large, max-video-preview:-1\" \/>\n<link rel=\"canonical\" href=\"https:\/\/hudo.com\/si\/aktualno\/pogacnik-sodba-v-zadevi-bavcar-bo-napisana-v-razumnem-roku\/\" \/>\n<meta property=\"og:locale\" content=\"sl_SI\" \/>\n<meta property=\"og:type\" content=\"article\" \/>\n<meta property=\"og:title\" content=\"Poga\u010dnik: Sodba v zadevi Bav\u010dar bo napisana v razumnem roku - Hudo Slovenija\" \/>\n<meta property=\"og:description\" content=\"Predsednik ljubljanskega okro\u017enega sodi\u0161\u010da Marjan Poga\u010dnik je povedal, da sodba v zadevi Istrabenz ne bo napisana v za to dolo\u010denem 30-dnevnem instrukcijskem roku, &quot;bo pa napisana v razumnem roku&quot;. Na napoved ministra Gorana Klemen\u010di\u010da, da bodo v primeru zastaranja letele glave, pa je odgovoril: &quot;Vsak naj ostane v mejah svojih pristojnosti.&quot; Po besedah Poga\u010dnika sodnica senata, ki mora spisati sodbo v ponovljenem sojenju Igorju Bav\u010darju v zadevi Istrabenz, dela (tudi v svojem prostem \u010dasu) in bo tudi v prihodnje storila vse, da &quot;razprava o zastaranju zadeve ne bo postala realna opcija&quot;. V tem trenutku tako po njegovem mnenju &quot;ni razloga za paniko&quot;. Celotna zadeva je sicer po Poga\u010dnikovih besedah zelo obse\u017ena, zato sodba ne bo mogla biti napisana v za to priporo\u010denem roku. &quot;Bova pa sodnica in jaz poskrbela, da bo napisana v razumnem roku,&quot; je dejal in dodal, da napredovanje zadeve spremlja ves \u010das. Ostro se je odzval na torkove izjave ministra za pravosodje Klemen\u010di\u010da, ko je dejal, da bo v primeru zastaranja storil vse, da bodo letele glave. Poga\u010dnik je povedal, da ga je izjava presenetila, saj imamo v Sloveniji tri veje oblasti, med katerimi &quot;ne obstaja nek hierarhi\u010dni odnos&quot;, pa tudi zato, ker Klemen\u010di\u010da \u0161teje za vrhunskega pravnika. Izjavo ministra je po Poga\u010dnikovih besedah ve\u010dina njegovih sodni\u0161kih kolegov na okro\u017enem sodi\u0161\u010du razumela kot napoved sankcij in ugotavljanja odgovornosti, za kar pa &quot;v tem trenutku ni nobene realne podlage&quot;. Hkrati je poudaril, da minister za kaj takega niti pristojen: &quot;Odgovornost znotraj sodne veje oblasti ugotavljajo po predpisanih postopkih za to dolo\u010deni organi, kot je denimo Sodni svet, ki imenuje in razre\u0161uje predsednike sodi\u0161\u010d. V postopku morebitne razre\u0161itve predsednika sodi\u0161\u010da minister za pravosodje sicer lahko ima predlagalno vlogo, zagotovo pa ni tisti, ki bi lahko odlo\u010dal, kdo bo predsednik na nekem sodi\u0161\u010du,&quot; je dejal. Dodal je, da je tak\u0161no ureditev sprejel DZ in ne sodstvo samo. Predsednik ljubljanskega okro\u017enega sodi\u0161\u010d\" \/>\n<meta property=\"og:url\" content=\"https:\/\/hudo.com\/si\/aktualno\/pogacnik-sodba-v-zadevi-bavcar-bo-napisana-v-razumnem-roku\/\" \/>\n<meta property=\"og:site_name\" content=\"Hudo Slovenija\" \/>\n<meta property=\"article:publisher\" content=\"https:\/\/www.facebook.com\/hudo.si\" \/>\n<meta property=\"article:published_time\" content=\"2016-09-29T09:00:00+00:00\" \/>\n<meta property=\"article:modified_time\" content=\"2016-09-30T06:36:42+00:00\" \/>\n<meta property=\"og:image\" content=\"https:\/\/hudo.com\/si\/wp-content\/uploads\/sites\/2\/2016\/09\/bav9-300.jpg\" \/>\n\t<meta property=\"og:image:width\" content=\"450\" \/>\n\t<meta property=\"og:image:height\" content=\"300\" \/>\n\t<meta property=\"og:image:type\" content=\"image\/jpeg\" \/>\n<meta name=\"author\" content=\"hudo\" \/>\n<meta name=\"twitter:card\" content=\"summary_large_image\" \/>\n<meta name=\"twitter:creator\" content=\"@hudo_si\" \/>\n<meta name=\"twitter:site\" content=\"@hudo_si\" \/>\n<meta name=\"twitter:label1\" content=\"Written by\" \/>\n\t<meta name=\"twitter:data1\" content=\"hudo\" \/>\n\t<meta name=\"twitter:label2\" content=\"Est. reading time\" \/>\n\t<meta name=\"twitter:data2\" content=\"2 minuti\" \/>\n<script type=\"application\/ld+json\" class=\"yoast-schema-graph\">{\"@context\":\"https:\/\/schema.org\",\"@graph\":[{\"@type\":\"Article\",\"@id\":\"https:\/\/hudo.com\/si\/aktualno\/pogacnik-sodba-v-zadevi-bavcar-bo-napisana-v-razumnem-roku\/#article\",\"isPartOf\":{\"@id\":\"https:\/\/hudo.com\/si\/aktualno\/pogacnik-sodba-v-zadevi-bavcar-bo-napisana-v-razumnem-roku\/\"},\"author\":{\"name\":\"hudo\",\"@id\":\"https:\/\/hudo.com\/si\/#\/schema\/person\/601cf3379633985b20f7e50f2bb47707\"},\"headline\":\"Poga\u010dnik: Sodba v zadevi Bav\u010dar bo napisana v razumnem roku\",\"datePublished\":\"2016-09-29T09:00:00+00:00\",\"dateModified\":\"2016-09-30T06:36:42+00:00\",\"mainEntityOfPage\":{\"@id\":\"https:\/\/hudo.com\/si\/aktualno\/pogacnik-sodba-v-zadevi-bavcar-bo-napisana-v-razumnem-roku\/\"},\"wordCount\":353,\"publisher\":{\"@id\":\"https:\/\/hudo.com\/si\/#organization\"},\"articleSection\":[\"Aktualno\"],\"inLanguage\":\"sl-SI\"},{\"@type\":\"WebPage\",\"@id\":\"https:\/\/hudo.com\/si\/aktualno\/pogacnik-sodba-v-zadevi-bavcar-bo-napisana-v-razumnem-roku\/\",\"url\":\"https:\/\/hudo.com\/si\/aktualno\/pogacnik-sodba-v-zadevi-bavcar-bo-napisana-v-razumnem-roku\/\",\"name\":\"Poga\u010dnik: Sodba v zadevi Bav\u010dar bo napisana v razumnem roku - Hudo Slovenija\",\"isPartOf\":{\"@id\":\"https:\/\/hudo.com\/si\/#website\"},\"datePublished\":\"2016-09-29T09:00:00+00:00\",\"dateModified\":\"2016-09-30T06:36:42+00:00\",\"breadcrumb\":{\"@id\":\"https:\/\/hudo.com\/si\/aktualno\/pogacnik-sodba-v-zadevi-bavcar-bo-napisana-v-razumnem-roku\/#breadcrumb\"},\"inLanguage\":\"sl-SI\",\"potentialAction\":[{\"@type\":\"ReadAction\",\"target\":[\"https:\/\/hudo.com\/si\/aktualno\/pogacnik-sodba-v-zadevi-bavcar-bo-napisana-v-razumnem-roku\/\"]}]},{\"@type\":\"BreadcrumbList\",\"@id\":\"https:\/\/hudo.com\/si\/aktualno\/pogacnik-sodba-v-zadevi-bavcar-bo-napisana-v-razumnem-roku\/#breadcrumb\",\"itemListElement\":[{\"@type\":\"ListItem\",\"position\":1,\"name\":\"Home\",\"item\":\"https:\/\/hudo.com\/si\/\"},{\"@type\":\"ListItem\",\"position\":2,\"name\":\"Poga\u010dnik: Sodba v zadevi Bav\u010dar bo napisana v razumnem roku\"}]},{\"@type\":\"WebSite\",\"@id\":\"https:\/\/hudo.com\/si\/#website\",\"url\":\"https:\/\/hudo.com\/si\/\",\"name\":\"Hudo Slovenija\",\"description\":\"Vse novice iz Slovenije in sveta\",\"publisher\":{\"@id\":\"https:\/\/hudo.com\/si\/#organization\"},\"potentialAction\":[{\"@type\":\"SearchAction\",\"target\":{\"@type\":\"EntryPoint\",\"urlTemplate\":\"https:\/\/hudo.com\/si\/?s={search_term_string}\"},\"query-input\":\"required name=search_term_string\"}],\"inLanguage\":\"sl-SI\"},{\"@type\":\"Organization\",\"@id\":\"https:\/\/hudo.com\/si\/#organization\",\"name\":\"VSN Media\",\"url\":\"https:\/\/hudo.com\/si\/\",\"logo\":{\"@type\":\"ImageObject\",\"inLanguage\":\"sl-SI\",\"@id\":\"https:\/\/hudo.com\/si\/#\/schema\/logo\/image\/\",\"url\":\"https:\/\/hudo.com\/si\/wp-content\/uploads\/sites\/2\/2021\/03\/hudo-app-2.png\",\"contentUrl\":\"https:\/\/hudo.com\/si\/wp-content\/uploads\/sites\/2\/2021\/03\/hudo-app-2.png\",\"width\":2185,\"height\":2167,\"caption\":\"VSN Media\"},\"image\":{\"@id\":\"https:\/\/hudo.com\/si\/#\/schema\/logo\/image\/\"},\"sameAs\":[\"https:\/\/www.facebook.com\/hudo.si\",\"https:\/\/twitter.com\/hudo_si\"]},{\"@type\":\"Person\",\"@id\":\"https:\/\/hudo.com\/si\/#\/schema\/person\/601cf3379633985b20f7e50f2bb47707\",\"name\":\"hudo\",\"image\":{\"@type\":\"ImageObject\",\"inLanguage\":\"sl-SI\",\"@id\":\"https:\/\/hudo.com\/si\/#\/schema\/person\/image\/\",\"url\":\"https:\/\/secure.gravatar.com\/avatar\/c4ca25fa72cace7a696b52ff5db9e095?s=96&d=mm&r=g\",\"contentUrl\":\"https:\/\/secure.gravatar.com\/avatar\/c4ca25fa72cace7a696b52ff5db9e095?s=96&d=mm&r=g\",\"caption\":\"hudo\"},\"url\":\"https:\/\/hudo.com\/si\/author\/hudo\/\"}]}<\/script>\n<!-- \/ Yoast SEO plugin. -->","yoast_head_json":{"title":"Poga\u010dnik: Sodba v zadevi Bav\u010dar bo napisana v razumnem roku - Hudo Slovenija","robots":{"index":"index","follow":"follow","max-snippet":"max-snippet:-1","max-image-preview":"max-image-preview:large","max-video-preview":"max-video-preview:-1"},"canonical":"https:\/\/hudo.com\/si\/aktualno\/pogacnik-sodba-v-zadevi-bavcar-bo-napisana-v-razumnem-roku\/","og_locale":"sl_SI","og_type":"article","og_title":"Poga\u010dnik: Sodba v zadevi Bav\u010dar bo napisana v razumnem roku - Hudo Slovenija","og_description":"Predsednik ljubljanskega okro\u017enega sodi\u0161\u010da Marjan Poga\u010dnik je povedal, da sodba v zadevi Istrabenz ne bo napisana v za to dolo\u010denem 30-dnevnem instrukcijskem roku, \"bo pa napisana v razumnem roku\". Na napoved ministra Gorana Klemen\u010di\u010da, da bodo v primeru zastaranja letele glave, pa je odgovoril: \"Vsak naj ostane v mejah svojih pristojnosti.\" Po besedah Poga\u010dnika sodnica senata, ki mora spisati sodbo v ponovljenem sojenju Igorju Bav\u010darju v zadevi Istrabenz, dela (tudi v svojem prostem \u010dasu) in bo tudi v prihodnje storila vse, da \"razprava o zastaranju zadeve ne bo postala realna opcija\". V tem trenutku tako po njegovem mnenju \"ni razloga za paniko\". Celotna zadeva je sicer po Poga\u010dnikovih besedah zelo obse\u017ena, zato sodba ne bo mogla biti napisana v za to priporo\u010denem roku. \"Bova pa sodnica in jaz poskrbela, da bo napisana v razumnem roku,\" je dejal in dodal, da napredovanje zadeve spremlja ves \u010das. Ostro se je odzval na torkove izjave ministra za pravosodje Klemen\u010di\u010da, ko je dejal, da bo v primeru zastaranja storil vse, da bodo letele glave. Poga\u010dnik je povedal, da ga je izjava presenetila, saj imamo v Sloveniji tri veje oblasti, med katerimi \"ne obstaja nek hierarhi\u010dni odnos\", pa tudi zato, ker Klemen\u010di\u010da \u0161teje za vrhunskega pravnika. Izjavo ministra je po Poga\u010dnikovih besedah ve\u010dina njegovih sodni\u0161kih kolegov na okro\u017enem sodi\u0161\u010du razumela kot napoved sankcij in ugotavljanja odgovornosti, za kar pa \"v tem trenutku ni nobene realne podlage\". Hkrati je poudaril, da minister za kaj takega niti pristojen: \"Odgovornost znotraj sodne veje oblasti ugotavljajo po predpisanih postopkih za to dolo\u010deni organi, kot je denimo Sodni svet, ki imenuje in razre\u0161uje predsednike sodi\u0161\u010d. V postopku morebitne razre\u0161itve predsednika sodi\u0161\u010da minister za pravosodje sicer lahko ima predlagalno vlogo, zagotovo pa ni tisti, ki bi lahko odlo\u010dal, kdo bo predsednik na nekem sodi\u0161\u010du,\" je dejal. Dodal je, da je tak\u0161no ureditev sprejel DZ in ne sodstvo samo. Predsednik ljubljanskega okro\u017enega sodi\u0161\u010d","og_url":"https:\/\/hudo.com\/si\/aktualno\/pogacnik-sodba-v-zadevi-bavcar-bo-napisana-v-razumnem-roku\/","og_site_name":"Hudo Slovenija","article_publisher":"https:\/\/www.facebook.com\/hudo.si","article_published_time":"2016-09-29T09:00:00+00:00","article_modified_time":"2016-09-30T06:36:42+00:00","og_image":[{"width":450,"height":300,"url":"https:\/\/hudo.com\/si\/wp-content\/uploads\/sites\/2\/2016\/09\/bav9-300.jpg","type":"image\/jpeg"}],"author":"hudo","twitter_card":"summary_large_image","twitter_creator":"@hudo_si","twitter_site":"@hudo_si","twitter_misc":{"Written by":"hudo","Est. reading time":"2 minuti"},"schema":{"@context":"https:\/\/schema.org","@graph":[{"@type":"Article","@id":"https:\/\/hudo.com\/si\/aktualno\/pogacnik-sodba-v-zadevi-bavcar-bo-napisana-v-razumnem-roku\/#article","isPartOf":{"@id":"https:\/\/hudo.com\/si\/aktualno\/pogacnik-sodba-v-zadevi-bavcar-bo-napisana-v-razumnem-roku\/"},"author":{"name":"hudo","@id":"https:\/\/hudo.com\/si\/#\/schema\/person\/601cf3379633985b20f7e50f2bb47707"},"headline":"Poga\u010dnik: Sodba v zadevi Bav\u010dar bo napisana v razumnem roku","datePublished":"2016-09-29T09:00:00+00:00","dateModified":"2016-09-30T06:36:42+00:00","mainEntityOfPage":{"@id":"https:\/\/hudo.com\/si\/aktualno\/pogacnik-sodba-v-zadevi-bavcar-bo-napisana-v-razumnem-roku\/"},"wordCount":353,"publisher":{"@id":"https:\/\/hudo.com\/si\/#organization"},"articleSection":["Aktualno"],"inLanguage":"sl-SI"},{"@type":"WebPage","@id":"https:\/\/hudo.com\/si\/aktualno\/pogacnik-sodba-v-zadevi-bavcar-bo-napisana-v-razumnem-roku\/","url":"https:\/\/hudo.com\/si\/aktualno\/pogacnik-sodba-v-zadevi-bavcar-bo-napisana-v-razumnem-roku\/","name":"Poga\u010dnik: Sodba v zadevi Bav\u010dar bo napisana v razumnem roku - Hudo Slovenija","isPartOf":{"@id":"https:\/\/hudo.com\/si\/#website"},"datePublished":"2016-09-29T09:00:00+00:00","dateModified":"2016-09-30T06:36:42+00:00","breadcrumb":{"@id":"https:\/\/hudo.com\/si\/aktualno\/pogacnik-sodba-v-zadevi-bavcar-bo-napisana-v-razumnem-roku\/#breadcrumb"},"inLanguage":"sl-SI","potentialAction":[{"@type":"ReadAction","target":["https:\/\/hudo.com\/si\/aktualno\/pogacnik-sodba-v-zadevi-bavcar-bo-napisana-v-razumnem-roku\/"]}]},{"@type":"BreadcrumbList","@id":"https:\/\/hudo.com\/si\/aktualno\/pogacnik-sodba-v-zadevi-bavcar-bo-napisana-v-razumnem-roku\/#breadcrumb","itemListElement":[{"@type":"ListItem","position":1,"name":"Home","item":"https:\/\/hudo.com\/si\/"},{"@type":"ListItem","position":2,"name":"Poga\u010dnik: Sodba v zadevi Bav\u010dar bo napisana v razumnem roku"}]},{"@type":"WebSite","@id":"https:\/\/hudo.com\/si\/#website","url":"https:\/\/hudo.com\/si\/","name":"Hudo Slovenija","description":"Vse novice iz Slovenije in sveta","publisher":{"@id":"https:\/\/hudo.com\/si\/#organization"},"potentialAction":[{"@type":"SearchAction","target":{"@type":"EntryPoint","urlTemplate":"https:\/\/hudo.com\/si\/?s={search_term_string}"},"query-input":"required name=search_term_string"}],"inLanguage":"sl-SI"},{"@type":"Organization","@id":"https:\/\/hudo.com\/si\/#organization","name":"VSN Media","url":"https:\/\/hudo.com\/si\/","logo":{"@type":"ImageObject","inLanguage":"sl-SI","@id":"https:\/\/hudo.com\/si\/#\/schema\/logo\/image\/","url":"https:\/\/hudo.com\/si\/wp-content\/uploads\/sites\/2\/2021\/03\/hudo-app-2.png","contentUrl":"https:\/\/hudo.com\/si\/wp-content\/uploads\/sites\/2\/2021\/03\/hudo-app-2.png","width":2185,"height":2167,"caption":"VSN Media"},"image":{"@id":"https:\/\/hudo.com\/si\/#\/schema\/logo\/image\/"},"sameAs":["https:\/\/www.facebook.com\/hudo.si","https:\/\/twitter.com\/hudo_si"]},{"@type":"Person","@id":"https:\/\/hudo.com\/si\/#\/schema\/person\/601cf3379633985b20f7e50f2bb47707","name":"hudo","image":{"@type":"ImageObject","inLanguage":"sl-SI","@id":"https:\/\/hudo.com\/si\/#\/schema\/person\/image\/","url":"https:\/\/secure.gravatar.com\/avatar\/c4ca25fa72cace7a696b52ff5db9e095?s=96&d=mm&r=g","contentUrl":"https:\/\/secure.gravatar.com\/avatar\/c4ca25fa72cace7a696b52ff5db9e095?s=96&d=mm&r=g","caption":"hudo"},"url":"https:\/\/hudo.com\/si\/author\/hudo\/"}]}},"amp_enabled":true,"_links":{"self":[{"href":"https:\/\/hudo.com\/si\/wp-json\/wp\/v2\/posts\/143138"}],"collection":[{"href":"https:\/\/hudo.com\/si\/wp-json\/wp\/v2\/posts"}],"about":[{"href":"https:\/\/hudo.com\/si\/wp-json\/wp\/v2\/types\/post"}],"author":[{"embeddable":true,"href":"https:\/\/hudo.com\/si\/wp-json\/wp\/v2\/users\/1"}],"replies":[{"embeddable":true,"href":"https:\/\/hudo.com\/si\/wp-json\/wp\/v2\/comments?post=143138"}],"version-history":[{"count":1,"href":"https:\/\/hudo.com\/si\/wp-json\/wp\/v2\/posts\/143138\/revisions"}],"predecessor-version":[{"id":143333,"href":"https:\/\/hudo.com\/si\/wp-json\/wp\/v2\/posts\/143138\/revisions\/143333"}],"wp:attachment":[{"href":"https:\/\/hudo.com\/si\/wp-json\/wp\/v2\/media?parent=143138"}],"wp:term":[{"taxonomy":"category","embeddable":true,"href":"https:\/\/hudo.com\/si\/wp-json\/wp\/v2\/categories?post=143138"},{"taxonomy":"post_tag","embeddable":true,"href":"https:\/\/hudo.com\/si\/wp-json\/wp\/v2\/tags?post=143138"},{"taxonomy":"source","embeddable":true,"href":"https:\/\/hudo.com\/si\/wp-json\/wp\/v2\/source?post=143138"},{"taxonomy":"supertag","embeddable":true,"href":"https:\/\/hudo.com\/si\/wp-json\/wp\/v2\/supertag?post=143138"}],"curies":[{"name":"wp","href":"https:\/\/api.w.org\/{rel}","templated":true}]}}