{"id":143146,"date":"2016-09-29T10:45:00","date_gmt":"2016-09-29T08:45:00","guid":{"rendered":"http:\/\/hudo.com\/si\/2016\/09\/29\/po-treh-mesecih-gospodarsko-razpolozenje-v-eu-boljse\/"},"modified":"2016-09-29T10:45:00","modified_gmt":"2016-09-29T08:45:00","slug":"po-treh-mesecih-gospodarsko-razpolozenje-v-eu-boljse","status":"publish","type":"post","link":"https:\/\/hudo.com\/si\/aktualno\/po-treh-mesecih-gospodarsko-razpolozenje-v-eu-boljse\/","title":{"rendered":"Po treh mesecih gospodarsko razpolo\u017eenje v EU bolj\u0161e"},"content":{"rendered":"<p>Kategorija: Finance Thu, 29 Sep 2016 12:45:00 +0200  Bruselj \u2212 Gospodarsko razpolo\u017eenje v obmo\u010dju evra in v EU se je septembra po treh mesecih slab\u0161anja ponovno okrepilo. Vrednost kazalnika gospodarskega razpolo\u017eenja (ESI) za obmo\u010dje evra se je zvi\u0161ala za 1,4 to\u010dke na 104,9 to\u010dke, za EU pa za 1,8 to\u010dke na 105,6. Kazalnik za Slovenijo se je zni\u017eal za eno to\u010dko na 107,3 to\u010dke. V obmo\u010dju z evrom se je razpolo\u017eenje izbolj\u0161alo predvsem zaradi dobrega razpolo\u017eenja v industriji, k ve\u010djemu optimizmu pa sta pomagala tudi kazalnika v trgovini na drobno in v gradbeni\u0161tvu. Zaupanje potro\u0161nikov je zabele\u017eilo zanemarljivo rast, v sektorju storitev pa je bilo razpolo\u017eenje prakti\u010dno nespremenjeno, je danes sporo\u010dila Evropska komisija. ESI se je zvi\u0161al v vseh petih najve\u010djih \u010dlanicah evro obmo\u010dja, najmo\u010dneje pa na Nizozemskem, kjer je pridobil 1,7 to\u010dke, in v Nem\u010diji, kjer je vi\u0161ji za 1,6\u00a0&#8230;<\/p>\n","protected":false},"excerpt":{"rendered":"<p>Kategorija: Finance Thu, 29 Sep 2016 12:45:00 +0200  Bruselj \u2212 Gospodarsko razpolo\u017eenje v obmo\u010dju evra in v EU se je septembra po treh mesecih slab\u0161anja ponovno okrepilo. Vrednost kazalnika gospodarskega razpolo\u017eenja (ESI) za obmo\u010dje evra se je zvi\u0161ala za 1,4 to\u010dke na 104,9 to\u010dke, za EU pa za 1,8 to\u010dke na 105,6. Kazalnik za Slovenijo se je zni\u017eal za eno to\u010dko na 107,3 to\u010dke. V obmo\u010dju z evrom se je razpolo\u017eenje izbolj\u0161alo predvsem zaradi dobrega razpolo\u017eenja v industriji, k ve\u010djemu optimizmu pa sta pomagala tudi kazalnika v trgovini na drobno in v gradbeni\u0161tvu. Zaupanje potro\u0161nikov je zabele\u017eilo zanemarljivo rast, v sektorju storitev pa je bilo razpolo\u017eenje prakti\u010dno nespremenjeno, je danes sporo\u010dila Evropska komisija. ESI se je zvi\u0161al v vseh petih najve\u010djih \u010dlanicah evro obmo\u010dja, najmo\u010dneje pa na Nizozemskem, kjer je pridobil 1,7 to\u010dke, in v Nem\u010diji, kjer je vi\u0161ji za 1,6\u00a0&#8230;<\/p>\n","protected":false},"author":1,"featured_media":0,"comment_status":"closed","ping_status":"closed","sticky":false,"template":"","format":"standard","meta":{"footnotes":""},"categories":[1179],"tags":[],"source":[1703],"supertag":[],"acf":[],"yoast_head":"<!-- This site is optimized with the Yoast SEO plugin v21.3 - https:\/\/yoast.com\/wordpress\/plugins\/seo\/ -->\n<title>Po treh mesecih gospodarsko razpolo\u017eenje v EU bolj\u0161e - Hudo Slovenija<\/title>\n<meta name=\"robots\" content=\"index, follow, max-snippet:-1, max-image-preview:large, max-video-preview:-1\" \/>\n<link rel=\"canonical\" href=\"https:\/\/hudo.com\/si\/aktualno\/po-treh-mesecih-gospodarsko-razpolozenje-v-eu-boljse\/\" \/>\n<meta property=\"og:locale\" content=\"sl_SI\" \/>\n<meta property=\"og:type\" content=\"article\" \/>\n<meta property=\"og:title\" content=\"Po treh mesecih gospodarsko razpolo\u017eenje v EU bolj\u0161e - Hudo Slovenija\" \/>\n<meta property=\"og:description\" content=\"Kategorija: Finance Thu, 29 Sep 2016 12:45:00 +0200 Bruselj \u2212 Gospodarsko razpolo\u017eenje v obmo\u010dju evra in v EU se je septembra po treh mesecih slab\u0161anja ponovno okrepilo. Vrednost kazalnika gospodarskega razpolo\u017eenja (ESI) za obmo\u010dje evra se je zvi\u0161ala za 1,4 to\u010dke na 104,9 to\u010dke, za EU pa za 1,8 to\u010dke na 105,6. Kazalnik za Slovenijo se je zni\u017eal za eno to\u010dko na 107,3 to\u010dke. V obmo\u010dju z evrom se je razpolo\u017eenje izbolj\u0161alo predvsem zaradi dobrega razpolo\u017eenja v industriji, k ve\u010djemu optimizmu pa sta pomagala tudi kazalnika v trgovini na drobno in v gradbeni\u0161tvu. Zaupanje potro\u0161nikov je zabele\u017eilo zanemarljivo rast, v sektorju storitev pa je bilo razpolo\u017eenje prakti\u010dno nespremenjeno, je danes sporo\u010dila Evropska komisija. ESI se je zvi\u0161al v vseh petih najve\u010djih \u010dlanicah evro obmo\u010dja, najmo\u010dneje pa na Nizozemskem, kjer je pridobil 1,7 to\u010dke, in v Nem\u010diji, kjer je vi\u0161ji za 1,6\u00a0...\" \/>\n<meta property=\"og:url\" content=\"https:\/\/hudo.com\/si\/aktualno\/po-treh-mesecih-gospodarsko-razpolozenje-v-eu-boljse\/\" \/>\n<meta property=\"og:site_name\" content=\"Hudo Slovenija\" \/>\n<meta property=\"article:publisher\" content=\"https:\/\/www.facebook.com\/hudo.si\" \/>\n<meta property=\"article:published_time\" content=\"2016-09-29T08:45:00+00:00\" \/>\n<meta property=\"og:image\" content=\"https:\/\/hudo.com\/si\/wp-content\/uploads\/sites\/2\/2016\/09\/480x290_djvu_1393658_pavlinb_reut-Evro.jpeg\" \/>\n\t<meta property=\"og:image:width\" content=\"480\" \/>\n\t<meta property=\"og:image:height\" content=\"290\" \/>\n\t<meta property=\"og:image:type\" content=\"image\/jpeg\" \/>\n<meta name=\"author\" content=\"hudo\" \/>\n<meta name=\"twitter:card\" content=\"summary_large_image\" \/>\n<meta name=\"twitter:creator\" content=\"@hudo_si\" \/>\n<meta name=\"twitter:site\" content=\"@hudo_si\" \/>\n<meta name=\"twitter:label1\" content=\"Written by\" \/>\n\t<meta name=\"twitter:data1\" content=\"hudo\" \/>\n\t<meta name=\"twitter:label2\" content=\"Est. reading time\" \/>\n\t<meta name=\"twitter:data2\" content=\"1 minuta\" \/>\n<script type=\"application\/ld+json\" class=\"yoast-schema-graph\">{\"@context\":\"https:\/\/schema.org\",\"@graph\":[{\"@type\":\"Article\",\"@id\":\"https:\/\/hudo.com\/si\/aktualno\/po-treh-mesecih-gospodarsko-razpolozenje-v-eu-boljse\/#article\",\"isPartOf\":{\"@id\":\"https:\/\/hudo.com\/si\/aktualno\/po-treh-mesecih-gospodarsko-razpolozenje-v-eu-boljse\/\"},\"author\":{\"name\":\"hudo\",\"@id\":\"https:\/\/hudo.com\/si\/#\/schema\/person\/601cf3379633985b20f7e50f2bb47707\"},\"headline\":\"Po treh mesecih gospodarsko razpolo\u017eenje v EU bolj\u0161e\",\"datePublished\":\"2016-09-29T08:45:00+00:00\",\"dateModified\":\"2016-09-29T08:45:00+00:00\",\"mainEntityOfPage\":{\"@id\":\"https:\/\/hudo.com\/si\/aktualno\/po-treh-mesecih-gospodarsko-razpolozenje-v-eu-boljse\/\"},\"wordCount\":169,\"publisher\":{\"@id\":\"https:\/\/hudo.com\/si\/#organization\"},\"articleSection\":[\"Aktualno\"],\"inLanguage\":\"sl-SI\"},{\"@type\":\"WebPage\",\"@id\":\"https:\/\/hudo.com\/si\/aktualno\/po-treh-mesecih-gospodarsko-razpolozenje-v-eu-boljse\/\",\"url\":\"https:\/\/hudo.com\/si\/aktualno\/po-treh-mesecih-gospodarsko-razpolozenje-v-eu-boljse\/\",\"name\":\"Po treh mesecih gospodarsko razpolo\u017eenje v EU bolj\u0161e - Hudo Slovenija\",\"isPartOf\":{\"@id\":\"https:\/\/hudo.com\/si\/#website\"},\"datePublished\":\"2016-09-29T08:45:00+00:00\",\"dateModified\":\"2016-09-29T08:45:00+00:00\",\"breadcrumb\":{\"@id\":\"https:\/\/hudo.com\/si\/aktualno\/po-treh-mesecih-gospodarsko-razpolozenje-v-eu-boljse\/#breadcrumb\"},\"inLanguage\":\"sl-SI\",\"potentialAction\":[{\"@type\":\"ReadAction\",\"target\":[\"https:\/\/hudo.com\/si\/aktualno\/po-treh-mesecih-gospodarsko-razpolozenje-v-eu-boljse\/\"]}]},{\"@type\":\"BreadcrumbList\",\"@id\":\"https:\/\/hudo.com\/si\/aktualno\/po-treh-mesecih-gospodarsko-razpolozenje-v-eu-boljse\/#breadcrumb\",\"itemListElement\":[{\"@type\":\"ListItem\",\"position\":1,\"name\":\"Home\",\"item\":\"https:\/\/hudo.com\/si\/\"},{\"@type\":\"ListItem\",\"position\":2,\"name\":\"Po treh mesecih gospodarsko razpolo\u017eenje v EU bolj\u0161e\"}]},{\"@type\":\"WebSite\",\"@id\":\"https:\/\/hudo.com\/si\/#website\",\"url\":\"https:\/\/hudo.com\/si\/\",\"name\":\"Hudo Slovenija\",\"description\":\"Vse novice iz Slovenije in sveta\",\"publisher\":{\"@id\":\"https:\/\/hudo.com\/si\/#organization\"},\"potentialAction\":[{\"@type\":\"SearchAction\",\"target\":{\"@type\":\"EntryPoint\",\"urlTemplate\":\"https:\/\/hudo.com\/si\/?s={search_term_string}\"},\"query-input\":\"required name=search_term_string\"}],\"inLanguage\":\"sl-SI\"},{\"@type\":\"Organization\",\"@id\":\"https:\/\/hudo.com\/si\/#organization\",\"name\":\"VSN Media\",\"url\":\"https:\/\/hudo.com\/si\/\",\"logo\":{\"@type\":\"ImageObject\",\"inLanguage\":\"sl-SI\",\"@id\":\"https:\/\/hudo.com\/si\/#\/schema\/logo\/image\/\",\"url\":\"https:\/\/hudo.com\/si\/wp-content\/uploads\/sites\/2\/2021\/03\/hudo-app-2.png\",\"contentUrl\":\"https:\/\/hudo.com\/si\/wp-content\/uploads\/sites\/2\/2021\/03\/hudo-app-2.png\",\"width\":2185,\"height\":2167,\"caption\":\"VSN Media\"},\"image\":{\"@id\":\"https:\/\/hudo.com\/si\/#\/schema\/logo\/image\/\"},\"sameAs\":[\"https:\/\/www.facebook.com\/hudo.si\",\"https:\/\/twitter.com\/hudo_si\"]},{\"@type\":\"Person\",\"@id\":\"https:\/\/hudo.com\/si\/#\/schema\/person\/601cf3379633985b20f7e50f2bb47707\",\"name\":\"hudo\",\"image\":{\"@type\":\"ImageObject\",\"inLanguage\":\"sl-SI\",\"@id\":\"https:\/\/hudo.com\/si\/#\/schema\/person\/image\/\",\"url\":\"https:\/\/secure.gravatar.com\/avatar\/c4ca25fa72cace7a696b52ff5db9e095?s=96&d=mm&r=g\",\"contentUrl\":\"https:\/\/secure.gravatar.com\/avatar\/c4ca25fa72cace7a696b52ff5db9e095?s=96&d=mm&r=g\",\"caption\":\"hudo\"},\"url\":\"https:\/\/hudo.com\/si\/author\/hudo\/\"}]}<\/script>\n<!-- \/ Yoast SEO plugin. -->","yoast_head_json":{"title":"Po treh mesecih gospodarsko razpolo\u017eenje v EU bolj\u0161e - Hudo Slovenija","robots":{"index":"index","follow":"follow","max-snippet":"max-snippet:-1","max-image-preview":"max-image-preview:large","max-video-preview":"max-video-preview:-1"},"canonical":"https:\/\/hudo.com\/si\/aktualno\/po-treh-mesecih-gospodarsko-razpolozenje-v-eu-boljse\/","og_locale":"sl_SI","og_type":"article","og_title":"Po treh mesecih gospodarsko razpolo\u017eenje v EU bolj\u0161e - Hudo Slovenija","og_description":"Kategorija: Finance Thu, 29 Sep 2016 12:45:00 +0200 Bruselj \u2212 Gospodarsko razpolo\u017eenje v obmo\u010dju evra in v EU se je septembra po treh mesecih slab\u0161anja ponovno okrepilo. Vrednost kazalnika gospodarskega razpolo\u017eenja (ESI) za obmo\u010dje evra se je zvi\u0161ala za 1,4 to\u010dke na 104,9 to\u010dke, za EU pa za 1,8 to\u010dke na 105,6. Kazalnik za Slovenijo se je zni\u017eal za eno to\u010dko na 107,3 to\u010dke. V obmo\u010dju z evrom se je razpolo\u017eenje izbolj\u0161alo predvsem zaradi dobrega razpolo\u017eenja v industriji, k ve\u010djemu optimizmu pa sta pomagala tudi kazalnika v trgovini na drobno in v gradbeni\u0161tvu. Zaupanje potro\u0161nikov je zabele\u017eilo zanemarljivo rast, v sektorju storitev pa je bilo razpolo\u017eenje prakti\u010dno nespremenjeno, je danes sporo\u010dila Evropska komisija. ESI se je zvi\u0161al v vseh petih najve\u010djih \u010dlanicah evro obmo\u010dja, najmo\u010dneje pa na Nizozemskem, kjer je pridobil 1,7 to\u010dke, in v Nem\u010diji, kjer je vi\u0161ji za 1,6\u00a0...","og_url":"https:\/\/hudo.com\/si\/aktualno\/po-treh-mesecih-gospodarsko-razpolozenje-v-eu-boljse\/","og_site_name":"Hudo Slovenija","article_publisher":"https:\/\/www.facebook.com\/hudo.si","article_published_time":"2016-09-29T08:45:00+00:00","og_image":[{"width":480,"height":290,"url":"https:\/\/hudo.com\/si\/wp-content\/uploads\/sites\/2\/2016\/09\/480x290_djvu_1393658_pavlinb_reut-Evro.jpeg","type":"image\/jpeg"}],"author":"hudo","twitter_card":"summary_large_image","twitter_creator":"@hudo_si","twitter_site":"@hudo_si","twitter_misc":{"Written by":"hudo","Est. reading time":"1 minuta"},"schema":{"@context":"https:\/\/schema.org","@graph":[{"@type":"Article","@id":"https:\/\/hudo.com\/si\/aktualno\/po-treh-mesecih-gospodarsko-razpolozenje-v-eu-boljse\/#article","isPartOf":{"@id":"https:\/\/hudo.com\/si\/aktualno\/po-treh-mesecih-gospodarsko-razpolozenje-v-eu-boljse\/"},"author":{"name":"hudo","@id":"https:\/\/hudo.com\/si\/#\/schema\/person\/601cf3379633985b20f7e50f2bb47707"},"headline":"Po treh mesecih gospodarsko razpolo\u017eenje v EU bolj\u0161e","datePublished":"2016-09-29T08:45:00+00:00","dateModified":"2016-09-29T08:45:00+00:00","mainEntityOfPage":{"@id":"https:\/\/hudo.com\/si\/aktualno\/po-treh-mesecih-gospodarsko-razpolozenje-v-eu-boljse\/"},"wordCount":169,"publisher":{"@id":"https:\/\/hudo.com\/si\/#organization"},"articleSection":["Aktualno"],"inLanguage":"sl-SI"},{"@type":"WebPage","@id":"https:\/\/hudo.com\/si\/aktualno\/po-treh-mesecih-gospodarsko-razpolozenje-v-eu-boljse\/","url":"https:\/\/hudo.com\/si\/aktualno\/po-treh-mesecih-gospodarsko-razpolozenje-v-eu-boljse\/","name":"Po treh mesecih gospodarsko razpolo\u017eenje v EU bolj\u0161e - Hudo Slovenija","isPartOf":{"@id":"https:\/\/hudo.com\/si\/#website"},"datePublished":"2016-09-29T08:45:00+00:00","dateModified":"2016-09-29T08:45:00+00:00","breadcrumb":{"@id":"https:\/\/hudo.com\/si\/aktualno\/po-treh-mesecih-gospodarsko-razpolozenje-v-eu-boljse\/#breadcrumb"},"inLanguage":"sl-SI","potentialAction":[{"@type":"ReadAction","target":["https:\/\/hudo.com\/si\/aktualno\/po-treh-mesecih-gospodarsko-razpolozenje-v-eu-boljse\/"]}]},{"@type":"BreadcrumbList","@id":"https:\/\/hudo.com\/si\/aktualno\/po-treh-mesecih-gospodarsko-razpolozenje-v-eu-boljse\/#breadcrumb","itemListElement":[{"@type":"ListItem","position":1,"name":"Home","item":"https:\/\/hudo.com\/si\/"},{"@type":"ListItem","position":2,"name":"Po treh mesecih gospodarsko razpolo\u017eenje v EU bolj\u0161e"}]},{"@type":"WebSite","@id":"https:\/\/hudo.com\/si\/#website","url":"https:\/\/hudo.com\/si\/","name":"Hudo Slovenija","description":"Vse novice iz Slovenije in sveta","publisher":{"@id":"https:\/\/hudo.com\/si\/#organization"},"potentialAction":[{"@type":"SearchAction","target":{"@type":"EntryPoint","urlTemplate":"https:\/\/hudo.com\/si\/?s={search_term_string}"},"query-input":"required name=search_term_string"}],"inLanguage":"sl-SI"},{"@type":"Organization","@id":"https:\/\/hudo.com\/si\/#organization","name":"VSN Media","url":"https:\/\/hudo.com\/si\/","logo":{"@type":"ImageObject","inLanguage":"sl-SI","@id":"https:\/\/hudo.com\/si\/#\/schema\/logo\/image\/","url":"https:\/\/hudo.com\/si\/wp-content\/uploads\/sites\/2\/2021\/03\/hudo-app-2.png","contentUrl":"https:\/\/hudo.com\/si\/wp-content\/uploads\/sites\/2\/2021\/03\/hudo-app-2.png","width":2185,"height":2167,"caption":"VSN Media"},"image":{"@id":"https:\/\/hudo.com\/si\/#\/schema\/logo\/image\/"},"sameAs":["https:\/\/www.facebook.com\/hudo.si","https:\/\/twitter.com\/hudo_si"]},{"@type":"Person","@id":"https:\/\/hudo.com\/si\/#\/schema\/person\/601cf3379633985b20f7e50f2bb47707","name":"hudo","image":{"@type":"ImageObject","inLanguage":"sl-SI","@id":"https:\/\/hudo.com\/si\/#\/schema\/person\/image\/","url":"https:\/\/secure.gravatar.com\/avatar\/c4ca25fa72cace7a696b52ff5db9e095?s=96&d=mm&r=g","contentUrl":"https:\/\/secure.gravatar.com\/avatar\/c4ca25fa72cace7a696b52ff5db9e095?s=96&d=mm&r=g","caption":"hudo"},"url":"https:\/\/hudo.com\/si\/author\/hudo\/"}]}},"amp_enabled":true,"_links":{"self":[{"href":"https:\/\/hudo.com\/si\/wp-json\/wp\/v2\/posts\/143146"}],"collection":[{"href":"https:\/\/hudo.com\/si\/wp-json\/wp\/v2\/posts"}],"about":[{"href":"https:\/\/hudo.com\/si\/wp-json\/wp\/v2\/types\/post"}],"author":[{"embeddable":true,"href":"https:\/\/hudo.com\/si\/wp-json\/wp\/v2\/users\/1"}],"replies":[{"embeddable":true,"href":"https:\/\/hudo.com\/si\/wp-json\/wp\/v2\/comments?post=143146"}],"version-history":[{"count":0,"href":"https:\/\/hudo.com\/si\/wp-json\/wp\/v2\/posts\/143146\/revisions"}],"wp:attachment":[{"href":"https:\/\/hudo.com\/si\/wp-json\/wp\/v2\/media?parent=143146"}],"wp:term":[{"taxonomy":"category","embeddable":true,"href":"https:\/\/hudo.com\/si\/wp-json\/wp\/v2\/categories?post=143146"},{"taxonomy":"post_tag","embeddable":true,"href":"https:\/\/hudo.com\/si\/wp-json\/wp\/v2\/tags?post=143146"},{"taxonomy":"source","embeddable":true,"href":"https:\/\/hudo.com\/si\/wp-json\/wp\/v2\/source?post=143146"},{"taxonomy":"supertag","embeddable":true,"href":"https:\/\/hudo.com\/si\/wp-json\/wp\/v2\/supertag?post=143146"}],"curies":[{"name":"wp","href":"https:\/\/api.w.org\/{rel}","templated":true}]}}