{"id":14389,"date":"2015-08-12T08:06:09","date_gmt":"2015-08-12T07:06:09","guid":{"rendered":"http:\/\/master.hudo.com\/si\/2015\/08\/12\/christina-aguilera-obozevalcem-razkrila-pogled-globoko-v-njeno-intimo-foto\/"},"modified":"2015-08-12T08:06:09","modified_gmt":"2015-08-12T07:06:09","slug":"christina-aguilera-obozevalcem-razkrila-pogled-globoko-v-njeno-intimo-foto","status":"publish","type":"post","link":"https:\/\/hudo.com\/si\/vip\/christina-aguilera-obozevalcem-razkrila-pogled-globoko-v-njeno-intimo-foto\/","title":{"rendered":"Christina Aguilera obo\u017eevalcem razkrila pogled globoko v njeno intimo (foto)"},"content":{"rendered":"<p>Pevka je na instagramu objavila par fotografij, ki razkrivajo njen dom in nekatere njene najljub\u0161e stvari v \u017eivljenju. Ob eni od objav je zapisala: &#8220;Toliko, da boste vedeli, pri meni je vse pristno, vedno. Za\u010dutila sem, da je \u010das, da z vami delim nekaj svojih osebnih stvari. In to je \u0161ele za\u010detek.&#8221;<\/p>\n<p>&nbsp;<\/p>\n<section class=\"slideshow\">\n<figure>\n\t\t\t\t\t<img loading=\"lazy\" decoding=\"async\" width=\"660\" height=\"320\" src=\"data:image\/gif;base64,R0lGODlhAQABAAAAACH5BAEKAAEALAAAAAABAAEAAAICTAEAOw==\" class=\"lazyload\" data-src=\"http:\/\/zenska.hudo.com\/files\/2015\/08\/11138485_10152649016582824_5322819116994602545_n1-320x155.jpg\" data-srcset=\"http:\/\/zenska.hudo.com\/files\/2015\/08\/11138485_10152649016582824_5322819116994602545_n1-660x320.jpg 660w,http:\/\/zenska.hudo.com\/files\/2015\/08\/11138485_10152649016582824_5322819116994602545_n1-320x155.jpg 330w\" sizes=\"(max-width: 660px) 100vw, 660px\"\/><figcaption>Te \u010devlje je posebej za njo naredil oblikovalec Christian Louboutin, ko je snemala film Burleska in je shranila v posebni vitrini (Foto: Christina Aguilera facebook)<\/figcaption><\/figure>\n<figure>\n\t\t\t\t\t<img loading=\"lazy\" decoding=\"async\" width=\"660\" height=\"320\" src=\"data:image\/gif;base64,R0lGODlhAQABAAAAACH5BAEKAAEALAAAAAABAAEAAAICTAEAOw==\" class=\"lazyload\" data-src=\"http:\/\/zenska.hudo.com\/files\/2015\/08\/11231269_10152648987012824_9141682879561095271_n1-320x155.jpg\" data-srcset=\"http:\/\/zenska.hudo.com\/files\/2015\/08\/11231269_10152648987012824_9141682879561095271_n1-660x320.jpg 660w,http:\/\/zenska.hudo.com\/files\/2015\/08\/11231269_10152648987012824_9141682879561095271_n1-320x155.jpg 330w\" sizes=\"(max-width: 660px) 100vw, 660px\"\/><figcaption>\u0160e en mini oltar\u010dek posve\u010den seksi \u010devljem (Foto: Christina Aguilera facebook)<\/figcaption><\/figure>\n<figure>\n\t\t\t\t\t<img loading=\"lazy\" decoding=\"async\" width=\"660\" height=\"320\" src=\"data:image\/gif;base64,R0lGODlhAQABAAAAACH5BAEKAAEALAAAAAABAAEAAAICTAEAOw==\" class=\"lazyload\" data-src=\"http:\/\/zenska.hudo.com\/files\/2015\/08\/11826015_10152648809067824_1271470951695481564_n-320x155.jpg\" data-srcset=\"http:\/\/zenska.hudo.com\/files\/2015\/08\/11826015_10152648809067824_1271470951695481564_n-660x320.jpg 660w,http:\/\/zenska.hudo.com\/files\/2015\/08\/11826015_10152648809067824_1271470951695481564_n-320x155.jpg 330w\" sizes=\"(max-width: 660px) 100vw, 660px\"\/><figcaption>Objavila je tudi fotografijo, ko je bila stara 7 let in je \u017ee takrat obo\u017eevala preobla\u010denje in lepe obleke (Foto: Christina Aguilera facebook)<\/figcaption><\/figure>\n<figure>\n\t\t\t\t\t<img loading=\"lazy\" decoding=\"async\" width=\"660\" height=\"320\" src=\"data:image\/gif;base64,R0lGODlhAQABAAAAACH5BAEKAAEALAAAAAABAAEAAAICTAEAOw==\" class=\"lazyload\" data-src=\"http:\/\/zenska.hudo.com\/files\/2015\/08\/11828637_10152649046012824_6726949376093682712_n-320x155.jpg\" data-srcset=\"http:\/\/zenska.hudo.com\/files\/2015\/08\/11828637_10152649046012824_6726949376093682712_n-660x320.jpg 660w,http:\/\/zenska.hudo.com\/files\/2015\/08\/11828637_10152649046012824_6726949376093682712_n-320x155.jpg 330w\" sizes=\"(max-width: 660px) 100vw, 660px\"\/><figcaption>Za konec pa je \u0161e skoraj gola pozirala v svoji kopalnici (Foto: Christina Aguilera facebook)<\/figcaption><\/figure>\n<figure>\n\t\t\t\t\t<img loading=\"lazy\" decoding=\"async\" width=\"660\" height=\"320\" src=\"data:image\/gif;base64,R0lGODlhAQABAAAAACH5BAEKAAEALAAAAAABAAEAAAICTAEAOw==\" class=\"lazyload\" data-src=\"http:\/\/zenska.hudo.com\/files\/2015\/08\/11836898_10152648880722824_5515563277486896360_n-320x155.jpg\" data-srcset=\"http:\/\/zenska.hudo.com\/files\/2015\/08\/11836898_10152648880722824_5515563277486896360_n-660x320.jpg 660w,http:\/\/zenska.hudo.com\/files\/2015\/08\/11836898_10152648880722824_5515563277486896360_n-320x155.jpg 330w\" sizes=\"(max-width: 660px) 100vw, 660px\"\/><figcaption>Tako je videti njena spalnica (Foto: Christina Aguilera facebook)<\/figcaption><\/figure>\n<figure>\n\t\t\t\t\t<img loading=\"lazy\" decoding=\"async\" width=\"660\" height=\"320\" src=\"data:image\/gif;base64,R0lGODlhAQABAAAAACH5BAEKAAEALAAAAAABAAEAAAICTAEAOw==\" class=\"lazyload\" data-src=\"http:\/\/zenska.hudo.com\/files\/2015\/08\/11866228_10152649061787824_4644832252934064350_n-320x155.jpg\" data-srcset=\"http:\/\/zenska.hudo.com\/files\/2015\/08\/11866228_10152649061787824_4644832252934064350_n-660x320.jpg 660w,http:\/\/zenska.hudo.com\/files\/2015\/08\/11866228_10152649061787824_4644832252934064350_n-320x155.jpg 330w\" sizes=\"(max-width: 660px) 100vw, 660px\"\/><figcaption>Eden od motivacijskih napisov, ki krasi njene stene (Foto: Christina Aguilera facebook)<\/figcaption><\/figure>\n<figure>\n\t\t\t\t\t<img loading=\"lazy\" decoding=\"async\" width=\"660\" height=\"320\" src=\"data:image\/gif;base64,R0lGODlhAQABAAAAACH5BAEKAAEALAAAAAABAAEAAAICTAEAOw==\" class=\"lazyload\" data-src=\"http:\/\/zenska.hudo.com\/files\/2015\/08\/11866472_10152648966567824_5835202461608284442_n-320x155.jpg\" data-srcset=\"http:\/\/zenska.hudo.com\/files\/2015\/08\/11866472_10152648966567824_5835202461608284442_n-660x320.jpg 660w,http:\/\/zenska.hudo.com\/files\/2015\/08\/11866472_10152648966567824_5835202461608284442_n-320x155.jpg 330w\" sizes=\"(max-width: 660px) 100vw, 660px\"\/><figcaption>Objavila je del\u010dke svojih najljub\u0161ih fotografij, med drugim tudi babu\u0161ko s svojo bioni\u010dno podobo, ki jo je za njo naredil eden od obo\u017eevalcev iz Rusije. Kot je napisala je to ena njenih najljub\u0161ih stvari, kar jih je kdaj dobila in jo izjemno ceni (Foto: Christina Aguilera facebook)<\/figcaption><\/figure>\n<\/section>\n","protected":false},"excerpt":{"rendered":"<p>Christina Aguilera je obo\u017eevalce za trenutek spustila v svoj svet in obljubila, da bo to po\u010dela pogosteje.<\/p>\n","protected":false},"author":1,"featured_media":0,"comment_status":"closed","ping_status":"closed","sticky":false,"template":"","format":"standard","meta":{"footnotes":""},"categories":[1093],"tags":[3372],"source":[1346,1345,1334],"supertag":[],"acf":[],"yoast_head":"<!-- This site is optimized with the Yoast SEO plugin v21.3 - https:\/\/yoast.com\/wordpress\/plugins\/seo\/ -->\n<title>Christina Aguilera obo\u017eevalcem razkrila pogled globoko v njeno intimo (foto) - Hudo Slovenija<\/title>\n<meta name=\"robots\" content=\"index, follow, max-snippet:-1, max-image-preview:large, max-video-preview:-1\" \/>\n<link rel=\"canonical\" href=\"https:\/\/hudo.com\/si\/vip\/christina-aguilera-obozevalcem-razkrila-pogled-globoko-v-njeno-intimo-foto\/\" \/>\n<meta property=\"og:locale\" content=\"sl_SI\" \/>\n<meta property=\"og:type\" content=\"article\" \/>\n<meta property=\"og:title\" content=\"Christina Aguilera obo\u017eevalcem razkrila pogled globoko v njeno intimo (foto) - Hudo Slovenija\" \/>\n<meta property=\"og:description\" content=\"Christina Aguilera je obo\u017eevalce za trenutek spustila v svoj svet in obljubila, da bo to po\u010dela pogosteje.\" \/>\n<meta property=\"og:url\" content=\"https:\/\/hudo.com\/si\/vip\/christina-aguilera-obozevalcem-razkrila-pogled-globoko-v-njeno-intimo-foto\/\" \/>\n<meta property=\"og:site_name\" content=\"Hudo Slovenija\" \/>\n<meta property=\"article:publisher\" content=\"https:\/\/www.facebook.com\/hudo.si\" \/>\n<meta property=\"article:published_time\" content=\"2015-08-12T07:06:09+00:00\" \/>\n<meta property=\"og:image\" content=\"https:\/\/hudo.com\/si\/wp-content\/uploads\/sites\/2\/2016\/04\/11828637_10152649046012824_6726949376093682712_n.jpg\" \/>\n\t<meta property=\"og:image:width\" content=\"640\" \/>\n\t<meta property=\"og:image:height\" content=\"640\" \/>\n\t<meta property=\"og:image:type\" content=\"image\/jpeg\" \/>\n<meta name=\"author\" content=\"hudo\" \/>\n<meta name=\"twitter:card\" content=\"summary_large_image\" \/>\n<meta name=\"twitter:creator\" content=\"@hudo_si\" \/>\n<meta name=\"twitter:site\" content=\"@hudo_si\" \/>\n<meta name=\"twitter:label1\" content=\"Written by\" \/>\n\t<meta name=\"twitter:data1\" content=\"hudo\" \/>\n\t<meta name=\"twitter:label2\" content=\"Est. reading time\" \/>\n\t<meta name=\"twitter:data2\" content=\"1 minuta\" \/>\n<script type=\"application\/ld+json\" class=\"yoast-schema-graph\">{\"@context\":\"https:\/\/schema.org\",\"@graph\":[{\"@type\":\"Article\",\"@id\":\"https:\/\/hudo.com\/si\/vip\/christina-aguilera-obozevalcem-razkrila-pogled-globoko-v-njeno-intimo-foto\/#article\",\"isPartOf\":{\"@id\":\"https:\/\/hudo.com\/si\/vip\/christina-aguilera-obozevalcem-razkrila-pogled-globoko-v-njeno-intimo-foto\/\"},\"author\":{\"name\":\"hudo\",\"@id\":\"https:\/\/hudo.com\/si\/#\/schema\/person\/601cf3379633985b20f7e50f2bb47707\"},\"headline\":\"Christina Aguilera obo\u017eevalcem razkrila pogled globoko v njeno intimo (foto)\",\"datePublished\":\"2015-08-12T07:06:09+00:00\",\"dateModified\":\"2015-08-12T07:06:09+00:00\",\"mainEntityOfPage\":{\"@id\":\"https:\/\/hudo.com\/si\/vip\/christina-aguilera-obozevalcem-razkrila-pogled-globoko-v-njeno-intimo-foto\/\"},\"wordCount\":218,\"publisher\":{\"@id\":\"https:\/\/hudo.com\/si\/#organization\"},\"keywords\":[\"Christina Aguilera\"],\"articleSection\":[\"VIP\"],\"inLanguage\":\"sl-SI\"},{\"@type\":\"WebPage\",\"@id\":\"https:\/\/hudo.com\/si\/vip\/christina-aguilera-obozevalcem-razkrila-pogled-globoko-v-njeno-intimo-foto\/\",\"url\":\"https:\/\/hudo.com\/si\/vip\/christina-aguilera-obozevalcem-razkrila-pogled-globoko-v-njeno-intimo-foto\/\",\"name\":\"Christina Aguilera obo\u017eevalcem razkrila pogled globoko v njeno intimo (foto) - Hudo Slovenija\",\"isPartOf\":{\"@id\":\"https:\/\/hudo.com\/si\/#website\"},\"datePublished\":\"2015-08-12T07:06:09+00:00\",\"dateModified\":\"2015-08-12T07:06:09+00:00\",\"breadcrumb\":{\"@id\":\"https:\/\/hudo.com\/si\/vip\/christina-aguilera-obozevalcem-razkrila-pogled-globoko-v-njeno-intimo-foto\/#breadcrumb\"},\"inLanguage\":\"sl-SI\",\"potentialAction\":[{\"@type\":\"ReadAction\",\"target\":[\"https:\/\/hudo.com\/si\/vip\/christina-aguilera-obozevalcem-razkrila-pogled-globoko-v-njeno-intimo-foto\/\"]}]},{\"@type\":\"BreadcrumbList\",\"@id\":\"https:\/\/hudo.com\/si\/vip\/christina-aguilera-obozevalcem-razkrila-pogled-globoko-v-njeno-intimo-foto\/#breadcrumb\",\"itemListElement\":[{\"@type\":\"ListItem\",\"position\":1,\"name\":\"Home\",\"item\":\"https:\/\/hudo.com\/si\/\"},{\"@type\":\"ListItem\",\"position\":2,\"name\":\"Christina Aguilera obo\u017eevalcem razkrila pogled globoko v njeno intimo (foto)\"}]},{\"@type\":\"WebSite\",\"@id\":\"https:\/\/hudo.com\/si\/#website\",\"url\":\"https:\/\/hudo.com\/si\/\",\"name\":\"Hudo Slovenija\",\"description\":\"Vse novice iz Slovenije in sveta\",\"publisher\":{\"@id\":\"https:\/\/hudo.com\/si\/#organization\"},\"potentialAction\":[{\"@type\":\"SearchAction\",\"target\":{\"@type\":\"EntryPoint\",\"urlTemplate\":\"https:\/\/hudo.com\/si\/?s={search_term_string}\"},\"query-input\":\"required name=search_term_string\"}],\"inLanguage\":\"sl-SI\"},{\"@type\":\"Organization\",\"@id\":\"https:\/\/hudo.com\/si\/#organization\",\"name\":\"VSN Media\",\"url\":\"https:\/\/hudo.com\/si\/\",\"logo\":{\"@type\":\"ImageObject\",\"inLanguage\":\"sl-SI\",\"@id\":\"https:\/\/hudo.com\/si\/#\/schema\/logo\/image\/\",\"url\":\"https:\/\/hudo.com\/si\/wp-content\/uploads\/sites\/2\/2021\/03\/hudo-app-2.png\",\"contentUrl\":\"https:\/\/hudo.com\/si\/wp-content\/uploads\/sites\/2\/2021\/03\/hudo-app-2.png\",\"width\":2185,\"height\":2167,\"caption\":\"VSN Media\"},\"image\":{\"@id\":\"https:\/\/hudo.com\/si\/#\/schema\/logo\/image\/\"},\"sameAs\":[\"https:\/\/www.facebook.com\/hudo.si\",\"https:\/\/twitter.com\/hudo_si\"]},{\"@type\":\"Person\",\"@id\":\"https:\/\/hudo.com\/si\/#\/schema\/person\/601cf3379633985b20f7e50f2bb47707\",\"name\":\"hudo\",\"image\":{\"@type\":\"ImageObject\",\"inLanguage\":\"sl-SI\",\"@id\":\"https:\/\/hudo.com\/si\/#\/schema\/person\/image\/\",\"url\":\"https:\/\/secure.gravatar.com\/avatar\/c4ca25fa72cace7a696b52ff5db9e095?s=96&d=mm&r=g\",\"contentUrl\":\"https:\/\/secure.gravatar.com\/avatar\/c4ca25fa72cace7a696b52ff5db9e095?s=96&d=mm&r=g\",\"caption\":\"hudo\"},\"url\":\"https:\/\/hudo.com\/si\/author\/hudo\/\"}]}<\/script>\n<!-- \/ Yoast SEO plugin. -->","yoast_head_json":{"title":"Christina Aguilera obo\u017eevalcem razkrila pogled globoko v njeno intimo (foto) - Hudo Slovenija","robots":{"index":"index","follow":"follow","max-snippet":"max-snippet:-1","max-image-preview":"max-image-preview:large","max-video-preview":"max-video-preview:-1"},"canonical":"https:\/\/hudo.com\/si\/vip\/christina-aguilera-obozevalcem-razkrila-pogled-globoko-v-njeno-intimo-foto\/","og_locale":"sl_SI","og_type":"article","og_title":"Christina Aguilera obo\u017eevalcem razkrila pogled globoko v njeno intimo (foto) - Hudo Slovenija","og_description":"Christina Aguilera je obo\u017eevalce za trenutek spustila v svoj svet in obljubila, da bo to po\u010dela pogosteje.","og_url":"https:\/\/hudo.com\/si\/vip\/christina-aguilera-obozevalcem-razkrila-pogled-globoko-v-njeno-intimo-foto\/","og_site_name":"Hudo Slovenija","article_publisher":"https:\/\/www.facebook.com\/hudo.si","article_published_time":"2015-08-12T07:06:09+00:00","og_image":[{"width":640,"height":640,"url":"https:\/\/hudo.com\/si\/wp-content\/uploads\/sites\/2\/2016\/04\/11828637_10152649046012824_6726949376093682712_n.jpg","type":"image\/jpeg"}],"author":"hudo","twitter_card":"summary_large_image","twitter_creator":"@hudo_si","twitter_site":"@hudo_si","twitter_misc":{"Written by":"hudo","Est. reading time":"1 minuta"},"schema":{"@context":"https:\/\/schema.org","@graph":[{"@type":"Article","@id":"https:\/\/hudo.com\/si\/vip\/christina-aguilera-obozevalcem-razkrila-pogled-globoko-v-njeno-intimo-foto\/#article","isPartOf":{"@id":"https:\/\/hudo.com\/si\/vip\/christina-aguilera-obozevalcem-razkrila-pogled-globoko-v-njeno-intimo-foto\/"},"author":{"name":"hudo","@id":"https:\/\/hudo.com\/si\/#\/schema\/person\/601cf3379633985b20f7e50f2bb47707"},"headline":"Christina Aguilera obo\u017eevalcem razkrila pogled globoko v njeno intimo (foto)","datePublished":"2015-08-12T07:06:09+00:00","dateModified":"2015-08-12T07:06:09+00:00","mainEntityOfPage":{"@id":"https:\/\/hudo.com\/si\/vip\/christina-aguilera-obozevalcem-razkrila-pogled-globoko-v-njeno-intimo-foto\/"},"wordCount":218,"publisher":{"@id":"https:\/\/hudo.com\/si\/#organization"},"keywords":["Christina Aguilera"],"articleSection":["VIP"],"inLanguage":"sl-SI"},{"@type":"WebPage","@id":"https:\/\/hudo.com\/si\/vip\/christina-aguilera-obozevalcem-razkrila-pogled-globoko-v-njeno-intimo-foto\/","url":"https:\/\/hudo.com\/si\/vip\/christina-aguilera-obozevalcem-razkrila-pogled-globoko-v-njeno-intimo-foto\/","name":"Christina Aguilera obo\u017eevalcem razkrila pogled globoko v njeno intimo (foto) - Hudo Slovenija","isPartOf":{"@id":"https:\/\/hudo.com\/si\/#website"},"datePublished":"2015-08-12T07:06:09+00:00","dateModified":"2015-08-12T07:06:09+00:00","breadcrumb":{"@id":"https:\/\/hudo.com\/si\/vip\/christina-aguilera-obozevalcem-razkrila-pogled-globoko-v-njeno-intimo-foto\/#breadcrumb"},"inLanguage":"sl-SI","potentialAction":[{"@type":"ReadAction","target":["https:\/\/hudo.com\/si\/vip\/christina-aguilera-obozevalcem-razkrila-pogled-globoko-v-njeno-intimo-foto\/"]}]},{"@type":"BreadcrumbList","@id":"https:\/\/hudo.com\/si\/vip\/christina-aguilera-obozevalcem-razkrila-pogled-globoko-v-njeno-intimo-foto\/#breadcrumb","itemListElement":[{"@type":"ListItem","position":1,"name":"Home","item":"https:\/\/hudo.com\/si\/"},{"@type":"ListItem","position":2,"name":"Christina Aguilera obo\u017eevalcem razkrila pogled globoko v njeno intimo (foto)"}]},{"@type":"WebSite","@id":"https:\/\/hudo.com\/si\/#website","url":"https:\/\/hudo.com\/si\/","name":"Hudo Slovenija","description":"Vse novice iz Slovenije in sveta","publisher":{"@id":"https:\/\/hudo.com\/si\/#organization"},"potentialAction":[{"@type":"SearchAction","target":{"@type":"EntryPoint","urlTemplate":"https:\/\/hudo.com\/si\/?s={search_term_string}"},"query-input":"required name=search_term_string"}],"inLanguage":"sl-SI"},{"@type":"Organization","@id":"https:\/\/hudo.com\/si\/#organization","name":"VSN Media","url":"https:\/\/hudo.com\/si\/","logo":{"@type":"ImageObject","inLanguage":"sl-SI","@id":"https:\/\/hudo.com\/si\/#\/schema\/logo\/image\/","url":"https:\/\/hudo.com\/si\/wp-content\/uploads\/sites\/2\/2021\/03\/hudo-app-2.png","contentUrl":"https:\/\/hudo.com\/si\/wp-content\/uploads\/sites\/2\/2021\/03\/hudo-app-2.png","width":2185,"height":2167,"caption":"VSN Media"},"image":{"@id":"https:\/\/hudo.com\/si\/#\/schema\/logo\/image\/"},"sameAs":["https:\/\/www.facebook.com\/hudo.si","https:\/\/twitter.com\/hudo_si"]},{"@type":"Person","@id":"https:\/\/hudo.com\/si\/#\/schema\/person\/601cf3379633985b20f7e50f2bb47707","name":"hudo","image":{"@type":"ImageObject","inLanguage":"sl-SI","@id":"https:\/\/hudo.com\/si\/#\/schema\/person\/image\/","url":"https:\/\/secure.gravatar.com\/avatar\/c4ca25fa72cace7a696b52ff5db9e095?s=96&d=mm&r=g","contentUrl":"https:\/\/secure.gravatar.com\/avatar\/c4ca25fa72cace7a696b52ff5db9e095?s=96&d=mm&r=g","caption":"hudo"},"url":"https:\/\/hudo.com\/si\/author\/hudo\/"}]}},"amp_enabled":true,"_links":{"self":[{"href":"https:\/\/hudo.com\/si\/wp-json\/wp\/v2\/posts\/14389"}],"collection":[{"href":"https:\/\/hudo.com\/si\/wp-json\/wp\/v2\/posts"}],"about":[{"href":"https:\/\/hudo.com\/si\/wp-json\/wp\/v2\/types\/post"}],"author":[{"embeddable":true,"href":"https:\/\/hudo.com\/si\/wp-json\/wp\/v2\/users\/1"}],"replies":[{"embeddable":true,"href":"https:\/\/hudo.com\/si\/wp-json\/wp\/v2\/comments?post=14389"}],"version-history":[{"count":0,"href":"https:\/\/hudo.com\/si\/wp-json\/wp\/v2\/posts\/14389\/revisions"}],"wp:attachment":[{"href":"https:\/\/hudo.com\/si\/wp-json\/wp\/v2\/media?parent=14389"}],"wp:term":[{"taxonomy":"category","embeddable":true,"href":"https:\/\/hudo.com\/si\/wp-json\/wp\/v2\/categories?post=14389"},{"taxonomy":"post_tag","embeddable":true,"href":"https:\/\/hudo.com\/si\/wp-json\/wp\/v2\/tags?post=14389"},{"taxonomy":"source","embeddable":true,"href":"https:\/\/hudo.com\/si\/wp-json\/wp\/v2\/source?post=14389"},{"taxonomy":"supertag","embeddable":true,"href":"https:\/\/hudo.com\/si\/wp-json\/wp\/v2\/supertag?post=14389"}],"curies":[{"name":"wp","href":"https:\/\/api.w.org\/{rel}","templated":true}]}}