{"id":144796,"date":"2016-10-01T13:00:00","date_gmt":"2016-10-01T11:00:00","guid":{"rendered":"http:\/\/hudo.com\/si\/2016\/10\/01\/spet-zgodovinski-dan-za-pipistrel-in-njegova-letala\/"},"modified":"2016-10-01T19:21:51","modified_gmt":"2016-10-01T17:21:51","slug":"spet-zgodovinski-dan-za-pipistrel-in-njegova-letala","status":"publish","type":"post","link":"https:\/\/hudo.com\/si\/aktualno\/spet-zgodovinski-dan-za-pipistrel-in-njegova-letala\/","title":{"rendered":"Spet zgodovinski dan za Pipistrel in njegova letala"},"content":{"rendered":"<p>Kategorija: Slovenija Sat, 01 Oct 2016 15:00:00 +0200  Minuli \u010detrtek so na velikem stuttgartskem letali\u0161\u010du za\u010dasno ustavili ves zra\u010dni promet. Zra\u010dna luka, ki na leto sprejme 11 milijonov potnikov, je za nekaj trenutkov obmirovala v popolni ti\u0161ini. Nato se je zasli\u0161al zvok propelerja, komaj kaj glasnej\u0161i od sobnega ventilatorja, in nad letali\u0161\u010dem je zakro\u017eilo majhno plovilo nenavadnih oblik. Zdelo se je kot prizor iz sanj; v modrini neba je kot kak\u0161en katamaran skoraj nesli\u0161no drselo belo dvotrupno letalo, ki za seboj ni pu\u0161\u010dalo nobenih sledov. \u010ceprav ni po\u010delo ni\u010d vratolomnega, so bili gledalci na letali\u0161ki plo\u0161\u010dadi o\u010darani. Z glasnim aplavzom so pozdravili nekaj osmic, ki jih je letalo z oznakami Evropske unije in Slovenije naredilo v zra\u010dnem prostoru letali\u0161\u010da in njegov varen pristanek na pisti. De\u017eurni gasilci z letali\u0161\u010da, ki so bili vse dopoldne v neposredni bli\u017eini dogodka, so\u00a0&#8230;<\/p>\n","protected":false},"excerpt":{"rendered":"<p>Kategorija: Slovenija Sat, 01 Oct 2016 15:00:00 +0200  Minuli \u010detrtek so na velikem stuttgartskem letali\u0161\u010du za\u010dasno ustavili ves zra\u010dni promet. Zra\u010dna luka, ki na leto sprejme 11 milijonov potnikov, je za nekaj trenutkov obmirovala v popolni ti\u0161ini. Nato se je zasli\u0161al zvok propelerja, komaj kaj glasnej\u0161i od sobnega ventilatorja, in nad letali\u0161\u010dem je zakro\u017eilo majhno plovilo nenavadnih oblik. Zdelo se je kot prizor iz sanj; v modrini neba je kot kak\u0161en katamaran skoraj nesli\u0161no drselo belo dvotrupno letalo, ki za seboj ni pu\u0161\u010dalo nobenih sledov. \u010ceprav ni po\u010delo ni\u010d vratolomnega, so bili gledalci na letali\u0161ki plo\u0161\u010dadi o\u010darani. Z glasnim aplavzom so pozdravili nekaj osmic, ki jih je letalo z oznakami Evropske unije in Slovenije naredilo v zra\u010dnem prostoru letali\u0161\u010da in njegov varen pristanek na pisti. De\u017eurni gasilci z letali\u0161\u010da, ki so bili vse dopoldne v neposredni bli\u017eini dogodka, so\u00a0&#8230;<\/p>\n","protected":false},"author":1,"featured_media":0,"comment_status":"closed","ping_status":"closed","sticky":false,"template":"","format":"standard","meta":{"footnotes":""},"categories":[1179],"tags":[],"source":[1703],"supertag":[],"acf":[],"yoast_head":"<!-- This site is optimized with the Yoast SEO plugin v21.3 - https:\/\/yoast.com\/wordpress\/plugins\/seo\/ -->\n<title>Spet zgodovinski dan za Pipistrel in njegova letala - Hudo Slovenija<\/title>\n<meta name=\"robots\" content=\"index, follow, max-snippet:-1, max-image-preview:large, max-video-preview:-1\" \/>\n<link rel=\"canonical\" href=\"https:\/\/hudo.com\/si\/aktualno\/spet-zgodovinski-dan-za-pipistrel-in-njegova-letala\/\" \/>\n<meta property=\"og:locale\" content=\"sl_SI\" \/>\n<meta property=\"og:type\" content=\"article\" \/>\n<meta property=\"og:title\" content=\"Spet zgodovinski dan za Pipistrel in njegova letala - Hudo Slovenija\" \/>\n<meta property=\"og:description\" content=\"Kategorija: Slovenija Sat, 01 Oct 2016 15:00:00 +0200 Minuli \u010detrtek so na velikem stuttgartskem letali\u0161\u010du za\u010dasno ustavili ves zra\u010dni promet. Zra\u010dna luka, ki na leto sprejme 11 milijonov potnikov, je za nekaj trenutkov obmirovala v popolni ti\u0161ini. Nato se je zasli\u0161al zvok propelerja, komaj kaj glasnej\u0161i od sobnega ventilatorja, in nad letali\u0161\u010dem je zakro\u017eilo majhno plovilo nenavadnih oblik. Zdelo se je kot prizor iz sanj; v modrini neba je kot kak\u0161en katamaran skoraj nesli\u0161no drselo belo dvotrupno letalo, ki za seboj ni pu\u0161\u010dalo nobenih sledov. \u010ceprav ni po\u010delo ni\u010d vratolomnega, so bili gledalci na letali\u0161ki plo\u0161\u010dadi o\u010darani. Z glasnim aplavzom so pozdravili nekaj osmic, ki jih je letalo z oznakami Evropske unije in Slovenije naredilo v zra\u010dnem prostoru letali\u0161\u010da in njegov varen pristanek na pisti. De\u017eurni gasilci z letali\u0161\u010da, ki so bili vse dopoldne v neposredni bli\u017eini dogodka, so\u00a0...\" \/>\n<meta property=\"og:url\" content=\"https:\/\/hudo.com\/si\/aktualno\/spet-zgodovinski-dan-za-pipistrel-in-njegova-letala\/\" \/>\n<meta property=\"og:site_name\" content=\"Hudo Slovenija\" \/>\n<meta property=\"article:publisher\" content=\"https:\/\/www.facebook.com\/hudo.si\" \/>\n<meta property=\"article:published_time\" content=\"2016-10-01T11:00:00+00:00\" \/>\n<meta property=\"article:modified_time\" content=\"2016-10-01T17:21:51+00:00\" \/>\n<meta property=\"og:image\" content=\"https:\/\/hudo.com\/si\/wp-content\/uploads\/sites\/2\/2016\/10\/480x290_IMG_8584_hires1.jpeg\" \/>\n\t<meta property=\"og:image:width\" content=\"480\" \/>\n\t<meta property=\"og:image:height\" content=\"290\" \/>\n\t<meta property=\"og:image:type\" content=\"image\/jpeg\" \/>\n<meta name=\"author\" content=\"hudo\" \/>\n<meta name=\"twitter:card\" content=\"summary_large_image\" \/>\n<meta name=\"twitter:creator\" content=\"@hudo_si\" \/>\n<meta name=\"twitter:site\" content=\"@hudo_si\" \/>\n<meta name=\"twitter:label1\" content=\"Written by\" \/>\n\t<meta name=\"twitter:data1\" content=\"hudo\" \/>\n\t<meta name=\"twitter:label2\" content=\"Est. reading time\" \/>\n\t<meta name=\"twitter:data2\" content=\"1 minuta\" \/>\n<script type=\"application\/ld+json\" class=\"yoast-schema-graph\">{\"@context\":\"https:\/\/schema.org\",\"@graph\":[{\"@type\":\"Article\",\"@id\":\"https:\/\/hudo.com\/si\/aktualno\/spet-zgodovinski-dan-za-pipistrel-in-njegova-letala\/#article\",\"isPartOf\":{\"@id\":\"https:\/\/hudo.com\/si\/aktualno\/spet-zgodovinski-dan-za-pipistrel-in-njegova-letala\/\"},\"author\":{\"name\":\"hudo\",\"@id\":\"https:\/\/hudo.com\/si\/#\/schema\/person\/601cf3379633985b20f7e50f2bb47707\"},\"headline\":\"Spet zgodovinski dan za Pipistrel in njegova letala\",\"datePublished\":\"2016-10-01T11:00:00+00:00\",\"dateModified\":\"2016-10-01T17:21:51+00:00\",\"mainEntityOfPage\":{\"@id\":\"https:\/\/hudo.com\/si\/aktualno\/spet-zgodovinski-dan-za-pipistrel-in-njegova-letala\/\"},\"wordCount\":163,\"publisher\":{\"@id\":\"https:\/\/hudo.com\/si\/#organization\"},\"articleSection\":[\"Aktualno\"],\"inLanguage\":\"sl-SI\"},{\"@type\":\"WebPage\",\"@id\":\"https:\/\/hudo.com\/si\/aktualno\/spet-zgodovinski-dan-za-pipistrel-in-njegova-letala\/\",\"url\":\"https:\/\/hudo.com\/si\/aktualno\/spet-zgodovinski-dan-za-pipistrel-in-njegova-letala\/\",\"name\":\"Spet zgodovinski dan za Pipistrel in njegova letala - Hudo Slovenija\",\"isPartOf\":{\"@id\":\"https:\/\/hudo.com\/si\/#website\"},\"datePublished\":\"2016-10-01T11:00:00+00:00\",\"dateModified\":\"2016-10-01T17:21:51+00:00\",\"breadcrumb\":{\"@id\":\"https:\/\/hudo.com\/si\/aktualno\/spet-zgodovinski-dan-za-pipistrel-in-njegova-letala\/#breadcrumb\"},\"inLanguage\":\"sl-SI\",\"potentialAction\":[{\"@type\":\"ReadAction\",\"target\":[\"https:\/\/hudo.com\/si\/aktualno\/spet-zgodovinski-dan-za-pipistrel-in-njegova-letala\/\"]}]},{\"@type\":\"BreadcrumbList\",\"@id\":\"https:\/\/hudo.com\/si\/aktualno\/spet-zgodovinski-dan-za-pipistrel-in-njegova-letala\/#breadcrumb\",\"itemListElement\":[{\"@type\":\"ListItem\",\"position\":1,\"name\":\"Home\",\"item\":\"https:\/\/hudo.com\/si\/\"},{\"@type\":\"ListItem\",\"position\":2,\"name\":\"Spet zgodovinski dan za Pipistrel in njegova letala\"}]},{\"@type\":\"WebSite\",\"@id\":\"https:\/\/hudo.com\/si\/#website\",\"url\":\"https:\/\/hudo.com\/si\/\",\"name\":\"Hudo Slovenija\",\"description\":\"Vse novice iz Slovenije in sveta\",\"publisher\":{\"@id\":\"https:\/\/hudo.com\/si\/#organization\"},\"potentialAction\":[{\"@type\":\"SearchAction\",\"target\":{\"@type\":\"EntryPoint\",\"urlTemplate\":\"https:\/\/hudo.com\/si\/?s={search_term_string}\"},\"query-input\":\"required name=search_term_string\"}],\"inLanguage\":\"sl-SI\"},{\"@type\":\"Organization\",\"@id\":\"https:\/\/hudo.com\/si\/#organization\",\"name\":\"VSN Media\",\"url\":\"https:\/\/hudo.com\/si\/\",\"logo\":{\"@type\":\"ImageObject\",\"inLanguage\":\"sl-SI\",\"@id\":\"https:\/\/hudo.com\/si\/#\/schema\/logo\/image\/\",\"url\":\"https:\/\/hudo.com\/si\/wp-content\/uploads\/sites\/2\/2021\/03\/hudo-app-2.png\",\"contentUrl\":\"https:\/\/hudo.com\/si\/wp-content\/uploads\/sites\/2\/2021\/03\/hudo-app-2.png\",\"width\":2185,\"height\":2167,\"caption\":\"VSN Media\"},\"image\":{\"@id\":\"https:\/\/hudo.com\/si\/#\/schema\/logo\/image\/\"},\"sameAs\":[\"https:\/\/www.facebook.com\/hudo.si\",\"https:\/\/twitter.com\/hudo_si\"]},{\"@type\":\"Person\",\"@id\":\"https:\/\/hudo.com\/si\/#\/schema\/person\/601cf3379633985b20f7e50f2bb47707\",\"name\":\"hudo\",\"image\":{\"@type\":\"ImageObject\",\"inLanguage\":\"sl-SI\",\"@id\":\"https:\/\/hudo.com\/si\/#\/schema\/person\/image\/\",\"url\":\"https:\/\/secure.gravatar.com\/avatar\/c4ca25fa72cace7a696b52ff5db9e095?s=96&d=mm&r=g\",\"contentUrl\":\"https:\/\/secure.gravatar.com\/avatar\/c4ca25fa72cace7a696b52ff5db9e095?s=96&d=mm&r=g\",\"caption\":\"hudo\"},\"url\":\"https:\/\/hudo.com\/si\/author\/hudo\/\"}]}<\/script>\n<!-- \/ Yoast SEO plugin. -->","yoast_head_json":{"title":"Spet zgodovinski dan za Pipistrel in njegova letala - Hudo Slovenija","robots":{"index":"index","follow":"follow","max-snippet":"max-snippet:-1","max-image-preview":"max-image-preview:large","max-video-preview":"max-video-preview:-1"},"canonical":"https:\/\/hudo.com\/si\/aktualno\/spet-zgodovinski-dan-za-pipistrel-in-njegova-letala\/","og_locale":"sl_SI","og_type":"article","og_title":"Spet zgodovinski dan za Pipistrel in njegova letala - Hudo Slovenija","og_description":"Kategorija: Slovenija Sat, 01 Oct 2016 15:00:00 +0200 Minuli \u010detrtek so na velikem stuttgartskem letali\u0161\u010du za\u010dasno ustavili ves zra\u010dni promet. Zra\u010dna luka, ki na leto sprejme 11 milijonov potnikov, je za nekaj trenutkov obmirovala v popolni ti\u0161ini. Nato se je zasli\u0161al zvok propelerja, komaj kaj glasnej\u0161i od sobnega ventilatorja, in nad letali\u0161\u010dem je zakro\u017eilo majhno plovilo nenavadnih oblik. Zdelo se je kot prizor iz sanj; v modrini neba je kot kak\u0161en katamaran skoraj nesli\u0161no drselo belo dvotrupno letalo, ki za seboj ni pu\u0161\u010dalo nobenih sledov. \u010ceprav ni po\u010delo ni\u010d vratolomnega, so bili gledalci na letali\u0161ki plo\u0161\u010dadi o\u010darani. Z glasnim aplavzom so pozdravili nekaj osmic, ki jih je letalo z oznakami Evropske unije in Slovenije naredilo v zra\u010dnem prostoru letali\u0161\u010da in njegov varen pristanek na pisti. De\u017eurni gasilci z letali\u0161\u010da, ki so bili vse dopoldne v neposredni bli\u017eini dogodka, so\u00a0...","og_url":"https:\/\/hudo.com\/si\/aktualno\/spet-zgodovinski-dan-za-pipistrel-in-njegova-letala\/","og_site_name":"Hudo Slovenija","article_publisher":"https:\/\/www.facebook.com\/hudo.si","article_published_time":"2016-10-01T11:00:00+00:00","article_modified_time":"2016-10-01T17:21:51+00:00","og_image":[{"width":480,"height":290,"url":"https:\/\/hudo.com\/si\/wp-content\/uploads\/sites\/2\/2016\/10\/480x290_IMG_8584_hires1.jpeg","type":"image\/jpeg"}],"author":"hudo","twitter_card":"summary_large_image","twitter_creator":"@hudo_si","twitter_site":"@hudo_si","twitter_misc":{"Written by":"hudo","Est. reading time":"1 minuta"},"schema":{"@context":"https:\/\/schema.org","@graph":[{"@type":"Article","@id":"https:\/\/hudo.com\/si\/aktualno\/spet-zgodovinski-dan-za-pipistrel-in-njegova-letala\/#article","isPartOf":{"@id":"https:\/\/hudo.com\/si\/aktualno\/spet-zgodovinski-dan-za-pipistrel-in-njegova-letala\/"},"author":{"name":"hudo","@id":"https:\/\/hudo.com\/si\/#\/schema\/person\/601cf3379633985b20f7e50f2bb47707"},"headline":"Spet zgodovinski dan za Pipistrel in njegova letala","datePublished":"2016-10-01T11:00:00+00:00","dateModified":"2016-10-01T17:21:51+00:00","mainEntityOfPage":{"@id":"https:\/\/hudo.com\/si\/aktualno\/spet-zgodovinski-dan-za-pipistrel-in-njegova-letala\/"},"wordCount":163,"publisher":{"@id":"https:\/\/hudo.com\/si\/#organization"},"articleSection":["Aktualno"],"inLanguage":"sl-SI"},{"@type":"WebPage","@id":"https:\/\/hudo.com\/si\/aktualno\/spet-zgodovinski-dan-za-pipistrel-in-njegova-letala\/","url":"https:\/\/hudo.com\/si\/aktualno\/spet-zgodovinski-dan-za-pipistrel-in-njegova-letala\/","name":"Spet zgodovinski dan za Pipistrel in njegova letala - Hudo Slovenija","isPartOf":{"@id":"https:\/\/hudo.com\/si\/#website"},"datePublished":"2016-10-01T11:00:00+00:00","dateModified":"2016-10-01T17:21:51+00:00","breadcrumb":{"@id":"https:\/\/hudo.com\/si\/aktualno\/spet-zgodovinski-dan-za-pipistrel-in-njegova-letala\/#breadcrumb"},"inLanguage":"sl-SI","potentialAction":[{"@type":"ReadAction","target":["https:\/\/hudo.com\/si\/aktualno\/spet-zgodovinski-dan-za-pipistrel-in-njegova-letala\/"]}]},{"@type":"BreadcrumbList","@id":"https:\/\/hudo.com\/si\/aktualno\/spet-zgodovinski-dan-za-pipistrel-in-njegova-letala\/#breadcrumb","itemListElement":[{"@type":"ListItem","position":1,"name":"Home","item":"https:\/\/hudo.com\/si\/"},{"@type":"ListItem","position":2,"name":"Spet zgodovinski dan za Pipistrel in njegova letala"}]},{"@type":"WebSite","@id":"https:\/\/hudo.com\/si\/#website","url":"https:\/\/hudo.com\/si\/","name":"Hudo Slovenija","description":"Vse novice iz Slovenije in sveta","publisher":{"@id":"https:\/\/hudo.com\/si\/#organization"},"potentialAction":[{"@type":"SearchAction","target":{"@type":"EntryPoint","urlTemplate":"https:\/\/hudo.com\/si\/?s={search_term_string}"},"query-input":"required name=search_term_string"}],"inLanguage":"sl-SI"},{"@type":"Organization","@id":"https:\/\/hudo.com\/si\/#organization","name":"VSN Media","url":"https:\/\/hudo.com\/si\/","logo":{"@type":"ImageObject","inLanguage":"sl-SI","@id":"https:\/\/hudo.com\/si\/#\/schema\/logo\/image\/","url":"https:\/\/hudo.com\/si\/wp-content\/uploads\/sites\/2\/2021\/03\/hudo-app-2.png","contentUrl":"https:\/\/hudo.com\/si\/wp-content\/uploads\/sites\/2\/2021\/03\/hudo-app-2.png","width":2185,"height":2167,"caption":"VSN Media"},"image":{"@id":"https:\/\/hudo.com\/si\/#\/schema\/logo\/image\/"},"sameAs":["https:\/\/www.facebook.com\/hudo.si","https:\/\/twitter.com\/hudo_si"]},{"@type":"Person","@id":"https:\/\/hudo.com\/si\/#\/schema\/person\/601cf3379633985b20f7e50f2bb47707","name":"hudo","image":{"@type":"ImageObject","inLanguage":"sl-SI","@id":"https:\/\/hudo.com\/si\/#\/schema\/person\/image\/","url":"https:\/\/secure.gravatar.com\/avatar\/c4ca25fa72cace7a696b52ff5db9e095?s=96&d=mm&r=g","contentUrl":"https:\/\/secure.gravatar.com\/avatar\/c4ca25fa72cace7a696b52ff5db9e095?s=96&d=mm&r=g","caption":"hudo"},"url":"https:\/\/hudo.com\/si\/author\/hudo\/"}]}},"amp_enabled":true,"_links":{"self":[{"href":"https:\/\/hudo.com\/si\/wp-json\/wp\/v2\/posts\/144796"}],"collection":[{"href":"https:\/\/hudo.com\/si\/wp-json\/wp\/v2\/posts"}],"about":[{"href":"https:\/\/hudo.com\/si\/wp-json\/wp\/v2\/types\/post"}],"author":[{"embeddable":true,"href":"https:\/\/hudo.com\/si\/wp-json\/wp\/v2\/users\/1"}],"replies":[{"embeddable":true,"href":"https:\/\/hudo.com\/si\/wp-json\/wp\/v2\/comments?post=144796"}],"version-history":[{"count":1,"href":"https:\/\/hudo.com\/si\/wp-json\/wp\/v2\/posts\/144796\/revisions"}],"predecessor-version":[{"id":144893,"href":"https:\/\/hudo.com\/si\/wp-json\/wp\/v2\/posts\/144796\/revisions\/144893"}],"wp:attachment":[{"href":"https:\/\/hudo.com\/si\/wp-json\/wp\/v2\/media?parent=144796"}],"wp:term":[{"taxonomy":"category","embeddable":true,"href":"https:\/\/hudo.com\/si\/wp-json\/wp\/v2\/categories?post=144796"},{"taxonomy":"post_tag","embeddable":true,"href":"https:\/\/hudo.com\/si\/wp-json\/wp\/v2\/tags?post=144796"},{"taxonomy":"source","embeddable":true,"href":"https:\/\/hudo.com\/si\/wp-json\/wp\/v2\/source?post=144796"},{"taxonomy":"supertag","embeddable":true,"href":"https:\/\/hudo.com\/si\/wp-json\/wp\/v2\/supertag?post=144796"}],"curies":[{"name":"wp","href":"https:\/\/api.w.org\/{rel}","templated":true}]}}