{"id":144884,"date":"2016-10-01T13:45:00","date_gmt":"2016-10-01T11:45:00","guid":{"rendered":"http:\/\/hudo.com\/si\/2016\/10\/01\/zaradi-vaje-lopata-2016-bo-v-nedeljo-nekaj-ur-zaprta-avtocesta\/"},"modified":"2016-10-02T08:51:14","modified_gmt":"2016-10-02T06:51:14","slug":"zaradi-vaje-lopata-2016-bo-v-nedeljo-nekaj-ur-zaprta-avtocesta","status":"publish","type":"post","link":"https:\/\/hudo.com\/si\/aktualno\/zaradi-vaje-lopata-2016-bo-v-nedeljo-nekaj-ur-zaprta-avtocesta\/","title":{"rendered":"Zaradi vaje Lopata 2016 bo v nedeljo nekaj ur zaprta avtocesta"},"content":{"rendered":"<p>V nedeljo, 2. oktobra 2016, bo med 9. in 11. uro na \u0161tajerski avtocesti, na odseku Slovenske Konjice-Celje, enodnevna napovedana in kombinirana vaja sil za za\u0161\u010dito in re\u0161evanje za ukrepanje ob mno\u017ei\u010dni nesre\u010di na avtocesti. Predpostavka te regijske vaje je prometna nesre\u010da pri po\u010divali\u0161\u010du Zima, v kateri je udele\u017eenih ve\u010d vozil, vklju\u010dno s cisterno za prevoz nevarnih snovi, in okoli 20 ljudi z razli\u010dnimi vrstami po\u0161kodb, so objavili na spletnem portalu Uprave Republike Slovenije za za\u0161\u010dito in re\u0161evanje. Zaradi vaje bo avtocesta med priklju\u010dkoma Slovenske Konjice in Celje &#8211; vzhod proti Ljubljani zaprta med 6. in 13. uro, obvoz pa bo urejen po cesti Tepanje &#8211; Sl. Konjice &#8211; Stranice &#8211; Vojnik &#8211; do priklju\u010dka Celje &#8211; center.  Vajo bo vodil Silvester \u0160rimpf, vodja Izpostave Uprave Republike Slovenije za za\u0161\u010dito in re\u0161evanje Celje, ki je tudi namestnik poveljnika Civilne za\u0161\u010dite za zahodno\u0161tajersko regijo, aktivirane pa bodo vse z na\u010drtom za ukrepanje ob mno\u017ei\u010dni nesre\u010di na avtocesti predvidene sile za za\u0161\u010dito in re\u0161evanje. Na vaji bodo sodelovale javne slu\u017ebe za za\u0161\u010dito, re\u0161evanje in pomo\u010d, regijske enote in slu\u017ebe Civilne za\u0161\u010dite, organi, slu\u017ebe in nevladne organizacije, ki po na\u010drtu za\u0161\u010dite in re\u0161evanja ob mno\u017ei\u010dni nesre\u010di na avtocesti opravljajo naloge za\u0161\u010dite, re\u0161evanja in pomo\u010di ter tudi za\u0161\u010ditne ukrepe. Vajo organizirajo ministrstvo za obrambo, DARS, ministrstvo za notranje zadeve, slu\u017ebe nujne medicinske pomo\u010di ter gasilske enote PGE Celje.  Namen in cilji vaje so preveriti u\u010dinkovitost in usklajenost re\u0161itev v regijskem na\u010drtu za\u0161\u010dite in re\u0161evanja ob mno\u017ei\u010dni nesre\u010di na avtocesti; ugotoviti pomanjkljivosti in morebitna neskladja ter nedore\u010denosti v na\u010drtih za\u0161\u010dite in re\u0161evanja in jih odpraviti, preveriti postopke opazovanja, obve\u0161\u010danja in aktiviranja; preveriti komuniciranje in sodelovanje med posameznimi re\u0161evalnimi enotami in slu\u017ebami, delovanje zvez ZARE in na\u010din medsebojnega komuniciranja; preveriti ustreznost vodenja intervencije in vzpostavitev skupnega voden<\/p>\n","protected":false},"excerpt":{"rendered":"<p>V nedeljo, 2. oktobra 2016, bo med 9. in 11. uro na \u0161tajerski avtocesti, na odseku Slovenske Konjice-Celje, enodnevna napovedana in kombinirana vaja sil za za\u0161\u010dito in re\u0161evanje za ukrepanje ob mno\u017ei\u010dni nesre\u010di na avtocesti. Predpostavka te regijske vaje je prometna nesre\u010da pri po\u010divali\u0161\u010du Zima, v kateri je udele\u017eenih ve\u010d vozil, vklju\u010dno s cisterno za prevoz nevarnih snovi, in okoli 20 ljudi z razli\u010dnimi vrstami po\u0161kodb, so objavili na spletnem portalu Uprave Republike Slovenije za za\u0161\u010dito in re\u0161evanje. Zaradi vaje bo avtocesta med priklju\u010dkoma Slovenske Konjice in Celje &#8211; vzhod proti Ljubljani zaprta med 6. in 13. uro, obvoz pa bo urejen po cesti Tepanje &#8211; Sl. Konjice &#8211; Stranice &#8211; Vojnik &#8211; do priklju\u010dka Celje &#8211; center.  Vajo bo vodil Silvester \u0160rimpf, vodja Izpostave Uprave Republike Slovenije za za\u0161\u010dito in re\u0161evanje Celje, ki je tudi namestnik poveljnika Civilne za\u0161\u010dite za zahodno\u0161tajersko regijo, aktivirane pa bodo vse z na\u010drtom za ukrepanje ob mno\u017ei\u010dni nesre\u010di na avtocesti predvidene sile za za\u0161\u010dito in re\u0161evanje. Na vaji bodo sodelovale javne slu\u017ebe za za\u0161\u010dito, re\u0161evanje in pomo\u010d, regijske enote in slu\u017ebe Civilne za\u0161\u010dite, organi, slu\u017ebe in nevladne organizacije, ki po na\u010drtu za\u0161\u010dite in re\u0161evanja ob mno\u017ei\u010dni nesre\u010di na avtocesti opravljajo naloge za\u0161\u010dite, re\u0161evanja in pomo\u010di ter tudi za\u0161\u010ditne ukrepe. Vajo organizirajo ministrstvo za obrambo, DARS, ministrstvo za notranje zadeve, slu\u017ebe nujne medicinske pomo\u010di ter gasilske enote PGE Celje.  Namen in cilji vaje so preveriti u\u010dinkovitost in usklajenost re\u0161itev v regijskem na\u010drtu za\u0161\u010dite in re\u0161evanja ob mno\u017ei\u010dni nesre\u010di na avtocesti; ugotoviti pomanjkljivosti in morebitna neskladja ter nedore\u010denosti v na\u010drtih za\u0161\u010dite in re\u0161evanja in jih odpraviti, preveriti postopke opazovanja, obve\u0161\u010danja in aktiviranja; preveriti komuniciranje in sodelovanje med posameznimi re\u0161evalnimi enotami in slu\u017ebami, delovanje zvez ZARE in na\u010din medsebojnega komuniciranja; preveriti ustreznost vodenja intervencije in vzpostavitev skupnega voden<\/p>\n","protected":false},"author":1,"featured_media":0,"comment_status":"closed","ping_status":"closed","sticky":false,"template":"","format":"standard","meta":{"footnotes":""},"categories":[1179],"tags":[],"source":[1711],"supertag":[],"acf":[],"yoast_head":"<!-- This site is optimized with the Yoast SEO plugin v21.3 - https:\/\/yoast.com\/wordpress\/plugins\/seo\/ -->\n<title>Zaradi vaje Lopata 2016 bo v nedeljo nekaj ur zaprta avtocesta - Hudo Slovenija<\/title>\n<meta name=\"robots\" content=\"index, follow, max-snippet:-1, max-image-preview:large, max-video-preview:-1\" \/>\n<link rel=\"canonical\" href=\"https:\/\/hudo.com\/si\/aktualno\/zaradi-vaje-lopata-2016-bo-v-nedeljo-nekaj-ur-zaprta-avtocesta\/\" \/>\n<meta property=\"og:locale\" content=\"sl_SI\" \/>\n<meta property=\"og:type\" content=\"article\" \/>\n<meta property=\"og:title\" content=\"Zaradi vaje Lopata 2016 bo v nedeljo nekaj ur zaprta avtocesta - Hudo Slovenija\" \/>\n<meta property=\"og:description\" content=\"V nedeljo, 2. oktobra 2016, bo med 9. in 11. uro na \u0161tajerski avtocesti, na odseku Slovenske Konjice-Celje, enodnevna napovedana in kombinirana vaja sil za za\u0161\u010dito in re\u0161evanje za ukrepanje ob mno\u017ei\u010dni nesre\u010di na avtocesti. Predpostavka te regijske vaje je prometna nesre\u010da pri po\u010divali\u0161\u010du Zima, v kateri je udele\u017eenih ve\u010d vozil, vklju\u010dno s cisterno za prevoz nevarnih snovi, in okoli 20 ljudi z razli\u010dnimi vrstami po\u0161kodb, so objavili na spletnem portalu Uprave Republike Slovenije za za\u0161\u010dito in re\u0161evanje. Zaradi vaje bo avtocesta med priklju\u010dkoma Slovenske Konjice in Celje - vzhod proti Ljubljani zaprta med 6. in 13. uro, obvoz pa bo urejen po cesti Tepanje - Sl. Konjice - Stranice - Vojnik - do priklju\u010dka Celje - center. Vajo bo vodil Silvester \u0160rimpf, vodja Izpostave Uprave Republike Slovenije za za\u0161\u010dito in re\u0161evanje Celje, ki je tudi namestnik poveljnika Civilne za\u0161\u010dite za zahodno\u0161tajersko regijo, aktivirane pa bodo vse z na\u010drtom za ukrepanje ob mno\u017ei\u010dni nesre\u010di na avtocesti predvidene sile za za\u0161\u010dito in re\u0161evanje. Na vaji bodo sodelovale javne slu\u017ebe za za\u0161\u010dito, re\u0161evanje in pomo\u010d, regijske enote in slu\u017ebe Civilne za\u0161\u010dite, organi, slu\u017ebe in nevladne organizacije, ki po na\u010drtu za\u0161\u010dite in re\u0161evanja ob mno\u017ei\u010dni nesre\u010di na avtocesti opravljajo naloge za\u0161\u010dite, re\u0161evanja in pomo\u010di ter tudi za\u0161\u010ditne ukrepe. Vajo organizirajo ministrstvo za obrambo, DARS, ministrstvo za notranje zadeve, slu\u017ebe nujne medicinske pomo\u010di ter gasilske enote PGE Celje. Namen in cilji vaje so preveriti u\u010dinkovitost in usklajenost re\u0161itev v regijskem na\u010drtu za\u0161\u010dite in re\u0161evanja ob mno\u017ei\u010dni nesre\u010di na avtocesti; ugotoviti pomanjkljivosti in morebitna neskladja ter nedore\u010denosti v na\u010drtih za\u0161\u010dite in re\u0161evanja in jih odpraviti, preveriti postopke opazovanja, obve\u0161\u010danja in aktiviranja; preveriti komuniciranje in sodelovanje med posameznimi re\u0161evalnimi enotami in slu\u017ebami, delovanje zvez ZARE in na\u010din medsebojnega komuniciranja; preveriti ustreznost vodenja intervencije in vzpostavitev skupnega voden\" \/>\n<meta property=\"og:url\" content=\"https:\/\/hudo.com\/si\/aktualno\/zaradi-vaje-lopata-2016-bo-v-nedeljo-nekaj-ur-zaprta-avtocesta\/\" \/>\n<meta property=\"og:site_name\" content=\"Hudo Slovenija\" \/>\n<meta property=\"article:publisher\" content=\"https:\/\/www.facebook.com\/hudo.si\" \/>\n<meta property=\"article:published_time\" content=\"2016-10-01T11:45:00+00:00\" \/>\n<meta property=\"article:modified_time\" content=\"2016-10-02T06:51:14+00:00\" \/>\n<meta property=\"og:image\" content=\"https:\/\/hudo.com\/si\/wp-content\/uploads\/sites\/2\/2016\/10\/01401368F-300.jpg\" \/>\n\t<meta property=\"og:image:width\" content=\"450\" \/>\n\t<meta property=\"og:image:height\" content=\"337\" \/>\n\t<meta property=\"og:image:type\" content=\"image\/jpeg\" \/>\n<meta name=\"author\" content=\"hudo\" \/>\n<meta name=\"twitter:card\" content=\"summary_large_image\" \/>\n<meta name=\"twitter:creator\" content=\"@hudo_si\" \/>\n<meta name=\"twitter:site\" content=\"@hudo_si\" \/>\n<meta name=\"twitter:label1\" content=\"Written by\" \/>\n\t<meta name=\"twitter:data1\" content=\"hudo\" \/>\n\t<meta name=\"twitter:label2\" content=\"Est. reading time\" \/>\n\t<meta name=\"twitter:data2\" content=\"2 minuti\" \/>\n<script type=\"application\/ld+json\" class=\"yoast-schema-graph\">{\"@context\":\"https:\/\/schema.org\",\"@graph\":[{\"@type\":\"Article\",\"@id\":\"https:\/\/hudo.com\/si\/aktualno\/zaradi-vaje-lopata-2016-bo-v-nedeljo-nekaj-ur-zaprta-avtocesta\/#article\",\"isPartOf\":{\"@id\":\"https:\/\/hudo.com\/si\/aktualno\/zaradi-vaje-lopata-2016-bo-v-nedeljo-nekaj-ur-zaprta-avtocesta\/\"},\"author\":{\"name\":\"hudo\",\"@id\":\"https:\/\/hudo.com\/si\/#\/schema\/person\/601cf3379633985b20f7e50f2bb47707\"},\"headline\":\"Zaradi vaje Lopata 2016 bo v nedeljo nekaj ur zaprta avtocesta\",\"datePublished\":\"2016-10-01T11:45:00+00:00\",\"dateModified\":\"2016-10-02T06:51:14+00:00\",\"mainEntityOfPage\":{\"@id\":\"https:\/\/hudo.com\/si\/aktualno\/zaradi-vaje-lopata-2016-bo-v-nedeljo-nekaj-ur-zaprta-avtocesta\/\"},\"wordCount\":354,\"publisher\":{\"@id\":\"https:\/\/hudo.com\/si\/#organization\"},\"articleSection\":[\"Aktualno\"],\"inLanguage\":\"sl-SI\"},{\"@type\":\"WebPage\",\"@id\":\"https:\/\/hudo.com\/si\/aktualno\/zaradi-vaje-lopata-2016-bo-v-nedeljo-nekaj-ur-zaprta-avtocesta\/\",\"url\":\"https:\/\/hudo.com\/si\/aktualno\/zaradi-vaje-lopata-2016-bo-v-nedeljo-nekaj-ur-zaprta-avtocesta\/\",\"name\":\"Zaradi vaje Lopata 2016 bo v nedeljo nekaj ur zaprta avtocesta - Hudo Slovenija\",\"isPartOf\":{\"@id\":\"https:\/\/hudo.com\/si\/#website\"},\"datePublished\":\"2016-10-01T11:45:00+00:00\",\"dateModified\":\"2016-10-02T06:51:14+00:00\",\"breadcrumb\":{\"@id\":\"https:\/\/hudo.com\/si\/aktualno\/zaradi-vaje-lopata-2016-bo-v-nedeljo-nekaj-ur-zaprta-avtocesta\/#breadcrumb\"},\"inLanguage\":\"sl-SI\",\"potentialAction\":[{\"@type\":\"ReadAction\",\"target\":[\"https:\/\/hudo.com\/si\/aktualno\/zaradi-vaje-lopata-2016-bo-v-nedeljo-nekaj-ur-zaprta-avtocesta\/\"]}]},{\"@type\":\"BreadcrumbList\",\"@id\":\"https:\/\/hudo.com\/si\/aktualno\/zaradi-vaje-lopata-2016-bo-v-nedeljo-nekaj-ur-zaprta-avtocesta\/#breadcrumb\",\"itemListElement\":[{\"@type\":\"ListItem\",\"position\":1,\"name\":\"Home\",\"item\":\"https:\/\/hudo.com\/si\/\"},{\"@type\":\"ListItem\",\"position\":2,\"name\":\"Zaradi vaje Lopata 2016 bo v nedeljo nekaj ur zaprta avtocesta\"}]},{\"@type\":\"WebSite\",\"@id\":\"https:\/\/hudo.com\/si\/#website\",\"url\":\"https:\/\/hudo.com\/si\/\",\"name\":\"Hudo Slovenija\",\"description\":\"Vse novice iz Slovenije in sveta\",\"publisher\":{\"@id\":\"https:\/\/hudo.com\/si\/#organization\"},\"potentialAction\":[{\"@type\":\"SearchAction\",\"target\":{\"@type\":\"EntryPoint\",\"urlTemplate\":\"https:\/\/hudo.com\/si\/?s={search_term_string}\"},\"query-input\":\"required name=search_term_string\"}],\"inLanguage\":\"sl-SI\"},{\"@type\":\"Organization\",\"@id\":\"https:\/\/hudo.com\/si\/#organization\",\"name\":\"VSN Media\",\"url\":\"https:\/\/hudo.com\/si\/\",\"logo\":{\"@type\":\"ImageObject\",\"inLanguage\":\"sl-SI\",\"@id\":\"https:\/\/hudo.com\/si\/#\/schema\/logo\/image\/\",\"url\":\"https:\/\/hudo.com\/si\/wp-content\/uploads\/sites\/2\/2021\/03\/hudo-app-2.png\",\"contentUrl\":\"https:\/\/hudo.com\/si\/wp-content\/uploads\/sites\/2\/2021\/03\/hudo-app-2.png\",\"width\":2185,\"height\":2167,\"caption\":\"VSN Media\"},\"image\":{\"@id\":\"https:\/\/hudo.com\/si\/#\/schema\/logo\/image\/\"},\"sameAs\":[\"https:\/\/www.facebook.com\/hudo.si\",\"https:\/\/twitter.com\/hudo_si\"]},{\"@type\":\"Person\",\"@id\":\"https:\/\/hudo.com\/si\/#\/schema\/person\/601cf3379633985b20f7e50f2bb47707\",\"name\":\"hudo\",\"image\":{\"@type\":\"ImageObject\",\"inLanguage\":\"sl-SI\",\"@id\":\"https:\/\/hudo.com\/si\/#\/schema\/person\/image\/\",\"url\":\"https:\/\/secure.gravatar.com\/avatar\/c4ca25fa72cace7a696b52ff5db9e095?s=96&d=mm&r=g\",\"contentUrl\":\"https:\/\/secure.gravatar.com\/avatar\/c4ca25fa72cace7a696b52ff5db9e095?s=96&d=mm&r=g\",\"caption\":\"hudo\"},\"url\":\"https:\/\/hudo.com\/si\/author\/hudo\/\"}]}<\/script>\n<!-- \/ Yoast SEO plugin. -->","yoast_head_json":{"title":"Zaradi vaje Lopata 2016 bo v nedeljo nekaj ur zaprta avtocesta - Hudo Slovenija","robots":{"index":"index","follow":"follow","max-snippet":"max-snippet:-1","max-image-preview":"max-image-preview:large","max-video-preview":"max-video-preview:-1"},"canonical":"https:\/\/hudo.com\/si\/aktualno\/zaradi-vaje-lopata-2016-bo-v-nedeljo-nekaj-ur-zaprta-avtocesta\/","og_locale":"sl_SI","og_type":"article","og_title":"Zaradi vaje Lopata 2016 bo v nedeljo nekaj ur zaprta avtocesta - Hudo Slovenija","og_description":"V nedeljo, 2. oktobra 2016, bo med 9. in 11. uro na \u0161tajerski avtocesti, na odseku Slovenske Konjice-Celje, enodnevna napovedana in kombinirana vaja sil za za\u0161\u010dito in re\u0161evanje za ukrepanje ob mno\u017ei\u010dni nesre\u010di na avtocesti. Predpostavka te regijske vaje je prometna nesre\u010da pri po\u010divali\u0161\u010du Zima, v kateri je udele\u017eenih ve\u010d vozil, vklju\u010dno s cisterno za prevoz nevarnih snovi, in okoli 20 ljudi z razli\u010dnimi vrstami po\u0161kodb, so objavili na spletnem portalu Uprave Republike Slovenije za za\u0161\u010dito in re\u0161evanje. Zaradi vaje bo avtocesta med priklju\u010dkoma Slovenske Konjice in Celje - vzhod proti Ljubljani zaprta med 6. in 13. uro, obvoz pa bo urejen po cesti Tepanje - Sl. Konjice - Stranice - Vojnik - do priklju\u010dka Celje - center. Vajo bo vodil Silvester \u0160rimpf, vodja Izpostave Uprave Republike Slovenije za za\u0161\u010dito in re\u0161evanje Celje, ki je tudi namestnik poveljnika Civilne za\u0161\u010dite za zahodno\u0161tajersko regijo, aktivirane pa bodo vse z na\u010drtom za ukrepanje ob mno\u017ei\u010dni nesre\u010di na avtocesti predvidene sile za za\u0161\u010dito in re\u0161evanje. Na vaji bodo sodelovale javne slu\u017ebe za za\u0161\u010dito, re\u0161evanje in pomo\u010d, regijske enote in slu\u017ebe Civilne za\u0161\u010dite, organi, slu\u017ebe in nevladne organizacije, ki po na\u010drtu za\u0161\u010dite in re\u0161evanja ob mno\u017ei\u010dni nesre\u010di na avtocesti opravljajo naloge za\u0161\u010dite, re\u0161evanja in pomo\u010di ter tudi za\u0161\u010ditne ukrepe. Vajo organizirajo ministrstvo za obrambo, DARS, ministrstvo za notranje zadeve, slu\u017ebe nujne medicinske pomo\u010di ter gasilske enote PGE Celje. Namen in cilji vaje so preveriti u\u010dinkovitost in usklajenost re\u0161itev v regijskem na\u010drtu za\u0161\u010dite in re\u0161evanja ob mno\u017ei\u010dni nesre\u010di na avtocesti; ugotoviti pomanjkljivosti in morebitna neskladja ter nedore\u010denosti v na\u010drtih za\u0161\u010dite in re\u0161evanja in jih odpraviti, preveriti postopke opazovanja, obve\u0161\u010danja in aktiviranja; preveriti komuniciranje in sodelovanje med posameznimi re\u0161evalnimi enotami in slu\u017ebami, delovanje zvez ZARE in na\u010din medsebojnega komuniciranja; preveriti ustreznost vodenja intervencije in vzpostavitev skupnega voden","og_url":"https:\/\/hudo.com\/si\/aktualno\/zaradi-vaje-lopata-2016-bo-v-nedeljo-nekaj-ur-zaprta-avtocesta\/","og_site_name":"Hudo Slovenija","article_publisher":"https:\/\/www.facebook.com\/hudo.si","article_published_time":"2016-10-01T11:45:00+00:00","article_modified_time":"2016-10-02T06:51:14+00:00","og_image":[{"width":450,"height":337,"url":"https:\/\/hudo.com\/si\/wp-content\/uploads\/sites\/2\/2016\/10\/01401368F-300.jpg","type":"image\/jpeg"}],"author":"hudo","twitter_card":"summary_large_image","twitter_creator":"@hudo_si","twitter_site":"@hudo_si","twitter_misc":{"Written by":"hudo","Est. reading time":"2 minuti"},"schema":{"@context":"https:\/\/schema.org","@graph":[{"@type":"Article","@id":"https:\/\/hudo.com\/si\/aktualno\/zaradi-vaje-lopata-2016-bo-v-nedeljo-nekaj-ur-zaprta-avtocesta\/#article","isPartOf":{"@id":"https:\/\/hudo.com\/si\/aktualno\/zaradi-vaje-lopata-2016-bo-v-nedeljo-nekaj-ur-zaprta-avtocesta\/"},"author":{"name":"hudo","@id":"https:\/\/hudo.com\/si\/#\/schema\/person\/601cf3379633985b20f7e50f2bb47707"},"headline":"Zaradi vaje Lopata 2016 bo v nedeljo nekaj ur zaprta avtocesta","datePublished":"2016-10-01T11:45:00+00:00","dateModified":"2016-10-02T06:51:14+00:00","mainEntityOfPage":{"@id":"https:\/\/hudo.com\/si\/aktualno\/zaradi-vaje-lopata-2016-bo-v-nedeljo-nekaj-ur-zaprta-avtocesta\/"},"wordCount":354,"publisher":{"@id":"https:\/\/hudo.com\/si\/#organization"},"articleSection":["Aktualno"],"inLanguage":"sl-SI"},{"@type":"WebPage","@id":"https:\/\/hudo.com\/si\/aktualno\/zaradi-vaje-lopata-2016-bo-v-nedeljo-nekaj-ur-zaprta-avtocesta\/","url":"https:\/\/hudo.com\/si\/aktualno\/zaradi-vaje-lopata-2016-bo-v-nedeljo-nekaj-ur-zaprta-avtocesta\/","name":"Zaradi vaje Lopata 2016 bo v nedeljo nekaj ur zaprta avtocesta - Hudo Slovenija","isPartOf":{"@id":"https:\/\/hudo.com\/si\/#website"},"datePublished":"2016-10-01T11:45:00+00:00","dateModified":"2016-10-02T06:51:14+00:00","breadcrumb":{"@id":"https:\/\/hudo.com\/si\/aktualno\/zaradi-vaje-lopata-2016-bo-v-nedeljo-nekaj-ur-zaprta-avtocesta\/#breadcrumb"},"inLanguage":"sl-SI","potentialAction":[{"@type":"ReadAction","target":["https:\/\/hudo.com\/si\/aktualno\/zaradi-vaje-lopata-2016-bo-v-nedeljo-nekaj-ur-zaprta-avtocesta\/"]}]},{"@type":"BreadcrumbList","@id":"https:\/\/hudo.com\/si\/aktualno\/zaradi-vaje-lopata-2016-bo-v-nedeljo-nekaj-ur-zaprta-avtocesta\/#breadcrumb","itemListElement":[{"@type":"ListItem","position":1,"name":"Home","item":"https:\/\/hudo.com\/si\/"},{"@type":"ListItem","position":2,"name":"Zaradi vaje Lopata 2016 bo v nedeljo nekaj ur zaprta avtocesta"}]},{"@type":"WebSite","@id":"https:\/\/hudo.com\/si\/#website","url":"https:\/\/hudo.com\/si\/","name":"Hudo Slovenija","description":"Vse novice iz Slovenije in sveta","publisher":{"@id":"https:\/\/hudo.com\/si\/#organization"},"potentialAction":[{"@type":"SearchAction","target":{"@type":"EntryPoint","urlTemplate":"https:\/\/hudo.com\/si\/?s={search_term_string}"},"query-input":"required name=search_term_string"}],"inLanguage":"sl-SI"},{"@type":"Organization","@id":"https:\/\/hudo.com\/si\/#organization","name":"VSN Media","url":"https:\/\/hudo.com\/si\/","logo":{"@type":"ImageObject","inLanguage":"sl-SI","@id":"https:\/\/hudo.com\/si\/#\/schema\/logo\/image\/","url":"https:\/\/hudo.com\/si\/wp-content\/uploads\/sites\/2\/2021\/03\/hudo-app-2.png","contentUrl":"https:\/\/hudo.com\/si\/wp-content\/uploads\/sites\/2\/2021\/03\/hudo-app-2.png","width":2185,"height":2167,"caption":"VSN Media"},"image":{"@id":"https:\/\/hudo.com\/si\/#\/schema\/logo\/image\/"},"sameAs":["https:\/\/www.facebook.com\/hudo.si","https:\/\/twitter.com\/hudo_si"]},{"@type":"Person","@id":"https:\/\/hudo.com\/si\/#\/schema\/person\/601cf3379633985b20f7e50f2bb47707","name":"hudo","image":{"@type":"ImageObject","inLanguage":"sl-SI","@id":"https:\/\/hudo.com\/si\/#\/schema\/person\/image\/","url":"https:\/\/secure.gravatar.com\/avatar\/c4ca25fa72cace7a696b52ff5db9e095?s=96&d=mm&r=g","contentUrl":"https:\/\/secure.gravatar.com\/avatar\/c4ca25fa72cace7a696b52ff5db9e095?s=96&d=mm&r=g","caption":"hudo"},"url":"https:\/\/hudo.com\/si\/author\/hudo\/"}]}},"amp_enabled":true,"_links":{"self":[{"href":"https:\/\/hudo.com\/si\/wp-json\/wp\/v2\/posts\/144884"}],"collection":[{"href":"https:\/\/hudo.com\/si\/wp-json\/wp\/v2\/posts"}],"about":[{"href":"https:\/\/hudo.com\/si\/wp-json\/wp\/v2\/types\/post"}],"author":[{"embeddable":true,"href":"https:\/\/hudo.com\/si\/wp-json\/wp\/v2\/users\/1"}],"replies":[{"embeddable":true,"href":"https:\/\/hudo.com\/si\/wp-json\/wp\/v2\/comments?post=144884"}],"version-history":[{"count":1,"href":"https:\/\/hudo.com\/si\/wp-json\/wp\/v2\/posts\/144884\/revisions"}],"predecessor-version":[{"id":144955,"href":"https:\/\/hudo.com\/si\/wp-json\/wp\/v2\/posts\/144884\/revisions\/144955"}],"wp:attachment":[{"href":"https:\/\/hudo.com\/si\/wp-json\/wp\/v2\/media?parent=144884"}],"wp:term":[{"taxonomy":"category","embeddable":true,"href":"https:\/\/hudo.com\/si\/wp-json\/wp\/v2\/categories?post=144884"},{"taxonomy":"post_tag","embeddable":true,"href":"https:\/\/hudo.com\/si\/wp-json\/wp\/v2\/tags?post=144884"},{"taxonomy":"source","embeddable":true,"href":"https:\/\/hudo.com\/si\/wp-json\/wp\/v2\/source?post=144884"},{"taxonomy":"supertag","embeddable":true,"href":"https:\/\/hudo.com\/si\/wp-json\/wp\/v2\/supertag?post=144884"}],"curies":[{"name":"wp","href":"https:\/\/api.w.org\/{rel}","templated":true}]}}