{"id":14514,"date":"2015-07-30T09:13:41","date_gmt":"2015-07-30T08:13:41","guid":{"rendered":"http:\/\/master.hudo.com\/si\/2015\/07\/30\/fotografije-ki-so-ganile-svet-trenutek-ko-starsa-prvic-vidita-svojega-posvojenega-otroka\/"},"modified":"2015-07-30T09:13:41","modified_gmt":"2015-07-30T08:13:41","slug":"fotografije-ki-so-ganile-svet-trenutek-ko-starsa-prvic-vidita-svojega-posvojenega-otroka","status":"publish","type":"post","link":"https:\/\/hudo.com\/si\/lifestyle\/fotografije-ki-so-ganile-svet-trenutek-ko-starsa-prvic-vidita-svojega-posvojenega-otroka\/","title":{"rendered":"Fotografije, ki so ganile svet: Trenutek, ko star\u0161a prvi\u010d vidita svojega posvojenega otroka"},"content":{"rendered":"<section class=\"slideshow\">\n<figure>\n\t\t\t\t\t<img loading=\"lazy\" decoding=\"async\" width=\"660\" height=\"320\" src=\"data:image\/gif;base64,R0lGODlhAQABAAAAACH5BAEKAAEALAAAAAABAAEAAAICTAEAOw==\" class=\"lazyload\" data-src=\"http:\/\/zenska.hudo.com\/files\/2015\/07\/adoption-1-320x155.jpg\" data-srcset=\"http:\/\/zenska.hudo.com\/files\/2015\/07\/adoption-1-660x320.jpg 660w,http:\/\/zenska.hudo.com\/files\/2015\/07\/adoption-1-320x155.jpg 330w\" sizes=\"(max-width: 660px) 100vw, 660px\"\/><figcaption>Foto:  KRISTEN PROSSER<\/figcaption><\/figure>\n<figure>\n\t\t\t\t\t<img loading=\"lazy\" decoding=\"async\" width=\"660\" height=\"320\" src=\"data:image\/gif;base64,R0lGODlhAQABAAAAACH5BAEKAAEALAAAAAABAAEAAAICTAEAOw==\" class=\"lazyload\" data-src=\"http:\/\/zenska.hudo.com\/files\/2015\/07\/adoption-2-320x155.jpg\" data-srcset=\"http:\/\/zenska.hudo.com\/files\/2015\/07\/adoption-2-660x320.jpg 660w,http:\/\/zenska.hudo.com\/files\/2015\/07\/adoption-2-320x155.jpg 330w\" sizes=\"(max-width: 660px) 100vw, 660px\"\/><figcaption>Foto:  KRISTEN PROSSER<\/figcaption><\/figure>\n<figure>\n\t\t\t\t\t<img loading=\"lazy\" decoding=\"async\" width=\"660\" height=\"320\" src=\"data:image\/gif;base64,R0lGODlhAQABAAAAACH5BAEKAAEALAAAAAABAAEAAAICTAEAOw==\" class=\"lazyload\" data-src=\"http:\/\/zenska.hudo.com\/files\/2015\/07\/adoption-31-320x155.jpg\" data-srcset=\"http:\/\/zenska.hudo.com\/files\/2015\/07\/adoption-31-660x320.jpg 660w,http:\/\/zenska.hudo.com\/files\/2015\/07\/adoption-31-320x155.jpg 330w\" sizes=\"(max-width: 660px) 100vw, 660px\"\/><figcaption>Foto:  KRISTEN PROSSER<\/figcaption><\/figure>\n<figure>\n\t\t\t\t\t<img loading=\"lazy\" decoding=\"async\" width=\"660\" height=\"320\" src=\"data:image\/gif;base64,R0lGODlhAQABAAAAACH5BAEKAAEALAAAAAABAAEAAAICTAEAOw==\" class=\"lazyload\" data-src=\"http:\/\/zenska.hudo.com\/files\/2015\/07\/adoption-4-320x155.jpg\" data-srcset=\"http:\/\/zenska.hudo.com\/files\/2015\/07\/adoption-4-660x320.jpg 660w,http:\/\/zenska.hudo.com\/files\/2015\/07\/adoption-4-320x155.jpg 330w\" sizes=\"(max-width: 660px) 100vw, 660px\"\/><figcaption>Foto:  KRISTEN PROSSER<\/figcaption><\/figure>\n<figure>\n\t\t\t\t\t<img loading=\"lazy\" decoding=\"async\" width=\"660\" height=\"320\" src=\"data:image\/gif;base64,R0lGODlhAQABAAAAACH5BAEKAAEALAAAAAABAAEAAAICTAEAOw==\" class=\"lazyload\" data-src=\"http:\/\/zenska.hudo.com\/files\/2015\/07\/adoption-8.5-320x155.jpg\" data-srcset=\"http:\/\/zenska.hudo.com\/files\/2015\/07\/adoption-8.5-660x320.jpg 660w,http:\/\/zenska.hudo.com\/files\/2015\/07\/adoption-8.5-320x155.jpg 330w\" sizes=\"(max-width: 660px) 100vw, 660px\"\/><figcaption>Foto:  KRISTEN PROSSER<\/figcaption><\/figure>\n<figure>\n\t\t\t\t\t<img loading=\"lazy\" decoding=\"async\" width=\"660\" height=\"320\" src=\"data:image\/gif;base64,R0lGODlhAQABAAAAACH5BAEKAAEALAAAAAABAAEAAAICTAEAOw==\" class=\"lazyload\" data-src=\"http:\/\/zenska.hudo.com\/files\/2015\/07\/adoption-5-320x155.jpg\" data-srcset=\"http:\/\/zenska.hudo.com\/files\/2015\/07\/adoption-5-660x320.jpg 660w,http:\/\/zenska.hudo.com\/files\/2015\/07\/adoption-5-320x155.jpg 330w\" sizes=\"(max-width: 660px) 100vw, 660px\"\/><figcaption>Foto:  KRISTEN PROSSER<\/figcaption><\/figure>\n<figure>\n\t\t\t\t\t<img loading=\"lazy\" decoding=\"async\" width=\"660\" height=\"320\" src=\"data:image\/gif;base64,R0lGODlhAQABAAAAACH5BAEKAAEALAAAAAABAAEAAAICTAEAOw==\" class=\"lazyload\" data-src=\"http:\/\/zenska.hudo.com\/files\/2015\/07\/adoption-7-320x155.jpg\" data-srcset=\"http:\/\/zenska.hudo.com\/files\/2015\/07\/adoption-7-660x320.jpg 660w,http:\/\/zenska.hudo.com\/files\/2015\/07\/adoption-7-320x155.jpg 330w\" sizes=\"(max-width: 660px) 100vw, 660px\"\/><figcaption>Foto:  KRISTEN PROSSER<\/figcaption><\/figure>\n<\/section>\n<p>Par, ki sicer \u017ee ima dva svoja biolo\u0161ka otroka, sta se za posvojitev otroka, deklico sta poimenovala Tilly Pearl, odlo\u010dila, ko sta ugotovila, da ne moreta ve\u010d imeti svojih otrok. Sarah njuno odlo\u010ditev pojasni takole:<\/p>\n<blockquote>\n<p>&#8220;Vedela sva, da najina dru\u017eina \u0161e ni popolna. Vedela sva, da si \u017eeliva tri otroke, od nekdaj sva si \u017eelela treh. In nekaj je v mojem srcu manjkalo. Kar naenkrat pa se mi je posvetilo in za\u010dutila sem neizmerno \u017eeljo po tem, da bi posvojila otroka.&#8221;<\/p>\n<\/blockquote>\n<div class=\"wp-caption video\" style=\"padding-top:56.212121212121%\">  \t<div class=\"embed\"><div class=\"embed-notice\">Za ogled vstavljene vsebine morate omogo\u010diti <a href=\"#\" onclick=\"Optanon.ToggleInfoDisplay()\">shranjevanje pi\u0161kotkov v napravi<\/a><\/div><iframe loading=\"lazy\" width=\"660\" height=\"371\"  class=\"optanon-category-C0002-C0003-C0004\" optanon-src=\"https:\/\/www.youtube.com\/embed\/NpECI92iYWc?autohide=1&#038;fs=1&#038;autoplay=0&#038;iv_load_policy=3&#038;rel=0&#038;modestbranding=1&#038;showinfo=0&#038;hd=1\" frameborder=\"0\" allowfullscreen><\/iframe><\/div>  <\/div>\n<p>Fotografinja je dokumentirala pot tega para vse do trenutka, ko sta prvi\u010d zagledala svojega otroka. Do trenutka, ki je pomenil nov za\u010detek za to dru\u017eino. Prossnerjeva je ganljive trenutke, ko je fotografirala, na svoji facebook strani opisala:<\/p>\n<blockquote>\n<p>&#8220;Vedno sem si \u017eelela fotografirati trenutek, ko bodo\u010da star\u0161a prvi\u010d spoznata svojega posvojenega otroka. Minuli teden sem bila del in pri\u010da neverjetnega trenutka skupaj z enima svojih najbli\u017ejih prijateljev. \u0160ele v torek popoldne je izvedela za tega otroka, v sredo zjutraj pa smo \u017ee odleteli na Florido. V sredo popoldne je bil otrok tudi uradno njun, \u017ee na varnem v objemu svoje nove mamice in o\u010deta. To je bil eden najbolj izjemnih trenutkov v mojem \u017eivljenju in res se po\u010dutim po\u010da\u0161\u010deno, da sem imela to prilo\u017enost spremljati. Kako neverjeten primer brezpogojne ljubezni.&#8221;<\/p>\n<\/blockquote>\n<p>Olsonova sta se skupaj s Tilly vrnila domov v Minnesoto, kjer je dojen\u010dica kon\u010dno lahko spoznala tudi svoja nova bratca Zakaryja in Levija. Dru\u017eina je kon\u010dno za\u017eivela tako, kot sta si star\u0161a vedno \u017eelela, s tremi otroki.<\/p>\n<p>&nbsp;<\/p>\n","protected":false},"excerpt":{"rendered":"<p>David in Sarah Olson sta iz Minnesote potovala na Florido, da bi kon\u010dno spoznala otroka, ki sta ga posvojila. In njuna prijateljica Kristen Prosser, ki je fotografinja, je v objektiv ujela ganljiv trenutek, ko sta otroka prvi\u010d zagledala in dr\u017eala v svojem naro\u010dju.\u00a0<\/p>\n","protected":false},"author":1,"featured_media":0,"comment_status":"closed","ping_status":"closed","sticky":false,"template":"","format":"standard","meta":{"footnotes":""},"categories":[1091],"tags":[2967,1727],"source":[1356,1357,1334],"supertag":[],"acf":[],"yoast_head":"<!-- This site is optimized with the Yoast SEO plugin v21.3 - https:\/\/yoast.com\/wordpress\/plugins\/seo\/ -->\n<title>Fotografije, ki so ganile svet: Trenutek, ko star\u0161a prvi\u010d vidita svojega posvojenega otroka - Hudo Slovenija<\/title>\n<meta name=\"robots\" content=\"index, follow, max-snippet:-1, max-image-preview:large, max-video-preview:-1\" \/>\n<link rel=\"canonical\" href=\"https:\/\/hudo.com\/si\/lifestyle\/fotografije-ki-so-ganile-svet-trenutek-ko-starsa-prvic-vidita-svojega-posvojenega-otroka\/\" \/>\n<meta property=\"og:locale\" content=\"sl_SI\" \/>\n<meta property=\"og:type\" content=\"article\" \/>\n<meta property=\"og:title\" content=\"Fotografije, ki so ganile svet: Trenutek, ko star\u0161a prvi\u010d vidita svojega posvojenega otroka - Hudo Slovenija\" \/>\n<meta property=\"og:description\" content=\"David in Sarah Olson sta iz Minnesote potovala na Florido, da bi kon\u010dno spoznala otroka, ki sta ga posvojila. In njuna prijateljica Kristen Prosser, ki je fotografinja, je v objektiv ujela ganljiv trenutek, ko sta otroka prvi\u010d zagledala in dr\u017eala v svojem naro\u010dju.\u00a0\" \/>\n<meta property=\"og:url\" content=\"https:\/\/hudo.com\/si\/lifestyle\/fotografije-ki-so-ganile-svet-trenutek-ko-starsa-prvic-vidita-svojega-posvojenega-otroka\/\" \/>\n<meta property=\"og:site_name\" content=\"Hudo Slovenija\" \/>\n<meta property=\"article:publisher\" content=\"https:\/\/www.facebook.com\/hudo.si\" \/>\n<meta property=\"article:published_time\" content=\"2015-07-30T08:13:41+00:00\" \/>\n<meta property=\"og:image\" content=\"https:\/\/hudo.com\/si\/wp-content\/uploads\/sites\/2\/2016\/04\/adoption-2.jpg\" \/>\n\t<meta property=\"og:image:width\" content=\"962\" \/>\n\t<meta property=\"og:image:height\" content=\"642\" \/>\n\t<meta property=\"og:image:type\" content=\"image\/jpeg\" \/>\n<meta name=\"author\" content=\"hudo\" \/>\n<meta name=\"twitter:card\" content=\"summary_large_image\" \/>\n<meta name=\"twitter:creator\" content=\"@hudo_si\" \/>\n<meta name=\"twitter:site\" content=\"@hudo_si\" \/>\n<meta name=\"twitter:label1\" content=\"Written by\" \/>\n\t<meta name=\"twitter:data1\" content=\"hudo\" \/>\n\t<meta name=\"twitter:label2\" content=\"Est. reading time\" \/>\n\t<meta name=\"twitter:data2\" content=\"1 minuta\" \/>\n<script type=\"application\/ld+json\" class=\"yoast-schema-graph\">{\"@context\":\"https:\/\/schema.org\",\"@graph\":[{\"@type\":\"Article\",\"@id\":\"https:\/\/hudo.com\/si\/lifestyle\/fotografije-ki-so-ganile-svet-trenutek-ko-starsa-prvic-vidita-svojega-posvojenega-otroka\/#article\",\"isPartOf\":{\"@id\":\"https:\/\/hudo.com\/si\/lifestyle\/fotografije-ki-so-ganile-svet-trenutek-ko-starsa-prvic-vidita-svojega-posvojenega-otroka\/\"},\"author\":{\"name\":\"hudo\",\"@id\":\"https:\/\/hudo.com\/si\/#\/schema\/person\/601cf3379633985b20f7e50f2bb47707\"},\"headline\":\"Fotografije, ki so ganile svet: Trenutek, ko star\u0161a prvi\u010d vidita svojega posvojenega otroka\",\"datePublished\":\"2015-07-30T08:13:41+00:00\",\"dateModified\":\"2015-07-30T08:13:41+00:00\",\"mainEntityOfPage\":{\"@id\":\"https:\/\/hudo.com\/si\/lifestyle\/fotografije-ki-so-ganile-svet-trenutek-ko-starsa-prvic-vidita-svojega-posvojenega-otroka\/\"},\"wordCount\":305,\"publisher\":{\"@id\":\"https:\/\/hudo.com\/si\/#organization\"},\"keywords\":[\"posvojitev\",\"resni\u010dna zgodba\"],\"articleSection\":[\"Lifestyle\"],\"inLanguage\":\"sl-SI\"},{\"@type\":\"WebPage\",\"@id\":\"https:\/\/hudo.com\/si\/lifestyle\/fotografije-ki-so-ganile-svet-trenutek-ko-starsa-prvic-vidita-svojega-posvojenega-otroka\/\",\"url\":\"https:\/\/hudo.com\/si\/lifestyle\/fotografije-ki-so-ganile-svet-trenutek-ko-starsa-prvic-vidita-svojega-posvojenega-otroka\/\",\"name\":\"Fotografije, ki so ganile svet: Trenutek, ko star\u0161a prvi\u010d vidita svojega posvojenega otroka - Hudo Slovenija\",\"isPartOf\":{\"@id\":\"https:\/\/hudo.com\/si\/#website\"},\"datePublished\":\"2015-07-30T08:13:41+00:00\",\"dateModified\":\"2015-07-30T08:13:41+00:00\",\"breadcrumb\":{\"@id\":\"https:\/\/hudo.com\/si\/lifestyle\/fotografije-ki-so-ganile-svet-trenutek-ko-starsa-prvic-vidita-svojega-posvojenega-otroka\/#breadcrumb\"},\"inLanguage\":\"sl-SI\",\"potentialAction\":[{\"@type\":\"ReadAction\",\"target\":[\"https:\/\/hudo.com\/si\/lifestyle\/fotografije-ki-so-ganile-svet-trenutek-ko-starsa-prvic-vidita-svojega-posvojenega-otroka\/\"]}]},{\"@type\":\"BreadcrumbList\",\"@id\":\"https:\/\/hudo.com\/si\/lifestyle\/fotografije-ki-so-ganile-svet-trenutek-ko-starsa-prvic-vidita-svojega-posvojenega-otroka\/#breadcrumb\",\"itemListElement\":[{\"@type\":\"ListItem\",\"position\":1,\"name\":\"Home\",\"item\":\"https:\/\/hudo.com\/si\/\"},{\"@type\":\"ListItem\",\"position\":2,\"name\":\"Fotografije, ki so ganile svet: Trenutek, ko star\u0161a prvi\u010d vidita svojega posvojenega otroka\"}]},{\"@type\":\"WebSite\",\"@id\":\"https:\/\/hudo.com\/si\/#website\",\"url\":\"https:\/\/hudo.com\/si\/\",\"name\":\"Hudo Slovenija\",\"description\":\"Vse novice iz Slovenije in sveta\",\"publisher\":{\"@id\":\"https:\/\/hudo.com\/si\/#organization\"},\"potentialAction\":[{\"@type\":\"SearchAction\",\"target\":{\"@type\":\"EntryPoint\",\"urlTemplate\":\"https:\/\/hudo.com\/si\/?s={search_term_string}\"},\"query-input\":\"required name=search_term_string\"}],\"inLanguage\":\"sl-SI\"},{\"@type\":\"Organization\",\"@id\":\"https:\/\/hudo.com\/si\/#organization\",\"name\":\"VSN Media\",\"url\":\"https:\/\/hudo.com\/si\/\",\"logo\":{\"@type\":\"ImageObject\",\"inLanguage\":\"sl-SI\",\"@id\":\"https:\/\/hudo.com\/si\/#\/schema\/logo\/image\/\",\"url\":\"https:\/\/hudo.com\/si\/wp-content\/uploads\/sites\/2\/2021\/03\/hudo-app-2.png\",\"contentUrl\":\"https:\/\/hudo.com\/si\/wp-content\/uploads\/sites\/2\/2021\/03\/hudo-app-2.png\",\"width\":2185,\"height\":2167,\"caption\":\"VSN Media\"},\"image\":{\"@id\":\"https:\/\/hudo.com\/si\/#\/schema\/logo\/image\/\"},\"sameAs\":[\"https:\/\/www.facebook.com\/hudo.si\",\"https:\/\/twitter.com\/hudo_si\"]},{\"@type\":\"Person\",\"@id\":\"https:\/\/hudo.com\/si\/#\/schema\/person\/601cf3379633985b20f7e50f2bb47707\",\"name\":\"hudo\",\"image\":{\"@type\":\"ImageObject\",\"inLanguage\":\"sl-SI\",\"@id\":\"https:\/\/hudo.com\/si\/#\/schema\/person\/image\/\",\"url\":\"https:\/\/secure.gravatar.com\/avatar\/c4ca25fa72cace7a696b52ff5db9e095?s=96&d=mm&r=g\",\"contentUrl\":\"https:\/\/secure.gravatar.com\/avatar\/c4ca25fa72cace7a696b52ff5db9e095?s=96&d=mm&r=g\",\"caption\":\"hudo\"},\"url\":\"https:\/\/hudo.com\/si\/author\/hudo\/\"}]}<\/script>\n<!-- \/ Yoast SEO plugin. -->","yoast_head_json":{"title":"Fotografije, ki so ganile svet: Trenutek, ko star\u0161a prvi\u010d vidita svojega posvojenega otroka - Hudo Slovenija","robots":{"index":"index","follow":"follow","max-snippet":"max-snippet:-1","max-image-preview":"max-image-preview:large","max-video-preview":"max-video-preview:-1"},"canonical":"https:\/\/hudo.com\/si\/lifestyle\/fotografije-ki-so-ganile-svet-trenutek-ko-starsa-prvic-vidita-svojega-posvojenega-otroka\/","og_locale":"sl_SI","og_type":"article","og_title":"Fotografije, ki so ganile svet: Trenutek, ko star\u0161a prvi\u010d vidita svojega posvojenega otroka - Hudo Slovenija","og_description":"David in Sarah Olson sta iz Minnesote potovala na Florido, da bi kon\u010dno spoznala otroka, ki sta ga posvojila. In njuna prijateljica Kristen Prosser, ki je fotografinja, je v objektiv ujela ganljiv trenutek, ko sta otroka prvi\u010d zagledala in dr\u017eala v svojem naro\u010dju.\u00a0","og_url":"https:\/\/hudo.com\/si\/lifestyle\/fotografije-ki-so-ganile-svet-trenutek-ko-starsa-prvic-vidita-svojega-posvojenega-otroka\/","og_site_name":"Hudo Slovenija","article_publisher":"https:\/\/www.facebook.com\/hudo.si","article_published_time":"2015-07-30T08:13:41+00:00","og_image":[{"width":962,"height":642,"url":"https:\/\/hudo.com\/si\/wp-content\/uploads\/sites\/2\/2016\/04\/adoption-2.jpg","type":"image\/jpeg"}],"author":"hudo","twitter_card":"summary_large_image","twitter_creator":"@hudo_si","twitter_site":"@hudo_si","twitter_misc":{"Written by":"hudo","Est. reading time":"1 minuta"},"schema":{"@context":"https:\/\/schema.org","@graph":[{"@type":"Article","@id":"https:\/\/hudo.com\/si\/lifestyle\/fotografije-ki-so-ganile-svet-trenutek-ko-starsa-prvic-vidita-svojega-posvojenega-otroka\/#article","isPartOf":{"@id":"https:\/\/hudo.com\/si\/lifestyle\/fotografije-ki-so-ganile-svet-trenutek-ko-starsa-prvic-vidita-svojega-posvojenega-otroka\/"},"author":{"name":"hudo","@id":"https:\/\/hudo.com\/si\/#\/schema\/person\/601cf3379633985b20f7e50f2bb47707"},"headline":"Fotografije, ki so ganile svet: Trenutek, ko star\u0161a prvi\u010d vidita svojega posvojenega otroka","datePublished":"2015-07-30T08:13:41+00:00","dateModified":"2015-07-30T08:13:41+00:00","mainEntityOfPage":{"@id":"https:\/\/hudo.com\/si\/lifestyle\/fotografije-ki-so-ganile-svet-trenutek-ko-starsa-prvic-vidita-svojega-posvojenega-otroka\/"},"wordCount":305,"publisher":{"@id":"https:\/\/hudo.com\/si\/#organization"},"keywords":["posvojitev","resni\u010dna zgodba"],"articleSection":["Lifestyle"],"inLanguage":"sl-SI"},{"@type":"WebPage","@id":"https:\/\/hudo.com\/si\/lifestyle\/fotografije-ki-so-ganile-svet-trenutek-ko-starsa-prvic-vidita-svojega-posvojenega-otroka\/","url":"https:\/\/hudo.com\/si\/lifestyle\/fotografije-ki-so-ganile-svet-trenutek-ko-starsa-prvic-vidita-svojega-posvojenega-otroka\/","name":"Fotografije, ki so ganile svet: Trenutek, ko star\u0161a prvi\u010d vidita svojega posvojenega otroka - Hudo Slovenija","isPartOf":{"@id":"https:\/\/hudo.com\/si\/#website"},"datePublished":"2015-07-30T08:13:41+00:00","dateModified":"2015-07-30T08:13:41+00:00","breadcrumb":{"@id":"https:\/\/hudo.com\/si\/lifestyle\/fotografije-ki-so-ganile-svet-trenutek-ko-starsa-prvic-vidita-svojega-posvojenega-otroka\/#breadcrumb"},"inLanguage":"sl-SI","potentialAction":[{"@type":"ReadAction","target":["https:\/\/hudo.com\/si\/lifestyle\/fotografije-ki-so-ganile-svet-trenutek-ko-starsa-prvic-vidita-svojega-posvojenega-otroka\/"]}]},{"@type":"BreadcrumbList","@id":"https:\/\/hudo.com\/si\/lifestyle\/fotografije-ki-so-ganile-svet-trenutek-ko-starsa-prvic-vidita-svojega-posvojenega-otroka\/#breadcrumb","itemListElement":[{"@type":"ListItem","position":1,"name":"Home","item":"https:\/\/hudo.com\/si\/"},{"@type":"ListItem","position":2,"name":"Fotografije, ki so ganile svet: Trenutek, ko star\u0161a prvi\u010d vidita svojega posvojenega otroka"}]},{"@type":"WebSite","@id":"https:\/\/hudo.com\/si\/#website","url":"https:\/\/hudo.com\/si\/","name":"Hudo Slovenija","description":"Vse novice iz Slovenije in sveta","publisher":{"@id":"https:\/\/hudo.com\/si\/#organization"},"potentialAction":[{"@type":"SearchAction","target":{"@type":"EntryPoint","urlTemplate":"https:\/\/hudo.com\/si\/?s={search_term_string}"},"query-input":"required name=search_term_string"}],"inLanguage":"sl-SI"},{"@type":"Organization","@id":"https:\/\/hudo.com\/si\/#organization","name":"VSN Media","url":"https:\/\/hudo.com\/si\/","logo":{"@type":"ImageObject","inLanguage":"sl-SI","@id":"https:\/\/hudo.com\/si\/#\/schema\/logo\/image\/","url":"https:\/\/hudo.com\/si\/wp-content\/uploads\/sites\/2\/2021\/03\/hudo-app-2.png","contentUrl":"https:\/\/hudo.com\/si\/wp-content\/uploads\/sites\/2\/2021\/03\/hudo-app-2.png","width":2185,"height":2167,"caption":"VSN Media"},"image":{"@id":"https:\/\/hudo.com\/si\/#\/schema\/logo\/image\/"},"sameAs":["https:\/\/www.facebook.com\/hudo.si","https:\/\/twitter.com\/hudo_si"]},{"@type":"Person","@id":"https:\/\/hudo.com\/si\/#\/schema\/person\/601cf3379633985b20f7e50f2bb47707","name":"hudo","image":{"@type":"ImageObject","inLanguage":"sl-SI","@id":"https:\/\/hudo.com\/si\/#\/schema\/person\/image\/","url":"https:\/\/secure.gravatar.com\/avatar\/c4ca25fa72cace7a696b52ff5db9e095?s=96&d=mm&r=g","contentUrl":"https:\/\/secure.gravatar.com\/avatar\/c4ca25fa72cace7a696b52ff5db9e095?s=96&d=mm&r=g","caption":"hudo"},"url":"https:\/\/hudo.com\/si\/author\/hudo\/"}]}},"amp_enabled":true,"_links":{"self":[{"href":"https:\/\/hudo.com\/si\/wp-json\/wp\/v2\/posts\/14514"}],"collection":[{"href":"https:\/\/hudo.com\/si\/wp-json\/wp\/v2\/posts"}],"about":[{"href":"https:\/\/hudo.com\/si\/wp-json\/wp\/v2\/types\/post"}],"author":[{"embeddable":true,"href":"https:\/\/hudo.com\/si\/wp-json\/wp\/v2\/users\/1"}],"replies":[{"embeddable":true,"href":"https:\/\/hudo.com\/si\/wp-json\/wp\/v2\/comments?post=14514"}],"version-history":[{"count":0,"href":"https:\/\/hudo.com\/si\/wp-json\/wp\/v2\/posts\/14514\/revisions"}],"wp:attachment":[{"href":"https:\/\/hudo.com\/si\/wp-json\/wp\/v2\/media?parent=14514"}],"wp:term":[{"taxonomy":"category","embeddable":true,"href":"https:\/\/hudo.com\/si\/wp-json\/wp\/v2\/categories?post=14514"},{"taxonomy":"post_tag","embeddable":true,"href":"https:\/\/hudo.com\/si\/wp-json\/wp\/v2\/tags?post=14514"},{"taxonomy":"source","embeddable":true,"href":"https:\/\/hudo.com\/si\/wp-json\/wp\/v2\/source?post=14514"},{"taxonomy":"supertag","embeddable":true,"href":"https:\/\/hudo.com\/si\/wp-json\/wp\/v2\/supertag?post=14514"}],"curies":[{"name":"wp","href":"https:\/\/api.w.org\/{rel}","templated":true}]}}