{"id":146100,"date":"2016-10-03T19:00:00","date_gmt":"2016-10-03T17:00:00","guid":{"rendered":"http:\/\/hudo.com\/si\/2016\/10\/03\/dvorca-javornik-nihce-noce\/"},"modified":"2016-10-04T11:26:40","modified_gmt":"2016-10-04T09:26:40","slug":"dvorca-javornik-nihce-noce","status":"publish","type":"post","link":"https:\/\/hudo.com\/si\/aktualno\/dvorca-javornik-nihce-noce\/","title":{"rendered":"Dvorca Javornik nih\u010de no\u010de"},"content":{"rendered":"<p>Kategorija: Slovenija Mon, 03 Oct 2016 21:00:00 +0200  Ravne na Koro\u0161kem\u00a0\u2013 Ste\u010dajna upraviteljica Darja Erceg do danes ni prejela niti ene ponudbe za nakup dvorca Javornik, ki se je zna\u0161el v ste\u010dajni masi njegovega zadnjega lastnika, in\u017eenirskega podjetja EL.EN z Raven na Koro\u0161kem. Pribli\u017eno \u010dez mesec in pol bo z zni\u017eano ceno (na prvi dra\u017ebi je zna\u0161ala 223.000 evrov) znova posku\u0161ala s prodajo. A velikega upanja, da se bo za objekt, ki je spomenik kulturne dedi\u0161\u010dine\u00a0in za ve\u010d tiso\u010d kvadratnih metrov veliko\u00a0zemlji\u0161\u010de\u00a0o njem, vendarle na\u0161la kupca, nima. Agonija dvorca, ki naj bi ga zadnji lastnik obnovil, stro\u0161ke za obnovo pa kompenziral z gradnjo ve\u010djega stanovanjskega naselja v bli\u017eini dvorca, se tako nadaljuje. Na cedilu ga je pustila tudi doma\u010da ob\u010dina, ki ga pravzaprav nikoli ni \u017eelela pod svojim okriljem, nazadnje pa je nanj\u00a0celo &#8216;pozabila&#8217; vpisati lastninsko pravico, ker kljub\u00a0&#8230;<\/p>\n","protected":false},"excerpt":{"rendered":"<p>Kategorija: Slovenija Mon, 03 Oct 2016 21:00:00 +0200  Ravne na Koro\u0161kem\u00a0\u2013 Ste\u010dajna upraviteljica Darja Erceg do danes ni prejela niti ene ponudbe za nakup dvorca Javornik, ki se je zna\u0161el v ste\u010dajni masi njegovega zadnjega lastnika, in\u017eenirskega podjetja EL.EN z Raven na Koro\u0161kem. Pribli\u017eno \u010dez mesec in pol bo z zni\u017eano ceno (na prvi dra\u017ebi je zna\u0161ala 223.000 evrov) znova posku\u0161ala s prodajo. A velikega upanja, da se bo za objekt, ki je spomenik kulturne dedi\u0161\u010dine\u00a0in za ve\u010d tiso\u010d kvadratnih metrov veliko\u00a0zemlji\u0161\u010de\u00a0o njem, vendarle na\u0161la kupca, nima. Agonija dvorca, ki naj bi ga zadnji lastnik obnovil, stro\u0161ke za obnovo pa kompenziral z gradnjo ve\u010djega stanovanjskega naselja v bli\u017eini dvorca, se tako nadaljuje. Na cedilu ga je pustila tudi doma\u010da ob\u010dina, ki ga pravzaprav nikoli ni \u017eelela pod svojim okriljem, nazadnje pa je nanj\u00a0celo &#8216;pozabila&#8217; vpisati lastninsko pravico, ker kljub\u00a0&#8230;<\/p>\n","protected":false},"author":1,"featured_media":0,"comment_status":"closed","ping_status":"closed","sticky":false,"template":"","format":"standard","meta":{"footnotes":""},"categories":[1179],"tags":[],"source":[1703],"supertag":[],"acf":[],"yoast_head":"<!-- This site is optimized with the Yoast SEO plugin v21.3 - https:\/\/yoast.com\/wordpress\/plugins\/seo\/ -->\n<title>Dvorca Javornik nih\u010de no\u010de - Hudo Slovenija<\/title>\n<meta name=\"robots\" content=\"index, follow, max-snippet:-1, max-image-preview:large, max-video-preview:-1\" \/>\n<link rel=\"canonical\" href=\"https:\/\/hudo.com\/si\/aktualno\/dvorca-javornik-nihce-noce\/\" \/>\n<meta property=\"og:locale\" content=\"sl_SI\" \/>\n<meta property=\"og:type\" content=\"article\" \/>\n<meta property=\"og:title\" content=\"Dvorca Javornik nih\u010de no\u010de - Hudo Slovenija\" \/>\n<meta property=\"og:description\" content=\"Kategorija: Slovenija Mon, 03 Oct 2016 21:00:00 +0200 Ravne na Koro\u0161kem\u00a0\u2013 Ste\u010dajna upraviteljica Darja Erceg do danes ni prejela niti ene ponudbe za nakup dvorca Javornik, ki se je zna\u0161el v ste\u010dajni masi njegovega zadnjega lastnika, in\u017eenirskega podjetja EL.EN z Raven na Koro\u0161kem. Pribli\u017eno \u010dez mesec in pol bo z zni\u017eano ceno (na prvi dra\u017ebi je zna\u0161ala 223.000 evrov) znova posku\u0161ala s prodajo. A velikega upanja, da se bo za objekt, ki je spomenik kulturne dedi\u0161\u010dine\u00a0in za ve\u010d tiso\u010d kvadratnih metrov veliko\u00a0zemlji\u0161\u010de\u00a0o njem, vendarle na\u0161la kupca, nima. Agonija dvorca, ki naj bi ga zadnji lastnik obnovil, stro\u0161ke za obnovo pa kompenziral z gradnjo ve\u010djega stanovanjskega naselja v bli\u017eini dvorca, se tako nadaljuje. Na cedilu ga je pustila tudi doma\u010da ob\u010dina, ki ga pravzaprav nikoli ni \u017eelela pod svojim okriljem, nazadnje pa je nanj\u00a0celo &#039;pozabila&#039; vpisati lastninsko pravico, ker kljub\u00a0...\" \/>\n<meta property=\"og:url\" content=\"https:\/\/hudo.com\/si\/aktualno\/dvorca-javornik-nihce-noce\/\" \/>\n<meta property=\"og:site_name\" content=\"Hudo Slovenija\" \/>\n<meta property=\"article:publisher\" content=\"https:\/\/www.facebook.com\/hudo.si\" \/>\n<meta property=\"article:published_time\" content=\"2016-10-03T17:00:00+00:00\" \/>\n<meta property=\"article:modified_time\" content=\"2016-10-04T09:26:40+00:00\" \/>\n<meta property=\"og:image\" content=\"https:\/\/hudo.com\/si\/wp-content\/uploads\/sites\/2\/2016\/10\/480x290_Sl_dopisnistvo__Delo_Foto_2.23_hires0.jpeg\" \/>\n\t<meta property=\"og:image:width\" content=\"480\" \/>\n\t<meta property=\"og:image:height\" content=\"290\" \/>\n\t<meta property=\"og:image:type\" content=\"image\/jpeg\" \/>\n<meta name=\"author\" content=\"hudo\" \/>\n<meta name=\"twitter:card\" content=\"summary_large_image\" \/>\n<meta name=\"twitter:creator\" content=\"@hudo_si\" \/>\n<meta name=\"twitter:site\" content=\"@hudo_si\" \/>\n<meta name=\"twitter:label1\" content=\"Written by\" \/>\n\t<meta name=\"twitter:data1\" content=\"hudo\" \/>\n\t<meta name=\"twitter:label2\" content=\"Est. reading time\" \/>\n\t<meta name=\"twitter:data2\" content=\"1 minuta\" \/>\n<script type=\"application\/ld+json\" class=\"yoast-schema-graph\">{\"@context\":\"https:\/\/schema.org\",\"@graph\":[{\"@type\":\"Article\",\"@id\":\"https:\/\/hudo.com\/si\/aktualno\/dvorca-javornik-nihce-noce\/#article\",\"isPartOf\":{\"@id\":\"https:\/\/hudo.com\/si\/aktualno\/dvorca-javornik-nihce-noce\/\"},\"author\":{\"name\":\"hudo\",\"@id\":\"https:\/\/hudo.com\/si\/#\/schema\/person\/601cf3379633985b20f7e50f2bb47707\"},\"headline\":\"Dvorca Javornik nih\u010de no\u010de\",\"datePublished\":\"2016-10-03T17:00:00+00:00\",\"dateModified\":\"2016-10-04T09:26:40+00:00\",\"mainEntityOfPage\":{\"@id\":\"https:\/\/hudo.com\/si\/aktualno\/dvorca-javornik-nihce-noce\/\"},\"wordCount\":164,\"publisher\":{\"@id\":\"https:\/\/hudo.com\/si\/#organization\"},\"articleSection\":[\"Aktualno\"],\"inLanguage\":\"sl-SI\"},{\"@type\":\"WebPage\",\"@id\":\"https:\/\/hudo.com\/si\/aktualno\/dvorca-javornik-nihce-noce\/\",\"url\":\"https:\/\/hudo.com\/si\/aktualno\/dvorca-javornik-nihce-noce\/\",\"name\":\"Dvorca Javornik nih\u010de no\u010de - Hudo Slovenija\",\"isPartOf\":{\"@id\":\"https:\/\/hudo.com\/si\/#website\"},\"datePublished\":\"2016-10-03T17:00:00+00:00\",\"dateModified\":\"2016-10-04T09:26:40+00:00\",\"breadcrumb\":{\"@id\":\"https:\/\/hudo.com\/si\/aktualno\/dvorca-javornik-nihce-noce\/#breadcrumb\"},\"inLanguage\":\"sl-SI\",\"potentialAction\":[{\"@type\":\"ReadAction\",\"target\":[\"https:\/\/hudo.com\/si\/aktualno\/dvorca-javornik-nihce-noce\/\"]}]},{\"@type\":\"BreadcrumbList\",\"@id\":\"https:\/\/hudo.com\/si\/aktualno\/dvorca-javornik-nihce-noce\/#breadcrumb\",\"itemListElement\":[{\"@type\":\"ListItem\",\"position\":1,\"name\":\"Home\",\"item\":\"https:\/\/hudo.com\/si\/\"},{\"@type\":\"ListItem\",\"position\":2,\"name\":\"Dvorca Javornik nih\u010de no\u010de\"}]},{\"@type\":\"WebSite\",\"@id\":\"https:\/\/hudo.com\/si\/#website\",\"url\":\"https:\/\/hudo.com\/si\/\",\"name\":\"Hudo Slovenija\",\"description\":\"Vse novice iz Slovenije in sveta\",\"publisher\":{\"@id\":\"https:\/\/hudo.com\/si\/#organization\"},\"potentialAction\":[{\"@type\":\"SearchAction\",\"target\":{\"@type\":\"EntryPoint\",\"urlTemplate\":\"https:\/\/hudo.com\/si\/?s={search_term_string}\"},\"query-input\":\"required name=search_term_string\"}],\"inLanguage\":\"sl-SI\"},{\"@type\":\"Organization\",\"@id\":\"https:\/\/hudo.com\/si\/#organization\",\"name\":\"VSN Media\",\"url\":\"https:\/\/hudo.com\/si\/\",\"logo\":{\"@type\":\"ImageObject\",\"inLanguage\":\"sl-SI\",\"@id\":\"https:\/\/hudo.com\/si\/#\/schema\/logo\/image\/\",\"url\":\"https:\/\/hudo.com\/si\/wp-content\/uploads\/sites\/2\/2021\/03\/hudo-app-2.png\",\"contentUrl\":\"https:\/\/hudo.com\/si\/wp-content\/uploads\/sites\/2\/2021\/03\/hudo-app-2.png\",\"width\":2185,\"height\":2167,\"caption\":\"VSN Media\"},\"image\":{\"@id\":\"https:\/\/hudo.com\/si\/#\/schema\/logo\/image\/\"},\"sameAs\":[\"https:\/\/www.facebook.com\/hudo.si\",\"https:\/\/twitter.com\/hudo_si\"]},{\"@type\":\"Person\",\"@id\":\"https:\/\/hudo.com\/si\/#\/schema\/person\/601cf3379633985b20f7e50f2bb47707\",\"name\":\"hudo\",\"image\":{\"@type\":\"ImageObject\",\"inLanguage\":\"sl-SI\",\"@id\":\"https:\/\/hudo.com\/si\/#\/schema\/person\/image\/\",\"url\":\"https:\/\/secure.gravatar.com\/avatar\/c4ca25fa72cace7a696b52ff5db9e095?s=96&d=mm&r=g\",\"contentUrl\":\"https:\/\/secure.gravatar.com\/avatar\/c4ca25fa72cace7a696b52ff5db9e095?s=96&d=mm&r=g\",\"caption\":\"hudo\"},\"url\":\"https:\/\/hudo.com\/si\/author\/hudo\/\"}]}<\/script>\n<!-- \/ Yoast SEO plugin. -->","yoast_head_json":{"title":"Dvorca Javornik nih\u010de no\u010de - Hudo Slovenija","robots":{"index":"index","follow":"follow","max-snippet":"max-snippet:-1","max-image-preview":"max-image-preview:large","max-video-preview":"max-video-preview:-1"},"canonical":"https:\/\/hudo.com\/si\/aktualno\/dvorca-javornik-nihce-noce\/","og_locale":"sl_SI","og_type":"article","og_title":"Dvorca Javornik nih\u010de no\u010de - Hudo Slovenija","og_description":"Kategorija: Slovenija Mon, 03 Oct 2016 21:00:00 +0200 Ravne na Koro\u0161kem\u00a0\u2013 Ste\u010dajna upraviteljica Darja Erceg do danes ni prejela niti ene ponudbe za nakup dvorca Javornik, ki se je zna\u0161el v ste\u010dajni masi njegovega zadnjega lastnika, in\u017eenirskega podjetja EL.EN z Raven na Koro\u0161kem. Pribli\u017eno \u010dez mesec in pol bo z zni\u017eano ceno (na prvi dra\u017ebi je zna\u0161ala 223.000 evrov) znova posku\u0161ala s prodajo. A velikega upanja, da se bo za objekt, ki je spomenik kulturne dedi\u0161\u010dine\u00a0in za ve\u010d tiso\u010d kvadratnih metrov veliko\u00a0zemlji\u0161\u010de\u00a0o njem, vendarle na\u0161la kupca, nima. Agonija dvorca, ki naj bi ga zadnji lastnik obnovil, stro\u0161ke za obnovo pa kompenziral z gradnjo ve\u010djega stanovanjskega naselja v bli\u017eini dvorca, se tako nadaljuje. Na cedilu ga je pustila tudi doma\u010da ob\u010dina, ki ga pravzaprav nikoli ni \u017eelela pod svojim okriljem, nazadnje pa je nanj\u00a0celo 'pozabila' vpisati lastninsko pravico, ker kljub\u00a0...","og_url":"https:\/\/hudo.com\/si\/aktualno\/dvorca-javornik-nihce-noce\/","og_site_name":"Hudo Slovenija","article_publisher":"https:\/\/www.facebook.com\/hudo.si","article_published_time":"2016-10-03T17:00:00+00:00","article_modified_time":"2016-10-04T09:26:40+00:00","og_image":[{"width":480,"height":290,"url":"https:\/\/hudo.com\/si\/wp-content\/uploads\/sites\/2\/2016\/10\/480x290_Sl_dopisnistvo__Delo_Foto_2.23_hires0.jpeg","type":"image\/jpeg"}],"author":"hudo","twitter_card":"summary_large_image","twitter_creator":"@hudo_si","twitter_site":"@hudo_si","twitter_misc":{"Written by":"hudo","Est. reading time":"1 minuta"},"schema":{"@context":"https:\/\/schema.org","@graph":[{"@type":"Article","@id":"https:\/\/hudo.com\/si\/aktualno\/dvorca-javornik-nihce-noce\/#article","isPartOf":{"@id":"https:\/\/hudo.com\/si\/aktualno\/dvorca-javornik-nihce-noce\/"},"author":{"name":"hudo","@id":"https:\/\/hudo.com\/si\/#\/schema\/person\/601cf3379633985b20f7e50f2bb47707"},"headline":"Dvorca Javornik nih\u010de no\u010de","datePublished":"2016-10-03T17:00:00+00:00","dateModified":"2016-10-04T09:26:40+00:00","mainEntityOfPage":{"@id":"https:\/\/hudo.com\/si\/aktualno\/dvorca-javornik-nihce-noce\/"},"wordCount":164,"publisher":{"@id":"https:\/\/hudo.com\/si\/#organization"},"articleSection":["Aktualno"],"inLanguage":"sl-SI"},{"@type":"WebPage","@id":"https:\/\/hudo.com\/si\/aktualno\/dvorca-javornik-nihce-noce\/","url":"https:\/\/hudo.com\/si\/aktualno\/dvorca-javornik-nihce-noce\/","name":"Dvorca Javornik nih\u010de no\u010de - Hudo Slovenija","isPartOf":{"@id":"https:\/\/hudo.com\/si\/#website"},"datePublished":"2016-10-03T17:00:00+00:00","dateModified":"2016-10-04T09:26:40+00:00","breadcrumb":{"@id":"https:\/\/hudo.com\/si\/aktualno\/dvorca-javornik-nihce-noce\/#breadcrumb"},"inLanguage":"sl-SI","potentialAction":[{"@type":"ReadAction","target":["https:\/\/hudo.com\/si\/aktualno\/dvorca-javornik-nihce-noce\/"]}]},{"@type":"BreadcrumbList","@id":"https:\/\/hudo.com\/si\/aktualno\/dvorca-javornik-nihce-noce\/#breadcrumb","itemListElement":[{"@type":"ListItem","position":1,"name":"Home","item":"https:\/\/hudo.com\/si\/"},{"@type":"ListItem","position":2,"name":"Dvorca Javornik nih\u010de no\u010de"}]},{"@type":"WebSite","@id":"https:\/\/hudo.com\/si\/#website","url":"https:\/\/hudo.com\/si\/","name":"Hudo Slovenija","description":"Vse novice iz Slovenije in sveta","publisher":{"@id":"https:\/\/hudo.com\/si\/#organization"},"potentialAction":[{"@type":"SearchAction","target":{"@type":"EntryPoint","urlTemplate":"https:\/\/hudo.com\/si\/?s={search_term_string}"},"query-input":"required name=search_term_string"}],"inLanguage":"sl-SI"},{"@type":"Organization","@id":"https:\/\/hudo.com\/si\/#organization","name":"VSN Media","url":"https:\/\/hudo.com\/si\/","logo":{"@type":"ImageObject","inLanguage":"sl-SI","@id":"https:\/\/hudo.com\/si\/#\/schema\/logo\/image\/","url":"https:\/\/hudo.com\/si\/wp-content\/uploads\/sites\/2\/2021\/03\/hudo-app-2.png","contentUrl":"https:\/\/hudo.com\/si\/wp-content\/uploads\/sites\/2\/2021\/03\/hudo-app-2.png","width":2185,"height":2167,"caption":"VSN Media"},"image":{"@id":"https:\/\/hudo.com\/si\/#\/schema\/logo\/image\/"},"sameAs":["https:\/\/www.facebook.com\/hudo.si","https:\/\/twitter.com\/hudo_si"]},{"@type":"Person","@id":"https:\/\/hudo.com\/si\/#\/schema\/person\/601cf3379633985b20f7e50f2bb47707","name":"hudo","image":{"@type":"ImageObject","inLanguage":"sl-SI","@id":"https:\/\/hudo.com\/si\/#\/schema\/person\/image\/","url":"https:\/\/secure.gravatar.com\/avatar\/c4ca25fa72cace7a696b52ff5db9e095?s=96&d=mm&r=g","contentUrl":"https:\/\/secure.gravatar.com\/avatar\/c4ca25fa72cace7a696b52ff5db9e095?s=96&d=mm&r=g","caption":"hudo"},"url":"https:\/\/hudo.com\/si\/author\/hudo\/"}]}},"amp_enabled":true,"_links":{"self":[{"href":"https:\/\/hudo.com\/si\/wp-json\/wp\/v2\/posts\/146100"}],"collection":[{"href":"https:\/\/hudo.com\/si\/wp-json\/wp\/v2\/posts"}],"about":[{"href":"https:\/\/hudo.com\/si\/wp-json\/wp\/v2\/types\/post"}],"author":[{"embeddable":true,"href":"https:\/\/hudo.com\/si\/wp-json\/wp\/v2\/users\/1"}],"replies":[{"embeddable":true,"href":"https:\/\/hudo.com\/si\/wp-json\/wp\/v2\/comments?post=146100"}],"version-history":[{"count":1,"href":"https:\/\/hudo.com\/si\/wp-json\/wp\/v2\/posts\/146100\/revisions"}],"predecessor-version":[{"id":146269,"href":"https:\/\/hudo.com\/si\/wp-json\/wp\/v2\/posts\/146100\/revisions\/146269"}],"wp:attachment":[{"href":"https:\/\/hudo.com\/si\/wp-json\/wp\/v2\/media?parent=146100"}],"wp:term":[{"taxonomy":"category","embeddable":true,"href":"https:\/\/hudo.com\/si\/wp-json\/wp\/v2\/categories?post=146100"},{"taxonomy":"post_tag","embeddable":true,"href":"https:\/\/hudo.com\/si\/wp-json\/wp\/v2\/tags?post=146100"},{"taxonomy":"source","embeddable":true,"href":"https:\/\/hudo.com\/si\/wp-json\/wp\/v2\/source?post=146100"},{"taxonomy":"supertag","embeddable":true,"href":"https:\/\/hudo.com\/si\/wp-json\/wp\/v2\/supertag?post=146100"}],"curies":[{"name":"wp","href":"https:\/\/api.w.org\/{rel}","templated":true}]}}