{"id":146254,"date":"2016-10-03T21:37:00","date_gmt":"2016-10-03T19:37:00","guid":{"rendered":"http:\/\/hudo.com\/si\/2016\/10\/03\/marina-cvetanovic-se-vraca-na-poljsko\/"},"modified":"2016-10-04T06:26:28","modified_gmt":"2016-10-04T04:26:28","slug":"marina-cvetanovic-se-vraca-na-poljsko","status":"publish","type":"post","link":"https:\/\/hudo.com\/si\/aktualno\/marina-cvetanovic-se-vraca-na-poljsko\/","title":{"rendered":"Marina Cvetanovi\u010d se vra\u010da na Poljsko"},"content":{"rendered":"<p>Kategorija: Drugi \u0161porti Mon, 03 Oct 2016 23:37:00 +0200  Ljubljana &#8211; Dov\u010deraj\u0161nja slovenska odbojkarska reprezentantka Marina Cvetanovi\u010d, ki je po nedavnih neuspe\u0161nih kvalifikacijah za evropsko prvenstvo napovedala, da bo za vedno slekla majico z dr\u017eavnim grbom, si je na\u0161la novega klubskega delodajalca. Potem ko je v minuli sezoni z izku\u0161njami pomagala mladi zasedbi dr\u017eavnega podprvaka in pokalnega zmagovalca Nove KBM Branik, se je pred prihajajo\u010do preselila na Poljsko k prvoliga\u0161u Muszyni, pri kateri si je kruh \u017ee slu\u017eila v sezoni 2013\/14. Prekaljena 30-letna in 188 centometrov visoka sprejemalka se je doslej dokazovala \u017ee v petih razli\u010dnih dr\u017eavah: v Sloveniji (Luka Koper, Nova KBM Branik, Hit Gorica), Franciji (Istres), Italiji (Pawia, Cuatto Giaveno, Forli, Libertas), Romuniji (Sttinta Bacau) in na Poljskem. Pri Muszynianki bo ena od treh tujk, ob njej bosta klubske barve branili \u0161e Srbkinji, blokerka Maja Savi\u0107 (189 centimetrov)\u00a0&#8230;<\/p>\n","protected":false},"excerpt":{"rendered":"<p>Kategorija: Drugi \u0161porti Mon, 03 Oct 2016 23:37:00 +0200  Ljubljana &#8211; Dov\u010deraj\u0161nja slovenska odbojkarska reprezentantka Marina Cvetanovi\u010d, ki je po nedavnih neuspe\u0161nih kvalifikacijah za evropsko prvenstvo napovedala, da bo za vedno slekla majico z dr\u017eavnim grbom, si je na\u0161la novega klubskega delodajalca. Potem ko je v minuli sezoni z izku\u0161njami pomagala mladi zasedbi dr\u017eavnega podprvaka in pokalnega zmagovalca Nove KBM Branik, se je pred prihajajo\u010do preselila na Poljsko k prvoliga\u0161u Muszyni, pri kateri si je kruh \u017ee slu\u017eila v sezoni 2013\/14. Prekaljena 30-letna in 188 centometrov visoka sprejemalka se je doslej dokazovala \u017ee v petih razli\u010dnih dr\u017eavah: v Sloveniji (Luka Koper, Nova KBM Branik, Hit Gorica), Franciji (Istres), Italiji (Pawia, Cuatto Giaveno, Forli, Libertas), Romuniji (Sttinta Bacau) in na Poljskem. Pri Muszynianki bo ena od treh tujk, ob njej bosta klubske barve branili \u0161e Srbkinji, blokerka Maja Savi\u0107 (189 centimetrov)\u00a0&#8230;<\/p>\n","protected":false},"author":1,"featured_media":0,"comment_status":"closed","ping_status":"closed","sticky":false,"template":"","format":"standard","meta":{"footnotes":""},"categories":[1179],"tags":[],"source":[1703],"supertag":[],"acf":[],"yoast_head":"<!-- This site is optimized with the Yoast SEO plugin v21.3 - https:\/\/yoast.com\/wordpress\/plugins\/seo\/ -->\n<title>Marina Cvetanovi\u010d se vra\u010da na Poljsko - Hudo Slovenija<\/title>\n<meta name=\"robots\" content=\"index, follow, max-snippet:-1, max-image-preview:large, max-video-preview:-1\" \/>\n<link rel=\"canonical\" href=\"https:\/\/hudo.com\/si\/aktualno\/marina-cvetanovic-se-vraca-na-poljsko\/\" \/>\n<meta property=\"og:locale\" content=\"sl_SI\" \/>\n<meta property=\"og:type\" content=\"article\" \/>\n<meta property=\"og:title\" content=\"Marina Cvetanovi\u010d se vra\u010da na Poljsko - Hudo Slovenija\" \/>\n<meta property=\"og:description\" content=\"Kategorija: Drugi \u0161porti Mon, 03 Oct 2016 23:37:00 +0200 Ljubljana - Dov\u010deraj\u0161nja slovenska odbojkarska reprezentantka Marina Cvetanovi\u010d, ki je po nedavnih neuspe\u0161nih kvalifikacijah za evropsko prvenstvo napovedala, da bo za vedno slekla majico z dr\u017eavnim grbom, si je na\u0161la novega klubskega delodajalca. Potem ko je v minuli sezoni z izku\u0161njami pomagala mladi zasedbi dr\u017eavnega podprvaka in pokalnega zmagovalca Nove KBM Branik, se je pred prihajajo\u010do preselila na Poljsko k prvoliga\u0161u Muszyni, pri kateri si je kruh \u017ee slu\u017eila v sezoni 2013\/14. Prekaljena 30-letna in 188 centometrov visoka sprejemalka se je doslej dokazovala \u017ee v petih razli\u010dnih dr\u017eavah: v Sloveniji (Luka Koper, Nova KBM Branik, Hit Gorica), Franciji (Istres), Italiji (Pawia, Cuatto Giaveno, Forli, Libertas), Romuniji (Sttinta Bacau) in na Poljskem. Pri Muszynianki bo ena od treh tujk, ob njej bosta klubske barve branili \u0161e Srbkinji, blokerka Maja Savi\u0107 (189 centimetrov)\u00a0...\" \/>\n<meta property=\"og:url\" content=\"https:\/\/hudo.com\/si\/aktualno\/marina-cvetanovic-se-vraca-na-poljsko\/\" \/>\n<meta property=\"og:site_name\" content=\"Hudo Slovenija\" \/>\n<meta property=\"article:publisher\" content=\"https:\/\/www.facebook.com\/hudo.si\" \/>\n<meta property=\"article:published_time\" content=\"2016-10-03T19:37:00+00:00\" \/>\n<meta property=\"article:modified_time\" content=\"2016-10-04T04:26:28+00:00\" \/>\n<meta property=\"og:image\" content=\"https:\/\/hudo.com\/si\/wp-content\/uploads\/sites\/2\/2016\/10\/480x290_Delo_Foto-20160505210618-40988600.jpeg\" \/>\n\t<meta property=\"og:image:width\" content=\"480\" \/>\n\t<meta property=\"og:image:height\" content=\"290\" \/>\n\t<meta property=\"og:image:type\" content=\"image\/jpeg\" \/>\n<meta name=\"author\" content=\"hudo\" \/>\n<meta name=\"twitter:card\" content=\"summary_large_image\" \/>\n<meta name=\"twitter:creator\" content=\"@hudo_si\" \/>\n<meta name=\"twitter:site\" content=\"@hudo_si\" \/>\n<meta name=\"twitter:label1\" content=\"Written by\" \/>\n\t<meta name=\"twitter:data1\" content=\"hudo\" \/>\n\t<meta name=\"twitter:label2\" content=\"Est. reading time\" \/>\n\t<meta name=\"twitter:data2\" content=\"1 minuta\" \/>\n<script type=\"application\/ld+json\" class=\"yoast-schema-graph\">{\"@context\":\"https:\/\/schema.org\",\"@graph\":[{\"@type\":\"Article\",\"@id\":\"https:\/\/hudo.com\/si\/aktualno\/marina-cvetanovic-se-vraca-na-poljsko\/#article\",\"isPartOf\":{\"@id\":\"https:\/\/hudo.com\/si\/aktualno\/marina-cvetanovic-se-vraca-na-poljsko\/\"},\"author\":{\"name\":\"hudo\",\"@id\":\"https:\/\/hudo.com\/si\/#\/schema\/person\/601cf3379633985b20f7e50f2bb47707\"},\"headline\":\"Marina Cvetanovi\u010d se vra\u010da na Poljsko\",\"datePublished\":\"2016-10-03T19:37:00+00:00\",\"dateModified\":\"2016-10-04T04:26:28+00:00\",\"mainEntityOfPage\":{\"@id\":\"https:\/\/hudo.com\/si\/aktualno\/marina-cvetanovic-se-vraca-na-poljsko\/\"},\"wordCount\":152,\"publisher\":{\"@id\":\"https:\/\/hudo.com\/si\/#organization\"},\"articleSection\":[\"Aktualno\"],\"inLanguage\":\"sl-SI\"},{\"@type\":\"WebPage\",\"@id\":\"https:\/\/hudo.com\/si\/aktualno\/marina-cvetanovic-se-vraca-na-poljsko\/\",\"url\":\"https:\/\/hudo.com\/si\/aktualno\/marina-cvetanovic-se-vraca-na-poljsko\/\",\"name\":\"Marina Cvetanovi\u010d se vra\u010da na Poljsko - Hudo Slovenija\",\"isPartOf\":{\"@id\":\"https:\/\/hudo.com\/si\/#website\"},\"datePublished\":\"2016-10-03T19:37:00+00:00\",\"dateModified\":\"2016-10-04T04:26:28+00:00\",\"breadcrumb\":{\"@id\":\"https:\/\/hudo.com\/si\/aktualno\/marina-cvetanovic-se-vraca-na-poljsko\/#breadcrumb\"},\"inLanguage\":\"sl-SI\",\"potentialAction\":[{\"@type\":\"ReadAction\",\"target\":[\"https:\/\/hudo.com\/si\/aktualno\/marina-cvetanovic-se-vraca-na-poljsko\/\"]}]},{\"@type\":\"BreadcrumbList\",\"@id\":\"https:\/\/hudo.com\/si\/aktualno\/marina-cvetanovic-se-vraca-na-poljsko\/#breadcrumb\",\"itemListElement\":[{\"@type\":\"ListItem\",\"position\":1,\"name\":\"Home\",\"item\":\"https:\/\/hudo.com\/si\/\"},{\"@type\":\"ListItem\",\"position\":2,\"name\":\"Marina Cvetanovi\u010d se vra\u010da na Poljsko\"}]},{\"@type\":\"WebSite\",\"@id\":\"https:\/\/hudo.com\/si\/#website\",\"url\":\"https:\/\/hudo.com\/si\/\",\"name\":\"Hudo Slovenija\",\"description\":\"Vse novice iz Slovenije in sveta\",\"publisher\":{\"@id\":\"https:\/\/hudo.com\/si\/#organization\"},\"potentialAction\":[{\"@type\":\"SearchAction\",\"target\":{\"@type\":\"EntryPoint\",\"urlTemplate\":\"https:\/\/hudo.com\/si\/?s={search_term_string}\"},\"query-input\":\"required name=search_term_string\"}],\"inLanguage\":\"sl-SI\"},{\"@type\":\"Organization\",\"@id\":\"https:\/\/hudo.com\/si\/#organization\",\"name\":\"VSN Media\",\"url\":\"https:\/\/hudo.com\/si\/\",\"logo\":{\"@type\":\"ImageObject\",\"inLanguage\":\"sl-SI\",\"@id\":\"https:\/\/hudo.com\/si\/#\/schema\/logo\/image\/\",\"url\":\"https:\/\/hudo.com\/si\/wp-content\/uploads\/sites\/2\/2021\/03\/hudo-app-2.png\",\"contentUrl\":\"https:\/\/hudo.com\/si\/wp-content\/uploads\/sites\/2\/2021\/03\/hudo-app-2.png\",\"width\":2185,\"height\":2167,\"caption\":\"VSN Media\"},\"image\":{\"@id\":\"https:\/\/hudo.com\/si\/#\/schema\/logo\/image\/\"},\"sameAs\":[\"https:\/\/www.facebook.com\/hudo.si\",\"https:\/\/twitter.com\/hudo_si\"]},{\"@type\":\"Person\",\"@id\":\"https:\/\/hudo.com\/si\/#\/schema\/person\/601cf3379633985b20f7e50f2bb47707\",\"name\":\"hudo\",\"image\":{\"@type\":\"ImageObject\",\"inLanguage\":\"sl-SI\",\"@id\":\"https:\/\/hudo.com\/si\/#\/schema\/person\/image\/\",\"url\":\"https:\/\/secure.gravatar.com\/avatar\/c4ca25fa72cace7a696b52ff5db9e095?s=96&d=mm&r=g\",\"contentUrl\":\"https:\/\/secure.gravatar.com\/avatar\/c4ca25fa72cace7a696b52ff5db9e095?s=96&d=mm&r=g\",\"caption\":\"hudo\"},\"url\":\"https:\/\/hudo.com\/si\/author\/hudo\/\"}]}<\/script>\n<!-- \/ Yoast SEO plugin. -->","yoast_head_json":{"title":"Marina Cvetanovi\u010d se vra\u010da na Poljsko - Hudo Slovenija","robots":{"index":"index","follow":"follow","max-snippet":"max-snippet:-1","max-image-preview":"max-image-preview:large","max-video-preview":"max-video-preview:-1"},"canonical":"https:\/\/hudo.com\/si\/aktualno\/marina-cvetanovic-se-vraca-na-poljsko\/","og_locale":"sl_SI","og_type":"article","og_title":"Marina Cvetanovi\u010d se vra\u010da na Poljsko - Hudo Slovenija","og_description":"Kategorija: Drugi \u0161porti Mon, 03 Oct 2016 23:37:00 +0200 Ljubljana - Dov\u010deraj\u0161nja slovenska odbojkarska reprezentantka Marina Cvetanovi\u010d, ki je po nedavnih neuspe\u0161nih kvalifikacijah za evropsko prvenstvo napovedala, da bo za vedno slekla majico z dr\u017eavnim grbom, si je na\u0161la novega klubskega delodajalca. Potem ko je v minuli sezoni z izku\u0161njami pomagala mladi zasedbi dr\u017eavnega podprvaka in pokalnega zmagovalca Nove KBM Branik, se je pred prihajajo\u010do preselila na Poljsko k prvoliga\u0161u Muszyni, pri kateri si je kruh \u017ee slu\u017eila v sezoni 2013\/14. Prekaljena 30-letna in 188 centometrov visoka sprejemalka se je doslej dokazovala \u017ee v petih razli\u010dnih dr\u017eavah: v Sloveniji (Luka Koper, Nova KBM Branik, Hit Gorica), Franciji (Istres), Italiji (Pawia, Cuatto Giaveno, Forli, Libertas), Romuniji (Sttinta Bacau) in na Poljskem. Pri Muszynianki bo ena od treh tujk, ob njej bosta klubske barve branili \u0161e Srbkinji, blokerka Maja Savi\u0107 (189 centimetrov)\u00a0...","og_url":"https:\/\/hudo.com\/si\/aktualno\/marina-cvetanovic-se-vraca-na-poljsko\/","og_site_name":"Hudo Slovenija","article_publisher":"https:\/\/www.facebook.com\/hudo.si","article_published_time":"2016-10-03T19:37:00+00:00","article_modified_time":"2016-10-04T04:26:28+00:00","og_image":[{"width":480,"height":290,"url":"https:\/\/hudo.com\/si\/wp-content\/uploads\/sites\/2\/2016\/10\/480x290_Delo_Foto-20160505210618-40988600.jpeg","type":"image\/jpeg"}],"author":"hudo","twitter_card":"summary_large_image","twitter_creator":"@hudo_si","twitter_site":"@hudo_si","twitter_misc":{"Written by":"hudo","Est. reading time":"1 minuta"},"schema":{"@context":"https:\/\/schema.org","@graph":[{"@type":"Article","@id":"https:\/\/hudo.com\/si\/aktualno\/marina-cvetanovic-se-vraca-na-poljsko\/#article","isPartOf":{"@id":"https:\/\/hudo.com\/si\/aktualno\/marina-cvetanovic-se-vraca-na-poljsko\/"},"author":{"name":"hudo","@id":"https:\/\/hudo.com\/si\/#\/schema\/person\/601cf3379633985b20f7e50f2bb47707"},"headline":"Marina Cvetanovi\u010d se vra\u010da na Poljsko","datePublished":"2016-10-03T19:37:00+00:00","dateModified":"2016-10-04T04:26:28+00:00","mainEntityOfPage":{"@id":"https:\/\/hudo.com\/si\/aktualno\/marina-cvetanovic-se-vraca-na-poljsko\/"},"wordCount":152,"publisher":{"@id":"https:\/\/hudo.com\/si\/#organization"},"articleSection":["Aktualno"],"inLanguage":"sl-SI"},{"@type":"WebPage","@id":"https:\/\/hudo.com\/si\/aktualno\/marina-cvetanovic-se-vraca-na-poljsko\/","url":"https:\/\/hudo.com\/si\/aktualno\/marina-cvetanovic-se-vraca-na-poljsko\/","name":"Marina Cvetanovi\u010d se vra\u010da na Poljsko - Hudo Slovenija","isPartOf":{"@id":"https:\/\/hudo.com\/si\/#website"},"datePublished":"2016-10-03T19:37:00+00:00","dateModified":"2016-10-04T04:26:28+00:00","breadcrumb":{"@id":"https:\/\/hudo.com\/si\/aktualno\/marina-cvetanovic-se-vraca-na-poljsko\/#breadcrumb"},"inLanguage":"sl-SI","potentialAction":[{"@type":"ReadAction","target":["https:\/\/hudo.com\/si\/aktualno\/marina-cvetanovic-se-vraca-na-poljsko\/"]}]},{"@type":"BreadcrumbList","@id":"https:\/\/hudo.com\/si\/aktualno\/marina-cvetanovic-se-vraca-na-poljsko\/#breadcrumb","itemListElement":[{"@type":"ListItem","position":1,"name":"Home","item":"https:\/\/hudo.com\/si\/"},{"@type":"ListItem","position":2,"name":"Marina Cvetanovi\u010d se vra\u010da na Poljsko"}]},{"@type":"WebSite","@id":"https:\/\/hudo.com\/si\/#website","url":"https:\/\/hudo.com\/si\/","name":"Hudo Slovenija","description":"Vse novice iz Slovenije in sveta","publisher":{"@id":"https:\/\/hudo.com\/si\/#organization"},"potentialAction":[{"@type":"SearchAction","target":{"@type":"EntryPoint","urlTemplate":"https:\/\/hudo.com\/si\/?s={search_term_string}"},"query-input":"required name=search_term_string"}],"inLanguage":"sl-SI"},{"@type":"Organization","@id":"https:\/\/hudo.com\/si\/#organization","name":"VSN Media","url":"https:\/\/hudo.com\/si\/","logo":{"@type":"ImageObject","inLanguage":"sl-SI","@id":"https:\/\/hudo.com\/si\/#\/schema\/logo\/image\/","url":"https:\/\/hudo.com\/si\/wp-content\/uploads\/sites\/2\/2021\/03\/hudo-app-2.png","contentUrl":"https:\/\/hudo.com\/si\/wp-content\/uploads\/sites\/2\/2021\/03\/hudo-app-2.png","width":2185,"height":2167,"caption":"VSN Media"},"image":{"@id":"https:\/\/hudo.com\/si\/#\/schema\/logo\/image\/"},"sameAs":["https:\/\/www.facebook.com\/hudo.si","https:\/\/twitter.com\/hudo_si"]},{"@type":"Person","@id":"https:\/\/hudo.com\/si\/#\/schema\/person\/601cf3379633985b20f7e50f2bb47707","name":"hudo","image":{"@type":"ImageObject","inLanguage":"sl-SI","@id":"https:\/\/hudo.com\/si\/#\/schema\/person\/image\/","url":"https:\/\/secure.gravatar.com\/avatar\/c4ca25fa72cace7a696b52ff5db9e095?s=96&d=mm&r=g","contentUrl":"https:\/\/secure.gravatar.com\/avatar\/c4ca25fa72cace7a696b52ff5db9e095?s=96&d=mm&r=g","caption":"hudo"},"url":"https:\/\/hudo.com\/si\/author\/hudo\/"}]}},"amp_enabled":true,"_links":{"self":[{"href":"https:\/\/hudo.com\/si\/wp-json\/wp\/v2\/posts\/146254"}],"collection":[{"href":"https:\/\/hudo.com\/si\/wp-json\/wp\/v2\/posts"}],"about":[{"href":"https:\/\/hudo.com\/si\/wp-json\/wp\/v2\/types\/post"}],"author":[{"embeddable":true,"href":"https:\/\/hudo.com\/si\/wp-json\/wp\/v2\/users\/1"}],"replies":[{"embeddable":true,"href":"https:\/\/hudo.com\/si\/wp-json\/wp\/v2\/comments?post=146254"}],"version-history":[{"count":1,"href":"https:\/\/hudo.com\/si\/wp-json\/wp\/v2\/posts\/146254\/revisions"}],"predecessor-version":[{"id":146328,"href":"https:\/\/hudo.com\/si\/wp-json\/wp\/v2\/posts\/146254\/revisions\/146328"}],"wp:attachment":[{"href":"https:\/\/hudo.com\/si\/wp-json\/wp\/v2\/media?parent=146254"}],"wp:term":[{"taxonomy":"category","embeddable":true,"href":"https:\/\/hudo.com\/si\/wp-json\/wp\/v2\/categories?post=146254"},{"taxonomy":"post_tag","embeddable":true,"href":"https:\/\/hudo.com\/si\/wp-json\/wp\/v2\/tags?post=146254"},{"taxonomy":"source","embeddable":true,"href":"https:\/\/hudo.com\/si\/wp-json\/wp\/v2\/source?post=146254"},{"taxonomy":"supertag","embeddable":true,"href":"https:\/\/hudo.com\/si\/wp-json\/wp\/v2\/supertag?post=146254"}],"curies":[{"name":"wp","href":"https:\/\/api.w.org\/{rel}","templated":true}]}}