{"id":146256,"date":"2016-10-03T21:00:00","date_gmt":"2016-10-03T19:00:00","guid":{"rendered":"http:\/\/hudo.com\/si\/2016\/10\/03\/samardzic-slovaki-so-ranjeni-toliko-kot-mi\/"},"modified":"2016-10-04T06:26:34","modified_gmt":"2016-10-04T04:26:34","slug":"samardzic-slovaki-so-ranjeni-toliko-kot-mi","status":"publish","type":"post","link":"https:\/\/hudo.com\/si\/aktualno\/samardzic-slovaki-so-ranjeni-toliko-kot-mi\/","title":{"rendered":"Samard\u017ei\u0107: Slovaki so ranjeni toliko kot mi"},"content":{"rendered":"<p>Kategorija: Nogomet Mon, 03 Oct 2016 23:00:00 +0200  Brdo pri Kranju &#8211; Slovenska nogometna reprezentanca se je na Brdu pri Kranju zbrala na pripravah za dvoboja kvalifikacij za svetovno prvenstvo \u010dez dve leti v Rusiji proti Slova\u0161ki (8. oktobra) in Angliji (11. oktobra) v Sto\u017eicah in \u017ee opravila prvi trening. \u0160tirinajst izbrancev selektorja Sre\u010dka Katanca je vadilo \u00bbna polno\u00ab, tisti, ki so imeli \u0161e v\u010deraj klubske obveznosti, pa le la\u017eje in lo\u010deno. Branilec kitajskega Henana Miral Samard\u017ei\u0107, ki je v domovino prispel \u017ee pred dnevi in se tudi \u017ee prilagodil na \u010dasovno razliko, poudarja, da si vsi v ekipi \u017eelijo pozitiven rezultat na obeh tekmah, da pa bo obakrat delo zelo zahtevno, saj je Angliji dvanajsta, Slova\u0161ka 28., Slovenija pa 67. reprezentanca sveta. \u00bbFavoritov v nogometu ni, vsak dvoboj je tekma zase, v vsakem mora\u0161 pokazati najve\u010d. Danes znajo\u00a0&#8230;<\/p>\n","protected":false},"excerpt":{"rendered":"<p>Kategorija: Nogomet Mon, 03 Oct 2016 23:00:00 +0200  Brdo pri Kranju &#8211; Slovenska nogometna reprezentanca se je na Brdu pri Kranju zbrala na pripravah za dvoboja kvalifikacij za svetovno prvenstvo \u010dez dve leti v Rusiji proti Slova\u0161ki (8. oktobra) in Angliji (11. oktobra) v Sto\u017eicah in \u017ee opravila prvi trening. \u0160tirinajst izbrancev selektorja Sre\u010dka Katanca je vadilo \u00bbna polno\u00ab, tisti, ki so imeli \u0161e v\u010deraj klubske obveznosti, pa le la\u017eje in lo\u010deno. Branilec kitajskega Henana Miral Samard\u017ei\u0107, ki je v domovino prispel \u017ee pred dnevi in se tudi \u017ee prilagodil na \u010dasovno razliko, poudarja, da si vsi v ekipi \u017eelijo pozitiven rezultat na obeh tekmah, da pa bo obakrat delo zelo zahtevno, saj je Angliji dvanajsta, Slova\u0161ka 28., Slovenija pa 67. reprezentanca sveta. \u00bbFavoritov v nogometu ni, vsak dvoboj je tekma zase, v vsakem mora\u0161 pokazati najve\u010d. Danes znajo\u00a0&#8230;<\/p>\n","protected":false},"author":1,"featured_media":0,"comment_status":"closed","ping_status":"closed","sticky":false,"template":"","format":"standard","meta":{"footnotes":""},"categories":[1179],"tags":[],"source":[1703],"supertag":[],"acf":[],"yoast_head":"<!-- This site is optimized with the Yoast SEO plugin v21.3 - https:\/\/yoast.com\/wordpress\/plugins\/seo\/ -->\n<title>Samard\u017ei\u0107: Slovaki so ranjeni toliko kot mi - Hudo Slovenija<\/title>\n<meta name=\"robots\" content=\"index, follow, max-snippet:-1, max-image-preview:large, max-video-preview:-1\" \/>\n<link rel=\"canonical\" href=\"https:\/\/hudo.com\/si\/aktualno\/samardzic-slovaki-so-ranjeni-toliko-kot-mi\/\" \/>\n<meta property=\"og:locale\" content=\"sl_SI\" \/>\n<meta property=\"og:type\" content=\"article\" \/>\n<meta property=\"og:title\" content=\"Samard\u017ei\u0107: Slovaki so ranjeni toliko kot mi - Hudo Slovenija\" \/>\n<meta property=\"og:description\" content=\"Kategorija: Nogomet Mon, 03 Oct 2016 23:00:00 +0200 Brdo pri Kranju - Slovenska nogometna reprezentanca se je na Brdu pri Kranju zbrala na pripravah za dvoboja kvalifikacij za svetovno prvenstvo \u010dez dve leti v Rusiji proti Slova\u0161ki (8. oktobra) in Angliji (11. oktobra) v Sto\u017eicah in \u017ee opravila prvi trening. \u0160tirinajst izbrancev selektorja Sre\u010dka Katanca je vadilo \u00bbna polno\u00ab, tisti, ki so imeli \u0161e v\u010deraj klubske obveznosti, pa le la\u017eje in lo\u010deno. Branilec kitajskega Henana Miral Samard\u017ei\u0107, ki je v domovino prispel \u017ee pred dnevi in se tudi \u017ee prilagodil na \u010dasovno razliko, poudarja, da si vsi v ekipi \u017eelijo pozitiven rezultat na obeh tekmah, da pa bo obakrat delo zelo zahtevno, saj je Angliji dvanajsta, Slova\u0161ka 28., Slovenija pa 67. reprezentanca sveta. \u00bbFavoritov v nogometu ni, vsak dvoboj je tekma zase, v vsakem mora\u0161 pokazati najve\u010d. Danes znajo\u00a0...\" \/>\n<meta property=\"og:url\" content=\"https:\/\/hudo.com\/si\/aktualno\/samardzic-slovaki-so-ranjeni-toliko-kot-mi\/\" \/>\n<meta property=\"og:site_name\" content=\"Hudo Slovenija\" \/>\n<meta property=\"article:publisher\" content=\"https:\/\/www.facebook.com\/hudo.si\" \/>\n<meta property=\"article:published_time\" content=\"2016-10-03T19:00:00+00:00\" \/>\n<meta property=\"article:modified_time\" content=\"2016-10-04T04:26:34+00:00\" \/>\n<meta property=\"og:image\" content=\"https:\/\/hudo.com\/si\/wp-content\/uploads\/sites\/2\/2016\/10\/480x290_Delo_Foto-20161003182939-24349800.jpeg\" \/>\n\t<meta property=\"og:image:width\" content=\"480\" \/>\n\t<meta property=\"og:image:height\" content=\"290\" \/>\n\t<meta property=\"og:image:type\" content=\"image\/jpeg\" \/>\n<meta name=\"author\" content=\"hudo\" \/>\n<meta name=\"twitter:card\" content=\"summary_large_image\" \/>\n<meta name=\"twitter:creator\" content=\"@hudo_si\" \/>\n<meta name=\"twitter:site\" content=\"@hudo_si\" \/>\n<meta name=\"twitter:label1\" content=\"Written by\" \/>\n\t<meta name=\"twitter:data1\" content=\"hudo\" \/>\n\t<meta name=\"twitter:label2\" content=\"Est. reading time\" \/>\n\t<meta name=\"twitter:data2\" content=\"1 minuta\" \/>\n<script type=\"application\/ld+json\" class=\"yoast-schema-graph\">{\"@context\":\"https:\/\/schema.org\",\"@graph\":[{\"@type\":\"Article\",\"@id\":\"https:\/\/hudo.com\/si\/aktualno\/samardzic-slovaki-so-ranjeni-toliko-kot-mi\/#article\",\"isPartOf\":{\"@id\":\"https:\/\/hudo.com\/si\/aktualno\/samardzic-slovaki-so-ranjeni-toliko-kot-mi\/\"},\"author\":{\"name\":\"hudo\",\"@id\":\"https:\/\/hudo.com\/si\/#\/schema\/person\/601cf3379633985b20f7e50f2bb47707\"},\"headline\":\"Samard\u017ei\u0107: Slovaki so ranjeni toliko kot mi\",\"datePublished\":\"2016-10-03T19:00:00+00:00\",\"dateModified\":\"2016-10-04T04:26:34+00:00\",\"mainEntityOfPage\":{\"@id\":\"https:\/\/hudo.com\/si\/aktualno\/samardzic-slovaki-so-ranjeni-toliko-kot-mi\/\"},\"wordCount\":147,\"publisher\":{\"@id\":\"https:\/\/hudo.com\/si\/#organization\"},\"articleSection\":[\"Aktualno\"],\"inLanguage\":\"sl-SI\"},{\"@type\":\"WebPage\",\"@id\":\"https:\/\/hudo.com\/si\/aktualno\/samardzic-slovaki-so-ranjeni-toliko-kot-mi\/\",\"url\":\"https:\/\/hudo.com\/si\/aktualno\/samardzic-slovaki-so-ranjeni-toliko-kot-mi\/\",\"name\":\"Samard\u017ei\u0107: Slovaki so ranjeni toliko kot mi - Hudo Slovenija\",\"isPartOf\":{\"@id\":\"https:\/\/hudo.com\/si\/#website\"},\"datePublished\":\"2016-10-03T19:00:00+00:00\",\"dateModified\":\"2016-10-04T04:26:34+00:00\",\"breadcrumb\":{\"@id\":\"https:\/\/hudo.com\/si\/aktualno\/samardzic-slovaki-so-ranjeni-toliko-kot-mi\/#breadcrumb\"},\"inLanguage\":\"sl-SI\",\"potentialAction\":[{\"@type\":\"ReadAction\",\"target\":[\"https:\/\/hudo.com\/si\/aktualno\/samardzic-slovaki-so-ranjeni-toliko-kot-mi\/\"]}]},{\"@type\":\"BreadcrumbList\",\"@id\":\"https:\/\/hudo.com\/si\/aktualno\/samardzic-slovaki-so-ranjeni-toliko-kot-mi\/#breadcrumb\",\"itemListElement\":[{\"@type\":\"ListItem\",\"position\":1,\"name\":\"Home\",\"item\":\"https:\/\/hudo.com\/si\/\"},{\"@type\":\"ListItem\",\"position\":2,\"name\":\"Samard\u017ei\u0107: Slovaki so ranjeni toliko kot mi\"}]},{\"@type\":\"WebSite\",\"@id\":\"https:\/\/hudo.com\/si\/#website\",\"url\":\"https:\/\/hudo.com\/si\/\",\"name\":\"Hudo Slovenija\",\"description\":\"Vse novice iz Slovenije in sveta\",\"publisher\":{\"@id\":\"https:\/\/hudo.com\/si\/#organization\"},\"potentialAction\":[{\"@type\":\"SearchAction\",\"target\":{\"@type\":\"EntryPoint\",\"urlTemplate\":\"https:\/\/hudo.com\/si\/?s={search_term_string}\"},\"query-input\":\"required name=search_term_string\"}],\"inLanguage\":\"sl-SI\"},{\"@type\":\"Organization\",\"@id\":\"https:\/\/hudo.com\/si\/#organization\",\"name\":\"VSN Media\",\"url\":\"https:\/\/hudo.com\/si\/\",\"logo\":{\"@type\":\"ImageObject\",\"inLanguage\":\"sl-SI\",\"@id\":\"https:\/\/hudo.com\/si\/#\/schema\/logo\/image\/\",\"url\":\"https:\/\/hudo.com\/si\/wp-content\/uploads\/sites\/2\/2021\/03\/hudo-app-2.png\",\"contentUrl\":\"https:\/\/hudo.com\/si\/wp-content\/uploads\/sites\/2\/2021\/03\/hudo-app-2.png\",\"width\":2185,\"height\":2167,\"caption\":\"VSN Media\"},\"image\":{\"@id\":\"https:\/\/hudo.com\/si\/#\/schema\/logo\/image\/\"},\"sameAs\":[\"https:\/\/www.facebook.com\/hudo.si\",\"https:\/\/twitter.com\/hudo_si\"]},{\"@type\":\"Person\",\"@id\":\"https:\/\/hudo.com\/si\/#\/schema\/person\/601cf3379633985b20f7e50f2bb47707\",\"name\":\"hudo\",\"image\":{\"@type\":\"ImageObject\",\"inLanguage\":\"sl-SI\",\"@id\":\"https:\/\/hudo.com\/si\/#\/schema\/person\/image\/\",\"url\":\"https:\/\/secure.gravatar.com\/avatar\/c4ca25fa72cace7a696b52ff5db9e095?s=96&d=mm&r=g\",\"contentUrl\":\"https:\/\/secure.gravatar.com\/avatar\/c4ca25fa72cace7a696b52ff5db9e095?s=96&d=mm&r=g\",\"caption\":\"hudo\"},\"url\":\"https:\/\/hudo.com\/si\/author\/hudo\/\"}]}<\/script>\n<!-- \/ Yoast SEO plugin. -->","yoast_head_json":{"title":"Samard\u017ei\u0107: Slovaki so ranjeni toliko kot mi - Hudo Slovenija","robots":{"index":"index","follow":"follow","max-snippet":"max-snippet:-1","max-image-preview":"max-image-preview:large","max-video-preview":"max-video-preview:-1"},"canonical":"https:\/\/hudo.com\/si\/aktualno\/samardzic-slovaki-so-ranjeni-toliko-kot-mi\/","og_locale":"sl_SI","og_type":"article","og_title":"Samard\u017ei\u0107: Slovaki so ranjeni toliko kot mi - Hudo Slovenija","og_description":"Kategorija: Nogomet Mon, 03 Oct 2016 23:00:00 +0200 Brdo pri Kranju - Slovenska nogometna reprezentanca se je na Brdu pri Kranju zbrala na pripravah za dvoboja kvalifikacij za svetovno prvenstvo \u010dez dve leti v Rusiji proti Slova\u0161ki (8. oktobra) in Angliji (11. oktobra) v Sto\u017eicah in \u017ee opravila prvi trening. \u0160tirinajst izbrancev selektorja Sre\u010dka Katanca je vadilo \u00bbna polno\u00ab, tisti, ki so imeli \u0161e v\u010deraj klubske obveznosti, pa le la\u017eje in lo\u010deno. Branilec kitajskega Henana Miral Samard\u017ei\u0107, ki je v domovino prispel \u017ee pred dnevi in se tudi \u017ee prilagodil na \u010dasovno razliko, poudarja, da si vsi v ekipi \u017eelijo pozitiven rezultat na obeh tekmah, da pa bo obakrat delo zelo zahtevno, saj je Angliji dvanajsta, Slova\u0161ka 28., Slovenija pa 67. reprezentanca sveta. \u00bbFavoritov v nogometu ni, vsak dvoboj je tekma zase, v vsakem mora\u0161 pokazati najve\u010d. Danes znajo\u00a0...","og_url":"https:\/\/hudo.com\/si\/aktualno\/samardzic-slovaki-so-ranjeni-toliko-kot-mi\/","og_site_name":"Hudo Slovenija","article_publisher":"https:\/\/www.facebook.com\/hudo.si","article_published_time":"2016-10-03T19:00:00+00:00","article_modified_time":"2016-10-04T04:26:34+00:00","og_image":[{"width":480,"height":290,"url":"https:\/\/hudo.com\/si\/wp-content\/uploads\/sites\/2\/2016\/10\/480x290_Delo_Foto-20161003182939-24349800.jpeg","type":"image\/jpeg"}],"author":"hudo","twitter_card":"summary_large_image","twitter_creator":"@hudo_si","twitter_site":"@hudo_si","twitter_misc":{"Written by":"hudo","Est. reading time":"1 minuta"},"schema":{"@context":"https:\/\/schema.org","@graph":[{"@type":"Article","@id":"https:\/\/hudo.com\/si\/aktualno\/samardzic-slovaki-so-ranjeni-toliko-kot-mi\/#article","isPartOf":{"@id":"https:\/\/hudo.com\/si\/aktualno\/samardzic-slovaki-so-ranjeni-toliko-kot-mi\/"},"author":{"name":"hudo","@id":"https:\/\/hudo.com\/si\/#\/schema\/person\/601cf3379633985b20f7e50f2bb47707"},"headline":"Samard\u017ei\u0107: Slovaki so ranjeni toliko kot mi","datePublished":"2016-10-03T19:00:00+00:00","dateModified":"2016-10-04T04:26:34+00:00","mainEntityOfPage":{"@id":"https:\/\/hudo.com\/si\/aktualno\/samardzic-slovaki-so-ranjeni-toliko-kot-mi\/"},"wordCount":147,"publisher":{"@id":"https:\/\/hudo.com\/si\/#organization"},"articleSection":["Aktualno"],"inLanguage":"sl-SI"},{"@type":"WebPage","@id":"https:\/\/hudo.com\/si\/aktualno\/samardzic-slovaki-so-ranjeni-toliko-kot-mi\/","url":"https:\/\/hudo.com\/si\/aktualno\/samardzic-slovaki-so-ranjeni-toliko-kot-mi\/","name":"Samard\u017ei\u0107: Slovaki so ranjeni toliko kot mi - Hudo Slovenija","isPartOf":{"@id":"https:\/\/hudo.com\/si\/#website"},"datePublished":"2016-10-03T19:00:00+00:00","dateModified":"2016-10-04T04:26:34+00:00","breadcrumb":{"@id":"https:\/\/hudo.com\/si\/aktualno\/samardzic-slovaki-so-ranjeni-toliko-kot-mi\/#breadcrumb"},"inLanguage":"sl-SI","potentialAction":[{"@type":"ReadAction","target":["https:\/\/hudo.com\/si\/aktualno\/samardzic-slovaki-so-ranjeni-toliko-kot-mi\/"]}]},{"@type":"BreadcrumbList","@id":"https:\/\/hudo.com\/si\/aktualno\/samardzic-slovaki-so-ranjeni-toliko-kot-mi\/#breadcrumb","itemListElement":[{"@type":"ListItem","position":1,"name":"Home","item":"https:\/\/hudo.com\/si\/"},{"@type":"ListItem","position":2,"name":"Samard\u017ei\u0107: Slovaki so ranjeni toliko kot mi"}]},{"@type":"WebSite","@id":"https:\/\/hudo.com\/si\/#website","url":"https:\/\/hudo.com\/si\/","name":"Hudo Slovenija","description":"Vse novice iz Slovenije in sveta","publisher":{"@id":"https:\/\/hudo.com\/si\/#organization"},"potentialAction":[{"@type":"SearchAction","target":{"@type":"EntryPoint","urlTemplate":"https:\/\/hudo.com\/si\/?s={search_term_string}"},"query-input":"required name=search_term_string"}],"inLanguage":"sl-SI"},{"@type":"Organization","@id":"https:\/\/hudo.com\/si\/#organization","name":"VSN Media","url":"https:\/\/hudo.com\/si\/","logo":{"@type":"ImageObject","inLanguage":"sl-SI","@id":"https:\/\/hudo.com\/si\/#\/schema\/logo\/image\/","url":"https:\/\/hudo.com\/si\/wp-content\/uploads\/sites\/2\/2021\/03\/hudo-app-2.png","contentUrl":"https:\/\/hudo.com\/si\/wp-content\/uploads\/sites\/2\/2021\/03\/hudo-app-2.png","width":2185,"height":2167,"caption":"VSN Media"},"image":{"@id":"https:\/\/hudo.com\/si\/#\/schema\/logo\/image\/"},"sameAs":["https:\/\/www.facebook.com\/hudo.si","https:\/\/twitter.com\/hudo_si"]},{"@type":"Person","@id":"https:\/\/hudo.com\/si\/#\/schema\/person\/601cf3379633985b20f7e50f2bb47707","name":"hudo","image":{"@type":"ImageObject","inLanguage":"sl-SI","@id":"https:\/\/hudo.com\/si\/#\/schema\/person\/image\/","url":"https:\/\/secure.gravatar.com\/avatar\/c4ca25fa72cace7a696b52ff5db9e095?s=96&d=mm&r=g","contentUrl":"https:\/\/secure.gravatar.com\/avatar\/c4ca25fa72cace7a696b52ff5db9e095?s=96&d=mm&r=g","caption":"hudo"},"url":"https:\/\/hudo.com\/si\/author\/hudo\/"}]}},"amp_enabled":true,"_links":{"self":[{"href":"https:\/\/hudo.com\/si\/wp-json\/wp\/v2\/posts\/146256"}],"collection":[{"href":"https:\/\/hudo.com\/si\/wp-json\/wp\/v2\/posts"}],"about":[{"href":"https:\/\/hudo.com\/si\/wp-json\/wp\/v2\/types\/post"}],"author":[{"embeddable":true,"href":"https:\/\/hudo.com\/si\/wp-json\/wp\/v2\/users\/1"}],"replies":[{"embeddable":true,"href":"https:\/\/hudo.com\/si\/wp-json\/wp\/v2\/comments?post=146256"}],"version-history":[{"count":1,"href":"https:\/\/hudo.com\/si\/wp-json\/wp\/v2\/posts\/146256\/revisions"}],"predecessor-version":[{"id":146329,"href":"https:\/\/hudo.com\/si\/wp-json\/wp\/v2\/posts\/146256\/revisions\/146329"}],"wp:attachment":[{"href":"https:\/\/hudo.com\/si\/wp-json\/wp\/v2\/media?parent=146256"}],"wp:term":[{"taxonomy":"category","embeddable":true,"href":"https:\/\/hudo.com\/si\/wp-json\/wp\/v2\/categories?post=146256"},{"taxonomy":"post_tag","embeddable":true,"href":"https:\/\/hudo.com\/si\/wp-json\/wp\/v2\/tags?post=146256"},{"taxonomy":"source","embeddable":true,"href":"https:\/\/hudo.com\/si\/wp-json\/wp\/v2\/source?post=146256"},{"taxonomy":"supertag","embeddable":true,"href":"https:\/\/hudo.com\/si\/wp-json\/wp\/v2\/supertag?post=146256"}],"curies":[{"name":"wp","href":"https:\/\/api.w.org\/{rel}","templated":true}]}}