{"id":146262,"date":"2016-10-03T20:11:00","date_gmt":"2016-10-03T18:11:00","guid":{"rendered":"http:\/\/hudo.com\/si\/2016\/10\/03\/sibila-ze-bivsi-vsaj-zacasno-sef-plaskan\/"},"modified":"2016-10-04T06:26:47","modified_gmt":"2016-10-04T04:26:47","slug":"sibila-ze-bivsi-vsaj-zacasno-sef-plaskan","status":"publish","type":"post","link":"https:\/\/hudo.com\/si\/aktualno\/sibila-ze-bivsi-vsaj-zacasno-sef-plaskan\/","title":{"rendered":"\u0160ibila \u017ee biv\u0161i, vsaj za\u010dasno \u0161ef Plaskan"},"content":{"rendered":"<p>Kategorija: Rokomet Mon, 03 Oct 2016 22:11:00 +0200  Velenje \u2013 \u00bbNe z vro\u010do glavo, temve\u010d s treso\u010do se roko se bomo odlo\u010dali o morebitnih spremembah v na\u0161em klubu,\u00ab je \u0161e pred kratkim, po porazu v Zagrebu v ligi SEHA, zatrjeval direktor rokometa\u0161ev Gorenja Matej Avanzo. Po podobni bledi predstavi v Skopju se je njegova treso\u010da roka podpisala pod odpoved Marku \u0160ibili. To je \u017ee tretja trenerska zamenjava v Rde\u010di dvorani, odkar so v klubu kljub osvojitvi dveh naslovov dr\u017eavnega prvaka pred sezono 2013\/14 odslovili zdaj\u0161njega stratega v Celju Pivovarni La\u0161ko, Branka Tam\u0161eta. \u0160ibila se tako kot njegova predhodnika Gregor Cviji\u010d in Ivan Vajdl poslavlja brez lovorike in tudi brez zmage proti glavnim tekmecem iz Celja. Na za\u010detku sezone se mu na turnirju v Pre\u0161ovu tudi ni uspelo prebiti v ligo prvakov.\u0160ibila, 54-letni Maribor\u010dan, je na klopi zdr\u017eal manj\u00a0&#8230;<\/p>\n","protected":false},"excerpt":{"rendered":"<p>Kategorija: Rokomet Mon, 03 Oct 2016 22:11:00 +0200  Velenje \u2013 \u00bbNe z vro\u010do glavo, temve\u010d s treso\u010do se roko se bomo odlo\u010dali o morebitnih spremembah v na\u0161em klubu,\u00ab je \u0161e pred kratkim, po porazu v Zagrebu v ligi SEHA, zatrjeval direktor rokometa\u0161ev Gorenja Matej Avanzo. Po podobni bledi predstavi v Skopju se je njegova treso\u010da roka podpisala pod odpoved Marku \u0160ibili. To je \u017ee tretja trenerska zamenjava v Rde\u010di dvorani, odkar so v klubu kljub osvojitvi dveh naslovov dr\u017eavnega prvaka pred sezono 2013\/14 odslovili zdaj\u0161njega stratega v Celju Pivovarni La\u0161ko, Branka Tam\u0161eta. \u0160ibila se tako kot njegova predhodnika Gregor Cviji\u010d in Ivan Vajdl poslavlja brez lovorike in tudi brez zmage proti glavnim tekmecem iz Celja. Na za\u010detku sezone se mu na turnirju v Pre\u0161ovu tudi ni uspelo prebiti v ligo prvakov.\u0160ibila, 54-letni Maribor\u010dan, je na klopi zdr\u017eal manj\u00a0&#8230;<\/p>\n","protected":false},"author":1,"featured_media":0,"comment_status":"closed","ping_status":"closed","sticky":false,"template":"","format":"standard","meta":{"footnotes":""},"categories":[1179],"tags":[],"source":[1703],"supertag":[],"acf":[],"yoast_head":"<!-- This site is optimized with the Yoast SEO plugin v21.3 - https:\/\/yoast.com\/wordpress\/plugins\/seo\/ -->\n<title>\u0160ibila \u017ee biv\u0161i, vsaj za\u010dasno \u0161ef Plaskan - Hudo Slovenija<\/title>\n<meta name=\"robots\" content=\"index, follow, max-snippet:-1, max-image-preview:large, max-video-preview:-1\" \/>\n<link rel=\"canonical\" href=\"https:\/\/hudo.com\/si\/aktualno\/sibila-ze-bivsi-vsaj-zacasno-sef-plaskan\/\" \/>\n<meta property=\"og:locale\" content=\"sl_SI\" \/>\n<meta property=\"og:type\" content=\"article\" \/>\n<meta property=\"og:title\" content=\"\u0160ibila \u017ee biv\u0161i, vsaj za\u010dasno \u0161ef Plaskan - Hudo Slovenija\" \/>\n<meta property=\"og:description\" content=\"Kategorija: Rokomet Mon, 03 Oct 2016 22:11:00 +0200 Velenje \u2013 \u00bbNe z vro\u010do glavo, temve\u010d s treso\u010do se roko se bomo odlo\u010dali o morebitnih spremembah v na\u0161em klubu,\u00ab je \u0161e pred kratkim, po porazu v Zagrebu v ligi SEHA, zatrjeval direktor rokometa\u0161ev Gorenja Matej Avanzo. Po podobni bledi predstavi v Skopju se je njegova treso\u010da roka podpisala pod odpoved Marku \u0160ibili. To je \u017ee tretja trenerska zamenjava v Rde\u010di dvorani, odkar so v klubu kljub osvojitvi dveh naslovov dr\u017eavnega prvaka pred sezono 2013\/14 odslovili zdaj\u0161njega stratega v Celju Pivovarni La\u0161ko, Branka Tam\u0161eta. \u0160ibila se tako kot njegova predhodnika Gregor Cviji\u010d in Ivan Vajdl poslavlja brez lovorike in tudi brez zmage proti glavnim tekmecem iz Celja. Na za\u010detku sezone se mu na turnirju v Pre\u0161ovu tudi ni uspelo prebiti v ligo prvakov.\u0160ibila, 54-letni Maribor\u010dan, je na klopi zdr\u017eal manj\u00a0...\" \/>\n<meta property=\"og:url\" content=\"https:\/\/hudo.com\/si\/aktualno\/sibila-ze-bivsi-vsaj-zacasno-sef-plaskan\/\" \/>\n<meta property=\"og:site_name\" content=\"Hudo Slovenija\" \/>\n<meta property=\"article:publisher\" content=\"https:\/\/www.facebook.com\/hudo.si\" \/>\n<meta property=\"article:published_time\" content=\"2016-10-03T18:11:00+00:00\" \/>\n<meta property=\"article:modified_time\" content=\"2016-10-04T04:26:47+00:00\" \/>\n<meta property=\"og:image\" content=\"https:\/\/hudo.com\/si\/wp-content\/uploads\/sites\/2\/2016\/10\/480x290_Sport__djvu_2331942_zalokar_hires0.jpeg\" \/>\n\t<meta property=\"og:image:width\" content=\"480\" \/>\n\t<meta property=\"og:image:height\" content=\"290\" \/>\n\t<meta property=\"og:image:type\" content=\"image\/jpeg\" \/>\n<meta name=\"author\" content=\"hudo\" \/>\n<meta name=\"twitter:card\" content=\"summary_large_image\" \/>\n<meta name=\"twitter:creator\" content=\"@hudo_si\" \/>\n<meta name=\"twitter:site\" content=\"@hudo_si\" \/>\n<meta name=\"twitter:label1\" content=\"Written by\" \/>\n\t<meta name=\"twitter:data1\" content=\"hudo\" \/>\n\t<meta name=\"twitter:label2\" content=\"Est. reading time\" \/>\n\t<meta name=\"twitter:data2\" content=\"1 minuta\" \/>\n<script type=\"application\/ld+json\" class=\"yoast-schema-graph\">{\"@context\":\"https:\/\/schema.org\",\"@graph\":[{\"@type\":\"Article\",\"@id\":\"https:\/\/hudo.com\/si\/aktualno\/sibila-ze-bivsi-vsaj-zacasno-sef-plaskan\/#article\",\"isPartOf\":{\"@id\":\"https:\/\/hudo.com\/si\/aktualno\/sibila-ze-bivsi-vsaj-zacasno-sef-plaskan\/\"},\"author\":{\"name\":\"hudo\",\"@id\":\"https:\/\/hudo.com\/si\/#\/schema\/person\/601cf3379633985b20f7e50f2bb47707\"},\"headline\":\"\u0160ibila \u017ee biv\u0161i, vsaj za\u010dasno \u0161ef Plaskan\",\"datePublished\":\"2016-10-03T18:11:00+00:00\",\"dateModified\":\"2016-10-04T04:26:47+00:00\",\"mainEntityOfPage\":{\"@id\":\"https:\/\/hudo.com\/si\/aktualno\/sibila-ze-bivsi-vsaj-zacasno-sef-plaskan\/\"},\"wordCount\":157,\"publisher\":{\"@id\":\"https:\/\/hudo.com\/si\/#organization\"},\"articleSection\":[\"Aktualno\"],\"inLanguage\":\"sl-SI\"},{\"@type\":\"WebPage\",\"@id\":\"https:\/\/hudo.com\/si\/aktualno\/sibila-ze-bivsi-vsaj-zacasno-sef-plaskan\/\",\"url\":\"https:\/\/hudo.com\/si\/aktualno\/sibila-ze-bivsi-vsaj-zacasno-sef-plaskan\/\",\"name\":\"\u0160ibila \u017ee biv\u0161i, vsaj za\u010dasno \u0161ef Plaskan - Hudo Slovenija\",\"isPartOf\":{\"@id\":\"https:\/\/hudo.com\/si\/#website\"},\"datePublished\":\"2016-10-03T18:11:00+00:00\",\"dateModified\":\"2016-10-04T04:26:47+00:00\",\"breadcrumb\":{\"@id\":\"https:\/\/hudo.com\/si\/aktualno\/sibila-ze-bivsi-vsaj-zacasno-sef-plaskan\/#breadcrumb\"},\"inLanguage\":\"sl-SI\",\"potentialAction\":[{\"@type\":\"ReadAction\",\"target\":[\"https:\/\/hudo.com\/si\/aktualno\/sibila-ze-bivsi-vsaj-zacasno-sef-plaskan\/\"]}]},{\"@type\":\"BreadcrumbList\",\"@id\":\"https:\/\/hudo.com\/si\/aktualno\/sibila-ze-bivsi-vsaj-zacasno-sef-plaskan\/#breadcrumb\",\"itemListElement\":[{\"@type\":\"ListItem\",\"position\":1,\"name\":\"Home\",\"item\":\"https:\/\/hudo.com\/si\/\"},{\"@type\":\"ListItem\",\"position\":2,\"name\":\"\u0160ibila \u017ee biv\u0161i, vsaj za\u010dasno \u0161ef Plaskan\"}]},{\"@type\":\"WebSite\",\"@id\":\"https:\/\/hudo.com\/si\/#website\",\"url\":\"https:\/\/hudo.com\/si\/\",\"name\":\"Hudo Slovenija\",\"description\":\"Vse novice iz Slovenije in sveta\",\"publisher\":{\"@id\":\"https:\/\/hudo.com\/si\/#organization\"},\"potentialAction\":[{\"@type\":\"SearchAction\",\"target\":{\"@type\":\"EntryPoint\",\"urlTemplate\":\"https:\/\/hudo.com\/si\/?s={search_term_string}\"},\"query-input\":\"required name=search_term_string\"}],\"inLanguage\":\"sl-SI\"},{\"@type\":\"Organization\",\"@id\":\"https:\/\/hudo.com\/si\/#organization\",\"name\":\"VSN Media\",\"url\":\"https:\/\/hudo.com\/si\/\",\"logo\":{\"@type\":\"ImageObject\",\"inLanguage\":\"sl-SI\",\"@id\":\"https:\/\/hudo.com\/si\/#\/schema\/logo\/image\/\",\"url\":\"https:\/\/hudo.com\/si\/wp-content\/uploads\/sites\/2\/2021\/03\/hudo-app-2.png\",\"contentUrl\":\"https:\/\/hudo.com\/si\/wp-content\/uploads\/sites\/2\/2021\/03\/hudo-app-2.png\",\"width\":2185,\"height\":2167,\"caption\":\"VSN Media\"},\"image\":{\"@id\":\"https:\/\/hudo.com\/si\/#\/schema\/logo\/image\/\"},\"sameAs\":[\"https:\/\/www.facebook.com\/hudo.si\",\"https:\/\/twitter.com\/hudo_si\"]},{\"@type\":\"Person\",\"@id\":\"https:\/\/hudo.com\/si\/#\/schema\/person\/601cf3379633985b20f7e50f2bb47707\",\"name\":\"hudo\",\"image\":{\"@type\":\"ImageObject\",\"inLanguage\":\"sl-SI\",\"@id\":\"https:\/\/hudo.com\/si\/#\/schema\/person\/image\/\",\"url\":\"https:\/\/secure.gravatar.com\/avatar\/c4ca25fa72cace7a696b52ff5db9e095?s=96&d=mm&r=g\",\"contentUrl\":\"https:\/\/secure.gravatar.com\/avatar\/c4ca25fa72cace7a696b52ff5db9e095?s=96&d=mm&r=g\",\"caption\":\"hudo\"},\"url\":\"https:\/\/hudo.com\/si\/author\/hudo\/\"}]}<\/script>\n<!-- \/ Yoast SEO plugin. -->","yoast_head_json":{"title":"\u0160ibila \u017ee biv\u0161i, vsaj za\u010dasno \u0161ef Plaskan - Hudo Slovenija","robots":{"index":"index","follow":"follow","max-snippet":"max-snippet:-1","max-image-preview":"max-image-preview:large","max-video-preview":"max-video-preview:-1"},"canonical":"https:\/\/hudo.com\/si\/aktualno\/sibila-ze-bivsi-vsaj-zacasno-sef-plaskan\/","og_locale":"sl_SI","og_type":"article","og_title":"\u0160ibila \u017ee biv\u0161i, vsaj za\u010dasno \u0161ef Plaskan - Hudo Slovenija","og_description":"Kategorija: Rokomet Mon, 03 Oct 2016 22:11:00 +0200 Velenje \u2013 \u00bbNe z vro\u010do glavo, temve\u010d s treso\u010do se roko se bomo odlo\u010dali o morebitnih spremembah v na\u0161em klubu,\u00ab je \u0161e pred kratkim, po porazu v Zagrebu v ligi SEHA, zatrjeval direktor rokometa\u0161ev Gorenja Matej Avanzo. Po podobni bledi predstavi v Skopju se je njegova treso\u010da roka podpisala pod odpoved Marku \u0160ibili. To je \u017ee tretja trenerska zamenjava v Rde\u010di dvorani, odkar so v klubu kljub osvojitvi dveh naslovov dr\u017eavnega prvaka pred sezono 2013\/14 odslovili zdaj\u0161njega stratega v Celju Pivovarni La\u0161ko, Branka Tam\u0161eta. \u0160ibila se tako kot njegova predhodnika Gregor Cviji\u010d in Ivan Vajdl poslavlja brez lovorike in tudi brez zmage proti glavnim tekmecem iz Celja. Na za\u010detku sezone se mu na turnirju v Pre\u0161ovu tudi ni uspelo prebiti v ligo prvakov.\u0160ibila, 54-letni Maribor\u010dan, je na klopi zdr\u017eal manj\u00a0...","og_url":"https:\/\/hudo.com\/si\/aktualno\/sibila-ze-bivsi-vsaj-zacasno-sef-plaskan\/","og_site_name":"Hudo Slovenija","article_publisher":"https:\/\/www.facebook.com\/hudo.si","article_published_time":"2016-10-03T18:11:00+00:00","article_modified_time":"2016-10-04T04:26:47+00:00","og_image":[{"width":480,"height":290,"url":"https:\/\/hudo.com\/si\/wp-content\/uploads\/sites\/2\/2016\/10\/480x290_Sport__djvu_2331942_zalokar_hires0.jpeg","type":"image\/jpeg"}],"author":"hudo","twitter_card":"summary_large_image","twitter_creator":"@hudo_si","twitter_site":"@hudo_si","twitter_misc":{"Written by":"hudo","Est. reading time":"1 minuta"},"schema":{"@context":"https:\/\/schema.org","@graph":[{"@type":"Article","@id":"https:\/\/hudo.com\/si\/aktualno\/sibila-ze-bivsi-vsaj-zacasno-sef-plaskan\/#article","isPartOf":{"@id":"https:\/\/hudo.com\/si\/aktualno\/sibila-ze-bivsi-vsaj-zacasno-sef-plaskan\/"},"author":{"name":"hudo","@id":"https:\/\/hudo.com\/si\/#\/schema\/person\/601cf3379633985b20f7e50f2bb47707"},"headline":"\u0160ibila \u017ee biv\u0161i, vsaj za\u010dasno \u0161ef Plaskan","datePublished":"2016-10-03T18:11:00+00:00","dateModified":"2016-10-04T04:26:47+00:00","mainEntityOfPage":{"@id":"https:\/\/hudo.com\/si\/aktualno\/sibila-ze-bivsi-vsaj-zacasno-sef-plaskan\/"},"wordCount":157,"publisher":{"@id":"https:\/\/hudo.com\/si\/#organization"},"articleSection":["Aktualno"],"inLanguage":"sl-SI"},{"@type":"WebPage","@id":"https:\/\/hudo.com\/si\/aktualno\/sibila-ze-bivsi-vsaj-zacasno-sef-plaskan\/","url":"https:\/\/hudo.com\/si\/aktualno\/sibila-ze-bivsi-vsaj-zacasno-sef-plaskan\/","name":"\u0160ibila \u017ee biv\u0161i, vsaj za\u010dasno \u0161ef Plaskan - Hudo Slovenija","isPartOf":{"@id":"https:\/\/hudo.com\/si\/#website"},"datePublished":"2016-10-03T18:11:00+00:00","dateModified":"2016-10-04T04:26:47+00:00","breadcrumb":{"@id":"https:\/\/hudo.com\/si\/aktualno\/sibila-ze-bivsi-vsaj-zacasno-sef-plaskan\/#breadcrumb"},"inLanguage":"sl-SI","potentialAction":[{"@type":"ReadAction","target":["https:\/\/hudo.com\/si\/aktualno\/sibila-ze-bivsi-vsaj-zacasno-sef-plaskan\/"]}]},{"@type":"BreadcrumbList","@id":"https:\/\/hudo.com\/si\/aktualno\/sibila-ze-bivsi-vsaj-zacasno-sef-plaskan\/#breadcrumb","itemListElement":[{"@type":"ListItem","position":1,"name":"Home","item":"https:\/\/hudo.com\/si\/"},{"@type":"ListItem","position":2,"name":"\u0160ibila \u017ee biv\u0161i, vsaj za\u010dasno \u0161ef Plaskan"}]},{"@type":"WebSite","@id":"https:\/\/hudo.com\/si\/#website","url":"https:\/\/hudo.com\/si\/","name":"Hudo Slovenija","description":"Vse novice iz Slovenije in sveta","publisher":{"@id":"https:\/\/hudo.com\/si\/#organization"},"potentialAction":[{"@type":"SearchAction","target":{"@type":"EntryPoint","urlTemplate":"https:\/\/hudo.com\/si\/?s={search_term_string}"},"query-input":"required name=search_term_string"}],"inLanguage":"sl-SI"},{"@type":"Organization","@id":"https:\/\/hudo.com\/si\/#organization","name":"VSN Media","url":"https:\/\/hudo.com\/si\/","logo":{"@type":"ImageObject","inLanguage":"sl-SI","@id":"https:\/\/hudo.com\/si\/#\/schema\/logo\/image\/","url":"https:\/\/hudo.com\/si\/wp-content\/uploads\/sites\/2\/2021\/03\/hudo-app-2.png","contentUrl":"https:\/\/hudo.com\/si\/wp-content\/uploads\/sites\/2\/2021\/03\/hudo-app-2.png","width":2185,"height":2167,"caption":"VSN Media"},"image":{"@id":"https:\/\/hudo.com\/si\/#\/schema\/logo\/image\/"},"sameAs":["https:\/\/www.facebook.com\/hudo.si","https:\/\/twitter.com\/hudo_si"]},{"@type":"Person","@id":"https:\/\/hudo.com\/si\/#\/schema\/person\/601cf3379633985b20f7e50f2bb47707","name":"hudo","image":{"@type":"ImageObject","inLanguage":"sl-SI","@id":"https:\/\/hudo.com\/si\/#\/schema\/person\/image\/","url":"https:\/\/secure.gravatar.com\/avatar\/c4ca25fa72cace7a696b52ff5db9e095?s=96&d=mm&r=g","contentUrl":"https:\/\/secure.gravatar.com\/avatar\/c4ca25fa72cace7a696b52ff5db9e095?s=96&d=mm&r=g","caption":"hudo"},"url":"https:\/\/hudo.com\/si\/author\/hudo\/"}]}},"amp_enabled":true,"_links":{"self":[{"href":"https:\/\/hudo.com\/si\/wp-json\/wp\/v2\/posts\/146262"}],"collection":[{"href":"https:\/\/hudo.com\/si\/wp-json\/wp\/v2\/posts"}],"about":[{"href":"https:\/\/hudo.com\/si\/wp-json\/wp\/v2\/types\/post"}],"author":[{"embeddable":true,"href":"https:\/\/hudo.com\/si\/wp-json\/wp\/v2\/users\/1"}],"replies":[{"embeddable":true,"href":"https:\/\/hudo.com\/si\/wp-json\/wp\/v2\/comments?post=146262"}],"version-history":[{"count":1,"href":"https:\/\/hudo.com\/si\/wp-json\/wp\/v2\/posts\/146262\/revisions"}],"predecessor-version":[{"id":146332,"href":"https:\/\/hudo.com\/si\/wp-json\/wp\/v2\/posts\/146262\/revisions\/146332"}],"wp:attachment":[{"href":"https:\/\/hudo.com\/si\/wp-json\/wp\/v2\/media?parent=146262"}],"wp:term":[{"taxonomy":"category","embeddable":true,"href":"https:\/\/hudo.com\/si\/wp-json\/wp\/v2\/categories?post=146262"},{"taxonomy":"post_tag","embeddable":true,"href":"https:\/\/hudo.com\/si\/wp-json\/wp\/v2\/tags?post=146262"},{"taxonomy":"source","embeddable":true,"href":"https:\/\/hudo.com\/si\/wp-json\/wp\/v2\/source?post=146262"},{"taxonomy":"supertag","embeddable":true,"href":"https:\/\/hudo.com\/si\/wp-json\/wp\/v2\/supertag?post=146262"}],"curies":[{"name":"wp","href":"https:\/\/api.w.org\/{rel}","templated":true}]}}