{"id":14650,"date":"2015-07-18T05:26:15","date_gmt":"2015-07-18T04:26:15","guid":{"rendered":"http:\/\/master.hudo.com\/si\/2015\/07\/18\/kaj-modne-blogerke-nosijo-to-poletje\/"},"modified":"2015-07-18T05:26:15","modified_gmt":"2015-07-18T04:26:15","slug":"kaj-modne-blogerke-nosijo-to-poletje","status":"publish","type":"post","link":"https:\/\/hudo.com\/si\/lifestyle\/kaj-modne-blogerke-nosijo-to-poletje\/","title":{"rendered":"Kaj modne blogerke nosijo to poletje?"},"content":{"rendered":"<p>Poletno modno mar\u0161iranje se nadaljuje, z njim vred pa so tukaj tudi razprodaje, ki obljubljajo modne kose po dostopnih cenah in praznijo police za prihod sve\u017eih jesenskih kolekcij. Za enkrat pozabimo na to, saj smo \u0161ele dobro zakorakale v na\u0161 najljub\u0161i letni \u010das. Zdaj je \u010das za na\u010drtovanje stajlingov, v katerih bomo o\u010darale v drugi polovici poletja.<\/p>\n<section class=\"slideshow\">\n<figure>\n\t\t\t\t\t<img loading=\"lazy\" decoding=\"async\" width=\"660\" height=\"320\" src=\"data:image\/gif;base64,R0lGODlhAQABAAAAACH5BAEKAAEALAAAAAABAAEAAAICTAEAOw==\" class=\"lazyload\" data-src=\"http:\/\/zenska.hudo.com\/files\/2015\/07\/blaireadiebee-320x155.jpg\" data-srcset=\"http:\/\/zenska.hudo.com\/files\/2015\/07\/blaireadiebee-660x320.jpg 660w,http:\/\/zenska.hudo.com\/files\/2015\/07\/blaireadiebee-320x155.jpg 330w\" sizes=\"(max-width: 660px) 100vw, 660px\"\/><\/p>\n<\/figure>\n<figure>\n\t\t\t\t\t<img loading=\"lazy\" decoding=\"async\" width=\"660\" height=\"320\" src=\"data:image\/gif;base64,R0lGODlhAQABAAAAACH5BAEKAAEALAAAAAABAAEAAAICTAEAOw==\" class=\"lazyload\" data-src=\"http:\/\/zenska.hudo.com\/files\/2015\/07\/chiaraferragni-320x155.jpg\" data-srcset=\"http:\/\/zenska.hudo.com\/files\/2015\/07\/chiaraferragni-660x320.jpg 660w,http:\/\/zenska.hudo.com\/files\/2015\/07\/chiaraferragni-320x155.jpg 330w\" sizes=\"(max-width: 660px) 100vw, 660px\"\/><\/p>\n<\/figure>\n<figure>\n\t\t\t\t\t<img loading=\"lazy\" decoding=\"async\" width=\"660\" height=\"320\" src=\"data:image\/gif;base64,R0lGODlhAQABAAAAACH5BAEKAAEALAAAAAABAAEAAAICTAEAOw==\" class=\"lazyload\" data-src=\"http:\/\/zenska.hudo.com\/files\/2015\/07\/juliahengel-320x155.jpg\" data-srcset=\"http:\/\/zenska.hudo.com\/files\/2015\/07\/juliahengel-660x320.jpg 660w,http:\/\/zenska.hudo.com\/files\/2015\/07\/juliahengel-320x155.jpg 330w\" sizes=\"(max-width: 660px) 100vw, 660px\"\/><\/p>\n<\/figure>\n<figure>\n\t\t\t\t\t<img loading=\"lazy\" decoding=\"async\" width=\"660\" height=\"320\" src=\"data:image\/gif;base64,R0lGODlhAQABAAAAACH5BAEKAAEALAAAAAABAAEAAAICTAEAOw==\" class=\"lazyload\" data-src=\"http:\/\/zenska.hudo.com\/files\/2015\/07\/margoandme-320x155.jpg\" data-srcset=\"http:\/\/zenska.hudo.com\/files\/2015\/07\/margoandme-660x320.jpg 660w,http:\/\/zenska.hudo.com\/files\/2015\/07\/margoandme-320x155.jpg 330w\" sizes=\"(max-width: 660px) 100vw, 660px\"\/><\/p>\n<\/figure>\n<figure>\n\t\t\t\t\t<img loading=\"lazy\" decoding=\"async\" width=\"660\" height=\"320\" src=\"data:image\/gif;base64,R0lGODlhAQABAAAAACH5BAEKAAEALAAAAAABAAEAAAICTAEAOw==\" class=\"lazyload\" data-src=\"http:\/\/zenska.hudo.com\/files\/2015\/07\/nicolettemason-320x155.jpg\" data-srcset=\"http:\/\/zenska.hudo.com\/files\/2015\/07\/nicolettemason-660x320.jpg 660w,http:\/\/zenska.hudo.com\/files\/2015\/07\/nicolettemason-320x155.jpg 330w\" sizes=\"(max-width: 660px) 100vw, 660px\"\/><\/p>\n<\/figure>\n<figure>\n\t\t\t\t\t<img loading=\"lazy\" decoding=\"async\" width=\"660\" height=\"320\" src=\"data:image\/gif;base64,R0lGODlhAQABAAAAACH5BAEKAAEALAAAAAABAAEAAAICTAEAOw==\" class=\"lazyload\" data-src=\"http:\/\/zenska.hudo.com\/files\/2015\/07\/screen_shot_2015-07-16_at_11_00_33_am-320x155.png\" data-srcset=\"http:\/\/zenska.hudo.com\/files\/2015\/07\/screen_shot_2015-07-16_at_11_00_33_am-660x320.png 660w,http:\/\/zenska.hudo.com\/files\/2015\/07\/screen_shot_2015-07-16_at_11_00_33_am-320x155.png 330w\" sizes=\"(max-width: 660px) 100vw, 660px\"\/><\/p>\n<\/figure>\n<figure>\n\t\t\t\t\t<img loading=\"lazy\" decoding=\"async\" width=\"660\" height=\"320\" src=\"data:image\/gif;base64,R0lGODlhAQABAAAAACH5BAEKAAEALAAAAAABAAEAAAICTAEAOw==\" class=\"lazyload\" data-src=\"http:\/\/zenska.hudo.com\/files\/2015\/07\/screen_shot_2015-07-16_at_11_01_11_am-320x155.png\" data-srcset=\"http:\/\/zenska.hudo.com\/files\/2015\/07\/screen_shot_2015-07-16_at_11_01_11_am-660x320.png 660w,http:\/\/zenska.hudo.com\/files\/2015\/07\/screen_shot_2015-07-16_at_11_01_11_am-320x155.png 330w\" sizes=\"(max-width: 660px) 100vw, 660px\"\/><\/p>\n<\/figure>\n<\/section>\n","protected":false},"excerpt":{"rendered":"<p>Za vse, ki so se ujele v rutino ponavljanja enih in istih modnih kombinacij, smo pripravili galerijo, v kateri smo zbrali najbolj\u0161e poletne modne kombinacije na\u0161ih najljub\u0161ih modnih blogerk. Naj vas navdihne!<\/p>\n","protected":false},"author":1,"featured_media":0,"comment_status":"closed","ping_status":"closed","sticky":false,"template":"","format":"standard","meta":{"footnotes":""},"categories":[1091],"tags":[3037,3386],"source":[1341,1428,1334],"supertag":[],"acf":[],"yoast_head":"<!-- This site is optimized with the Yoast SEO plugin v21.3 - https:\/\/yoast.com\/wordpress\/plugins\/seo\/ -->\n<title>Kaj modne blogerke nosijo to poletje? - Hudo Slovenija<\/title>\n<meta name=\"robots\" content=\"index, follow, max-snippet:-1, max-image-preview:large, max-video-preview:-1\" \/>\n<link rel=\"canonical\" href=\"https:\/\/hudo.com\/si\/lifestyle\/kaj-modne-blogerke-nosijo-to-poletje\/\" \/>\n<meta property=\"og:locale\" content=\"sl_SI\" \/>\n<meta property=\"og:type\" content=\"article\" \/>\n<meta property=\"og:title\" content=\"Kaj modne blogerke nosijo to poletje? - Hudo Slovenija\" \/>\n<meta property=\"og:description\" content=\"Za vse, ki so se ujele v rutino ponavljanja enih in istih modnih kombinacij, smo pripravili galerijo, v kateri smo zbrali najbolj\u0161e poletne modne kombinacije na\u0161ih najljub\u0161ih modnih blogerk. Naj vas navdihne!\" \/>\n<meta property=\"og:url\" content=\"https:\/\/hudo.com\/si\/lifestyle\/kaj-modne-blogerke-nosijo-to-poletje\/\" \/>\n<meta property=\"og:site_name\" content=\"Hudo Slovenija\" \/>\n<meta property=\"article:publisher\" content=\"https:\/\/www.facebook.com\/hudo.si\" \/>\n<meta property=\"article:published_time\" content=\"2015-07-18T04:26:15+00:00\" \/>\n<meta property=\"og:image\" content=\"https:\/\/hudo.com\/si\/wp-content\/uploads\/sites\/2\/2016\/04\/screen_shot_2015-07-16_at_11_01_11_am.png\" \/>\n\t<meta property=\"og:image:width\" content=\"635\" \/>\n\t<meta property=\"og:image:height\" content=\"637\" \/>\n\t<meta property=\"og:image:type\" content=\"image\/png\" \/>\n<meta name=\"author\" content=\"hudo\" \/>\n<meta name=\"twitter:card\" content=\"summary_large_image\" \/>\n<meta name=\"twitter:creator\" content=\"@hudo_si\" \/>\n<meta name=\"twitter:site\" content=\"@hudo_si\" \/>\n<meta name=\"twitter:label1\" content=\"Written by\" \/>\n\t<meta name=\"twitter:data1\" content=\"hudo\" \/>\n<script type=\"application\/ld+json\" class=\"yoast-schema-graph\">{\"@context\":\"https:\/\/schema.org\",\"@graph\":[{\"@type\":\"Article\",\"@id\":\"https:\/\/hudo.com\/si\/lifestyle\/kaj-modne-blogerke-nosijo-to-poletje\/#article\",\"isPartOf\":{\"@id\":\"https:\/\/hudo.com\/si\/lifestyle\/kaj-modne-blogerke-nosijo-to-poletje\/\"},\"author\":{\"name\":\"hudo\",\"@id\":\"https:\/\/hudo.com\/si\/#\/schema\/person\/601cf3379633985b20f7e50f2bb47707\"},\"headline\":\"Kaj modne blogerke nosijo to poletje?\",\"datePublished\":\"2015-07-18T04:26:15+00:00\",\"dateModified\":\"2015-07-18T04:26:15+00:00\",\"mainEntityOfPage\":{\"@id\":\"https:\/\/hudo.com\/si\/lifestyle\/kaj-modne-blogerke-nosijo-to-poletje\/\"},\"wordCount\":68,\"publisher\":{\"@id\":\"https:\/\/hudo.com\/si\/#organization\"},\"keywords\":[\"moda 2015\",\"moda poletje 2015\"],\"articleSection\":[\"Lifestyle\"],\"inLanguage\":\"sl-SI\"},{\"@type\":\"WebPage\",\"@id\":\"https:\/\/hudo.com\/si\/lifestyle\/kaj-modne-blogerke-nosijo-to-poletje\/\",\"url\":\"https:\/\/hudo.com\/si\/lifestyle\/kaj-modne-blogerke-nosijo-to-poletje\/\",\"name\":\"Kaj modne blogerke nosijo to poletje? - Hudo Slovenija\",\"isPartOf\":{\"@id\":\"https:\/\/hudo.com\/si\/#website\"},\"datePublished\":\"2015-07-18T04:26:15+00:00\",\"dateModified\":\"2015-07-18T04:26:15+00:00\",\"breadcrumb\":{\"@id\":\"https:\/\/hudo.com\/si\/lifestyle\/kaj-modne-blogerke-nosijo-to-poletje\/#breadcrumb\"},\"inLanguage\":\"sl-SI\",\"potentialAction\":[{\"@type\":\"ReadAction\",\"target\":[\"https:\/\/hudo.com\/si\/lifestyle\/kaj-modne-blogerke-nosijo-to-poletje\/\"]}]},{\"@type\":\"BreadcrumbList\",\"@id\":\"https:\/\/hudo.com\/si\/lifestyle\/kaj-modne-blogerke-nosijo-to-poletje\/#breadcrumb\",\"itemListElement\":[{\"@type\":\"ListItem\",\"position\":1,\"name\":\"Home\",\"item\":\"https:\/\/hudo.com\/si\/\"},{\"@type\":\"ListItem\",\"position\":2,\"name\":\"Kaj modne blogerke nosijo to poletje?\"}]},{\"@type\":\"WebSite\",\"@id\":\"https:\/\/hudo.com\/si\/#website\",\"url\":\"https:\/\/hudo.com\/si\/\",\"name\":\"Hudo Slovenija\",\"description\":\"Vse novice iz Slovenije in sveta\",\"publisher\":{\"@id\":\"https:\/\/hudo.com\/si\/#organization\"},\"potentialAction\":[{\"@type\":\"SearchAction\",\"target\":{\"@type\":\"EntryPoint\",\"urlTemplate\":\"https:\/\/hudo.com\/si\/?s={search_term_string}\"},\"query-input\":\"required name=search_term_string\"}],\"inLanguage\":\"sl-SI\"},{\"@type\":\"Organization\",\"@id\":\"https:\/\/hudo.com\/si\/#organization\",\"name\":\"VSN Media\",\"url\":\"https:\/\/hudo.com\/si\/\",\"logo\":{\"@type\":\"ImageObject\",\"inLanguage\":\"sl-SI\",\"@id\":\"https:\/\/hudo.com\/si\/#\/schema\/logo\/image\/\",\"url\":\"https:\/\/hudo.com\/si\/wp-content\/uploads\/sites\/2\/2021\/03\/hudo-app-2.png\",\"contentUrl\":\"https:\/\/hudo.com\/si\/wp-content\/uploads\/sites\/2\/2021\/03\/hudo-app-2.png\",\"width\":2185,\"height\":2167,\"caption\":\"VSN Media\"},\"image\":{\"@id\":\"https:\/\/hudo.com\/si\/#\/schema\/logo\/image\/\"},\"sameAs\":[\"https:\/\/www.facebook.com\/hudo.si\",\"https:\/\/twitter.com\/hudo_si\"]},{\"@type\":\"Person\",\"@id\":\"https:\/\/hudo.com\/si\/#\/schema\/person\/601cf3379633985b20f7e50f2bb47707\",\"name\":\"hudo\",\"image\":{\"@type\":\"ImageObject\",\"inLanguage\":\"sl-SI\",\"@id\":\"https:\/\/hudo.com\/si\/#\/schema\/person\/image\/\",\"url\":\"https:\/\/secure.gravatar.com\/avatar\/c4ca25fa72cace7a696b52ff5db9e095?s=96&d=mm&r=g\",\"contentUrl\":\"https:\/\/secure.gravatar.com\/avatar\/c4ca25fa72cace7a696b52ff5db9e095?s=96&d=mm&r=g\",\"caption\":\"hudo\"},\"url\":\"https:\/\/hudo.com\/si\/author\/hudo\/\"}]}<\/script>\n<!-- \/ Yoast SEO plugin. -->","yoast_head_json":{"title":"Kaj modne blogerke nosijo to poletje? - Hudo Slovenija","robots":{"index":"index","follow":"follow","max-snippet":"max-snippet:-1","max-image-preview":"max-image-preview:large","max-video-preview":"max-video-preview:-1"},"canonical":"https:\/\/hudo.com\/si\/lifestyle\/kaj-modne-blogerke-nosijo-to-poletje\/","og_locale":"sl_SI","og_type":"article","og_title":"Kaj modne blogerke nosijo to poletje? - Hudo Slovenija","og_description":"Za vse, ki so se ujele v rutino ponavljanja enih in istih modnih kombinacij, smo pripravili galerijo, v kateri smo zbrali najbolj\u0161e poletne modne kombinacije na\u0161ih najljub\u0161ih modnih blogerk. Naj vas navdihne!","og_url":"https:\/\/hudo.com\/si\/lifestyle\/kaj-modne-blogerke-nosijo-to-poletje\/","og_site_name":"Hudo Slovenija","article_publisher":"https:\/\/www.facebook.com\/hudo.si","article_published_time":"2015-07-18T04:26:15+00:00","og_image":[{"width":635,"height":637,"url":"https:\/\/hudo.com\/si\/wp-content\/uploads\/sites\/2\/2016\/04\/screen_shot_2015-07-16_at_11_01_11_am.png","type":"image\/png"}],"author":"hudo","twitter_card":"summary_large_image","twitter_creator":"@hudo_si","twitter_site":"@hudo_si","twitter_misc":{"Written by":"hudo"},"schema":{"@context":"https:\/\/schema.org","@graph":[{"@type":"Article","@id":"https:\/\/hudo.com\/si\/lifestyle\/kaj-modne-blogerke-nosijo-to-poletje\/#article","isPartOf":{"@id":"https:\/\/hudo.com\/si\/lifestyle\/kaj-modne-blogerke-nosijo-to-poletje\/"},"author":{"name":"hudo","@id":"https:\/\/hudo.com\/si\/#\/schema\/person\/601cf3379633985b20f7e50f2bb47707"},"headline":"Kaj modne blogerke nosijo to poletje?","datePublished":"2015-07-18T04:26:15+00:00","dateModified":"2015-07-18T04:26:15+00:00","mainEntityOfPage":{"@id":"https:\/\/hudo.com\/si\/lifestyle\/kaj-modne-blogerke-nosijo-to-poletje\/"},"wordCount":68,"publisher":{"@id":"https:\/\/hudo.com\/si\/#organization"},"keywords":["moda 2015","moda poletje 2015"],"articleSection":["Lifestyle"],"inLanguage":"sl-SI"},{"@type":"WebPage","@id":"https:\/\/hudo.com\/si\/lifestyle\/kaj-modne-blogerke-nosijo-to-poletje\/","url":"https:\/\/hudo.com\/si\/lifestyle\/kaj-modne-blogerke-nosijo-to-poletje\/","name":"Kaj modne blogerke nosijo to poletje? - Hudo Slovenija","isPartOf":{"@id":"https:\/\/hudo.com\/si\/#website"},"datePublished":"2015-07-18T04:26:15+00:00","dateModified":"2015-07-18T04:26:15+00:00","breadcrumb":{"@id":"https:\/\/hudo.com\/si\/lifestyle\/kaj-modne-blogerke-nosijo-to-poletje\/#breadcrumb"},"inLanguage":"sl-SI","potentialAction":[{"@type":"ReadAction","target":["https:\/\/hudo.com\/si\/lifestyle\/kaj-modne-blogerke-nosijo-to-poletje\/"]}]},{"@type":"BreadcrumbList","@id":"https:\/\/hudo.com\/si\/lifestyle\/kaj-modne-blogerke-nosijo-to-poletje\/#breadcrumb","itemListElement":[{"@type":"ListItem","position":1,"name":"Home","item":"https:\/\/hudo.com\/si\/"},{"@type":"ListItem","position":2,"name":"Kaj modne blogerke nosijo to poletje?"}]},{"@type":"WebSite","@id":"https:\/\/hudo.com\/si\/#website","url":"https:\/\/hudo.com\/si\/","name":"Hudo Slovenija","description":"Vse novice iz Slovenije in sveta","publisher":{"@id":"https:\/\/hudo.com\/si\/#organization"},"potentialAction":[{"@type":"SearchAction","target":{"@type":"EntryPoint","urlTemplate":"https:\/\/hudo.com\/si\/?s={search_term_string}"},"query-input":"required name=search_term_string"}],"inLanguage":"sl-SI"},{"@type":"Organization","@id":"https:\/\/hudo.com\/si\/#organization","name":"VSN Media","url":"https:\/\/hudo.com\/si\/","logo":{"@type":"ImageObject","inLanguage":"sl-SI","@id":"https:\/\/hudo.com\/si\/#\/schema\/logo\/image\/","url":"https:\/\/hudo.com\/si\/wp-content\/uploads\/sites\/2\/2021\/03\/hudo-app-2.png","contentUrl":"https:\/\/hudo.com\/si\/wp-content\/uploads\/sites\/2\/2021\/03\/hudo-app-2.png","width":2185,"height":2167,"caption":"VSN Media"},"image":{"@id":"https:\/\/hudo.com\/si\/#\/schema\/logo\/image\/"},"sameAs":["https:\/\/www.facebook.com\/hudo.si","https:\/\/twitter.com\/hudo_si"]},{"@type":"Person","@id":"https:\/\/hudo.com\/si\/#\/schema\/person\/601cf3379633985b20f7e50f2bb47707","name":"hudo","image":{"@type":"ImageObject","inLanguage":"sl-SI","@id":"https:\/\/hudo.com\/si\/#\/schema\/person\/image\/","url":"https:\/\/secure.gravatar.com\/avatar\/c4ca25fa72cace7a696b52ff5db9e095?s=96&d=mm&r=g","contentUrl":"https:\/\/secure.gravatar.com\/avatar\/c4ca25fa72cace7a696b52ff5db9e095?s=96&d=mm&r=g","caption":"hudo"},"url":"https:\/\/hudo.com\/si\/author\/hudo\/"}]}},"amp_enabled":true,"_links":{"self":[{"href":"https:\/\/hudo.com\/si\/wp-json\/wp\/v2\/posts\/14650"}],"collection":[{"href":"https:\/\/hudo.com\/si\/wp-json\/wp\/v2\/posts"}],"about":[{"href":"https:\/\/hudo.com\/si\/wp-json\/wp\/v2\/types\/post"}],"author":[{"embeddable":true,"href":"https:\/\/hudo.com\/si\/wp-json\/wp\/v2\/users\/1"}],"replies":[{"embeddable":true,"href":"https:\/\/hudo.com\/si\/wp-json\/wp\/v2\/comments?post=14650"}],"version-history":[{"count":0,"href":"https:\/\/hudo.com\/si\/wp-json\/wp\/v2\/posts\/14650\/revisions"}],"wp:attachment":[{"href":"https:\/\/hudo.com\/si\/wp-json\/wp\/v2\/media?parent=14650"}],"wp:term":[{"taxonomy":"category","embeddable":true,"href":"https:\/\/hudo.com\/si\/wp-json\/wp\/v2\/categories?post=14650"},{"taxonomy":"post_tag","embeddable":true,"href":"https:\/\/hudo.com\/si\/wp-json\/wp\/v2\/tags?post=14650"},{"taxonomy":"source","embeddable":true,"href":"https:\/\/hudo.com\/si\/wp-json\/wp\/v2\/source?post=14650"},{"taxonomy":"supertag","embeddable":true,"href":"https:\/\/hudo.com\/si\/wp-json\/wp\/v2\/supertag?post=14650"}],"curies":[{"name":"wp","href":"https:\/\/api.w.org\/{rel}","templated":true}]}}