{"id":146524,"date":"2016-10-04T13:57:47","date_gmt":"2016-10-04T11:57:47","guid":{"rendered":"http:\/\/hudo.com\/si\/?p=146524"},"modified":"2016-10-04T14:01:50","modified_gmt":"2016-10-04T12:01:50","slug":"prezivetje-zensk-z-rakom-dojk-v-sloveniji-je-slabse-od-evropskega-povprecja-ker-prepozno-obiscejo-zdravnika","status":"publish","type":"post","link":"https:\/\/hudo.com\/si\/aktualno\/prezivetje-zensk-z-rakom-dojk-v-sloveniji-je-slabse-od-evropskega-povprecja-ker-prepozno-obiscejo-zdravnika\/","title":{"rendered":"V Sloveniji pre\u017eivetje \u017eensk z rakom dojk slab\u0161e od evropskega povpre\u010dja, ker prepozno obi\u0161\u010dejo zdravnika"},"content":{"rendered":"<div class=\"text\">\n<p>Po besedah Sen\u010darjeve je bil v teh letih na podro\u010dju zdravljenja raka dojk dose\u017een izjemen napredek, vendar to \u0161e ni razlog za zadovoljstvo. Ob tem je izrazila upanje, da se bo stanje izbolj\u0161alo, ko bo presejalni program Dora, ki vabi na presejalne mamografije \u017eenske v starosti od 50 do 69 let, raz\u0161irjen po vsej Sloveniji. Rezultati zdravljenja bodo tako \u0161e bolj\u0161i, saj bodo \u017eenske prihajale prej in bo umrljivost manj\u0161a.<\/p>\n<p>Direktor Nacionalnega in\u0161tituta za javno zdravje (NIJZ) Ivan Er\u017een je spregovoril o bremenu raka z vidika Zavoda za zdravstveno zavarovanje Slovenije (ZZZS). Skupno je za letno bolni\u0161ni\u010dno zdravljenje raka dojk, za zdravila ter za nadomestila zaradi odsotnosti z dela namenjenih 18 milijonov evrov.<\/p>\n<p>V nadaljevanju je Er\u017een navedel primerjavo, da dr\u017eava nameni letno za delovanje razli\u010dnih programov za krepitev zdravja in prepre\u010devanje bolezni NIJZ okrog \u0161est milijonov evrov ter opozoril, kako majhen znesek je potreben za prepre\u010devanje bolezni v primerjavi z zdravljenjem. Ob tem je izrazil \u017eeljo, da bi ti programi dobili v dru\u017ebi ve\u010djo podporo in veljavo.<\/p>\n<p>Simona Bor\u0161tnar z Onkolo\u0161kega in\u0161tituta v Ljubljani je spomnila, da se presejalni program Dora uspe\u0161no \u0161iri na vse ve\u010dji del dr\u017eave. Poleg tega so po zapletih v preteklem letu zdaj dostopna vsa zdravila, ki so registrirana pri Evropski agenciji za zdravila.<\/p>\n<p>Ob tem je opozorila tudi na problem pomanjkanja zdravnikov, predvsem internistov onkologov, ki vodijo vsa zahtevnej\u0161a sistemska zdravljenja. Pogostost raka dojk je \u0161e vedno v porastu, sistemska zdravljenja so vedno kompleksnej\u0161a in dalj\u0161a, to pa po njenih besedah vodi v skraj\u0161evanje \u010dasa, namenjenega posamezni bolnici. &#8220;Pri zdravljenju raka dojk pa \u017ee dolgo ni pomembno samo to, da bolnica pre\u017eivi, pa\u010d pa tudi, da zdravljenje pre\u017eivi kakovostno,&#8221; je \u0161e dejala Bor\u0161tnarjeva.<\/p>\n<p>Generalna sekretarka Europe Donne Tanja \u0160pani\u0107 je med leto\u0161njimi aktivnostmi zdru\u017eenja izpostavila projekt Lep je dan, ko se bo 15. oktobra v Ljubljani, Slovenski Bistrici, Postojni in na Jesenicah odvil ples, s katerim bodo opozorili na preventivo pred rakom dojk. S 1. oktobrom pa se je za\u010dela tudi akcija, s katero lahko uporabniki s poslanim SMS-sporo\u010dilom prispevajo za zdru\u017eenje Europa Donna, ki bo z zbranimi sredstvi nadaljevalo osve\u0161\u010danje o raku dojk in drugih \u017eenskih rakih.<\/p>\n<\/div>\n","protected":false},"excerpt":{"rendered":"<p>Ob za\u010detku meseca osve\u0161\u010danja o raku dojk je predsednica Europe Donne Mojca Sen\u010dar na novinarski konferenci opozorila, da kljub prizadevanju stroke na podro\u010dju obravnave raka dojk pride skoraj polovica \u017eensk prvi\u010d k zdravniku, ko je rak z dojke raz\u0161irjen \u017ee na druge dele telesa. Pre\u017eivetje bolnic v Sloveniji je tako slab\u0161e od evropskega povpre\u010dja.<\/p>\n","protected":false},"author":5,"featured_media":146533,"comment_status":"closed","ping_status":"closed","sticky":false,"template":"","format":"standard","meta":{"footnotes":""},"categories":[1179],"tags":[5030,4789],"source":[4511],"supertag":[5675],"acf":[],"yoast_head":"<!-- This site is optimized with the Yoast SEO plugin v21.3 - https:\/\/yoast.com\/wordpress\/plugins\/seo\/ -->\n<title>V Sloveniji pre\u017eivetje \u017eensk z rakom dojk slab\u0161e od evropskega povpre\u010dja, ker prepozno obi\u0161\u010dejo zdravnika - Hudo Slovenija<\/title>\n<meta name=\"robots\" content=\"index, follow, max-snippet:-1, max-image-preview:large, max-video-preview:-1\" \/>\n<link rel=\"canonical\" href=\"https:\/\/hudo.com\/si\/aktualno\/prezivetje-zensk-z-rakom-dojk-v-sloveniji-je-slabse-od-evropskega-povprecja-ker-prepozno-obiscejo-zdravnika\/\" \/>\n<meta property=\"og:locale\" content=\"sl_SI\" \/>\n<meta property=\"og:type\" content=\"article\" \/>\n<meta property=\"og:title\" content=\"V Sloveniji pre\u017eivetje \u017eensk z rakom dojk slab\u0161e od evropskega povpre\u010dja, ker prepozno obi\u0161\u010dejo zdravnika - Hudo Slovenija\" \/>\n<meta property=\"og:description\" content=\"Ob za\u010detku meseca osve\u0161\u010danja o raku dojk je predsednica Europe Donne Mojca Sen\u010dar na novinarski konferenci opozorila, da kljub prizadevanju stroke na podro\u010dju obravnave raka dojk pride skoraj polovica \u017eensk prvi\u010d k zdravniku, ko je rak z dojke raz\u0161irjen \u017ee na druge dele telesa. Pre\u017eivetje bolnic v Sloveniji je tako slab\u0161e od evropskega povpre\u010dja.\" \/>\n<meta property=\"og:url\" content=\"https:\/\/hudo.com\/si\/aktualno\/prezivetje-zensk-z-rakom-dojk-v-sloveniji-je-slabse-od-evropskega-povprecja-ker-prepozno-obiscejo-zdravnika\/\" \/>\n<meta property=\"og:site_name\" content=\"Hudo Slovenija\" \/>\n<meta property=\"article:publisher\" content=\"https:\/\/www.facebook.com\/hudo.si\" \/>\n<meta property=\"article:published_time\" content=\"2016-10-04T11:57:47+00:00\" \/>\n<meta property=\"article:modified_time\" content=\"2016-10-04T12:01:50+00:00\" \/>\n<meta property=\"og:image\" content=\"https:\/\/hudo.com\/si\/wp-content\/uploads\/sites\/2\/2016\/10\/profimedia-0267609964.jpg\" \/>\n\t<meta property=\"og:image:width\" content=\"1250\" \/>\n\t<meta property=\"og:image:height\" content=\"715\" \/>\n\t<meta property=\"og:image:type\" content=\"image\/jpeg\" \/>\n<meta name=\"author\" content=\"A. G., STA\" \/>\n<meta name=\"twitter:card\" content=\"summary_large_image\" \/>\n<meta name=\"twitter:creator\" content=\"@hudo_si\" \/>\n<meta name=\"twitter:site\" content=\"@hudo_si\" \/>\n<meta name=\"twitter:label1\" content=\"Written by\" \/>\n\t<meta name=\"twitter:data1\" content=\"A. G., STA\" \/>\n\t<meta name=\"twitter:label2\" content=\"Est. reading time\" \/>\n\t<meta name=\"twitter:data2\" content=\"2 minuti\" \/>\n<script type=\"application\/ld+json\" class=\"yoast-schema-graph\">{\"@context\":\"https:\/\/schema.org\",\"@graph\":[{\"@type\":\"Article\",\"@id\":\"https:\/\/hudo.com\/si\/aktualno\/prezivetje-zensk-z-rakom-dojk-v-sloveniji-je-slabse-od-evropskega-povprecja-ker-prepozno-obiscejo-zdravnika\/#article\",\"isPartOf\":{\"@id\":\"https:\/\/hudo.com\/si\/aktualno\/prezivetje-zensk-z-rakom-dojk-v-sloveniji-je-slabse-od-evropskega-povprecja-ker-prepozno-obiscejo-zdravnika\/\"},\"author\":{\"name\":\"A. G., STA\",\"@id\":\"https:\/\/hudo.com\/si\/#\/schema\/person\/2391667a63ea075ba94f2f2dc6b77537\"},\"headline\":\"V Sloveniji pre\u017eivetje \u017eensk z rakom dojk slab\u0161e od evropskega povpre\u010dja, ker prepozno obi\u0161\u010dejo zdravnika\",\"datePublished\":\"2016-10-04T11:57:47+00:00\",\"dateModified\":\"2016-10-04T12:01:50+00:00\",\"mainEntityOfPage\":{\"@id\":\"https:\/\/hudo.com\/si\/aktualno\/prezivetje-zensk-z-rakom-dojk-v-sloveniji-je-slabse-od-evropskega-povprecja-ker-prepozno-obiscejo-zdravnika\/\"},\"wordCount\":405,\"publisher\":{\"@id\":\"https:\/\/hudo.com\/si\/#organization\"},\"keywords\":[\"preventiva\",\"rak dojk\"],\"articleSection\":[\"Aktualno\"],\"inLanguage\":\"sl-SI\"},{\"@type\":\"WebPage\",\"@id\":\"https:\/\/hudo.com\/si\/aktualno\/prezivetje-zensk-z-rakom-dojk-v-sloveniji-je-slabse-od-evropskega-povprecja-ker-prepozno-obiscejo-zdravnika\/\",\"url\":\"https:\/\/hudo.com\/si\/aktualno\/prezivetje-zensk-z-rakom-dojk-v-sloveniji-je-slabse-od-evropskega-povprecja-ker-prepozno-obiscejo-zdravnika\/\",\"name\":\"V Sloveniji pre\u017eivetje \u017eensk z rakom dojk slab\u0161e od evropskega povpre\u010dja, ker prepozno obi\u0161\u010dejo zdravnika - Hudo Slovenija\",\"isPartOf\":{\"@id\":\"https:\/\/hudo.com\/si\/#website\"},\"datePublished\":\"2016-10-04T11:57:47+00:00\",\"dateModified\":\"2016-10-04T12:01:50+00:00\",\"breadcrumb\":{\"@id\":\"https:\/\/hudo.com\/si\/aktualno\/prezivetje-zensk-z-rakom-dojk-v-sloveniji-je-slabse-od-evropskega-povprecja-ker-prepozno-obiscejo-zdravnika\/#breadcrumb\"},\"inLanguage\":\"sl-SI\",\"potentialAction\":[{\"@type\":\"ReadAction\",\"target\":[\"https:\/\/hudo.com\/si\/aktualno\/prezivetje-zensk-z-rakom-dojk-v-sloveniji-je-slabse-od-evropskega-povprecja-ker-prepozno-obiscejo-zdravnika\/\"]}]},{\"@type\":\"BreadcrumbList\",\"@id\":\"https:\/\/hudo.com\/si\/aktualno\/prezivetje-zensk-z-rakom-dojk-v-sloveniji-je-slabse-od-evropskega-povprecja-ker-prepozno-obiscejo-zdravnika\/#breadcrumb\",\"itemListElement\":[{\"@type\":\"ListItem\",\"position\":1,\"name\":\"Home\",\"item\":\"https:\/\/hudo.com\/si\/\"},{\"@type\":\"ListItem\",\"position\":2,\"name\":\"V Sloveniji pre\u017eivetje \u017eensk z rakom dojk slab\u0161e od evropskega povpre\u010dja, ker prepozno obi\u0161\u010dejo zdravnika\"}]},{\"@type\":\"WebSite\",\"@id\":\"https:\/\/hudo.com\/si\/#website\",\"url\":\"https:\/\/hudo.com\/si\/\",\"name\":\"Hudo Slovenija\",\"description\":\"Vse novice iz Slovenije in sveta\",\"publisher\":{\"@id\":\"https:\/\/hudo.com\/si\/#organization\"},\"potentialAction\":[{\"@type\":\"SearchAction\",\"target\":{\"@type\":\"EntryPoint\",\"urlTemplate\":\"https:\/\/hudo.com\/si\/?s={search_term_string}\"},\"query-input\":\"required name=search_term_string\"}],\"inLanguage\":\"sl-SI\"},{\"@type\":\"Organization\",\"@id\":\"https:\/\/hudo.com\/si\/#organization\",\"name\":\"VSN Media\",\"url\":\"https:\/\/hudo.com\/si\/\",\"logo\":{\"@type\":\"ImageObject\",\"inLanguage\":\"sl-SI\",\"@id\":\"https:\/\/hudo.com\/si\/#\/schema\/logo\/image\/\",\"url\":\"https:\/\/hudo.com\/si\/wp-content\/uploads\/sites\/2\/2021\/03\/hudo-app-2.png\",\"contentUrl\":\"https:\/\/hudo.com\/si\/wp-content\/uploads\/sites\/2\/2021\/03\/hudo-app-2.png\",\"width\":2185,\"height\":2167,\"caption\":\"VSN Media\"},\"image\":{\"@id\":\"https:\/\/hudo.com\/si\/#\/schema\/logo\/image\/\"},\"sameAs\":[\"https:\/\/www.facebook.com\/hudo.si\",\"https:\/\/twitter.com\/hudo_si\"]},{\"@type\":\"Person\",\"@id\":\"https:\/\/hudo.com\/si\/#\/schema\/person\/2391667a63ea075ba94f2f2dc6b77537\",\"name\":\"A. G., STA\",\"image\":{\"@type\":\"ImageObject\",\"inLanguage\":\"sl-SI\",\"@id\":\"https:\/\/hudo.com\/si\/#\/schema\/person\/image\/\",\"url\":\"https:\/\/secure.gravatar.com\/avatar\/e13d22ac3e442658d5025fbbe6238a79?s=96&d=mm&r=g\",\"contentUrl\":\"https:\/\/secure.gravatar.com\/avatar\/e13d22ac3e442658d5025fbbe6238a79?s=96&d=mm&r=g\",\"caption\":\"A. G., STA\"},\"url\":\"https:\/\/hudo.com\/si\/author\/alenka\/\"}]}<\/script>\n<!-- \/ Yoast SEO plugin. -->","yoast_head_json":{"title":"V Sloveniji pre\u017eivetje \u017eensk z rakom dojk slab\u0161e od evropskega povpre\u010dja, ker prepozno obi\u0161\u010dejo zdravnika - Hudo Slovenija","robots":{"index":"index","follow":"follow","max-snippet":"max-snippet:-1","max-image-preview":"max-image-preview:large","max-video-preview":"max-video-preview:-1"},"canonical":"https:\/\/hudo.com\/si\/aktualno\/prezivetje-zensk-z-rakom-dojk-v-sloveniji-je-slabse-od-evropskega-povprecja-ker-prepozno-obiscejo-zdravnika\/","og_locale":"sl_SI","og_type":"article","og_title":"V Sloveniji pre\u017eivetje \u017eensk z rakom dojk slab\u0161e od evropskega povpre\u010dja, ker prepozno obi\u0161\u010dejo zdravnika - Hudo Slovenija","og_description":"Ob za\u010detku meseca osve\u0161\u010danja o raku dojk je predsednica Europe Donne Mojca Sen\u010dar na novinarski konferenci opozorila, da kljub prizadevanju stroke na podro\u010dju obravnave raka dojk pride skoraj polovica \u017eensk prvi\u010d k zdravniku, ko je rak z dojke raz\u0161irjen \u017ee na druge dele telesa. Pre\u017eivetje bolnic v Sloveniji je tako slab\u0161e od evropskega povpre\u010dja.","og_url":"https:\/\/hudo.com\/si\/aktualno\/prezivetje-zensk-z-rakom-dojk-v-sloveniji-je-slabse-od-evropskega-povprecja-ker-prepozno-obiscejo-zdravnika\/","og_site_name":"Hudo Slovenija","article_publisher":"https:\/\/www.facebook.com\/hudo.si","article_published_time":"2016-10-04T11:57:47+00:00","article_modified_time":"2016-10-04T12:01:50+00:00","og_image":[{"width":1250,"height":715,"url":"https:\/\/hudo.com\/si\/wp-content\/uploads\/sites\/2\/2016\/10\/profimedia-0267609964.jpg","type":"image\/jpeg"}],"author":"A. G., STA","twitter_card":"summary_large_image","twitter_creator":"@hudo_si","twitter_site":"@hudo_si","twitter_misc":{"Written by":"A. G., STA","Est. reading time":"2 minuti"},"schema":{"@context":"https:\/\/schema.org","@graph":[{"@type":"Article","@id":"https:\/\/hudo.com\/si\/aktualno\/prezivetje-zensk-z-rakom-dojk-v-sloveniji-je-slabse-od-evropskega-povprecja-ker-prepozno-obiscejo-zdravnika\/#article","isPartOf":{"@id":"https:\/\/hudo.com\/si\/aktualno\/prezivetje-zensk-z-rakom-dojk-v-sloveniji-je-slabse-od-evropskega-povprecja-ker-prepozno-obiscejo-zdravnika\/"},"author":{"name":"A. G., STA","@id":"https:\/\/hudo.com\/si\/#\/schema\/person\/2391667a63ea075ba94f2f2dc6b77537"},"headline":"V Sloveniji pre\u017eivetje \u017eensk z rakom dojk slab\u0161e od evropskega povpre\u010dja, ker prepozno obi\u0161\u010dejo zdravnika","datePublished":"2016-10-04T11:57:47+00:00","dateModified":"2016-10-04T12:01:50+00:00","mainEntityOfPage":{"@id":"https:\/\/hudo.com\/si\/aktualno\/prezivetje-zensk-z-rakom-dojk-v-sloveniji-je-slabse-od-evropskega-povprecja-ker-prepozno-obiscejo-zdravnika\/"},"wordCount":405,"publisher":{"@id":"https:\/\/hudo.com\/si\/#organization"},"keywords":["preventiva","rak dojk"],"articleSection":["Aktualno"],"inLanguage":"sl-SI"},{"@type":"WebPage","@id":"https:\/\/hudo.com\/si\/aktualno\/prezivetje-zensk-z-rakom-dojk-v-sloveniji-je-slabse-od-evropskega-povprecja-ker-prepozno-obiscejo-zdravnika\/","url":"https:\/\/hudo.com\/si\/aktualno\/prezivetje-zensk-z-rakom-dojk-v-sloveniji-je-slabse-od-evropskega-povprecja-ker-prepozno-obiscejo-zdravnika\/","name":"V Sloveniji pre\u017eivetje \u017eensk z rakom dojk slab\u0161e od evropskega povpre\u010dja, ker prepozno obi\u0161\u010dejo zdravnika - Hudo Slovenija","isPartOf":{"@id":"https:\/\/hudo.com\/si\/#website"},"datePublished":"2016-10-04T11:57:47+00:00","dateModified":"2016-10-04T12:01:50+00:00","breadcrumb":{"@id":"https:\/\/hudo.com\/si\/aktualno\/prezivetje-zensk-z-rakom-dojk-v-sloveniji-je-slabse-od-evropskega-povprecja-ker-prepozno-obiscejo-zdravnika\/#breadcrumb"},"inLanguage":"sl-SI","potentialAction":[{"@type":"ReadAction","target":["https:\/\/hudo.com\/si\/aktualno\/prezivetje-zensk-z-rakom-dojk-v-sloveniji-je-slabse-od-evropskega-povprecja-ker-prepozno-obiscejo-zdravnika\/"]}]},{"@type":"BreadcrumbList","@id":"https:\/\/hudo.com\/si\/aktualno\/prezivetje-zensk-z-rakom-dojk-v-sloveniji-je-slabse-od-evropskega-povprecja-ker-prepozno-obiscejo-zdravnika\/#breadcrumb","itemListElement":[{"@type":"ListItem","position":1,"name":"Home","item":"https:\/\/hudo.com\/si\/"},{"@type":"ListItem","position":2,"name":"V Sloveniji pre\u017eivetje \u017eensk z rakom dojk slab\u0161e od evropskega povpre\u010dja, ker prepozno obi\u0161\u010dejo zdravnika"}]},{"@type":"WebSite","@id":"https:\/\/hudo.com\/si\/#website","url":"https:\/\/hudo.com\/si\/","name":"Hudo Slovenija","description":"Vse novice iz Slovenije in sveta","publisher":{"@id":"https:\/\/hudo.com\/si\/#organization"},"potentialAction":[{"@type":"SearchAction","target":{"@type":"EntryPoint","urlTemplate":"https:\/\/hudo.com\/si\/?s={search_term_string}"},"query-input":"required name=search_term_string"}],"inLanguage":"sl-SI"},{"@type":"Organization","@id":"https:\/\/hudo.com\/si\/#organization","name":"VSN Media","url":"https:\/\/hudo.com\/si\/","logo":{"@type":"ImageObject","inLanguage":"sl-SI","@id":"https:\/\/hudo.com\/si\/#\/schema\/logo\/image\/","url":"https:\/\/hudo.com\/si\/wp-content\/uploads\/sites\/2\/2021\/03\/hudo-app-2.png","contentUrl":"https:\/\/hudo.com\/si\/wp-content\/uploads\/sites\/2\/2021\/03\/hudo-app-2.png","width":2185,"height":2167,"caption":"VSN Media"},"image":{"@id":"https:\/\/hudo.com\/si\/#\/schema\/logo\/image\/"},"sameAs":["https:\/\/www.facebook.com\/hudo.si","https:\/\/twitter.com\/hudo_si"]},{"@type":"Person","@id":"https:\/\/hudo.com\/si\/#\/schema\/person\/2391667a63ea075ba94f2f2dc6b77537","name":"A. G., STA","image":{"@type":"ImageObject","inLanguage":"sl-SI","@id":"https:\/\/hudo.com\/si\/#\/schema\/person\/image\/","url":"https:\/\/secure.gravatar.com\/avatar\/e13d22ac3e442658d5025fbbe6238a79?s=96&d=mm&r=g","contentUrl":"https:\/\/secure.gravatar.com\/avatar\/e13d22ac3e442658d5025fbbe6238a79?s=96&d=mm&r=g","caption":"A. G., STA"},"url":"https:\/\/hudo.com\/si\/author\/alenka\/"}]}},"amp_enabled":true,"_links":{"self":[{"href":"https:\/\/hudo.com\/si\/wp-json\/wp\/v2\/posts\/146524"}],"collection":[{"href":"https:\/\/hudo.com\/si\/wp-json\/wp\/v2\/posts"}],"about":[{"href":"https:\/\/hudo.com\/si\/wp-json\/wp\/v2\/types\/post"}],"author":[{"embeddable":true,"href":"https:\/\/hudo.com\/si\/wp-json\/wp\/v2\/users\/5"}],"replies":[{"embeddable":true,"href":"https:\/\/hudo.com\/si\/wp-json\/wp\/v2\/comments?post=146524"}],"version-history":[{"count":4,"href":"https:\/\/hudo.com\/si\/wp-json\/wp\/v2\/posts\/146524\/revisions"}],"predecessor-version":[{"id":146537,"href":"https:\/\/hudo.com\/si\/wp-json\/wp\/v2\/posts\/146524\/revisions\/146537"}],"wp:featuredmedia":[{"embeddable":true,"href":"https:\/\/hudo.com\/si\/wp-json\/wp\/v2\/media\/146533"}],"wp:attachment":[{"href":"https:\/\/hudo.com\/si\/wp-json\/wp\/v2\/media?parent=146524"}],"wp:term":[{"taxonomy":"category","embeddable":true,"href":"https:\/\/hudo.com\/si\/wp-json\/wp\/v2\/categories?post=146524"},{"taxonomy":"post_tag","embeddable":true,"href":"https:\/\/hudo.com\/si\/wp-json\/wp\/v2\/tags?post=146524"},{"taxonomy":"source","embeddable":true,"href":"https:\/\/hudo.com\/si\/wp-json\/wp\/v2\/source?post=146524"},{"taxonomy":"supertag","embeddable":true,"href":"https:\/\/hudo.com\/si\/wp-json\/wp\/v2\/supertag?post=146524"}],"curies":[{"name":"wp","href":"https:\/\/api.w.org\/{rel}","templated":true}]}}