{"id":147364,"date":"2016-10-05T12:42:00","date_gmt":"2016-10-05T10:42:00","guid":{"rendered":"http:\/\/hudo.com\/si\/2016\/10\/05\/ko-dom-postane-zapor-starsa-sina-kar-30-let-nasilno-zadrzevala-v-hisi\/"},"modified":"2016-10-06T18:42:41","modified_gmt":"2016-10-06T16:42:41","slug":"ko-dom-postane-zapor-starsa-sina-kar-30-let-nasilno-zadrzevala-v-hisi","status":"publish","type":"post","link":"https:\/\/hudo.com\/si\/aktualno\/ko-dom-postane-zapor-starsa-sina-kar-30-let-nasilno-zadrzevala-v-hisi\/","title":{"rendered":"Ko dom postane zapor: Star\u0161a sina kar 30 let nasilno zadr\u017eevala v hi\u0161i"},"content":{"rendered":"<p>Ve\u010d kot trideset let naj bi zakonski par iz Bavarske svojega sina, ki je danes star 43 let, nasilno zadr\u017eeval v hi\u0161i in mu odrekal pravico do prostega gibanja in do osebne svobode. Fanta so policisti po tridesetih letih hi\u0161nega zapora v\u010deraj osvobodili nem\u0161ki policisti, proti star\u0161em pa so zaradi njegovih telesnih po\u0161kodb in odrekanja svobode \u017ee spro\u017eili kazenski postopek.<\/p>\n","protected":false},"excerpt":{"rendered":"<p>Ve\u010d kot trideset let naj bi zakonski par iz Bavarske svojega sina, ki je danes star 43 let, nasilno zadr\u017eeval v hi\u0161i in mu odrekal pravico do prostega gibanja in do osebne svobode. Fanta so policisti po tridesetih letih hi\u0161nega zapora v\u010deraj osvobodili nem\u0161ki policisti, proti star\u0161em pa so zaradi njegovih telesnih po\u0161kodb in odrekanja svobode \u017ee spro\u017eili kazenski postopek.<\/p>\n","protected":false},"author":1,"featured_media":0,"comment_status":"closed","ping_status":"closed","sticky":false,"template":"","format":"standard","meta":{"footnotes":""},"categories":[1179],"tags":[],"source":[1706],"supertag":[],"acf":[],"yoast_head":"<!-- This site is optimized with the Yoast SEO plugin v21.3 - https:\/\/yoast.com\/wordpress\/plugins\/seo\/ -->\n<title>Ko dom postane zapor: Star\u0161a sina kar 30 let nasilno zadr\u017eevala v hi\u0161i - Hudo Slovenija<\/title>\n<meta name=\"robots\" content=\"index, follow, max-snippet:-1, max-image-preview:large, max-video-preview:-1\" \/>\n<link rel=\"canonical\" href=\"https:\/\/hudo.com\/si\/aktualno\/ko-dom-postane-zapor-starsa-sina-kar-30-let-nasilno-zadrzevala-v-hisi\/\" \/>\n<meta property=\"og:locale\" content=\"sl_SI\" \/>\n<meta property=\"og:type\" content=\"article\" \/>\n<meta property=\"og:title\" content=\"Ko dom postane zapor: Star\u0161a sina kar 30 let nasilno zadr\u017eevala v hi\u0161i - Hudo Slovenija\" \/>\n<meta property=\"og:description\" content=\"Ve\u010d kot trideset let naj bi zakonski par iz Bavarske svojega sina, ki je danes star 43 let, nasilno zadr\u017eeval v hi\u0161i in mu odrekal pravico do prostega gibanja in do osebne svobode. Fanta so policisti po tridesetih letih hi\u0161nega zapora v\u010deraj osvobodili nem\u0161ki policisti, proti star\u0161em pa so zaradi njegovih telesnih po\u0161kodb in odrekanja svobode \u017ee spro\u017eili kazenski postopek.\" \/>\n<meta property=\"og:url\" content=\"https:\/\/hudo.com\/si\/aktualno\/ko-dom-postane-zapor-starsa-sina-kar-30-let-nasilno-zadrzevala-v-hisi\/\" \/>\n<meta property=\"og:site_name\" content=\"Hudo Slovenija\" \/>\n<meta property=\"article:publisher\" content=\"https:\/\/www.facebook.com\/hudo.si\" \/>\n<meta property=\"article:published_time\" content=\"2016-10-05T10:42:00+00:00\" \/>\n<meta property=\"article:modified_time\" content=\"2016-10-06T16:42:41+00:00\" \/>\n<meta property=\"og:image\" content=\"https:\/\/hudo.com\/si\/wp-content\/uploads\/sites\/2\/2016\/10\/072765lbWGk.jpg\" \/>\n\t<meta property=\"og:image:width\" content=\"504\" \/>\n\t<meta property=\"og:image:height\" content=\"284\" \/>\n\t<meta property=\"og:image:type\" content=\"image\/jpeg\" \/>\n<meta name=\"author\" content=\"hudo\" \/>\n<meta name=\"twitter:card\" content=\"summary_large_image\" \/>\n<meta name=\"twitter:creator\" content=\"@hudo_si\" \/>\n<meta name=\"twitter:site\" content=\"@hudo_si\" \/>\n<meta name=\"twitter:label1\" content=\"Written by\" \/>\n\t<meta name=\"twitter:data1\" content=\"hudo\" \/>\n<script type=\"application\/ld+json\" class=\"yoast-schema-graph\">{\"@context\":\"https:\/\/schema.org\",\"@graph\":[{\"@type\":\"Article\",\"@id\":\"https:\/\/hudo.com\/si\/aktualno\/ko-dom-postane-zapor-starsa-sina-kar-30-let-nasilno-zadrzevala-v-hisi\/#article\",\"isPartOf\":{\"@id\":\"https:\/\/hudo.com\/si\/aktualno\/ko-dom-postane-zapor-starsa-sina-kar-30-let-nasilno-zadrzevala-v-hisi\/\"},\"author\":{\"name\":\"hudo\",\"@id\":\"https:\/\/hudo.com\/si\/#\/schema\/person\/601cf3379633985b20f7e50f2bb47707\"},\"headline\":\"Ko dom postane zapor: Star\u0161a sina kar 30 let nasilno zadr\u017eevala v hi\u0161i\",\"datePublished\":\"2016-10-05T10:42:00+00:00\",\"dateModified\":\"2016-10-06T16:42:41+00:00\",\"mainEntityOfPage\":{\"@id\":\"https:\/\/hudo.com\/si\/aktualno\/ko-dom-postane-zapor-starsa-sina-kar-30-let-nasilno-zadrzevala-v-hisi\/\"},\"wordCount\":82,\"publisher\":{\"@id\":\"https:\/\/hudo.com\/si\/#organization\"},\"articleSection\":[\"Aktualno\"],\"inLanguage\":\"sl-SI\"},{\"@type\":\"WebPage\",\"@id\":\"https:\/\/hudo.com\/si\/aktualno\/ko-dom-postane-zapor-starsa-sina-kar-30-let-nasilno-zadrzevala-v-hisi\/\",\"url\":\"https:\/\/hudo.com\/si\/aktualno\/ko-dom-postane-zapor-starsa-sina-kar-30-let-nasilno-zadrzevala-v-hisi\/\",\"name\":\"Ko dom postane zapor: Star\u0161a sina kar 30 let nasilno zadr\u017eevala v hi\u0161i - Hudo Slovenija\",\"isPartOf\":{\"@id\":\"https:\/\/hudo.com\/si\/#website\"},\"datePublished\":\"2016-10-05T10:42:00+00:00\",\"dateModified\":\"2016-10-06T16:42:41+00:00\",\"breadcrumb\":{\"@id\":\"https:\/\/hudo.com\/si\/aktualno\/ko-dom-postane-zapor-starsa-sina-kar-30-let-nasilno-zadrzevala-v-hisi\/#breadcrumb\"},\"inLanguage\":\"sl-SI\",\"potentialAction\":[{\"@type\":\"ReadAction\",\"target\":[\"https:\/\/hudo.com\/si\/aktualno\/ko-dom-postane-zapor-starsa-sina-kar-30-let-nasilno-zadrzevala-v-hisi\/\"]}]},{\"@type\":\"BreadcrumbList\",\"@id\":\"https:\/\/hudo.com\/si\/aktualno\/ko-dom-postane-zapor-starsa-sina-kar-30-let-nasilno-zadrzevala-v-hisi\/#breadcrumb\",\"itemListElement\":[{\"@type\":\"ListItem\",\"position\":1,\"name\":\"Home\",\"item\":\"https:\/\/hudo.com\/si\/\"},{\"@type\":\"ListItem\",\"position\":2,\"name\":\"Ko dom postane zapor: Star\u0161a sina kar 30 let nasilno zadr\u017eevala v hi\u0161i\"}]},{\"@type\":\"WebSite\",\"@id\":\"https:\/\/hudo.com\/si\/#website\",\"url\":\"https:\/\/hudo.com\/si\/\",\"name\":\"Hudo Slovenija\",\"description\":\"Vse novice iz Slovenije in sveta\",\"publisher\":{\"@id\":\"https:\/\/hudo.com\/si\/#organization\"},\"potentialAction\":[{\"@type\":\"SearchAction\",\"target\":{\"@type\":\"EntryPoint\",\"urlTemplate\":\"https:\/\/hudo.com\/si\/?s={search_term_string}\"},\"query-input\":\"required name=search_term_string\"}],\"inLanguage\":\"sl-SI\"},{\"@type\":\"Organization\",\"@id\":\"https:\/\/hudo.com\/si\/#organization\",\"name\":\"VSN Media\",\"url\":\"https:\/\/hudo.com\/si\/\",\"logo\":{\"@type\":\"ImageObject\",\"inLanguage\":\"sl-SI\",\"@id\":\"https:\/\/hudo.com\/si\/#\/schema\/logo\/image\/\",\"url\":\"https:\/\/hudo.com\/si\/wp-content\/uploads\/sites\/2\/2021\/03\/hudo-app-2.png\",\"contentUrl\":\"https:\/\/hudo.com\/si\/wp-content\/uploads\/sites\/2\/2021\/03\/hudo-app-2.png\",\"width\":2185,\"height\":2167,\"caption\":\"VSN Media\"},\"image\":{\"@id\":\"https:\/\/hudo.com\/si\/#\/schema\/logo\/image\/\"},\"sameAs\":[\"https:\/\/www.facebook.com\/hudo.si\",\"https:\/\/twitter.com\/hudo_si\"]},{\"@type\":\"Person\",\"@id\":\"https:\/\/hudo.com\/si\/#\/schema\/person\/601cf3379633985b20f7e50f2bb47707\",\"name\":\"hudo\",\"image\":{\"@type\":\"ImageObject\",\"inLanguage\":\"sl-SI\",\"@id\":\"https:\/\/hudo.com\/si\/#\/schema\/person\/image\/\",\"url\":\"https:\/\/secure.gravatar.com\/avatar\/c4ca25fa72cace7a696b52ff5db9e095?s=96&d=mm&r=g\",\"contentUrl\":\"https:\/\/secure.gravatar.com\/avatar\/c4ca25fa72cace7a696b52ff5db9e095?s=96&d=mm&r=g\",\"caption\":\"hudo\"},\"url\":\"https:\/\/hudo.com\/si\/author\/hudo\/\"}]}<\/script>\n<!-- \/ Yoast SEO plugin. -->","yoast_head_json":{"title":"Ko dom postane zapor: Star\u0161a sina kar 30 let nasilno zadr\u017eevala v hi\u0161i - Hudo Slovenija","robots":{"index":"index","follow":"follow","max-snippet":"max-snippet:-1","max-image-preview":"max-image-preview:large","max-video-preview":"max-video-preview:-1"},"canonical":"https:\/\/hudo.com\/si\/aktualno\/ko-dom-postane-zapor-starsa-sina-kar-30-let-nasilno-zadrzevala-v-hisi\/","og_locale":"sl_SI","og_type":"article","og_title":"Ko dom postane zapor: Star\u0161a sina kar 30 let nasilno zadr\u017eevala v hi\u0161i - Hudo Slovenija","og_description":"Ve\u010d kot trideset let naj bi zakonski par iz Bavarske svojega sina, ki je danes star 43 let, nasilno zadr\u017eeval v hi\u0161i in mu odrekal pravico do prostega gibanja in do osebne svobode. Fanta so policisti po tridesetih letih hi\u0161nega zapora v\u010deraj osvobodili nem\u0161ki policisti, proti star\u0161em pa so zaradi njegovih telesnih po\u0161kodb in odrekanja svobode \u017ee spro\u017eili kazenski postopek.","og_url":"https:\/\/hudo.com\/si\/aktualno\/ko-dom-postane-zapor-starsa-sina-kar-30-let-nasilno-zadrzevala-v-hisi\/","og_site_name":"Hudo Slovenija","article_publisher":"https:\/\/www.facebook.com\/hudo.si","article_published_time":"2016-10-05T10:42:00+00:00","article_modified_time":"2016-10-06T16:42:41+00:00","og_image":[{"width":504,"height":284,"url":"https:\/\/hudo.com\/si\/wp-content\/uploads\/sites\/2\/2016\/10\/072765lbWGk.jpg","type":"image\/jpeg"}],"author":"hudo","twitter_card":"summary_large_image","twitter_creator":"@hudo_si","twitter_site":"@hudo_si","twitter_misc":{"Written by":"hudo"},"schema":{"@context":"https:\/\/schema.org","@graph":[{"@type":"Article","@id":"https:\/\/hudo.com\/si\/aktualno\/ko-dom-postane-zapor-starsa-sina-kar-30-let-nasilno-zadrzevala-v-hisi\/#article","isPartOf":{"@id":"https:\/\/hudo.com\/si\/aktualno\/ko-dom-postane-zapor-starsa-sina-kar-30-let-nasilno-zadrzevala-v-hisi\/"},"author":{"name":"hudo","@id":"https:\/\/hudo.com\/si\/#\/schema\/person\/601cf3379633985b20f7e50f2bb47707"},"headline":"Ko dom postane zapor: Star\u0161a sina kar 30 let nasilno zadr\u017eevala v hi\u0161i","datePublished":"2016-10-05T10:42:00+00:00","dateModified":"2016-10-06T16:42:41+00:00","mainEntityOfPage":{"@id":"https:\/\/hudo.com\/si\/aktualno\/ko-dom-postane-zapor-starsa-sina-kar-30-let-nasilno-zadrzevala-v-hisi\/"},"wordCount":82,"publisher":{"@id":"https:\/\/hudo.com\/si\/#organization"},"articleSection":["Aktualno"],"inLanguage":"sl-SI"},{"@type":"WebPage","@id":"https:\/\/hudo.com\/si\/aktualno\/ko-dom-postane-zapor-starsa-sina-kar-30-let-nasilno-zadrzevala-v-hisi\/","url":"https:\/\/hudo.com\/si\/aktualno\/ko-dom-postane-zapor-starsa-sina-kar-30-let-nasilno-zadrzevala-v-hisi\/","name":"Ko dom postane zapor: Star\u0161a sina kar 30 let nasilno zadr\u017eevala v hi\u0161i - Hudo Slovenija","isPartOf":{"@id":"https:\/\/hudo.com\/si\/#website"},"datePublished":"2016-10-05T10:42:00+00:00","dateModified":"2016-10-06T16:42:41+00:00","breadcrumb":{"@id":"https:\/\/hudo.com\/si\/aktualno\/ko-dom-postane-zapor-starsa-sina-kar-30-let-nasilno-zadrzevala-v-hisi\/#breadcrumb"},"inLanguage":"sl-SI","potentialAction":[{"@type":"ReadAction","target":["https:\/\/hudo.com\/si\/aktualno\/ko-dom-postane-zapor-starsa-sina-kar-30-let-nasilno-zadrzevala-v-hisi\/"]}]},{"@type":"BreadcrumbList","@id":"https:\/\/hudo.com\/si\/aktualno\/ko-dom-postane-zapor-starsa-sina-kar-30-let-nasilno-zadrzevala-v-hisi\/#breadcrumb","itemListElement":[{"@type":"ListItem","position":1,"name":"Home","item":"https:\/\/hudo.com\/si\/"},{"@type":"ListItem","position":2,"name":"Ko dom postane zapor: Star\u0161a sina kar 30 let nasilno zadr\u017eevala v hi\u0161i"}]},{"@type":"WebSite","@id":"https:\/\/hudo.com\/si\/#website","url":"https:\/\/hudo.com\/si\/","name":"Hudo Slovenija","description":"Vse novice iz Slovenije in sveta","publisher":{"@id":"https:\/\/hudo.com\/si\/#organization"},"potentialAction":[{"@type":"SearchAction","target":{"@type":"EntryPoint","urlTemplate":"https:\/\/hudo.com\/si\/?s={search_term_string}"},"query-input":"required name=search_term_string"}],"inLanguage":"sl-SI"},{"@type":"Organization","@id":"https:\/\/hudo.com\/si\/#organization","name":"VSN Media","url":"https:\/\/hudo.com\/si\/","logo":{"@type":"ImageObject","inLanguage":"sl-SI","@id":"https:\/\/hudo.com\/si\/#\/schema\/logo\/image\/","url":"https:\/\/hudo.com\/si\/wp-content\/uploads\/sites\/2\/2021\/03\/hudo-app-2.png","contentUrl":"https:\/\/hudo.com\/si\/wp-content\/uploads\/sites\/2\/2021\/03\/hudo-app-2.png","width":2185,"height":2167,"caption":"VSN Media"},"image":{"@id":"https:\/\/hudo.com\/si\/#\/schema\/logo\/image\/"},"sameAs":["https:\/\/www.facebook.com\/hudo.si","https:\/\/twitter.com\/hudo_si"]},{"@type":"Person","@id":"https:\/\/hudo.com\/si\/#\/schema\/person\/601cf3379633985b20f7e50f2bb47707","name":"hudo","image":{"@type":"ImageObject","inLanguage":"sl-SI","@id":"https:\/\/hudo.com\/si\/#\/schema\/person\/image\/","url":"https:\/\/secure.gravatar.com\/avatar\/c4ca25fa72cace7a696b52ff5db9e095?s=96&d=mm&r=g","contentUrl":"https:\/\/secure.gravatar.com\/avatar\/c4ca25fa72cace7a696b52ff5db9e095?s=96&d=mm&r=g","caption":"hudo"},"url":"https:\/\/hudo.com\/si\/author\/hudo\/"}]}},"amp_enabled":true,"_links":{"self":[{"href":"https:\/\/hudo.com\/si\/wp-json\/wp\/v2\/posts\/147364"}],"collection":[{"href":"https:\/\/hudo.com\/si\/wp-json\/wp\/v2\/posts"}],"about":[{"href":"https:\/\/hudo.com\/si\/wp-json\/wp\/v2\/types\/post"}],"author":[{"embeddable":true,"href":"https:\/\/hudo.com\/si\/wp-json\/wp\/v2\/users\/1"}],"replies":[{"embeddable":true,"href":"https:\/\/hudo.com\/si\/wp-json\/wp\/v2\/comments?post=147364"}],"version-history":[{"count":1,"href":"https:\/\/hudo.com\/si\/wp-json\/wp\/v2\/posts\/147364\/revisions"}],"predecessor-version":[{"id":147675,"href":"https:\/\/hudo.com\/si\/wp-json\/wp\/v2\/posts\/147364\/revisions\/147675"}],"wp:attachment":[{"href":"https:\/\/hudo.com\/si\/wp-json\/wp\/v2\/media?parent=147364"}],"wp:term":[{"taxonomy":"category","embeddable":true,"href":"https:\/\/hudo.com\/si\/wp-json\/wp\/v2\/categories?post=147364"},{"taxonomy":"post_tag","embeddable":true,"href":"https:\/\/hudo.com\/si\/wp-json\/wp\/v2\/tags?post=147364"},{"taxonomy":"source","embeddable":true,"href":"https:\/\/hudo.com\/si\/wp-json\/wp\/v2\/source?post=147364"},{"taxonomy":"supertag","embeddable":true,"href":"https:\/\/hudo.com\/si\/wp-json\/wp\/v2\/supertag?post=147364"}],"curies":[{"name":"wp","href":"https:\/\/api.w.org\/{rel}","templated":true}]}}