{"id":147378,"date":"2016-10-05T12:04:00","date_gmt":"2016-10-05T10:04:00","guid":{"rendered":"http:\/\/hudo.com\/si\/2016\/10\/05\/z-vozilom-oplazil-invalidski-vozicek-in-pobegnil\/"},"modified":"2016-10-05T12:04:00","modified_gmt":"2016-10-05T10:04:00","slug":"z-vozilom-oplazil-invalidski-vozicek-in-pobegnil","status":"publish","type":"post","link":"https:\/\/hudo.com\/si\/aktualno\/z-vozilom-oplazil-invalidski-vozicek-in-pobegnil\/","title":{"rendered":"Z vozilom oplazil invalidski vozi\u010dek in pobegnil"},"content":{"rendered":"<p>Kategorija: Kronika Wed, 05 Oct 2016 14:04:00 +0200  Ljubljana &#8211; Policisti s Postaje prometne policije Ljubljana obravnavajo prometno nesre\u010do, ki se je pripetila v soboto okrog 23.30 ure na Ve\u010dni poti pri Mostecu. V njej sta bila udele\u017eena voznik z neznanim vozilom in udele\u017eenec v prometu na invalidskem vozi\u010dku, ki v nesre\u010di ni utrpel telesnih po\u0161kodb. Po do sedaj zbranih obvestilih je ugotovljeno, da je neznani voznik vozil po Ve\u010dni poti iz smeri Poti Roberta Blinca proti \u0160i\u0161enski cesti. Ko je peljal mimo udele\u017eencev v nesre\u010di (dveh pe\u0161cev in osebe na invalidskem vozi\u010dku), je s prednjim delom vozila oplazil kolo invalidskega vozi\u010dka. Oseba je pri tem padla na travnato povr\u0161ino, neznani voznik pa je z vo\u017enjo nadaljeval. Policisti napro\u0161ajo vse, ki bi karkoli vedeli o okoli\u0161\u010dinah prometne nesre\u010de, da to sporo\u010dijo na najbli\u017ejo policijsko postajo ali Postajo prometne policije Ljubljana\u00a0&#8230;<\/p>\n","protected":false},"excerpt":{"rendered":"<p>Kategorija: Kronika Wed, 05 Oct 2016 14:04:00 +0200  Ljubljana &#8211; Policisti s Postaje prometne policije Ljubljana obravnavajo prometno nesre\u010do, ki se je pripetila v soboto okrog 23.30 ure na Ve\u010dni poti pri Mostecu. V njej sta bila udele\u017eena voznik z neznanim vozilom in udele\u017eenec v prometu na invalidskem vozi\u010dku, ki v nesre\u010di ni utrpel telesnih po\u0161kodb. Po do sedaj zbranih obvestilih je ugotovljeno, da je neznani voznik vozil po Ve\u010dni poti iz smeri Poti Roberta Blinca proti \u0160i\u0161enski cesti. Ko je peljal mimo udele\u017eencev v nesre\u010di (dveh pe\u0161cev in osebe na invalidskem vozi\u010dku), je s prednjim delom vozila oplazil kolo invalidskega vozi\u010dka. Oseba je pri tem padla na travnato povr\u0161ino, neznani voznik pa je z vo\u017enjo nadaljeval. Policisti napro\u0161ajo vse, ki bi karkoli vedeli o okoli\u0161\u010dinah prometne nesre\u010de, da to sporo\u010dijo na najbli\u017ejo policijsko postajo ali Postajo prometne policije Ljubljana\u00a0&#8230;<\/p>\n","protected":false},"author":1,"featured_media":0,"comment_status":"closed","ping_status":"closed","sticky":false,"template":"","format":"standard","meta":{"footnotes":""},"categories":[1179],"tags":[],"source":[1703],"supertag":[],"acf":[],"yoast_head":"<!-- This site is optimized with the Yoast SEO plugin v21.3 - https:\/\/yoast.com\/wordpress\/plugins\/seo\/ -->\n<title>Z vozilom oplazil invalidski vozi\u010dek in pobegnil - Hudo Slovenija<\/title>\n<meta name=\"robots\" content=\"index, follow, max-snippet:-1, max-image-preview:large, max-video-preview:-1\" \/>\n<link rel=\"canonical\" href=\"https:\/\/hudo.com\/si\/aktualno\/z-vozilom-oplazil-invalidski-vozicek-in-pobegnil\/\" \/>\n<meta property=\"og:locale\" content=\"sl_SI\" \/>\n<meta property=\"og:type\" content=\"article\" \/>\n<meta property=\"og:title\" content=\"Z vozilom oplazil invalidski vozi\u010dek in pobegnil - Hudo Slovenija\" \/>\n<meta property=\"og:description\" content=\"Kategorija: Kronika Wed, 05 Oct 2016 14:04:00 +0200 Ljubljana - Policisti s Postaje prometne policije Ljubljana obravnavajo prometno nesre\u010do, ki se je pripetila v soboto okrog 23.30 ure na Ve\u010dni poti pri Mostecu. V njej sta bila udele\u017eena voznik z neznanim vozilom in udele\u017eenec v prometu na invalidskem vozi\u010dku, ki v nesre\u010di ni utrpel telesnih po\u0161kodb. Po do sedaj zbranih obvestilih je ugotovljeno, da je neznani voznik vozil po Ve\u010dni poti iz smeri Poti Roberta Blinca proti \u0160i\u0161enski cesti. Ko je peljal mimo udele\u017eencev v nesre\u010di (dveh pe\u0161cev in osebe na invalidskem vozi\u010dku), je s prednjim delom vozila oplazil kolo invalidskega vozi\u010dka. Oseba je pri tem padla na travnato povr\u0161ino, neznani voznik pa je z vo\u017enjo nadaljeval. Policisti napro\u0161ajo vse, ki bi karkoli vedeli o okoli\u0161\u010dinah prometne nesre\u010de, da to sporo\u010dijo na najbli\u017ejo policijsko postajo ali Postajo prometne policije Ljubljana\u00a0...\" \/>\n<meta property=\"og:url\" content=\"https:\/\/hudo.com\/si\/aktualno\/z-vozilom-oplazil-invalidski-vozicek-in-pobegnil\/\" \/>\n<meta property=\"og:site_name\" content=\"Hudo Slovenija\" \/>\n<meta property=\"article:publisher\" content=\"https:\/\/www.facebook.com\/hudo.si\" \/>\n<meta property=\"article:published_time\" content=\"2016-10-05T10:04:00+00:00\" \/>\n<meta property=\"og:image\" content=\"https:\/\/hudo.com\/si\/wp-content\/uploads\/sites\/2\/2016\/10\/480x290_Kronika__djvu_945553_mdr__m_hires0.jpeg\" \/>\n\t<meta property=\"og:image:width\" content=\"480\" \/>\n\t<meta property=\"og:image:height\" content=\"290\" \/>\n\t<meta property=\"og:image:type\" content=\"image\/jpeg\" \/>\n<meta name=\"author\" content=\"hudo\" \/>\n<meta name=\"twitter:card\" content=\"summary_large_image\" \/>\n<meta name=\"twitter:creator\" content=\"@hudo_si\" \/>\n<meta name=\"twitter:site\" content=\"@hudo_si\" \/>\n<meta name=\"twitter:label1\" content=\"Written by\" \/>\n\t<meta name=\"twitter:data1\" content=\"hudo\" \/>\n\t<meta name=\"twitter:label2\" content=\"Est. reading time\" \/>\n\t<meta name=\"twitter:data2\" content=\"1 minuta\" \/>\n<script type=\"application\/ld+json\" class=\"yoast-schema-graph\">{\"@context\":\"https:\/\/schema.org\",\"@graph\":[{\"@type\":\"Article\",\"@id\":\"https:\/\/hudo.com\/si\/aktualno\/z-vozilom-oplazil-invalidski-vozicek-in-pobegnil\/#article\",\"isPartOf\":{\"@id\":\"https:\/\/hudo.com\/si\/aktualno\/z-vozilom-oplazil-invalidski-vozicek-in-pobegnil\/\"},\"author\":{\"name\":\"hudo\",\"@id\":\"https:\/\/hudo.com\/si\/#\/schema\/person\/601cf3379633985b20f7e50f2bb47707\"},\"headline\":\"Z vozilom oplazil invalidski vozi\u010dek in pobegnil\",\"datePublished\":\"2016-10-05T10:04:00+00:00\",\"dateModified\":\"2016-10-05T10:04:00+00:00\",\"mainEntityOfPage\":{\"@id\":\"https:\/\/hudo.com\/si\/aktualno\/z-vozilom-oplazil-invalidski-vozicek-in-pobegnil\/\"},\"wordCount\":164,\"publisher\":{\"@id\":\"https:\/\/hudo.com\/si\/#organization\"},\"articleSection\":[\"Aktualno\"],\"inLanguage\":\"sl-SI\"},{\"@type\":\"WebPage\",\"@id\":\"https:\/\/hudo.com\/si\/aktualno\/z-vozilom-oplazil-invalidski-vozicek-in-pobegnil\/\",\"url\":\"https:\/\/hudo.com\/si\/aktualno\/z-vozilom-oplazil-invalidski-vozicek-in-pobegnil\/\",\"name\":\"Z vozilom oplazil invalidski vozi\u010dek in pobegnil - Hudo Slovenija\",\"isPartOf\":{\"@id\":\"https:\/\/hudo.com\/si\/#website\"},\"datePublished\":\"2016-10-05T10:04:00+00:00\",\"dateModified\":\"2016-10-05T10:04:00+00:00\",\"breadcrumb\":{\"@id\":\"https:\/\/hudo.com\/si\/aktualno\/z-vozilom-oplazil-invalidski-vozicek-in-pobegnil\/#breadcrumb\"},\"inLanguage\":\"sl-SI\",\"potentialAction\":[{\"@type\":\"ReadAction\",\"target\":[\"https:\/\/hudo.com\/si\/aktualno\/z-vozilom-oplazil-invalidski-vozicek-in-pobegnil\/\"]}]},{\"@type\":\"BreadcrumbList\",\"@id\":\"https:\/\/hudo.com\/si\/aktualno\/z-vozilom-oplazil-invalidski-vozicek-in-pobegnil\/#breadcrumb\",\"itemListElement\":[{\"@type\":\"ListItem\",\"position\":1,\"name\":\"Home\",\"item\":\"https:\/\/hudo.com\/si\/\"},{\"@type\":\"ListItem\",\"position\":2,\"name\":\"Z vozilom oplazil invalidski vozi\u010dek in pobegnil\"}]},{\"@type\":\"WebSite\",\"@id\":\"https:\/\/hudo.com\/si\/#website\",\"url\":\"https:\/\/hudo.com\/si\/\",\"name\":\"Hudo Slovenija\",\"description\":\"Vse novice iz Slovenije in sveta\",\"publisher\":{\"@id\":\"https:\/\/hudo.com\/si\/#organization\"},\"potentialAction\":[{\"@type\":\"SearchAction\",\"target\":{\"@type\":\"EntryPoint\",\"urlTemplate\":\"https:\/\/hudo.com\/si\/?s={search_term_string}\"},\"query-input\":\"required name=search_term_string\"}],\"inLanguage\":\"sl-SI\"},{\"@type\":\"Organization\",\"@id\":\"https:\/\/hudo.com\/si\/#organization\",\"name\":\"VSN Media\",\"url\":\"https:\/\/hudo.com\/si\/\",\"logo\":{\"@type\":\"ImageObject\",\"inLanguage\":\"sl-SI\",\"@id\":\"https:\/\/hudo.com\/si\/#\/schema\/logo\/image\/\",\"url\":\"https:\/\/hudo.com\/si\/wp-content\/uploads\/sites\/2\/2021\/03\/hudo-app-2.png\",\"contentUrl\":\"https:\/\/hudo.com\/si\/wp-content\/uploads\/sites\/2\/2021\/03\/hudo-app-2.png\",\"width\":2185,\"height\":2167,\"caption\":\"VSN Media\"},\"image\":{\"@id\":\"https:\/\/hudo.com\/si\/#\/schema\/logo\/image\/\"},\"sameAs\":[\"https:\/\/www.facebook.com\/hudo.si\",\"https:\/\/twitter.com\/hudo_si\"]},{\"@type\":\"Person\",\"@id\":\"https:\/\/hudo.com\/si\/#\/schema\/person\/601cf3379633985b20f7e50f2bb47707\",\"name\":\"hudo\",\"image\":{\"@type\":\"ImageObject\",\"inLanguage\":\"sl-SI\",\"@id\":\"https:\/\/hudo.com\/si\/#\/schema\/person\/image\/\",\"url\":\"https:\/\/secure.gravatar.com\/avatar\/c4ca25fa72cace7a696b52ff5db9e095?s=96&d=mm&r=g\",\"contentUrl\":\"https:\/\/secure.gravatar.com\/avatar\/c4ca25fa72cace7a696b52ff5db9e095?s=96&d=mm&r=g\",\"caption\":\"hudo\"},\"url\":\"https:\/\/hudo.com\/si\/author\/hudo\/\"}]}<\/script>\n<!-- \/ Yoast SEO plugin. -->","yoast_head_json":{"title":"Z vozilom oplazil invalidski vozi\u010dek in pobegnil - Hudo Slovenija","robots":{"index":"index","follow":"follow","max-snippet":"max-snippet:-1","max-image-preview":"max-image-preview:large","max-video-preview":"max-video-preview:-1"},"canonical":"https:\/\/hudo.com\/si\/aktualno\/z-vozilom-oplazil-invalidski-vozicek-in-pobegnil\/","og_locale":"sl_SI","og_type":"article","og_title":"Z vozilom oplazil invalidski vozi\u010dek in pobegnil - Hudo Slovenija","og_description":"Kategorija: Kronika Wed, 05 Oct 2016 14:04:00 +0200 Ljubljana - Policisti s Postaje prometne policije Ljubljana obravnavajo prometno nesre\u010do, ki se je pripetila v soboto okrog 23.30 ure na Ve\u010dni poti pri Mostecu. V njej sta bila udele\u017eena voznik z neznanim vozilom in udele\u017eenec v prometu na invalidskem vozi\u010dku, ki v nesre\u010di ni utrpel telesnih po\u0161kodb. Po do sedaj zbranih obvestilih je ugotovljeno, da je neznani voznik vozil po Ve\u010dni poti iz smeri Poti Roberta Blinca proti \u0160i\u0161enski cesti. Ko je peljal mimo udele\u017eencev v nesre\u010di (dveh pe\u0161cev in osebe na invalidskem vozi\u010dku), je s prednjim delom vozila oplazil kolo invalidskega vozi\u010dka. Oseba je pri tem padla na travnato povr\u0161ino, neznani voznik pa je z vo\u017enjo nadaljeval. Policisti napro\u0161ajo vse, ki bi karkoli vedeli o okoli\u0161\u010dinah prometne nesre\u010de, da to sporo\u010dijo na najbli\u017ejo policijsko postajo ali Postajo prometne policije Ljubljana\u00a0...","og_url":"https:\/\/hudo.com\/si\/aktualno\/z-vozilom-oplazil-invalidski-vozicek-in-pobegnil\/","og_site_name":"Hudo Slovenija","article_publisher":"https:\/\/www.facebook.com\/hudo.si","article_published_time":"2016-10-05T10:04:00+00:00","og_image":[{"width":480,"height":290,"url":"https:\/\/hudo.com\/si\/wp-content\/uploads\/sites\/2\/2016\/10\/480x290_Kronika__djvu_945553_mdr__m_hires0.jpeg","type":"image\/jpeg"}],"author":"hudo","twitter_card":"summary_large_image","twitter_creator":"@hudo_si","twitter_site":"@hudo_si","twitter_misc":{"Written by":"hudo","Est. reading time":"1 minuta"},"schema":{"@context":"https:\/\/schema.org","@graph":[{"@type":"Article","@id":"https:\/\/hudo.com\/si\/aktualno\/z-vozilom-oplazil-invalidski-vozicek-in-pobegnil\/#article","isPartOf":{"@id":"https:\/\/hudo.com\/si\/aktualno\/z-vozilom-oplazil-invalidski-vozicek-in-pobegnil\/"},"author":{"name":"hudo","@id":"https:\/\/hudo.com\/si\/#\/schema\/person\/601cf3379633985b20f7e50f2bb47707"},"headline":"Z vozilom oplazil invalidski vozi\u010dek in pobegnil","datePublished":"2016-10-05T10:04:00+00:00","dateModified":"2016-10-05T10:04:00+00:00","mainEntityOfPage":{"@id":"https:\/\/hudo.com\/si\/aktualno\/z-vozilom-oplazil-invalidski-vozicek-in-pobegnil\/"},"wordCount":164,"publisher":{"@id":"https:\/\/hudo.com\/si\/#organization"},"articleSection":["Aktualno"],"inLanguage":"sl-SI"},{"@type":"WebPage","@id":"https:\/\/hudo.com\/si\/aktualno\/z-vozilom-oplazil-invalidski-vozicek-in-pobegnil\/","url":"https:\/\/hudo.com\/si\/aktualno\/z-vozilom-oplazil-invalidski-vozicek-in-pobegnil\/","name":"Z vozilom oplazil invalidski vozi\u010dek in pobegnil - Hudo Slovenija","isPartOf":{"@id":"https:\/\/hudo.com\/si\/#website"},"datePublished":"2016-10-05T10:04:00+00:00","dateModified":"2016-10-05T10:04:00+00:00","breadcrumb":{"@id":"https:\/\/hudo.com\/si\/aktualno\/z-vozilom-oplazil-invalidski-vozicek-in-pobegnil\/#breadcrumb"},"inLanguage":"sl-SI","potentialAction":[{"@type":"ReadAction","target":["https:\/\/hudo.com\/si\/aktualno\/z-vozilom-oplazil-invalidski-vozicek-in-pobegnil\/"]}]},{"@type":"BreadcrumbList","@id":"https:\/\/hudo.com\/si\/aktualno\/z-vozilom-oplazil-invalidski-vozicek-in-pobegnil\/#breadcrumb","itemListElement":[{"@type":"ListItem","position":1,"name":"Home","item":"https:\/\/hudo.com\/si\/"},{"@type":"ListItem","position":2,"name":"Z vozilom oplazil invalidski vozi\u010dek in pobegnil"}]},{"@type":"WebSite","@id":"https:\/\/hudo.com\/si\/#website","url":"https:\/\/hudo.com\/si\/","name":"Hudo Slovenija","description":"Vse novice iz Slovenije in sveta","publisher":{"@id":"https:\/\/hudo.com\/si\/#organization"},"potentialAction":[{"@type":"SearchAction","target":{"@type":"EntryPoint","urlTemplate":"https:\/\/hudo.com\/si\/?s={search_term_string}"},"query-input":"required name=search_term_string"}],"inLanguage":"sl-SI"},{"@type":"Organization","@id":"https:\/\/hudo.com\/si\/#organization","name":"VSN Media","url":"https:\/\/hudo.com\/si\/","logo":{"@type":"ImageObject","inLanguage":"sl-SI","@id":"https:\/\/hudo.com\/si\/#\/schema\/logo\/image\/","url":"https:\/\/hudo.com\/si\/wp-content\/uploads\/sites\/2\/2021\/03\/hudo-app-2.png","contentUrl":"https:\/\/hudo.com\/si\/wp-content\/uploads\/sites\/2\/2021\/03\/hudo-app-2.png","width":2185,"height":2167,"caption":"VSN Media"},"image":{"@id":"https:\/\/hudo.com\/si\/#\/schema\/logo\/image\/"},"sameAs":["https:\/\/www.facebook.com\/hudo.si","https:\/\/twitter.com\/hudo_si"]},{"@type":"Person","@id":"https:\/\/hudo.com\/si\/#\/schema\/person\/601cf3379633985b20f7e50f2bb47707","name":"hudo","image":{"@type":"ImageObject","inLanguage":"sl-SI","@id":"https:\/\/hudo.com\/si\/#\/schema\/person\/image\/","url":"https:\/\/secure.gravatar.com\/avatar\/c4ca25fa72cace7a696b52ff5db9e095?s=96&d=mm&r=g","contentUrl":"https:\/\/secure.gravatar.com\/avatar\/c4ca25fa72cace7a696b52ff5db9e095?s=96&d=mm&r=g","caption":"hudo"},"url":"https:\/\/hudo.com\/si\/author\/hudo\/"}]}},"amp_enabled":true,"_links":{"self":[{"href":"https:\/\/hudo.com\/si\/wp-json\/wp\/v2\/posts\/147378"}],"collection":[{"href":"https:\/\/hudo.com\/si\/wp-json\/wp\/v2\/posts"}],"about":[{"href":"https:\/\/hudo.com\/si\/wp-json\/wp\/v2\/types\/post"}],"author":[{"embeddable":true,"href":"https:\/\/hudo.com\/si\/wp-json\/wp\/v2\/users\/1"}],"replies":[{"embeddable":true,"href":"https:\/\/hudo.com\/si\/wp-json\/wp\/v2\/comments?post=147378"}],"version-history":[{"count":0,"href":"https:\/\/hudo.com\/si\/wp-json\/wp\/v2\/posts\/147378\/revisions"}],"wp:attachment":[{"href":"https:\/\/hudo.com\/si\/wp-json\/wp\/v2\/media?parent=147378"}],"wp:term":[{"taxonomy":"category","embeddable":true,"href":"https:\/\/hudo.com\/si\/wp-json\/wp\/v2\/categories?post=147378"},{"taxonomy":"post_tag","embeddable":true,"href":"https:\/\/hudo.com\/si\/wp-json\/wp\/v2\/tags?post=147378"},{"taxonomy":"source","embeddable":true,"href":"https:\/\/hudo.com\/si\/wp-json\/wp\/v2\/source?post=147378"},{"taxonomy":"supertag","embeddable":true,"href":"https:\/\/hudo.com\/si\/wp-json\/wp\/v2\/supertag?post=147378"}],"curies":[{"name":"wp","href":"https:\/\/api.w.org\/{rel}","templated":true}]}}