{"id":148131,"date":"2016-10-06T12:53:30","date_gmt":"2016-10-06T10:53:30","guid":{"rendered":"http:\/\/hudo.com\/si\/?p=148131"},"modified":"2016-10-06T12:53:30","modified_gmt":"2016-10-06T10:53:30","slug":"v-eu-je-danes-uradno-zacela-delovati-evropska-mejna-obalna-straza-katere-namen-je-boljsi-nadzor-na-zunanjih-mejah-unije","status":"publish","type":"post","link":"https:\/\/hudo.com\/si\/aktualno\/v-eu-je-danes-uradno-zacela-delovati-evropska-mejna-obalna-straza-katere-namen-je-boljsi-nadzor-na-zunanjih-mejah-unije\/","title":{"rendered":"V EU je danes uradno za\u010dela delovati evropska mejna in obalna stra\u017ea, katere namen je bolj\u0161i nadzor na zunanjih mejah unije"},"content":{"rendered":"<p>&#8220;V manj kot letu dni smo vzpostavili celovit sistem evropske mejne in obalne stra\u017ee ter uresni\u010dili na\u010dela deljene odgovornosti in solidarnosti med dr\u017eavami \u010dlanicami in EU,&#8221; je dejal Avramopulos ob uradnem za\u010detku delovanja.<\/p>\n<p>&#8220;Odslej bo zunanja meja EU ene dr\u017eave \u010dlanice zunanja meja vseh dr\u017eav \u010dlanic &#8211; tako pravno kot operativno,&#8221; je dodal.<\/p>\n<p>Klju\u010dna naloga evropske mejne stra\u017ee bo nuditi podporo \u010dlanicam pri soo\u010danju z izzivi, kot so nezakonite migracije in \u010dezmejni kriminal.<\/p>\n<p>Po besedah Avramopulosa se je ob zadnji veliki begunski krizi izkazalo, da je bila EU soo\u010dena s situacijo brez primere. Italija, Gr\u010dija in Bolgarija so zaradi migracij \u0161e vedno pod velikim pritiskom, vendar pa ne bodo ostale prepu\u0161\u010dene same sebi, je zagotovil komisar na novinarski konferenci, ki so jo ob tej prilo\u017enosti pripravili na mejnem prehodu Kapitan Andreevo na bolgarsko-tur\u0161ki meji.<\/p>\n<p>Sistem evropske mejne stra\u017ee bo sestavljala nova Evropska agencija za mejno in obalno stra\u017eo, ki bo temeljila na sedanji agenciji za zunanje meje Frontex, ob sodelovanju pristojnih nacionalnih organov.<\/p>\n<p>Dr\u017eave \u010dlanice bodo vanjo prispevale osebje in tehni\u010dno opremo, pri \u010demer bo moralo biti vselej na voljo 1500 varuhov meje, ki jih bo mogo\u010de namestiti v zelo kratkem \u010dasu.<\/p>\n<p>Na slovesnosti, na kateri je bil med drugim navzo\u010d bolgarski premier Bojko Borisov, so predstavili vozila, opremo ter osebje nove agencije za nadzor meje.<\/p>\n<p>Nova agencija je mo\u010dnej\u0161a in bolje opremljena za soo\u010danje z migracijami in varnostnimi izzivi na evropskih zunanjih mejah, je dejal njen izvr\u0161ni direktor Fabrice Leggeri. Agencija ima \u0161ir\u0161i mandat in ve\u010d pooblastil, kar ji bo omogo\u010dilo, da bo u\u010dinkovitej\u0161a. Med drugim bo lahko opravljala ocene ranljivosti dr\u017eav \u010dlanic glede zmogljivosti mejnega nadzora.<\/p>\n<p>Agencija bo lahko tudi nudila podporo sosednjim dr\u017eavam, ki niso \u010dlanice EU, \u010de bodo te zaprosile za pomo\u010d na njihovih mejah, in izmenjevala informacije o \u010dezmejni kriminaliteti z nacionalnimi organi in evropskimi agencijami. Pomembno vlogo bo imela tudi pri nadzoru morskih meja.<\/p>\n<p>Nova agencija bo imela ve\u010d pristojnosti pri vra\u010danju migrantov v njihove dr\u017eave. Med drugim bo lahko organizirala in vodila operacije vra\u010danja iz ve\u010d dr\u017eav hkrati. Avramopulos je pri tem zagotovil, da bodo zagotovili spo\u0161tovanje \u010dlovekovih pravic migrantov.<\/p>\n","protected":false},"excerpt":{"rendered":"<p>Po besedah evropskega komisarja za migracije Dimitrisa Avramopulosa gre za &#8220;mejnik v zgodovini evropskega upravljanja meja&#8221;.<\/p>\n","protected":false},"author":8,"featured_media":148132,"comment_status":"closed","ping_status":"closed","sticky":false,"template":"","format":"standard","meta":{"footnotes":""},"categories":[1179],"tags":[6605,4548,6606,5465,4525],"source":[4511],"supertag":[6103],"acf":[],"yoast_head":"<!-- This site is optimized with the Yoast SEO plugin v21.3 - https:\/\/yoast.com\/wordpress\/plugins\/seo\/ -->\n<title>V EU je danes uradno za\u010dela delovati evropska mejna in obalna stra\u017ea, katere namen je bolj\u0161i nadzor na zunanjih mejah unije - Hudo Slovenija<\/title>\n<meta name=\"robots\" content=\"index, follow, max-snippet:-1, max-image-preview:large, max-video-preview:-1\" \/>\n<link rel=\"canonical\" href=\"https:\/\/hudo.com\/si\/aktualno\/v-eu-je-danes-uradno-zacela-delovati-evropska-mejna-obalna-straza-katere-namen-je-boljsi-nadzor-na-zunanjih-mejah-unije\/\" \/>\n<meta property=\"og:locale\" content=\"sl_SI\" \/>\n<meta property=\"og:type\" content=\"article\" \/>\n<meta property=\"og:title\" content=\"V EU je danes uradno za\u010dela delovati evropska mejna in obalna stra\u017ea, katere namen je bolj\u0161i nadzor na zunanjih mejah unije - Hudo Slovenija\" \/>\n<meta property=\"og:description\" content=\"Po besedah evropskega komisarja za migracije Dimitrisa Avramopulosa gre za &quot;mejnik v zgodovini evropskega upravljanja meja&quot;.\" \/>\n<meta property=\"og:url\" content=\"https:\/\/hudo.com\/si\/aktualno\/v-eu-je-danes-uradno-zacela-delovati-evropska-mejna-obalna-straza-katere-namen-je-boljsi-nadzor-na-zunanjih-mejah-unije\/\" \/>\n<meta property=\"og:site_name\" content=\"Hudo Slovenija\" \/>\n<meta property=\"article:publisher\" content=\"https:\/\/www.facebook.com\/hudo.si\" \/>\n<meta property=\"article:published_time\" content=\"2016-10-06T10:53:30+00:00\" \/>\n<meta property=\"og:image\" content=\"https:\/\/hudo.com\/si\/wp-content\/uploads\/sites\/2\/2016\/10\/profimedia-0289275094.jpg\" \/>\n\t<meta property=\"og:image:width\" content=\"1250\" \/>\n\t<meta property=\"og:image:height\" content=\"833\" \/>\n\t<meta property=\"og:image:type\" content=\"image\/jpeg\" \/>\n<meta name=\"author\" content=\"M. N., STA\" \/>\n<meta name=\"twitter:card\" content=\"summary_large_image\" \/>\n<meta name=\"twitter:creator\" content=\"@hudo_si\" \/>\n<meta name=\"twitter:site\" content=\"@hudo_si\" \/>\n<meta name=\"twitter:label1\" content=\"Written by\" \/>\n\t<meta name=\"twitter:data1\" content=\"M. N., STA\" \/>\n\t<meta name=\"twitter:label2\" content=\"Est. reading time\" \/>\n\t<meta name=\"twitter:data2\" content=\"2 minuti\" \/>\n<script type=\"application\/ld+json\" class=\"yoast-schema-graph\">{\"@context\":\"https:\/\/schema.org\",\"@graph\":[{\"@type\":\"Article\",\"@id\":\"https:\/\/hudo.com\/si\/aktualno\/v-eu-je-danes-uradno-zacela-delovati-evropska-mejna-obalna-straza-katere-namen-je-boljsi-nadzor-na-zunanjih-mejah-unije\/#article\",\"isPartOf\":{\"@id\":\"https:\/\/hudo.com\/si\/aktualno\/v-eu-je-danes-uradno-zacela-delovati-evropska-mejna-obalna-straza-katere-namen-je-boljsi-nadzor-na-zunanjih-mejah-unije\/\"},\"author\":{\"name\":\"M. N., STA\",\"@id\":\"https:\/\/hudo.com\/si\/#\/schema\/person\/c2f10ce65d2e6ede2aeda5be2a0611fa\"},\"headline\":\"V EU je danes uradno za\u010dela delovati evropska mejna in obalna stra\u017ea, katere namen je bolj\u0161i nadzor na zunanjih mejah unije\",\"datePublished\":\"2016-10-06T10:53:30+00:00\",\"dateModified\":\"2016-10-06T10:53:30+00:00\",\"mainEntityOfPage\":{\"@id\":\"https:\/\/hudo.com\/si\/aktualno\/v-eu-je-danes-uradno-zacela-delovati-evropska-mejna-obalna-straza-katere-namen-je-boljsi-nadzor-na-zunanjih-mejah-unije\/\"},\"wordCount\":405,\"publisher\":{\"@id\":\"https:\/\/hudo.com\/si\/#organization\"},\"keywords\":[\"Dimitris Avramopulos\",\"EU\",\"Evropska mejna in obalna stra\u017ea\",\"migranti\",\"migrantska kriza\"],\"articleSection\":[\"Aktualno\"],\"inLanguage\":\"sl-SI\"},{\"@type\":\"WebPage\",\"@id\":\"https:\/\/hudo.com\/si\/aktualno\/v-eu-je-danes-uradno-zacela-delovati-evropska-mejna-obalna-straza-katere-namen-je-boljsi-nadzor-na-zunanjih-mejah-unije\/\",\"url\":\"https:\/\/hudo.com\/si\/aktualno\/v-eu-je-danes-uradno-zacela-delovati-evropska-mejna-obalna-straza-katere-namen-je-boljsi-nadzor-na-zunanjih-mejah-unije\/\",\"name\":\"V EU je danes uradno za\u010dela delovati evropska mejna in obalna stra\u017ea, katere namen je bolj\u0161i nadzor na zunanjih mejah unije - Hudo Slovenija\",\"isPartOf\":{\"@id\":\"https:\/\/hudo.com\/si\/#website\"},\"datePublished\":\"2016-10-06T10:53:30+00:00\",\"dateModified\":\"2016-10-06T10:53:30+00:00\",\"breadcrumb\":{\"@id\":\"https:\/\/hudo.com\/si\/aktualno\/v-eu-je-danes-uradno-zacela-delovati-evropska-mejna-obalna-straza-katere-namen-je-boljsi-nadzor-na-zunanjih-mejah-unije\/#breadcrumb\"},\"inLanguage\":\"sl-SI\",\"potentialAction\":[{\"@type\":\"ReadAction\",\"target\":[\"https:\/\/hudo.com\/si\/aktualno\/v-eu-je-danes-uradno-zacela-delovati-evropska-mejna-obalna-straza-katere-namen-je-boljsi-nadzor-na-zunanjih-mejah-unije\/\"]}]},{\"@type\":\"BreadcrumbList\",\"@id\":\"https:\/\/hudo.com\/si\/aktualno\/v-eu-je-danes-uradno-zacela-delovati-evropska-mejna-obalna-straza-katere-namen-je-boljsi-nadzor-na-zunanjih-mejah-unije\/#breadcrumb\",\"itemListElement\":[{\"@type\":\"ListItem\",\"position\":1,\"name\":\"Home\",\"item\":\"https:\/\/hudo.com\/si\/\"},{\"@type\":\"ListItem\",\"position\":2,\"name\":\"V EU je danes uradno za\u010dela delovati evropska mejna in obalna stra\u017ea, katere namen je bolj\u0161i nadzor na zunanjih mejah unije\"}]},{\"@type\":\"WebSite\",\"@id\":\"https:\/\/hudo.com\/si\/#website\",\"url\":\"https:\/\/hudo.com\/si\/\",\"name\":\"Hudo Slovenija\",\"description\":\"Vse novice iz Slovenije in sveta\",\"publisher\":{\"@id\":\"https:\/\/hudo.com\/si\/#organization\"},\"potentialAction\":[{\"@type\":\"SearchAction\",\"target\":{\"@type\":\"EntryPoint\",\"urlTemplate\":\"https:\/\/hudo.com\/si\/?s={search_term_string}\"},\"query-input\":\"required name=search_term_string\"}],\"inLanguage\":\"sl-SI\"},{\"@type\":\"Organization\",\"@id\":\"https:\/\/hudo.com\/si\/#organization\",\"name\":\"VSN Media\",\"url\":\"https:\/\/hudo.com\/si\/\",\"logo\":{\"@type\":\"ImageObject\",\"inLanguage\":\"sl-SI\",\"@id\":\"https:\/\/hudo.com\/si\/#\/schema\/logo\/image\/\",\"url\":\"https:\/\/hudo.com\/si\/wp-content\/uploads\/sites\/2\/2021\/03\/hudo-app-2.png\",\"contentUrl\":\"https:\/\/hudo.com\/si\/wp-content\/uploads\/sites\/2\/2021\/03\/hudo-app-2.png\",\"width\":2185,\"height\":2167,\"caption\":\"VSN Media\"},\"image\":{\"@id\":\"https:\/\/hudo.com\/si\/#\/schema\/logo\/image\/\"},\"sameAs\":[\"https:\/\/www.facebook.com\/hudo.si\",\"https:\/\/twitter.com\/hudo_si\"]},{\"@type\":\"Person\",\"@id\":\"https:\/\/hudo.com\/si\/#\/schema\/person\/c2f10ce65d2e6ede2aeda5be2a0611fa\",\"name\":\"M. N., STA\",\"image\":{\"@type\":\"ImageObject\",\"inLanguage\":\"sl-SI\",\"@id\":\"https:\/\/hudo.com\/si\/#\/schema\/person\/image\/\",\"url\":\"https:\/\/secure.gravatar.com\/avatar\/f370d38daa10467f755c5c766a4cac20?s=96&d=mm&r=g\",\"contentUrl\":\"https:\/\/secure.gravatar.com\/avatar\/f370d38daa10467f755c5c766a4cac20?s=96&d=mm&r=g\",\"caption\":\"M. N., STA\"},\"url\":\"https:\/\/hudo.com\/si\/author\/mana\/\"}]}<\/script>\n<!-- \/ Yoast SEO plugin. -->","yoast_head_json":{"title":"V EU je danes uradno za\u010dela delovati evropska mejna in obalna stra\u017ea, katere namen je bolj\u0161i nadzor na zunanjih mejah unije - Hudo Slovenija","robots":{"index":"index","follow":"follow","max-snippet":"max-snippet:-1","max-image-preview":"max-image-preview:large","max-video-preview":"max-video-preview:-1"},"canonical":"https:\/\/hudo.com\/si\/aktualno\/v-eu-je-danes-uradno-zacela-delovati-evropska-mejna-obalna-straza-katere-namen-je-boljsi-nadzor-na-zunanjih-mejah-unije\/","og_locale":"sl_SI","og_type":"article","og_title":"V EU je danes uradno za\u010dela delovati evropska mejna in obalna stra\u017ea, katere namen je bolj\u0161i nadzor na zunanjih mejah unije - Hudo Slovenija","og_description":"Po besedah evropskega komisarja za migracije Dimitrisa Avramopulosa gre za \"mejnik v zgodovini evropskega upravljanja meja\".","og_url":"https:\/\/hudo.com\/si\/aktualno\/v-eu-je-danes-uradno-zacela-delovati-evropska-mejna-obalna-straza-katere-namen-je-boljsi-nadzor-na-zunanjih-mejah-unije\/","og_site_name":"Hudo Slovenija","article_publisher":"https:\/\/www.facebook.com\/hudo.si","article_published_time":"2016-10-06T10:53:30+00:00","og_image":[{"width":1250,"height":833,"url":"https:\/\/hudo.com\/si\/wp-content\/uploads\/sites\/2\/2016\/10\/profimedia-0289275094.jpg","type":"image\/jpeg"}],"author":"M. N., STA","twitter_card":"summary_large_image","twitter_creator":"@hudo_si","twitter_site":"@hudo_si","twitter_misc":{"Written by":"M. N., STA","Est. reading time":"2 minuti"},"schema":{"@context":"https:\/\/schema.org","@graph":[{"@type":"Article","@id":"https:\/\/hudo.com\/si\/aktualno\/v-eu-je-danes-uradno-zacela-delovati-evropska-mejna-obalna-straza-katere-namen-je-boljsi-nadzor-na-zunanjih-mejah-unije\/#article","isPartOf":{"@id":"https:\/\/hudo.com\/si\/aktualno\/v-eu-je-danes-uradno-zacela-delovati-evropska-mejna-obalna-straza-katere-namen-je-boljsi-nadzor-na-zunanjih-mejah-unije\/"},"author":{"name":"M. N., STA","@id":"https:\/\/hudo.com\/si\/#\/schema\/person\/c2f10ce65d2e6ede2aeda5be2a0611fa"},"headline":"V EU je danes uradno za\u010dela delovati evropska mejna in obalna stra\u017ea, katere namen je bolj\u0161i nadzor na zunanjih mejah unije","datePublished":"2016-10-06T10:53:30+00:00","dateModified":"2016-10-06T10:53:30+00:00","mainEntityOfPage":{"@id":"https:\/\/hudo.com\/si\/aktualno\/v-eu-je-danes-uradno-zacela-delovati-evropska-mejna-obalna-straza-katere-namen-je-boljsi-nadzor-na-zunanjih-mejah-unije\/"},"wordCount":405,"publisher":{"@id":"https:\/\/hudo.com\/si\/#organization"},"keywords":["Dimitris Avramopulos","EU","Evropska mejna in obalna stra\u017ea","migranti","migrantska kriza"],"articleSection":["Aktualno"],"inLanguage":"sl-SI"},{"@type":"WebPage","@id":"https:\/\/hudo.com\/si\/aktualno\/v-eu-je-danes-uradno-zacela-delovati-evropska-mejna-obalna-straza-katere-namen-je-boljsi-nadzor-na-zunanjih-mejah-unije\/","url":"https:\/\/hudo.com\/si\/aktualno\/v-eu-je-danes-uradno-zacela-delovati-evropska-mejna-obalna-straza-katere-namen-je-boljsi-nadzor-na-zunanjih-mejah-unije\/","name":"V EU je danes uradno za\u010dela delovati evropska mejna in obalna stra\u017ea, katere namen je bolj\u0161i nadzor na zunanjih mejah unije - Hudo Slovenija","isPartOf":{"@id":"https:\/\/hudo.com\/si\/#website"},"datePublished":"2016-10-06T10:53:30+00:00","dateModified":"2016-10-06T10:53:30+00:00","breadcrumb":{"@id":"https:\/\/hudo.com\/si\/aktualno\/v-eu-je-danes-uradno-zacela-delovati-evropska-mejna-obalna-straza-katere-namen-je-boljsi-nadzor-na-zunanjih-mejah-unije\/#breadcrumb"},"inLanguage":"sl-SI","potentialAction":[{"@type":"ReadAction","target":["https:\/\/hudo.com\/si\/aktualno\/v-eu-je-danes-uradno-zacela-delovati-evropska-mejna-obalna-straza-katere-namen-je-boljsi-nadzor-na-zunanjih-mejah-unije\/"]}]},{"@type":"BreadcrumbList","@id":"https:\/\/hudo.com\/si\/aktualno\/v-eu-je-danes-uradno-zacela-delovati-evropska-mejna-obalna-straza-katere-namen-je-boljsi-nadzor-na-zunanjih-mejah-unije\/#breadcrumb","itemListElement":[{"@type":"ListItem","position":1,"name":"Home","item":"https:\/\/hudo.com\/si\/"},{"@type":"ListItem","position":2,"name":"V EU je danes uradno za\u010dela delovati evropska mejna in obalna stra\u017ea, katere namen je bolj\u0161i nadzor na zunanjih mejah unije"}]},{"@type":"WebSite","@id":"https:\/\/hudo.com\/si\/#website","url":"https:\/\/hudo.com\/si\/","name":"Hudo Slovenija","description":"Vse novice iz Slovenije in sveta","publisher":{"@id":"https:\/\/hudo.com\/si\/#organization"},"potentialAction":[{"@type":"SearchAction","target":{"@type":"EntryPoint","urlTemplate":"https:\/\/hudo.com\/si\/?s={search_term_string}"},"query-input":"required name=search_term_string"}],"inLanguage":"sl-SI"},{"@type":"Organization","@id":"https:\/\/hudo.com\/si\/#organization","name":"VSN Media","url":"https:\/\/hudo.com\/si\/","logo":{"@type":"ImageObject","inLanguage":"sl-SI","@id":"https:\/\/hudo.com\/si\/#\/schema\/logo\/image\/","url":"https:\/\/hudo.com\/si\/wp-content\/uploads\/sites\/2\/2021\/03\/hudo-app-2.png","contentUrl":"https:\/\/hudo.com\/si\/wp-content\/uploads\/sites\/2\/2021\/03\/hudo-app-2.png","width":2185,"height":2167,"caption":"VSN Media"},"image":{"@id":"https:\/\/hudo.com\/si\/#\/schema\/logo\/image\/"},"sameAs":["https:\/\/www.facebook.com\/hudo.si","https:\/\/twitter.com\/hudo_si"]},{"@type":"Person","@id":"https:\/\/hudo.com\/si\/#\/schema\/person\/c2f10ce65d2e6ede2aeda5be2a0611fa","name":"M. N., STA","image":{"@type":"ImageObject","inLanguage":"sl-SI","@id":"https:\/\/hudo.com\/si\/#\/schema\/person\/image\/","url":"https:\/\/secure.gravatar.com\/avatar\/f370d38daa10467f755c5c766a4cac20?s=96&d=mm&r=g","contentUrl":"https:\/\/secure.gravatar.com\/avatar\/f370d38daa10467f755c5c766a4cac20?s=96&d=mm&r=g","caption":"M. N., STA"},"url":"https:\/\/hudo.com\/si\/author\/mana\/"}]}},"amp_enabled":true,"_links":{"self":[{"href":"https:\/\/hudo.com\/si\/wp-json\/wp\/v2\/posts\/148131"}],"collection":[{"href":"https:\/\/hudo.com\/si\/wp-json\/wp\/v2\/posts"}],"about":[{"href":"https:\/\/hudo.com\/si\/wp-json\/wp\/v2\/types\/post"}],"author":[{"embeddable":true,"href":"https:\/\/hudo.com\/si\/wp-json\/wp\/v2\/users\/8"}],"replies":[{"embeddable":true,"href":"https:\/\/hudo.com\/si\/wp-json\/wp\/v2\/comments?post=148131"}],"version-history":[{"count":1,"href":"https:\/\/hudo.com\/si\/wp-json\/wp\/v2\/posts\/148131\/revisions"}],"predecessor-version":[{"id":148134,"href":"https:\/\/hudo.com\/si\/wp-json\/wp\/v2\/posts\/148131\/revisions\/148134"}],"wp:featuredmedia":[{"embeddable":true,"href":"https:\/\/hudo.com\/si\/wp-json\/wp\/v2\/media\/148132"}],"wp:attachment":[{"href":"https:\/\/hudo.com\/si\/wp-json\/wp\/v2\/media?parent=148131"}],"wp:term":[{"taxonomy":"category","embeddable":true,"href":"https:\/\/hudo.com\/si\/wp-json\/wp\/v2\/categories?post=148131"},{"taxonomy":"post_tag","embeddable":true,"href":"https:\/\/hudo.com\/si\/wp-json\/wp\/v2\/tags?post=148131"},{"taxonomy":"source","embeddable":true,"href":"https:\/\/hudo.com\/si\/wp-json\/wp\/v2\/source?post=148131"},{"taxonomy":"supertag","embeddable":true,"href":"https:\/\/hudo.com\/si\/wp-json\/wp\/v2\/supertag?post=148131"}],"curies":[{"name":"wp","href":"https:\/\/api.w.org\/{rel}","templated":true}]}}