{"id":148460,"date":"2016-10-06T13:00:00","date_gmt":"2016-10-06T11:00:00","guid":{"rendered":"http:\/\/hudo.com\/si\/2016\/10\/06\/po-prihodu-iz-minska-v-boj-za-novo-uveljavitev\/"},"modified":"2016-10-06T18:36:13","modified_gmt":"2016-10-06T16:36:13","slug":"po-prihodu-iz-minska-v-boj-za-novo-uveljavitev","status":"publish","type":"post","link":"https:\/\/hudo.com\/si\/aktualno\/po-prihodu-iz-minska-v-boj-za-novo-uveljavitev\/","title":{"rendered":"Po prihodu iz Minska v boj za novo uveljavitev"},"content":{"rendered":"<p>Kategorija: Hokej Thu, 06 Oct 2016 15:00:00 +0200  Zagreb \u2013 Hokejska sezona se je komaj dobro za\u010dela, pa je Olmpija \u017ee na dnu lestvice EBEL, Tivoli pa prazen kot v zadnjih letih. Manj kot dve uri vo\u017enje stran je Dom \u0161portov v Zagrebu, prizori\u0161\u010de presti\u017ene KHL, kjer je Jan Mur\u0161ak, kapetan slovenske reprezentance, prispeval pomemben dele\u017e k zmagi CSKA proti Medve\u0161\u010daku. Odkar je zagreb\u0161ki klub vstopil v KHL, od jeseni 2013, hokej najvi\u0161je ravni na evropskem liga\u0161kem zemljevidu ni ve\u010d dale\u010d od Slovenije, kar je tudi hitro mo\u010d opaziti tako po registrskih tablicah parkiranih avtomobilov okrog prizori\u0161\u010da kot tudi snidenju s \u0161tevilnimi znanimi obrazi, ki smo jih vrsto let sre\u010devali v slovenskih lednih arenah.Tudi na\u0161i nekdanji reprezentanti so se zbrali na torkov ve\u010der v Zagrebu, videli smo Roka Roj\u0161ka, Marka Smoleja, Toma\u017ea Vnuka, Luko \u017dagarja. Kolesarska falanga iz\u00a0&#8230;<\/p>\n","protected":false},"excerpt":{"rendered":"<p>Kategorija: Hokej Thu, 06 Oct 2016 15:00:00 +0200  Zagreb \u2013 Hokejska sezona se je komaj dobro za\u010dela, pa je Olmpija \u017ee na dnu lestvice EBEL, Tivoli pa prazen kot v zadnjih letih. Manj kot dve uri vo\u017enje stran je Dom \u0161portov v Zagrebu, prizori\u0161\u010de presti\u017ene KHL, kjer je Jan Mur\u0161ak, kapetan slovenske reprezentance, prispeval pomemben dele\u017e k zmagi CSKA proti Medve\u0161\u010daku. Odkar je zagreb\u0161ki klub vstopil v KHL, od jeseni 2013, hokej najvi\u0161je ravni na evropskem liga\u0161kem zemljevidu ni ve\u010d dale\u010d od Slovenije, kar je tudi hitro mo\u010d opaziti tako po registrskih tablicah parkiranih avtomobilov okrog prizori\u0161\u010da kot tudi snidenju s \u0161tevilnimi znanimi obrazi, ki smo jih vrsto let sre\u010devali v slovenskih lednih arenah.Tudi na\u0161i nekdanji reprezentanti so se zbrali na torkov ve\u010der v Zagrebu, videli smo Roka Roj\u0161ka, Marka Smoleja, Toma\u017ea Vnuka, Luko \u017dagarja. Kolesarska falanga iz\u00a0&#8230;<\/p>\n","protected":false},"author":1,"featured_media":0,"comment_status":"closed","ping_status":"closed","sticky":false,"template":"","format":"standard","meta":{"footnotes":""},"categories":[1179],"tags":[],"source":[1703],"supertag":[],"acf":[],"yoast_head":"<!-- This site is optimized with the Yoast SEO plugin v21.3 - https:\/\/yoast.com\/wordpress\/plugins\/seo\/ -->\n<title>Po prihodu iz Minska v boj za novo uveljavitev - Hudo Slovenija<\/title>\n<meta name=\"robots\" content=\"index, follow, max-snippet:-1, max-image-preview:large, max-video-preview:-1\" \/>\n<link rel=\"canonical\" href=\"https:\/\/hudo.com\/si\/aktualno\/po-prihodu-iz-minska-v-boj-za-novo-uveljavitev\/\" \/>\n<meta property=\"og:locale\" content=\"sl_SI\" \/>\n<meta property=\"og:type\" content=\"article\" \/>\n<meta property=\"og:title\" content=\"Po prihodu iz Minska v boj za novo uveljavitev - Hudo Slovenija\" \/>\n<meta property=\"og:description\" content=\"Kategorija: Hokej Thu, 06 Oct 2016 15:00:00 +0200 Zagreb \u2013 Hokejska sezona se je komaj dobro za\u010dela, pa je Olmpija \u017ee na dnu lestvice EBEL, Tivoli pa prazen kot v zadnjih letih. Manj kot dve uri vo\u017enje stran je Dom \u0161portov v Zagrebu, prizori\u0161\u010de presti\u017ene KHL, kjer je Jan Mur\u0161ak, kapetan slovenske reprezentance, prispeval pomemben dele\u017e k zmagi CSKA proti Medve\u0161\u010daku. Odkar je zagreb\u0161ki klub vstopil v KHL, od jeseni 2013, hokej najvi\u0161je ravni na evropskem liga\u0161kem zemljevidu ni ve\u010d dale\u010d od Slovenije, kar je tudi hitro mo\u010d opaziti tako po registrskih tablicah parkiranih avtomobilov okrog prizori\u0161\u010da kot tudi snidenju s \u0161tevilnimi znanimi obrazi, ki smo jih vrsto let sre\u010devali v slovenskih lednih arenah.Tudi na\u0161i nekdanji reprezentanti so se zbrali na torkov ve\u010der v Zagrebu, videli smo Roka Roj\u0161ka, Marka Smoleja, Toma\u017ea Vnuka, Luko \u017dagarja. Kolesarska falanga iz\u00a0...\" \/>\n<meta property=\"og:url\" content=\"https:\/\/hudo.com\/si\/aktualno\/po-prihodu-iz-minska-v-boj-za-novo-uveljavitev\/\" \/>\n<meta property=\"og:site_name\" content=\"Hudo Slovenija\" \/>\n<meta property=\"article:publisher\" content=\"https:\/\/www.facebook.com\/hudo.si\" \/>\n<meta property=\"article:published_time\" content=\"2016-10-06T11:00:00+00:00\" \/>\n<meta property=\"article:modified_time\" content=\"2016-10-06T16:36:13+00:00\" \/>\n<meta property=\"og:image\" content=\"https:\/\/hudo.com\/si\/wp-content\/uploads\/sites\/2\/2016\/10\/480x290_Sport__djvu_1838801_sinisa__hires0.jpeg\" \/>\n\t<meta property=\"og:image:width\" content=\"480\" \/>\n\t<meta property=\"og:image:height\" content=\"290\" \/>\n\t<meta property=\"og:image:type\" content=\"image\/jpeg\" \/>\n<meta name=\"author\" content=\"hudo\" \/>\n<meta name=\"twitter:card\" content=\"summary_large_image\" \/>\n<meta name=\"twitter:creator\" content=\"@hudo_si\" \/>\n<meta name=\"twitter:site\" content=\"@hudo_si\" \/>\n<meta name=\"twitter:label1\" content=\"Written by\" \/>\n\t<meta name=\"twitter:data1\" content=\"hudo\" \/>\n\t<meta name=\"twitter:label2\" content=\"Est. reading time\" \/>\n\t<meta name=\"twitter:data2\" content=\"1 minuta\" \/>\n<script type=\"application\/ld+json\" class=\"yoast-schema-graph\">{\"@context\":\"https:\/\/schema.org\",\"@graph\":[{\"@type\":\"Article\",\"@id\":\"https:\/\/hudo.com\/si\/aktualno\/po-prihodu-iz-minska-v-boj-za-novo-uveljavitev\/#article\",\"isPartOf\":{\"@id\":\"https:\/\/hudo.com\/si\/aktualno\/po-prihodu-iz-minska-v-boj-za-novo-uveljavitev\/\"},\"author\":{\"name\":\"hudo\",\"@id\":\"https:\/\/hudo.com\/si\/#\/schema\/person\/601cf3379633985b20f7e50f2bb47707\"},\"headline\":\"Po prihodu iz Minska v boj za novo uveljavitev\",\"datePublished\":\"2016-10-06T11:00:00+00:00\",\"dateModified\":\"2016-10-06T16:36:13+00:00\",\"mainEntityOfPage\":{\"@id\":\"https:\/\/hudo.com\/si\/aktualno\/po-prihodu-iz-minska-v-boj-za-novo-uveljavitev\/\"},\"wordCount\":157,\"publisher\":{\"@id\":\"https:\/\/hudo.com\/si\/#organization\"},\"articleSection\":[\"Aktualno\"],\"inLanguage\":\"sl-SI\"},{\"@type\":\"WebPage\",\"@id\":\"https:\/\/hudo.com\/si\/aktualno\/po-prihodu-iz-minska-v-boj-za-novo-uveljavitev\/\",\"url\":\"https:\/\/hudo.com\/si\/aktualno\/po-prihodu-iz-minska-v-boj-za-novo-uveljavitev\/\",\"name\":\"Po prihodu iz Minska v boj za novo uveljavitev - Hudo Slovenija\",\"isPartOf\":{\"@id\":\"https:\/\/hudo.com\/si\/#website\"},\"datePublished\":\"2016-10-06T11:00:00+00:00\",\"dateModified\":\"2016-10-06T16:36:13+00:00\",\"breadcrumb\":{\"@id\":\"https:\/\/hudo.com\/si\/aktualno\/po-prihodu-iz-minska-v-boj-za-novo-uveljavitev\/#breadcrumb\"},\"inLanguage\":\"sl-SI\",\"potentialAction\":[{\"@type\":\"ReadAction\",\"target\":[\"https:\/\/hudo.com\/si\/aktualno\/po-prihodu-iz-minska-v-boj-za-novo-uveljavitev\/\"]}]},{\"@type\":\"BreadcrumbList\",\"@id\":\"https:\/\/hudo.com\/si\/aktualno\/po-prihodu-iz-minska-v-boj-za-novo-uveljavitev\/#breadcrumb\",\"itemListElement\":[{\"@type\":\"ListItem\",\"position\":1,\"name\":\"Home\",\"item\":\"https:\/\/hudo.com\/si\/\"},{\"@type\":\"ListItem\",\"position\":2,\"name\":\"Po prihodu iz Minska v boj za novo uveljavitev\"}]},{\"@type\":\"WebSite\",\"@id\":\"https:\/\/hudo.com\/si\/#website\",\"url\":\"https:\/\/hudo.com\/si\/\",\"name\":\"Hudo Slovenija\",\"description\":\"Vse novice iz Slovenije in sveta\",\"publisher\":{\"@id\":\"https:\/\/hudo.com\/si\/#organization\"},\"potentialAction\":[{\"@type\":\"SearchAction\",\"target\":{\"@type\":\"EntryPoint\",\"urlTemplate\":\"https:\/\/hudo.com\/si\/?s={search_term_string}\"},\"query-input\":\"required name=search_term_string\"}],\"inLanguage\":\"sl-SI\"},{\"@type\":\"Organization\",\"@id\":\"https:\/\/hudo.com\/si\/#organization\",\"name\":\"VSN Media\",\"url\":\"https:\/\/hudo.com\/si\/\",\"logo\":{\"@type\":\"ImageObject\",\"inLanguage\":\"sl-SI\",\"@id\":\"https:\/\/hudo.com\/si\/#\/schema\/logo\/image\/\",\"url\":\"https:\/\/hudo.com\/si\/wp-content\/uploads\/sites\/2\/2021\/03\/hudo-app-2.png\",\"contentUrl\":\"https:\/\/hudo.com\/si\/wp-content\/uploads\/sites\/2\/2021\/03\/hudo-app-2.png\",\"width\":2185,\"height\":2167,\"caption\":\"VSN Media\"},\"image\":{\"@id\":\"https:\/\/hudo.com\/si\/#\/schema\/logo\/image\/\"},\"sameAs\":[\"https:\/\/www.facebook.com\/hudo.si\",\"https:\/\/twitter.com\/hudo_si\"]},{\"@type\":\"Person\",\"@id\":\"https:\/\/hudo.com\/si\/#\/schema\/person\/601cf3379633985b20f7e50f2bb47707\",\"name\":\"hudo\",\"image\":{\"@type\":\"ImageObject\",\"inLanguage\":\"sl-SI\",\"@id\":\"https:\/\/hudo.com\/si\/#\/schema\/person\/image\/\",\"url\":\"https:\/\/secure.gravatar.com\/avatar\/c4ca25fa72cace7a696b52ff5db9e095?s=96&d=mm&r=g\",\"contentUrl\":\"https:\/\/secure.gravatar.com\/avatar\/c4ca25fa72cace7a696b52ff5db9e095?s=96&d=mm&r=g\",\"caption\":\"hudo\"},\"url\":\"https:\/\/hudo.com\/si\/author\/hudo\/\"}]}<\/script>\n<!-- \/ Yoast SEO plugin. -->","yoast_head_json":{"title":"Po prihodu iz Minska v boj za novo uveljavitev - Hudo Slovenija","robots":{"index":"index","follow":"follow","max-snippet":"max-snippet:-1","max-image-preview":"max-image-preview:large","max-video-preview":"max-video-preview:-1"},"canonical":"https:\/\/hudo.com\/si\/aktualno\/po-prihodu-iz-minska-v-boj-za-novo-uveljavitev\/","og_locale":"sl_SI","og_type":"article","og_title":"Po prihodu iz Minska v boj za novo uveljavitev - Hudo Slovenija","og_description":"Kategorija: Hokej Thu, 06 Oct 2016 15:00:00 +0200 Zagreb \u2013 Hokejska sezona se je komaj dobro za\u010dela, pa je Olmpija \u017ee na dnu lestvice EBEL, Tivoli pa prazen kot v zadnjih letih. Manj kot dve uri vo\u017enje stran je Dom \u0161portov v Zagrebu, prizori\u0161\u010de presti\u017ene KHL, kjer je Jan Mur\u0161ak, kapetan slovenske reprezentance, prispeval pomemben dele\u017e k zmagi CSKA proti Medve\u0161\u010daku. Odkar je zagreb\u0161ki klub vstopil v KHL, od jeseni 2013, hokej najvi\u0161je ravni na evropskem liga\u0161kem zemljevidu ni ve\u010d dale\u010d od Slovenije, kar je tudi hitro mo\u010d opaziti tako po registrskih tablicah parkiranih avtomobilov okrog prizori\u0161\u010da kot tudi snidenju s \u0161tevilnimi znanimi obrazi, ki smo jih vrsto let sre\u010devali v slovenskih lednih arenah.Tudi na\u0161i nekdanji reprezentanti so se zbrali na torkov ve\u010der v Zagrebu, videli smo Roka Roj\u0161ka, Marka Smoleja, Toma\u017ea Vnuka, Luko \u017dagarja. Kolesarska falanga iz\u00a0...","og_url":"https:\/\/hudo.com\/si\/aktualno\/po-prihodu-iz-minska-v-boj-za-novo-uveljavitev\/","og_site_name":"Hudo Slovenija","article_publisher":"https:\/\/www.facebook.com\/hudo.si","article_published_time":"2016-10-06T11:00:00+00:00","article_modified_time":"2016-10-06T16:36:13+00:00","og_image":[{"width":480,"height":290,"url":"https:\/\/hudo.com\/si\/wp-content\/uploads\/sites\/2\/2016\/10\/480x290_Sport__djvu_1838801_sinisa__hires0.jpeg","type":"image\/jpeg"}],"author":"hudo","twitter_card":"summary_large_image","twitter_creator":"@hudo_si","twitter_site":"@hudo_si","twitter_misc":{"Written by":"hudo","Est. reading time":"1 minuta"},"schema":{"@context":"https:\/\/schema.org","@graph":[{"@type":"Article","@id":"https:\/\/hudo.com\/si\/aktualno\/po-prihodu-iz-minska-v-boj-za-novo-uveljavitev\/#article","isPartOf":{"@id":"https:\/\/hudo.com\/si\/aktualno\/po-prihodu-iz-minska-v-boj-za-novo-uveljavitev\/"},"author":{"name":"hudo","@id":"https:\/\/hudo.com\/si\/#\/schema\/person\/601cf3379633985b20f7e50f2bb47707"},"headline":"Po prihodu iz Minska v boj za novo uveljavitev","datePublished":"2016-10-06T11:00:00+00:00","dateModified":"2016-10-06T16:36:13+00:00","mainEntityOfPage":{"@id":"https:\/\/hudo.com\/si\/aktualno\/po-prihodu-iz-minska-v-boj-za-novo-uveljavitev\/"},"wordCount":157,"publisher":{"@id":"https:\/\/hudo.com\/si\/#organization"},"articleSection":["Aktualno"],"inLanguage":"sl-SI"},{"@type":"WebPage","@id":"https:\/\/hudo.com\/si\/aktualno\/po-prihodu-iz-minska-v-boj-za-novo-uveljavitev\/","url":"https:\/\/hudo.com\/si\/aktualno\/po-prihodu-iz-minska-v-boj-za-novo-uveljavitev\/","name":"Po prihodu iz Minska v boj za novo uveljavitev - Hudo Slovenija","isPartOf":{"@id":"https:\/\/hudo.com\/si\/#website"},"datePublished":"2016-10-06T11:00:00+00:00","dateModified":"2016-10-06T16:36:13+00:00","breadcrumb":{"@id":"https:\/\/hudo.com\/si\/aktualno\/po-prihodu-iz-minska-v-boj-za-novo-uveljavitev\/#breadcrumb"},"inLanguage":"sl-SI","potentialAction":[{"@type":"ReadAction","target":["https:\/\/hudo.com\/si\/aktualno\/po-prihodu-iz-minska-v-boj-za-novo-uveljavitev\/"]}]},{"@type":"BreadcrumbList","@id":"https:\/\/hudo.com\/si\/aktualno\/po-prihodu-iz-minska-v-boj-za-novo-uveljavitev\/#breadcrumb","itemListElement":[{"@type":"ListItem","position":1,"name":"Home","item":"https:\/\/hudo.com\/si\/"},{"@type":"ListItem","position":2,"name":"Po prihodu iz Minska v boj za novo uveljavitev"}]},{"@type":"WebSite","@id":"https:\/\/hudo.com\/si\/#website","url":"https:\/\/hudo.com\/si\/","name":"Hudo Slovenija","description":"Vse novice iz Slovenije in sveta","publisher":{"@id":"https:\/\/hudo.com\/si\/#organization"},"potentialAction":[{"@type":"SearchAction","target":{"@type":"EntryPoint","urlTemplate":"https:\/\/hudo.com\/si\/?s={search_term_string}"},"query-input":"required name=search_term_string"}],"inLanguage":"sl-SI"},{"@type":"Organization","@id":"https:\/\/hudo.com\/si\/#organization","name":"VSN Media","url":"https:\/\/hudo.com\/si\/","logo":{"@type":"ImageObject","inLanguage":"sl-SI","@id":"https:\/\/hudo.com\/si\/#\/schema\/logo\/image\/","url":"https:\/\/hudo.com\/si\/wp-content\/uploads\/sites\/2\/2021\/03\/hudo-app-2.png","contentUrl":"https:\/\/hudo.com\/si\/wp-content\/uploads\/sites\/2\/2021\/03\/hudo-app-2.png","width":2185,"height":2167,"caption":"VSN Media"},"image":{"@id":"https:\/\/hudo.com\/si\/#\/schema\/logo\/image\/"},"sameAs":["https:\/\/www.facebook.com\/hudo.si","https:\/\/twitter.com\/hudo_si"]},{"@type":"Person","@id":"https:\/\/hudo.com\/si\/#\/schema\/person\/601cf3379633985b20f7e50f2bb47707","name":"hudo","image":{"@type":"ImageObject","inLanguage":"sl-SI","@id":"https:\/\/hudo.com\/si\/#\/schema\/person\/image\/","url":"https:\/\/secure.gravatar.com\/avatar\/c4ca25fa72cace7a696b52ff5db9e095?s=96&d=mm&r=g","contentUrl":"https:\/\/secure.gravatar.com\/avatar\/c4ca25fa72cace7a696b52ff5db9e095?s=96&d=mm&r=g","caption":"hudo"},"url":"https:\/\/hudo.com\/si\/author\/hudo\/"}]}},"amp_enabled":true,"_links":{"self":[{"href":"https:\/\/hudo.com\/si\/wp-json\/wp\/v2\/posts\/148460"}],"collection":[{"href":"https:\/\/hudo.com\/si\/wp-json\/wp\/v2\/posts"}],"about":[{"href":"https:\/\/hudo.com\/si\/wp-json\/wp\/v2\/types\/post"}],"author":[{"embeddable":true,"href":"https:\/\/hudo.com\/si\/wp-json\/wp\/v2\/users\/1"}],"replies":[{"embeddable":true,"href":"https:\/\/hudo.com\/si\/wp-json\/wp\/v2\/comments?post=148460"}],"version-history":[{"count":1,"href":"https:\/\/hudo.com\/si\/wp-json\/wp\/v2\/posts\/148460\/revisions"}],"predecessor-version":[{"id":148604,"href":"https:\/\/hudo.com\/si\/wp-json\/wp\/v2\/posts\/148460\/revisions\/148604"}],"wp:attachment":[{"href":"https:\/\/hudo.com\/si\/wp-json\/wp\/v2\/media?parent=148460"}],"wp:term":[{"taxonomy":"category","embeddable":true,"href":"https:\/\/hudo.com\/si\/wp-json\/wp\/v2\/categories?post=148460"},{"taxonomy":"post_tag","embeddable":true,"href":"https:\/\/hudo.com\/si\/wp-json\/wp\/v2\/tags?post=148460"},{"taxonomy":"source","embeddable":true,"href":"https:\/\/hudo.com\/si\/wp-json\/wp\/v2\/source?post=148460"},{"taxonomy":"supertag","embeddable":true,"href":"https:\/\/hudo.com\/si\/wp-json\/wp\/v2\/supertag?post=148460"}],"curies":[{"name":"wp","href":"https:\/\/api.w.org\/{rel}","templated":true}]}}