{"id":148545,"date":"2016-10-06T15:53:13","date_gmt":"2016-10-06T13:53:13","guid":{"rendered":"http:\/\/hudo.com\/si\/2016\/10\/06\/oddaja-aktualno-danes-ob-19-30-napad-ministrice-kolar-celarceve-na-lekarnarje-in-koncesionarje\/"},"modified":"2016-10-07T05:22:13","modified_gmt":"2016-10-07T03:22:13","slug":"oddaja-aktualno-danes-ob-19-30-napad-ministrice-kolar-celarceve-na-lekarnarje-in-koncesionarje","status":"publish","type":"post","link":"https:\/\/hudo.com\/si\/aktualno\/oddaja-aktualno-danes-ob-19-30-napad-ministrice-kolar-celarceve-na-lekarnarje-in-koncesionarje\/","title":{"rendered":"Oddaja Aktualno danes ob 19.30 \u2013 napad ministrice Kolar Celar\u010deve na lekarnarje in koncesionarje"},"content":{"rendered":"<p>Spo\u0161tovane\u00a0gledalke, spo\u0161tovani gledalci, obve\u0161\u010damo vas, da smo za\u010deli z\u00a0novo programsko shemo, prav tako pa nas po novem lahko spremljate tudi preko antene, za\u010deli smo namre\u010d poskusno obdobje na multipleksu. Vsak dan bomo za vas pripravili vsebinsko bogat program, predvsem pa vam bomo po najbolj\u0161ih mo\u010deh predstavili aktualno dru\u017ebeno-politi\u010dno dogajanje doma in po svetu.\u00a0\u0160e naprej bomo<\/p>\n","protected":false},"excerpt":{"rendered":"<p>Spo\u0161tovane\u00a0gledalke, spo\u0161tovani gledalci, obve\u0161\u010damo vas, da smo za\u010deli z\u00a0novo programsko shemo, prav tako pa nas po novem lahko spremljate tudi preko antene, za\u010deli smo namre\u010d poskusno obdobje na multipleksu. Vsak dan bomo za vas pripravili vsebinsko bogat program, predvsem pa vam bomo po najbolj\u0161ih mo\u010deh predstavili aktualno dru\u017ebeno-politi\u010dno dogajanje doma in po svetu.\u00a0\u0160e naprej bomo<\/p>\n","protected":false},"author":1,"featured_media":0,"comment_status":"closed","ping_status":"closed","sticky":false,"template":"","format":"standard","meta":{"footnotes":""},"categories":[1179],"tags":[],"source":[1710],"supertag":[],"acf":[],"yoast_head":"<!-- This site is optimized with the Yoast SEO plugin v21.3 - https:\/\/yoast.com\/wordpress\/plugins\/seo\/ -->\n<title>Oddaja Aktualno danes ob 19.30 \u2013 napad ministrice Kolar Celar\u010deve na lekarnarje in koncesionarje - Hudo Slovenija<\/title>\n<meta name=\"robots\" content=\"index, follow, max-snippet:-1, max-image-preview:large, max-video-preview:-1\" \/>\n<link rel=\"canonical\" href=\"https:\/\/hudo.com\/si\/aktualno\/oddaja-aktualno-danes-ob-19-30-napad-ministrice-kolar-celarceve-na-lekarnarje-in-koncesionarje\/\" \/>\n<meta property=\"og:locale\" content=\"sl_SI\" \/>\n<meta property=\"og:type\" content=\"article\" \/>\n<meta property=\"og:title\" content=\"Oddaja Aktualno danes ob 19.30 \u2013 napad ministrice Kolar Celar\u010deve na lekarnarje in koncesionarje - Hudo Slovenija\" \/>\n<meta property=\"og:description\" content=\"Spo\u0161tovane\u00a0gledalke, spo\u0161tovani gledalci, obve\u0161\u010damo vas, da smo za\u010deli z\u00a0novo programsko shemo, prav tako pa nas po novem lahko spremljate tudi preko antene, za\u010deli smo namre\u010d poskusno obdobje na multipleksu. Vsak dan bomo za vas pripravili vsebinsko bogat program, predvsem pa vam bomo po najbolj\u0161ih mo\u010deh predstavili aktualno dru\u017ebeno-politi\u010dno dogajanje doma in po svetu.\u00a0\u0160e naprej bomo\" \/>\n<meta property=\"og:url\" content=\"https:\/\/hudo.com\/si\/aktualno\/oddaja-aktualno-danes-ob-19-30-napad-ministrice-kolar-celarceve-na-lekarnarje-in-koncesionarje\/\" \/>\n<meta property=\"og:site_name\" content=\"Hudo Slovenija\" \/>\n<meta property=\"article:publisher\" content=\"https:\/\/www.facebook.com\/hudo.si\" \/>\n<meta property=\"article:published_time\" content=\"2016-10-06T13:53:13+00:00\" \/>\n<meta property=\"article:modified_time\" content=\"2016-10-07T03:22:13+00:00\" \/>\n<meta property=\"og:image\" content=\"https:\/\/hudo.com\/si\/wp-content\/uploads\/sites\/2\/2016\/10\/nova24tv-tudi-na-anteni-nocoj-ob-19-30-oddaja-objektiv-o-novi-ministrici-za-finance-in-mini-davcni-reformi-01.png\" \/>\n\t<meta property=\"og:image:width\" content=\"499\" \/>\n\t<meta property=\"og:image:height\" content=\"499\" \/>\n\t<meta property=\"og:image:type\" content=\"image\/png\" \/>\n<meta name=\"author\" content=\"hudo\" \/>\n<meta name=\"twitter:card\" content=\"summary_large_image\" \/>\n<meta name=\"twitter:creator\" content=\"@hudo_si\" \/>\n<meta name=\"twitter:site\" content=\"@hudo_si\" \/>\n<meta name=\"twitter:label1\" content=\"Written by\" \/>\n\t<meta name=\"twitter:data1\" content=\"hudo\" \/>\n<script type=\"application\/ld+json\" class=\"yoast-schema-graph\">{\"@context\":\"https:\/\/schema.org\",\"@graph\":[{\"@type\":\"Article\",\"@id\":\"https:\/\/hudo.com\/si\/aktualno\/oddaja-aktualno-danes-ob-19-30-napad-ministrice-kolar-celarceve-na-lekarnarje-in-koncesionarje\/#article\",\"isPartOf\":{\"@id\":\"https:\/\/hudo.com\/si\/aktualno\/oddaja-aktualno-danes-ob-19-30-napad-ministrice-kolar-celarceve-na-lekarnarje-in-koncesionarje\/\"},\"author\":{\"name\":\"hudo\",\"@id\":\"https:\/\/hudo.com\/si\/#\/schema\/person\/601cf3379633985b20f7e50f2bb47707\"},\"headline\":\"Oddaja Aktualno danes ob 19.30 \u2013 napad ministrice Kolar Celar\u010deve na lekarnarje in koncesionarje\",\"datePublished\":\"2016-10-06T13:53:13+00:00\",\"dateModified\":\"2016-10-07T03:22:13+00:00\",\"mainEntityOfPage\":{\"@id\":\"https:\/\/hudo.com\/si\/aktualno\/oddaja-aktualno-danes-ob-19-30-napad-ministrice-kolar-celarceve-na-lekarnarje-in-koncesionarje\/\"},\"wordCount\":80,\"publisher\":{\"@id\":\"https:\/\/hudo.com\/si\/#organization\"},\"articleSection\":[\"Aktualno\"],\"inLanguage\":\"sl-SI\"},{\"@type\":\"WebPage\",\"@id\":\"https:\/\/hudo.com\/si\/aktualno\/oddaja-aktualno-danes-ob-19-30-napad-ministrice-kolar-celarceve-na-lekarnarje-in-koncesionarje\/\",\"url\":\"https:\/\/hudo.com\/si\/aktualno\/oddaja-aktualno-danes-ob-19-30-napad-ministrice-kolar-celarceve-na-lekarnarje-in-koncesionarje\/\",\"name\":\"Oddaja Aktualno danes ob 19.30 \u2013 napad ministrice Kolar Celar\u010deve na lekarnarje in koncesionarje - Hudo Slovenija\",\"isPartOf\":{\"@id\":\"https:\/\/hudo.com\/si\/#website\"},\"datePublished\":\"2016-10-06T13:53:13+00:00\",\"dateModified\":\"2016-10-07T03:22:13+00:00\",\"breadcrumb\":{\"@id\":\"https:\/\/hudo.com\/si\/aktualno\/oddaja-aktualno-danes-ob-19-30-napad-ministrice-kolar-celarceve-na-lekarnarje-in-koncesionarje\/#breadcrumb\"},\"inLanguage\":\"sl-SI\",\"potentialAction\":[{\"@type\":\"ReadAction\",\"target\":[\"https:\/\/hudo.com\/si\/aktualno\/oddaja-aktualno-danes-ob-19-30-napad-ministrice-kolar-celarceve-na-lekarnarje-in-koncesionarje\/\"]}]},{\"@type\":\"BreadcrumbList\",\"@id\":\"https:\/\/hudo.com\/si\/aktualno\/oddaja-aktualno-danes-ob-19-30-napad-ministrice-kolar-celarceve-na-lekarnarje-in-koncesionarje\/#breadcrumb\",\"itemListElement\":[{\"@type\":\"ListItem\",\"position\":1,\"name\":\"Home\",\"item\":\"https:\/\/hudo.com\/si\/\"},{\"@type\":\"ListItem\",\"position\":2,\"name\":\"Oddaja Aktualno danes ob 19.30 \u2013 napad ministrice Kolar Celar\u010deve na lekarnarje in koncesionarje\"}]},{\"@type\":\"WebSite\",\"@id\":\"https:\/\/hudo.com\/si\/#website\",\"url\":\"https:\/\/hudo.com\/si\/\",\"name\":\"Hudo Slovenija\",\"description\":\"Vse novice iz Slovenije in sveta\",\"publisher\":{\"@id\":\"https:\/\/hudo.com\/si\/#organization\"},\"potentialAction\":[{\"@type\":\"SearchAction\",\"target\":{\"@type\":\"EntryPoint\",\"urlTemplate\":\"https:\/\/hudo.com\/si\/?s={search_term_string}\"},\"query-input\":\"required name=search_term_string\"}],\"inLanguage\":\"sl-SI\"},{\"@type\":\"Organization\",\"@id\":\"https:\/\/hudo.com\/si\/#organization\",\"name\":\"VSN Media\",\"url\":\"https:\/\/hudo.com\/si\/\",\"logo\":{\"@type\":\"ImageObject\",\"inLanguage\":\"sl-SI\",\"@id\":\"https:\/\/hudo.com\/si\/#\/schema\/logo\/image\/\",\"url\":\"https:\/\/hudo.com\/si\/wp-content\/uploads\/sites\/2\/2021\/03\/hudo-app-2.png\",\"contentUrl\":\"https:\/\/hudo.com\/si\/wp-content\/uploads\/sites\/2\/2021\/03\/hudo-app-2.png\",\"width\":2185,\"height\":2167,\"caption\":\"VSN Media\"},\"image\":{\"@id\":\"https:\/\/hudo.com\/si\/#\/schema\/logo\/image\/\"},\"sameAs\":[\"https:\/\/www.facebook.com\/hudo.si\",\"https:\/\/twitter.com\/hudo_si\"]},{\"@type\":\"Person\",\"@id\":\"https:\/\/hudo.com\/si\/#\/schema\/person\/601cf3379633985b20f7e50f2bb47707\",\"name\":\"hudo\",\"image\":{\"@type\":\"ImageObject\",\"inLanguage\":\"sl-SI\",\"@id\":\"https:\/\/hudo.com\/si\/#\/schema\/person\/image\/\",\"url\":\"https:\/\/secure.gravatar.com\/avatar\/c4ca25fa72cace7a696b52ff5db9e095?s=96&d=mm&r=g\",\"contentUrl\":\"https:\/\/secure.gravatar.com\/avatar\/c4ca25fa72cace7a696b52ff5db9e095?s=96&d=mm&r=g\",\"caption\":\"hudo\"},\"url\":\"https:\/\/hudo.com\/si\/author\/hudo\/\"}]}<\/script>\n<!-- \/ Yoast SEO plugin. -->","yoast_head_json":{"title":"Oddaja Aktualno danes ob 19.30 \u2013 napad ministrice Kolar Celar\u010deve na lekarnarje in koncesionarje - Hudo Slovenija","robots":{"index":"index","follow":"follow","max-snippet":"max-snippet:-1","max-image-preview":"max-image-preview:large","max-video-preview":"max-video-preview:-1"},"canonical":"https:\/\/hudo.com\/si\/aktualno\/oddaja-aktualno-danes-ob-19-30-napad-ministrice-kolar-celarceve-na-lekarnarje-in-koncesionarje\/","og_locale":"sl_SI","og_type":"article","og_title":"Oddaja Aktualno danes ob 19.30 \u2013 napad ministrice Kolar Celar\u010deve na lekarnarje in koncesionarje - Hudo Slovenija","og_description":"Spo\u0161tovane\u00a0gledalke, spo\u0161tovani gledalci, obve\u0161\u010damo vas, da smo za\u010deli z\u00a0novo programsko shemo, prav tako pa nas po novem lahko spremljate tudi preko antene, za\u010deli smo namre\u010d poskusno obdobje na multipleksu. Vsak dan bomo za vas pripravili vsebinsko bogat program, predvsem pa vam bomo po najbolj\u0161ih mo\u010deh predstavili aktualno dru\u017ebeno-politi\u010dno dogajanje doma in po svetu.\u00a0\u0160e naprej bomo","og_url":"https:\/\/hudo.com\/si\/aktualno\/oddaja-aktualno-danes-ob-19-30-napad-ministrice-kolar-celarceve-na-lekarnarje-in-koncesionarje\/","og_site_name":"Hudo Slovenija","article_publisher":"https:\/\/www.facebook.com\/hudo.si","article_published_time":"2016-10-06T13:53:13+00:00","article_modified_time":"2016-10-07T03:22:13+00:00","og_image":[{"width":499,"height":499,"url":"https:\/\/hudo.com\/si\/wp-content\/uploads\/sites\/2\/2016\/10\/nova24tv-tudi-na-anteni-nocoj-ob-19-30-oddaja-objektiv-o-novi-ministrici-za-finance-in-mini-davcni-reformi-01.png","type":"image\/png"}],"author":"hudo","twitter_card":"summary_large_image","twitter_creator":"@hudo_si","twitter_site":"@hudo_si","twitter_misc":{"Written by":"hudo"},"schema":{"@context":"https:\/\/schema.org","@graph":[{"@type":"Article","@id":"https:\/\/hudo.com\/si\/aktualno\/oddaja-aktualno-danes-ob-19-30-napad-ministrice-kolar-celarceve-na-lekarnarje-in-koncesionarje\/#article","isPartOf":{"@id":"https:\/\/hudo.com\/si\/aktualno\/oddaja-aktualno-danes-ob-19-30-napad-ministrice-kolar-celarceve-na-lekarnarje-in-koncesionarje\/"},"author":{"name":"hudo","@id":"https:\/\/hudo.com\/si\/#\/schema\/person\/601cf3379633985b20f7e50f2bb47707"},"headline":"Oddaja Aktualno danes ob 19.30 \u2013 napad ministrice Kolar Celar\u010deve na lekarnarje in koncesionarje","datePublished":"2016-10-06T13:53:13+00:00","dateModified":"2016-10-07T03:22:13+00:00","mainEntityOfPage":{"@id":"https:\/\/hudo.com\/si\/aktualno\/oddaja-aktualno-danes-ob-19-30-napad-ministrice-kolar-celarceve-na-lekarnarje-in-koncesionarje\/"},"wordCount":80,"publisher":{"@id":"https:\/\/hudo.com\/si\/#organization"},"articleSection":["Aktualno"],"inLanguage":"sl-SI"},{"@type":"WebPage","@id":"https:\/\/hudo.com\/si\/aktualno\/oddaja-aktualno-danes-ob-19-30-napad-ministrice-kolar-celarceve-na-lekarnarje-in-koncesionarje\/","url":"https:\/\/hudo.com\/si\/aktualno\/oddaja-aktualno-danes-ob-19-30-napad-ministrice-kolar-celarceve-na-lekarnarje-in-koncesionarje\/","name":"Oddaja Aktualno danes ob 19.30 \u2013 napad ministrice Kolar Celar\u010deve na lekarnarje in koncesionarje - Hudo Slovenija","isPartOf":{"@id":"https:\/\/hudo.com\/si\/#website"},"datePublished":"2016-10-06T13:53:13+00:00","dateModified":"2016-10-07T03:22:13+00:00","breadcrumb":{"@id":"https:\/\/hudo.com\/si\/aktualno\/oddaja-aktualno-danes-ob-19-30-napad-ministrice-kolar-celarceve-na-lekarnarje-in-koncesionarje\/#breadcrumb"},"inLanguage":"sl-SI","potentialAction":[{"@type":"ReadAction","target":["https:\/\/hudo.com\/si\/aktualno\/oddaja-aktualno-danes-ob-19-30-napad-ministrice-kolar-celarceve-na-lekarnarje-in-koncesionarje\/"]}]},{"@type":"BreadcrumbList","@id":"https:\/\/hudo.com\/si\/aktualno\/oddaja-aktualno-danes-ob-19-30-napad-ministrice-kolar-celarceve-na-lekarnarje-in-koncesionarje\/#breadcrumb","itemListElement":[{"@type":"ListItem","position":1,"name":"Home","item":"https:\/\/hudo.com\/si\/"},{"@type":"ListItem","position":2,"name":"Oddaja Aktualno danes ob 19.30 \u2013 napad ministrice Kolar Celar\u010deve na lekarnarje in koncesionarje"}]},{"@type":"WebSite","@id":"https:\/\/hudo.com\/si\/#website","url":"https:\/\/hudo.com\/si\/","name":"Hudo Slovenija","description":"Vse novice iz Slovenije in sveta","publisher":{"@id":"https:\/\/hudo.com\/si\/#organization"},"potentialAction":[{"@type":"SearchAction","target":{"@type":"EntryPoint","urlTemplate":"https:\/\/hudo.com\/si\/?s={search_term_string}"},"query-input":"required name=search_term_string"}],"inLanguage":"sl-SI"},{"@type":"Organization","@id":"https:\/\/hudo.com\/si\/#organization","name":"VSN Media","url":"https:\/\/hudo.com\/si\/","logo":{"@type":"ImageObject","inLanguage":"sl-SI","@id":"https:\/\/hudo.com\/si\/#\/schema\/logo\/image\/","url":"https:\/\/hudo.com\/si\/wp-content\/uploads\/sites\/2\/2021\/03\/hudo-app-2.png","contentUrl":"https:\/\/hudo.com\/si\/wp-content\/uploads\/sites\/2\/2021\/03\/hudo-app-2.png","width":2185,"height":2167,"caption":"VSN Media"},"image":{"@id":"https:\/\/hudo.com\/si\/#\/schema\/logo\/image\/"},"sameAs":["https:\/\/www.facebook.com\/hudo.si","https:\/\/twitter.com\/hudo_si"]},{"@type":"Person","@id":"https:\/\/hudo.com\/si\/#\/schema\/person\/601cf3379633985b20f7e50f2bb47707","name":"hudo","image":{"@type":"ImageObject","inLanguage":"sl-SI","@id":"https:\/\/hudo.com\/si\/#\/schema\/person\/image\/","url":"https:\/\/secure.gravatar.com\/avatar\/c4ca25fa72cace7a696b52ff5db9e095?s=96&d=mm&r=g","contentUrl":"https:\/\/secure.gravatar.com\/avatar\/c4ca25fa72cace7a696b52ff5db9e095?s=96&d=mm&r=g","caption":"hudo"},"url":"https:\/\/hudo.com\/si\/author\/hudo\/"}]}},"amp_enabled":true,"_links":{"self":[{"href":"https:\/\/hudo.com\/si\/wp-json\/wp\/v2\/posts\/148545"}],"collection":[{"href":"https:\/\/hudo.com\/si\/wp-json\/wp\/v2\/posts"}],"about":[{"href":"https:\/\/hudo.com\/si\/wp-json\/wp\/v2\/types\/post"}],"author":[{"embeddable":true,"href":"https:\/\/hudo.com\/si\/wp-json\/wp\/v2\/users\/1"}],"replies":[{"embeddable":true,"href":"https:\/\/hudo.com\/si\/wp-json\/wp\/v2\/comments?post=148545"}],"version-history":[{"count":1,"href":"https:\/\/hudo.com\/si\/wp-json\/wp\/v2\/posts\/148545\/revisions"}],"predecessor-version":[{"id":148666,"href":"https:\/\/hudo.com\/si\/wp-json\/wp\/v2\/posts\/148545\/revisions\/148666"}],"wp:attachment":[{"href":"https:\/\/hudo.com\/si\/wp-json\/wp\/v2\/media?parent=148545"}],"wp:term":[{"taxonomy":"category","embeddable":true,"href":"https:\/\/hudo.com\/si\/wp-json\/wp\/v2\/categories?post=148545"},{"taxonomy":"post_tag","embeddable":true,"href":"https:\/\/hudo.com\/si\/wp-json\/wp\/v2\/tags?post=148545"},{"taxonomy":"source","embeddable":true,"href":"https:\/\/hudo.com\/si\/wp-json\/wp\/v2\/source?post=148545"},{"taxonomy":"supertag","embeddable":true,"href":"https:\/\/hudo.com\/si\/wp-json\/wp\/v2\/supertag?post=148545"}],"curies":[{"name":"wp","href":"https:\/\/api.w.org\/{rel}","templated":true}]}}