{"id":148547,"date":"2016-10-06T15:30:00","date_gmt":"2016-10-06T13:30:00","guid":{"rendered":"http:\/\/hudo.com\/si\/2016\/10\/06\/varnostni-svet-guterresa-posilja-v-potrditev-generalni-skupscini-ozn\/"},"modified":"2016-10-06T15:30:00","modified_gmt":"2016-10-06T13:30:00","slug":"varnostni-svet-guterresa-posilja-v-potrditev-generalni-skupscini-ozn","status":"publish","type":"post","link":"https:\/\/hudo.com\/si\/aktualno\/varnostni-svet-guterresa-posilja-v-potrditev-generalni-skupscini-ozn\/","title":{"rendered":"Varnostni svet Guterresa po\u0161ilja v potrditev Generalni skup\u0161\u010dini OZN"},"content":{"rendered":"<p>Predsedujo\u010di Varnostnemu svetu Zdru\u017eenih narodov v oktobru, veleposlanik Rusije Vitalij \u010curkin, je po kraj\u0161em zasedanju Varnostnega sveta za zaprtimi vrati danes sporo\u010dil, da je 15-\u010dlanski VS obravnaval in z aklamacijo potrdil kandidaturo Portugalca Antonia Guterresa za generalnega sekretarja ZN od 1. januarja 2017 do 31. decembra 2021.  Ustanovna listina Zdru\u017eenih narodov dolo\u010da, da generalnega sekretarja ZN potrdi Generalna skup\u0161\u010dina ZN na priporo\u010dilo Varnostnega sveta. Do leto\u0161njega leta so imena kandidatov priromala v Varnostni svet mimo Generalne skup\u0161\u010dine, letos pa je moralo 13 kandidatov, med katerimi je bil tudi Slovenec Danilo T\u00fcrk, predstaviti svoje kandidature tudi v 193-\u010dlanski skup\u0161\u010dini. Guterres je takoj na za\u010detku po\u017eel najve\u010d odobravanja in je potem osvajal prva mesta z najve\u010d podpore tudi na vseh neformalnih glasovanjih v Varnostnem svetu.Svet<\/p>\n","protected":false},"excerpt":{"rendered":"<p>Predsedujo\u010di Varnostnemu svetu Zdru\u017eenih narodov v oktobru, veleposlanik Rusije Vitalij \u010curkin, je po kraj\u0161em zasedanju Varnostnega sveta za zaprtimi vrati danes sporo\u010dil, da je 15-\u010dlanski VS obravnaval in z aklamacijo potrdil kandidaturo Portugalca Antonia Guterresa za generalnega sekretarja ZN od 1. januarja 2017 do 31. decembra 2021.  Ustanovna listina Zdru\u017eenih narodov dolo\u010da, da generalnega sekretarja ZN potrdi Generalna skup\u0161\u010dina ZN na priporo\u010dilo Varnostnega sveta. Do leto\u0161njega leta so imena kandidatov priromala v Varnostni svet mimo Generalne skup\u0161\u010dine, letos pa je moralo 13 kandidatov, med katerimi je bil tudi Slovenec Danilo T\u00fcrk, predstaviti svoje kandidature tudi v 193-\u010dlanski skup\u0161\u010dini. Guterres je takoj na za\u010detku po\u017eel najve\u010d odobravanja in je potem osvajal prva mesta z najve\u010d podpore tudi na vseh neformalnih glasovanjih v Varnostnem svetu.Svet<\/p>\n","protected":false},"author":1,"featured_media":0,"comment_status":"closed","ping_status":"closed","sticky":false,"template":"","format":"standard","meta":{"footnotes":""},"categories":[1179],"tags":[],"source":[1711],"supertag":[],"acf":[],"yoast_head":"<!-- This site is optimized with the Yoast SEO plugin v21.3 - https:\/\/yoast.com\/wordpress\/plugins\/seo\/ -->\n<title>Varnostni svet Guterresa po\u0161ilja v potrditev Generalni skup\u0161\u010dini OZN - Hudo Slovenija<\/title>\n<meta name=\"robots\" content=\"index, follow, max-snippet:-1, max-image-preview:large, max-video-preview:-1\" \/>\n<link rel=\"canonical\" href=\"https:\/\/hudo.com\/si\/aktualno\/varnostni-svet-guterresa-posilja-v-potrditev-generalni-skupscini-ozn\/\" \/>\n<meta property=\"og:locale\" content=\"sl_SI\" \/>\n<meta property=\"og:type\" content=\"article\" \/>\n<meta property=\"og:title\" content=\"Varnostni svet Guterresa po\u0161ilja v potrditev Generalni skup\u0161\u010dini OZN - Hudo Slovenija\" \/>\n<meta property=\"og:description\" content=\"Predsedujo\u010di Varnostnemu svetu Zdru\u017eenih narodov v oktobru, veleposlanik Rusije Vitalij \u010curkin, je po kraj\u0161em zasedanju Varnostnega sveta za zaprtimi vrati danes sporo\u010dil, da je 15-\u010dlanski VS obravnaval in z aklamacijo potrdil kandidaturo Portugalca Antonia Guterresa za generalnega sekretarja ZN od 1. januarja 2017 do 31. decembra 2021. Ustanovna listina Zdru\u017eenih narodov dolo\u010da, da generalnega sekretarja ZN potrdi Generalna skup\u0161\u010dina ZN na priporo\u010dilo Varnostnega sveta. Do leto\u0161njega leta so imena kandidatov priromala v Varnostni svet mimo Generalne skup\u0161\u010dine, letos pa je moralo 13 kandidatov, med katerimi je bil tudi Slovenec Danilo T\u00fcrk, predstaviti svoje kandidature tudi v 193-\u010dlanski skup\u0161\u010dini. Guterres je takoj na za\u010detku po\u017eel najve\u010d odobravanja in je potem osvajal prva mesta z najve\u010d podpore tudi na vseh neformalnih glasovanjih v Varnostnem svetu.Svet\" \/>\n<meta property=\"og:url\" content=\"https:\/\/hudo.com\/si\/aktualno\/varnostni-svet-guterresa-posilja-v-potrditev-generalni-skupscini-ozn\/\" \/>\n<meta property=\"og:site_name\" content=\"Hudo Slovenija\" \/>\n<meta property=\"article:publisher\" content=\"https:\/\/www.facebook.com\/hudo.si\" \/>\n<meta property=\"article:published_time\" content=\"2016-10-06T13:30:00+00:00\" \/>\n<meta property=\"og:image\" content=\"https:\/\/hudo.com\/si\/wp-content\/uploads\/sites\/2\/2016\/10\/h_52475777-300.jpg\" \/>\n\t<meta property=\"og:image:width\" content=\"450\" \/>\n\t<meta property=\"og:image:height\" content=\"300\" \/>\n\t<meta property=\"og:image:type\" content=\"image\/jpeg\" \/>\n<meta name=\"author\" content=\"hudo\" \/>\n<meta name=\"twitter:card\" content=\"summary_large_image\" \/>\n<meta name=\"twitter:creator\" content=\"@hudo_si\" \/>\n<meta name=\"twitter:site\" content=\"@hudo_si\" \/>\n<meta name=\"twitter:label1\" content=\"Written by\" \/>\n\t<meta name=\"twitter:data1\" content=\"hudo\" \/>\n\t<meta name=\"twitter:label2\" content=\"Est. reading time\" \/>\n\t<meta name=\"twitter:data2\" content=\"1 minuta\" \/>\n<script type=\"application\/ld+json\" class=\"yoast-schema-graph\">{\"@context\":\"https:\/\/schema.org\",\"@graph\":[{\"@type\":\"Article\",\"@id\":\"https:\/\/hudo.com\/si\/aktualno\/varnostni-svet-guterresa-posilja-v-potrditev-generalni-skupscini-ozn\/#article\",\"isPartOf\":{\"@id\":\"https:\/\/hudo.com\/si\/aktualno\/varnostni-svet-guterresa-posilja-v-potrditev-generalni-skupscini-ozn\/\"},\"author\":{\"name\":\"hudo\",\"@id\":\"https:\/\/hudo.com\/si\/#\/schema\/person\/601cf3379633985b20f7e50f2bb47707\"},\"headline\":\"Varnostni svet Guterresa po\u0161ilja v potrditev Generalni skup\u0161\u010dini OZN\",\"datePublished\":\"2016-10-06T13:30:00+00:00\",\"dateModified\":\"2016-10-06T13:30:00+00:00\",\"mainEntityOfPage\":{\"@id\":\"https:\/\/hudo.com\/si\/aktualno\/varnostni-svet-guterresa-posilja-v-potrditev-generalni-skupscini-ozn\/\"},\"wordCount\":146,\"publisher\":{\"@id\":\"https:\/\/hudo.com\/si\/#organization\"},\"articleSection\":[\"Aktualno\"],\"inLanguage\":\"sl-SI\"},{\"@type\":\"WebPage\",\"@id\":\"https:\/\/hudo.com\/si\/aktualno\/varnostni-svet-guterresa-posilja-v-potrditev-generalni-skupscini-ozn\/\",\"url\":\"https:\/\/hudo.com\/si\/aktualno\/varnostni-svet-guterresa-posilja-v-potrditev-generalni-skupscini-ozn\/\",\"name\":\"Varnostni svet Guterresa po\u0161ilja v potrditev Generalni skup\u0161\u010dini OZN - Hudo Slovenija\",\"isPartOf\":{\"@id\":\"https:\/\/hudo.com\/si\/#website\"},\"datePublished\":\"2016-10-06T13:30:00+00:00\",\"dateModified\":\"2016-10-06T13:30:00+00:00\",\"breadcrumb\":{\"@id\":\"https:\/\/hudo.com\/si\/aktualno\/varnostni-svet-guterresa-posilja-v-potrditev-generalni-skupscini-ozn\/#breadcrumb\"},\"inLanguage\":\"sl-SI\",\"potentialAction\":[{\"@type\":\"ReadAction\",\"target\":[\"https:\/\/hudo.com\/si\/aktualno\/varnostni-svet-guterresa-posilja-v-potrditev-generalni-skupscini-ozn\/\"]}]},{\"@type\":\"BreadcrumbList\",\"@id\":\"https:\/\/hudo.com\/si\/aktualno\/varnostni-svet-guterresa-posilja-v-potrditev-generalni-skupscini-ozn\/#breadcrumb\",\"itemListElement\":[{\"@type\":\"ListItem\",\"position\":1,\"name\":\"Home\",\"item\":\"https:\/\/hudo.com\/si\/\"},{\"@type\":\"ListItem\",\"position\":2,\"name\":\"Varnostni svet Guterresa po\u0161ilja v potrditev Generalni skup\u0161\u010dini OZN\"}]},{\"@type\":\"WebSite\",\"@id\":\"https:\/\/hudo.com\/si\/#website\",\"url\":\"https:\/\/hudo.com\/si\/\",\"name\":\"Hudo Slovenija\",\"description\":\"Vse novice iz Slovenije in sveta\",\"publisher\":{\"@id\":\"https:\/\/hudo.com\/si\/#organization\"},\"potentialAction\":[{\"@type\":\"SearchAction\",\"target\":{\"@type\":\"EntryPoint\",\"urlTemplate\":\"https:\/\/hudo.com\/si\/?s={search_term_string}\"},\"query-input\":\"required name=search_term_string\"}],\"inLanguage\":\"sl-SI\"},{\"@type\":\"Organization\",\"@id\":\"https:\/\/hudo.com\/si\/#organization\",\"name\":\"VSN Media\",\"url\":\"https:\/\/hudo.com\/si\/\",\"logo\":{\"@type\":\"ImageObject\",\"inLanguage\":\"sl-SI\",\"@id\":\"https:\/\/hudo.com\/si\/#\/schema\/logo\/image\/\",\"url\":\"https:\/\/hudo.com\/si\/wp-content\/uploads\/sites\/2\/2021\/03\/hudo-app-2.png\",\"contentUrl\":\"https:\/\/hudo.com\/si\/wp-content\/uploads\/sites\/2\/2021\/03\/hudo-app-2.png\",\"width\":2185,\"height\":2167,\"caption\":\"VSN Media\"},\"image\":{\"@id\":\"https:\/\/hudo.com\/si\/#\/schema\/logo\/image\/\"},\"sameAs\":[\"https:\/\/www.facebook.com\/hudo.si\",\"https:\/\/twitter.com\/hudo_si\"]},{\"@type\":\"Person\",\"@id\":\"https:\/\/hudo.com\/si\/#\/schema\/person\/601cf3379633985b20f7e50f2bb47707\",\"name\":\"hudo\",\"image\":{\"@type\":\"ImageObject\",\"inLanguage\":\"sl-SI\",\"@id\":\"https:\/\/hudo.com\/si\/#\/schema\/person\/image\/\",\"url\":\"https:\/\/secure.gravatar.com\/avatar\/c4ca25fa72cace7a696b52ff5db9e095?s=96&d=mm&r=g\",\"contentUrl\":\"https:\/\/secure.gravatar.com\/avatar\/c4ca25fa72cace7a696b52ff5db9e095?s=96&d=mm&r=g\",\"caption\":\"hudo\"},\"url\":\"https:\/\/hudo.com\/si\/author\/hudo\/\"}]}<\/script>\n<!-- \/ Yoast SEO plugin. -->","yoast_head_json":{"title":"Varnostni svet Guterresa po\u0161ilja v potrditev Generalni skup\u0161\u010dini OZN - Hudo Slovenija","robots":{"index":"index","follow":"follow","max-snippet":"max-snippet:-1","max-image-preview":"max-image-preview:large","max-video-preview":"max-video-preview:-1"},"canonical":"https:\/\/hudo.com\/si\/aktualno\/varnostni-svet-guterresa-posilja-v-potrditev-generalni-skupscini-ozn\/","og_locale":"sl_SI","og_type":"article","og_title":"Varnostni svet Guterresa po\u0161ilja v potrditev Generalni skup\u0161\u010dini OZN - Hudo Slovenija","og_description":"Predsedujo\u010di Varnostnemu svetu Zdru\u017eenih narodov v oktobru, veleposlanik Rusije Vitalij \u010curkin, je po kraj\u0161em zasedanju Varnostnega sveta za zaprtimi vrati danes sporo\u010dil, da je 15-\u010dlanski VS obravnaval in z aklamacijo potrdil kandidaturo Portugalca Antonia Guterresa za generalnega sekretarja ZN od 1. januarja 2017 do 31. decembra 2021. Ustanovna listina Zdru\u017eenih narodov dolo\u010da, da generalnega sekretarja ZN potrdi Generalna skup\u0161\u010dina ZN na priporo\u010dilo Varnostnega sveta. Do leto\u0161njega leta so imena kandidatov priromala v Varnostni svet mimo Generalne skup\u0161\u010dine, letos pa je moralo 13 kandidatov, med katerimi je bil tudi Slovenec Danilo T\u00fcrk, predstaviti svoje kandidature tudi v 193-\u010dlanski skup\u0161\u010dini. Guterres je takoj na za\u010detku po\u017eel najve\u010d odobravanja in je potem osvajal prva mesta z najve\u010d podpore tudi na vseh neformalnih glasovanjih v Varnostnem svetu.Svet","og_url":"https:\/\/hudo.com\/si\/aktualno\/varnostni-svet-guterresa-posilja-v-potrditev-generalni-skupscini-ozn\/","og_site_name":"Hudo Slovenija","article_publisher":"https:\/\/www.facebook.com\/hudo.si","article_published_time":"2016-10-06T13:30:00+00:00","og_image":[{"width":450,"height":300,"url":"https:\/\/hudo.com\/si\/wp-content\/uploads\/sites\/2\/2016\/10\/h_52475777-300.jpg","type":"image\/jpeg"}],"author":"hudo","twitter_card":"summary_large_image","twitter_creator":"@hudo_si","twitter_site":"@hudo_si","twitter_misc":{"Written by":"hudo","Est. reading time":"1 minuta"},"schema":{"@context":"https:\/\/schema.org","@graph":[{"@type":"Article","@id":"https:\/\/hudo.com\/si\/aktualno\/varnostni-svet-guterresa-posilja-v-potrditev-generalni-skupscini-ozn\/#article","isPartOf":{"@id":"https:\/\/hudo.com\/si\/aktualno\/varnostni-svet-guterresa-posilja-v-potrditev-generalni-skupscini-ozn\/"},"author":{"name":"hudo","@id":"https:\/\/hudo.com\/si\/#\/schema\/person\/601cf3379633985b20f7e50f2bb47707"},"headline":"Varnostni svet Guterresa po\u0161ilja v potrditev Generalni skup\u0161\u010dini OZN","datePublished":"2016-10-06T13:30:00+00:00","dateModified":"2016-10-06T13:30:00+00:00","mainEntityOfPage":{"@id":"https:\/\/hudo.com\/si\/aktualno\/varnostni-svet-guterresa-posilja-v-potrditev-generalni-skupscini-ozn\/"},"wordCount":146,"publisher":{"@id":"https:\/\/hudo.com\/si\/#organization"},"articleSection":["Aktualno"],"inLanguage":"sl-SI"},{"@type":"WebPage","@id":"https:\/\/hudo.com\/si\/aktualno\/varnostni-svet-guterresa-posilja-v-potrditev-generalni-skupscini-ozn\/","url":"https:\/\/hudo.com\/si\/aktualno\/varnostni-svet-guterresa-posilja-v-potrditev-generalni-skupscini-ozn\/","name":"Varnostni svet Guterresa po\u0161ilja v potrditev Generalni skup\u0161\u010dini OZN - Hudo Slovenija","isPartOf":{"@id":"https:\/\/hudo.com\/si\/#website"},"datePublished":"2016-10-06T13:30:00+00:00","dateModified":"2016-10-06T13:30:00+00:00","breadcrumb":{"@id":"https:\/\/hudo.com\/si\/aktualno\/varnostni-svet-guterresa-posilja-v-potrditev-generalni-skupscini-ozn\/#breadcrumb"},"inLanguage":"sl-SI","potentialAction":[{"@type":"ReadAction","target":["https:\/\/hudo.com\/si\/aktualno\/varnostni-svet-guterresa-posilja-v-potrditev-generalni-skupscini-ozn\/"]}]},{"@type":"BreadcrumbList","@id":"https:\/\/hudo.com\/si\/aktualno\/varnostni-svet-guterresa-posilja-v-potrditev-generalni-skupscini-ozn\/#breadcrumb","itemListElement":[{"@type":"ListItem","position":1,"name":"Home","item":"https:\/\/hudo.com\/si\/"},{"@type":"ListItem","position":2,"name":"Varnostni svet Guterresa po\u0161ilja v potrditev Generalni skup\u0161\u010dini OZN"}]},{"@type":"WebSite","@id":"https:\/\/hudo.com\/si\/#website","url":"https:\/\/hudo.com\/si\/","name":"Hudo Slovenija","description":"Vse novice iz Slovenije in sveta","publisher":{"@id":"https:\/\/hudo.com\/si\/#organization"},"potentialAction":[{"@type":"SearchAction","target":{"@type":"EntryPoint","urlTemplate":"https:\/\/hudo.com\/si\/?s={search_term_string}"},"query-input":"required name=search_term_string"}],"inLanguage":"sl-SI"},{"@type":"Organization","@id":"https:\/\/hudo.com\/si\/#organization","name":"VSN Media","url":"https:\/\/hudo.com\/si\/","logo":{"@type":"ImageObject","inLanguage":"sl-SI","@id":"https:\/\/hudo.com\/si\/#\/schema\/logo\/image\/","url":"https:\/\/hudo.com\/si\/wp-content\/uploads\/sites\/2\/2021\/03\/hudo-app-2.png","contentUrl":"https:\/\/hudo.com\/si\/wp-content\/uploads\/sites\/2\/2021\/03\/hudo-app-2.png","width":2185,"height":2167,"caption":"VSN Media"},"image":{"@id":"https:\/\/hudo.com\/si\/#\/schema\/logo\/image\/"},"sameAs":["https:\/\/www.facebook.com\/hudo.si","https:\/\/twitter.com\/hudo_si"]},{"@type":"Person","@id":"https:\/\/hudo.com\/si\/#\/schema\/person\/601cf3379633985b20f7e50f2bb47707","name":"hudo","image":{"@type":"ImageObject","inLanguage":"sl-SI","@id":"https:\/\/hudo.com\/si\/#\/schema\/person\/image\/","url":"https:\/\/secure.gravatar.com\/avatar\/c4ca25fa72cace7a696b52ff5db9e095?s=96&d=mm&r=g","contentUrl":"https:\/\/secure.gravatar.com\/avatar\/c4ca25fa72cace7a696b52ff5db9e095?s=96&d=mm&r=g","caption":"hudo"},"url":"https:\/\/hudo.com\/si\/author\/hudo\/"}]}},"amp_enabled":true,"_links":{"self":[{"href":"https:\/\/hudo.com\/si\/wp-json\/wp\/v2\/posts\/148547"}],"collection":[{"href":"https:\/\/hudo.com\/si\/wp-json\/wp\/v2\/posts"}],"about":[{"href":"https:\/\/hudo.com\/si\/wp-json\/wp\/v2\/types\/post"}],"author":[{"embeddable":true,"href":"https:\/\/hudo.com\/si\/wp-json\/wp\/v2\/users\/1"}],"replies":[{"embeddable":true,"href":"https:\/\/hudo.com\/si\/wp-json\/wp\/v2\/comments?post=148547"}],"version-history":[{"count":0,"href":"https:\/\/hudo.com\/si\/wp-json\/wp\/v2\/posts\/148547\/revisions"}],"wp:attachment":[{"href":"https:\/\/hudo.com\/si\/wp-json\/wp\/v2\/media?parent=148547"}],"wp:term":[{"taxonomy":"category","embeddable":true,"href":"https:\/\/hudo.com\/si\/wp-json\/wp\/v2\/categories?post=148547"},{"taxonomy":"post_tag","embeddable":true,"href":"https:\/\/hudo.com\/si\/wp-json\/wp\/v2\/tags?post=148547"},{"taxonomy":"source","embeddable":true,"href":"https:\/\/hudo.com\/si\/wp-json\/wp\/v2\/source?post=148547"},{"taxonomy":"supertag","embeddable":true,"href":"https:\/\/hudo.com\/si\/wp-json\/wp\/v2\/supertag?post=148547"}],"curies":[{"name":"wp","href":"https:\/\/api.w.org\/{rel}","templated":true}]}}