{"id":148561,"date":"2016-10-06T15:00:00","date_gmt":"2016-10-06T13:00:00","guid":{"rendered":"http:\/\/hudo.com\/si\/2016\/10\/06\/solska-ministrica-v-odgovoru-na-interpelacijo-o-odlocbi-ustavnega-sodisca-okrog-financiranja-javnega-programa-zasebnih-sol\/"},"modified":"2016-10-07T11:42:15","modified_gmt":"2016-10-07T09:42:15","slug":"solska-ministrica-v-odgovoru-na-interpelacijo-o-odlocbi-ustavnega-sodisca-okrog-financiranja-javnega-programa-zasebnih-sol","status":"publish","type":"post","link":"https:\/\/hudo.com\/si\/aktualno\/solska-ministrica-v-odgovoru-na-interpelacijo-o-odlocbi-ustavnega-sodisca-okrog-financiranja-javnega-programa-zasebnih-sol\/","title":{"rendered":"\u0160olska ministrica v odgovoru na interpelacijo o odlo\u010dbi ustavnega sodi\u0161\u010da okrog financiranja javnega programa zasebnih \u0161ol"},"content":{"rendered":"<p>Vlada je sprejela odgovor ministrice za izobra\u017eevanje Maje Makovec Bren\u010di\u010d na interpelacijo, ki so jo zoper njo vlo\u017eili poslanci SDS. Ministrica zavra\u010da vse o\u010ditke ter zagotavlja, da ministrstvo namerava izvr\u0161iti ustavno odlo\u010dbo o financiranju programov zasebnih \u0161ol, a je treba hkrati urediti tudi druge vidike delovanja zasebnih \u0161ol.  Poslanska skupina SDS Makovec Bren\u010di\u010devi o\u010dita nespo\u0161tovanje odlo\u010dbe ustavnega sodi\u0161\u010da, ki je konec leta 2014 ugotovilo, da je zakon o organizaciji in financiranju vzgoje in izobra\u017eevanja v neskladju z ustavo v delu, kjer dolo\u010da, da dr\u017eava javne programe v zasebnih osnovnih \u0161olah financira v druga\u010dnem obsegu kot v javnih \u0161olah, in sicer v vi\u0161ini 85 odstotkov. Zakonodajalcu je nalo\u017eilo odpravo neustavnosti v letu dni, kar pa se ni zgodilo.  Makovec Bren\u010di\u010deva o\u010ditke &#8220;v celoti in odlo\u010dno&#8221; zavra\u010da. Kot je zapisala v odgovoru, ni nikoli zanikala, da ji je odlo\u010ditev ustavnega sodi\u0161\u010da dobro poznana in da se zaveda, da jo je treba izvr\u0161iti. Hkrati pa je treba ob sicer\u0161njem vpra\u0161anju financiranja obstoje\u010dih zasebnih \u0161ol urediti tudi druge elemente v zvezi z delovanjem novoustanovljenih zasebnih \u0161ol, kot so sprejemanje programov, izpolnjevanje in zagotavljanje kakovosti pri izvajanju programov, vpis v razvid ter zagotavljanje kadrovskih in materialnih pogojev. Ministrica \u0161e meni, da so zasebne \u0161ole, ki delujejo v Sloveniji in so pridobile javno veljavnost, s svojimi rezultati dokazale, da vzgojno-izobra\u017eevalno delo izvajajo kakovostno. Poznej\u0161a ureditev teh vpra\u0161anj pa je potrebna v primerih nastajanja novih \u0161ol.  &#8220;Premisleki, ki so bili in so potrebni pred pripravo novele zakona o organizaciji in financiranju vzgoje in izobra\u017eevanje za uresni\u010ditev ustavne odlo\u010dbe, tako izpostavljajo predvsem potrebo po ureditvi tudi drugih elementov in ne le vpra\u0161anja financiranja,&#8221; je zapisala Makovec Bren\u010di\u010deva. Ministrstvo je pripravilo novelo zakona in, pravijo, upo\u0161tevali vsa ta dejstva. Predlog je bil 15. aprila 2016 posredovan v javno razpravo, kar &#8220;dok<\/p>\n","protected":false},"excerpt":{"rendered":"<p>Vlada je sprejela odgovor ministrice za izobra\u017eevanje Maje Makovec Bren\u010di\u010d na interpelacijo, ki so jo zoper njo vlo\u017eili poslanci SDS. Ministrica zavra\u010da vse o\u010ditke ter zagotavlja, da ministrstvo namerava izvr\u0161iti ustavno odlo\u010dbo o financiranju programov zasebnih \u0161ol, a je treba hkrati urediti tudi druge vidike delovanja zasebnih \u0161ol.  Poslanska skupina SDS Makovec Bren\u010di\u010devi o\u010dita nespo\u0161tovanje odlo\u010dbe ustavnega sodi\u0161\u010da, ki je konec leta 2014 ugotovilo, da je zakon o organizaciji in financiranju vzgoje in izobra\u017eevanja v neskladju z ustavo v delu, kjer dolo\u010da, da dr\u017eava javne programe v zasebnih osnovnih \u0161olah financira v druga\u010dnem obsegu kot v javnih \u0161olah, in sicer v vi\u0161ini 85 odstotkov. Zakonodajalcu je nalo\u017eilo odpravo neustavnosti v letu dni, kar pa se ni zgodilo.  Makovec Bren\u010di\u010deva o\u010ditke &#8220;v celoti in odlo\u010dno&#8221; zavra\u010da. Kot je zapisala v odgovoru, ni nikoli zanikala, da ji je odlo\u010ditev ustavnega sodi\u0161\u010da dobro poznana in da se zaveda, da jo je treba izvr\u0161iti. Hkrati pa je treba ob sicer\u0161njem vpra\u0161anju financiranja obstoje\u010dih zasebnih \u0161ol urediti tudi druge elemente v zvezi z delovanjem novoustanovljenih zasebnih \u0161ol, kot so sprejemanje programov, izpolnjevanje in zagotavljanje kakovosti pri izvajanju programov, vpis v razvid ter zagotavljanje kadrovskih in materialnih pogojev. Ministrica \u0161e meni, da so zasebne \u0161ole, ki delujejo v Sloveniji in so pridobile javno veljavnost, s svojimi rezultati dokazale, da vzgojno-izobra\u017eevalno delo izvajajo kakovostno. Poznej\u0161a ureditev teh vpra\u0161anj pa je potrebna v primerih nastajanja novih \u0161ol.  &#8220;Premisleki, ki so bili in so potrebni pred pripravo novele zakona o organizaciji in financiranju vzgoje in izobra\u017eevanje za uresni\u010ditev ustavne odlo\u010dbe, tako izpostavljajo predvsem potrebo po ureditvi tudi drugih elementov in ne le vpra\u0161anja financiranja,&#8221; je zapisala Makovec Bren\u010di\u010deva. Ministrstvo je pripravilo novelo zakona in, pravijo, upo\u0161tevali vsa ta dejstva. Predlog je bil 15. aprila 2016 posredovan v javno razpravo, kar &#8220;dok<\/p>\n","protected":false},"author":1,"featured_media":0,"comment_status":"closed","ping_status":"closed","sticky":false,"template":"","format":"standard","meta":{"footnotes":""},"categories":[1179],"tags":[],"source":[1711],"supertag":[],"acf":[],"yoast_head":"<!-- This site is optimized with the Yoast SEO plugin v21.3 - https:\/\/yoast.com\/wordpress\/plugins\/seo\/ -->\n<title>\u0160olska ministrica v odgovoru na interpelacijo o odlo\u010dbi ustavnega sodi\u0161\u010da okrog financiranja javnega programa zasebnih \u0161ol - Hudo Slovenija<\/title>\n<meta name=\"robots\" content=\"index, follow, max-snippet:-1, max-image-preview:large, max-video-preview:-1\" \/>\n<link rel=\"canonical\" href=\"https:\/\/hudo.com\/si\/aktualno\/solska-ministrica-v-odgovoru-na-interpelacijo-o-odlocbi-ustavnega-sodisca-okrog-financiranja-javnega-programa-zasebnih-sol\/\" \/>\n<meta property=\"og:locale\" content=\"sl_SI\" \/>\n<meta property=\"og:type\" content=\"article\" \/>\n<meta property=\"og:title\" content=\"\u0160olska ministrica v odgovoru na interpelacijo o odlo\u010dbi ustavnega sodi\u0161\u010da okrog financiranja javnega programa zasebnih \u0161ol - Hudo Slovenija\" \/>\n<meta property=\"og:description\" content=\"Vlada je sprejela odgovor ministrice za izobra\u017eevanje Maje Makovec Bren\u010di\u010d na interpelacijo, ki so jo zoper njo vlo\u017eili poslanci SDS. Ministrica zavra\u010da vse o\u010ditke ter zagotavlja, da ministrstvo namerava izvr\u0161iti ustavno odlo\u010dbo o financiranju programov zasebnih \u0161ol, a je treba hkrati urediti tudi druge vidike delovanja zasebnih \u0161ol. Poslanska skupina SDS Makovec Bren\u010di\u010devi o\u010dita nespo\u0161tovanje odlo\u010dbe ustavnega sodi\u0161\u010da, ki je konec leta 2014 ugotovilo, da je zakon o organizaciji in financiranju vzgoje in izobra\u017eevanja v neskladju z ustavo v delu, kjer dolo\u010da, da dr\u017eava javne programe v zasebnih osnovnih \u0161olah financira v druga\u010dnem obsegu kot v javnih \u0161olah, in sicer v vi\u0161ini 85 odstotkov. Zakonodajalcu je nalo\u017eilo odpravo neustavnosti v letu dni, kar pa se ni zgodilo. Makovec Bren\u010di\u010deva o\u010ditke &quot;v celoti in odlo\u010dno&quot; zavra\u010da. Kot je zapisala v odgovoru, ni nikoli zanikala, da ji je odlo\u010ditev ustavnega sodi\u0161\u010da dobro poznana in da se zaveda, da jo je treba izvr\u0161iti. Hkrati pa je treba ob sicer\u0161njem vpra\u0161anju financiranja obstoje\u010dih zasebnih \u0161ol urediti tudi druge elemente v zvezi z delovanjem novoustanovljenih zasebnih \u0161ol, kot so sprejemanje programov, izpolnjevanje in zagotavljanje kakovosti pri izvajanju programov, vpis v razvid ter zagotavljanje kadrovskih in materialnih pogojev. Ministrica \u0161e meni, da so zasebne \u0161ole, ki delujejo v Sloveniji in so pridobile javno veljavnost, s svojimi rezultati dokazale, da vzgojno-izobra\u017eevalno delo izvajajo kakovostno. Poznej\u0161a ureditev teh vpra\u0161anj pa je potrebna v primerih nastajanja novih \u0161ol. &quot;Premisleki, ki so bili in so potrebni pred pripravo novele zakona o organizaciji in financiranju vzgoje in izobra\u017eevanje za uresni\u010ditev ustavne odlo\u010dbe, tako izpostavljajo predvsem potrebo po ureditvi tudi drugih elementov in ne le vpra\u0161anja financiranja,&quot; je zapisala Makovec Bren\u010di\u010deva. Ministrstvo je pripravilo novelo zakona in, pravijo, upo\u0161tevali vsa ta dejstva. Predlog je bil 15. aprila 2016 posredovan v javno razpravo, kar &quot;dok\" \/>\n<meta property=\"og:url\" content=\"https:\/\/hudo.com\/si\/aktualno\/solska-ministrica-v-odgovoru-na-interpelacijo-o-odlocbi-ustavnega-sodisca-okrog-financiranja-javnega-programa-zasebnih-sol\/\" \/>\n<meta property=\"og:site_name\" content=\"Hudo Slovenija\" \/>\n<meta property=\"article:publisher\" content=\"https:\/\/www.facebook.com\/hudo.si\" \/>\n<meta property=\"article:published_time\" content=\"2016-10-06T13:00:00+00:00\" \/>\n<meta property=\"article:modified_time\" content=\"2016-10-07T09:42:15+00:00\" \/>\n<meta property=\"og:image\" content=\"https:\/\/hudo.com\/si\/wp-content\/uploads\/sites\/2\/2016\/10\/01383959F-300.jpg\" \/>\n\t<meta property=\"og:image:width\" content=\"450\" \/>\n\t<meta property=\"og:image:height\" content=\"257\" \/>\n\t<meta property=\"og:image:type\" content=\"image\/jpeg\" \/>\n<meta name=\"author\" content=\"hudo\" \/>\n<meta name=\"twitter:card\" content=\"summary_large_image\" \/>\n<meta name=\"twitter:creator\" content=\"@hudo_si\" \/>\n<meta name=\"twitter:site\" content=\"@hudo_si\" \/>\n<meta name=\"twitter:label1\" content=\"Written by\" \/>\n\t<meta name=\"twitter:data1\" content=\"hudo\" \/>\n\t<meta name=\"twitter:label2\" content=\"Est. reading time\" \/>\n\t<meta name=\"twitter:data2\" content=\"2 minuti\" \/>\n<script type=\"application\/ld+json\" class=\"yoast-schema-graph\">{\"@context\":\"https:\/\/schema.org\",\"@graph\":[{\"@type\":\"Article\",\"@id\":\"https:\/\/hudo.com\/si\/aktualno\/solska-ministrica-v-odgovoru-na-interpelacijo-o-odlocbi-ustavnega-sodisca-okrog-financiranja-javnega-programa-zasebnih-sol\/#article\",\"isPartOf\":{\"@id\":\"https:\/\/hudo.com\/si\/aktualno\/solska-ministrica-v-odgovoru-na-interpelacijo-o-odlocbi-ustavnega-sodisca-okrog-financiranja-javnega-programa-zasebnih-sol\/\"},\"author\":{\"name\":\"hudo\",\"@id\":\"https:\/\/hudo.com\/si\/#\/schema\/person\/601cf3379633985b20f7e50f2bb47707\"},\"headline\":\"\u0160olska ministrica v odgovoru na interpelacijo o odlo\u010dbi ustavnega sodi\u0161\u010da okrog financiranja javnega programa zasebnih \u0161ol\",\"datePublished\":\"2016-10-06T13:00:00+00:00\",\"dateModified\":\"2016-10-07T09:42:15+00:00\",\"mainEntityOfPage\":{\"@id\":\"https:\/\/hudo.com\/si\/aktualno\/solska-ministrica-v-odgovoru-na-interpelacijo-o-odlocbi-ustavnega-sodisca-okrog-financiranja-javnega-programa-zasebnih-sol\/\"},\"wordCount\":346,\"publisher\":{\"@id\":\"https:\/\/hudo.com\/si\/#organization\"},\"articleSection\":[\"Aktualno\"],\"inLanguage\":\"sl-SI\"},{\"@type\":\"WebPage\",\"@id\":\"https:\/\/hudo.com\/si\/aktualno\/solska-ministrica-v-odgovoru-na-interpelacijo-o-odlocbi-ustavnega-sodisca-okrog-financiranja-javnega-programa-zasebnih-sol\/\",\"url\":\"https:\/\/hudo.com\/si\/aktualno\/solska-ministrica-v-odgovoru-na-interpelacijo-o-odlocbi-ustavnega-sodisca-okrog-financiranja-javnega-programa-zasebnih-sol\/\",\"name\":\"\u0160olska ministrica v odgovoru na interpelacijo o odlo\u010dbi ustavnega sodi\u0161\u010da okrog financiranja javnega programa zasebnih \u0161ol - Hudo Slovenija\",\"isPartOf\":{\"@id\":\"https:\/\/hudo.com\/si\/#website\"},\"datePublished\":\"2016-10-06T13:00:00+00:00\",\"dateModified\":\"2016-10-07T09:42:15+00:00\",\"breadcrumb\":{\"@id\":\"https:\/\/hudo.com\/si\/aktualno\/solska-ministrica-v-odgovoru-na-interpelacijo-o-odlocbi-ustavnega-sodisca-okrog-financiranja-javnega-programa-zasebnih-sol\/#breadcrumb\"},\"inLanguage\":\"sl-SI\",\"potentialAction\":[{\"@type\":\"ReadAction\",\"target\":[\"https:\/\/hudo.com\/si\/aktualno\/solska-ministrica-v-odgovoru-na-interpelacijo-o-odlocbi-ustavnega-sodisca-okrog-financiranja-javnega-programa-zasebnih-sol\/\"]}]},{\"@type\":\"BreadcrumbList\",\"@id\":\"https:\/\/hudo.com\/si\/aktualno\/solska-ministrica-v-odgovoru-na-interpelacijo-o-odlocbi-ustavnega-sodisca-okrog-financiranja-javnega-programa-zasebnih-sol\/#breadcrumb\",\"itemListElement\":[{\"@type\":\"ListItem\",\"position\":1,\"name\":\"Home\",\"item\":\"https:\/\/hudo.com\/si\/\"},{\"@type\":\"ListItem\",\"position\":2,\"name\":\"\u0160olska ministrica v odgovoru na interpelacijo o odlo\u010dbi ustavnega sodi\u0161\u010da okrog financiranja javnega programa zasebnih \u0161ol\"}]},{\"@type\":\"WebSite\",\"@id\":\"https:\/\/hudo.com\/si\/#website\",\"url\":\"https:\/\/hudo.com\/si\/\",\"name\":\"Hudo Slovenija\",\"description\":\"Vse novice iz Slovenije in sveta\",\"publisher\":{\"@id\":\"https:\/\/hudo.com\/si\/#organization\"},\"potentialAction\":[{\"@type\":\"SearchAction\",\"target\":{\"@type\":\"EntryPoint\",\"urlTemplate\":\"https:\/\/hudo.com\/si\/?s={search_term_string}\"},\"query-input\":\"required name=search_term_string\"}],\"inLanguage\":\"sl-SI\"},{\"@type\":\"Organization\",\"@id\":\"https:\/\/hudo.com\/si\/#organization\",\"name\":\"VSN Media\",\"url\":\"https:\/\/hudo.com\/si\/\",\"logo\":{\"@type\":\"ImageObject\",\"inLanguage\":\"sl-SI\",\"@id\":\"https:\/\/hudo.com\/si\/#\/schema\/logo\/image\/\",\"url\":\"https:\/\/hudo.com\/si\/wp-content\/uploads\/sites\/2\/2021\/03\/hudo-app-2.png\",\"contentUrl\":\"https:\/\/hudo.com\/si\/wp-content\/uploads\/sites\/2\/2021\/03\/hudo-app-2.png\",\"width\":2185,\"height\":2167,\"caption\":\"VSN Media\"},\"image\":{\"@id\":\"https:\/\/hudo.com\/si\/#\/schema\/logo\/image\/\"},\"sameAs\":[\"https:\/\/www.facebook.com\/hudo.si\",\"https:\/\/twitter.com\/hudo_si\"]},{\"@type\":\"Person\",\"@id\":\"https:\/\/hudo.com\/si\/#\/schema\/person\/601cf3379633985b20f7e50f2bb47707\",\"name\":\"hudo\",\"image\":{\"@type\":\"ImageObject\",\"inLanguage\":\"sl-SI\",\"@id\":\"https:\/\/hudo.com\/si\/#\/schema\/person\/image\/\",\"url\":\"https:\/\/secure.gravatar.com\/avatar\/c4ca25fa72cace7a696b52ff5db9e095?s=96&d=mm&r=g\",\"contentUrl\":\"https:\/\/secure.gravatar.com\/avatar\/c4ca25fa72cace7a696b52ff5db9e095?s=96&d=mm&r=g\",\"caption\":\"hudo\"},\"url\":\"https:\/\/hudo.com\/si\/author\/hudo\/\"}]}<\/script>\n<!-- \/ Yoast SEO plugin. -->","yoast_head_json":{"title":"\u0160olska ministrica v odgovoru na interpelacijo o odlo\u010dbi ustavnega sodi\u0161\u010da okrog financiranja javnega programa zasebnih \u0161ol - Hudo Slovenija","robots":{"index":"index","follow":"follow","max-snippet":"max-snippet:-1","max-image-preview":"max-image-preview:large","max-video-preview":"max-video-preview:-1"},"canonical":"https:\/\/hudo.com\/si\/aktualno\/solska-ministrica-v-odgovoru-na-interpelacijo-o-odlocbi-ustavnega-sodisca-okrog-financiranja-javnega-programa-zasebnih-sol\/","og_locale":"sl_SI","og_type":"article","og_title":"\u0160olska ministrica v odgovoru na interpelacijo o odlo\u010dbi ustavnega sodi\u0161\u010da okrog financiranja javnega programa zasebnih \u0161ol - Hudo Slovenija","og_description":"Vlada je sprejela odgovor ministrice za izobra\u017eevanje Maje Makovec Bren\u010di\u010d na interpelacijo, ki so jo zoper njo vlo\u017eili poslanci SDS. Ministrica zavra\u010da vse o\u010ditke ter zagotavlja, da ministrstvo namerava izvr\u0161iti ustavno odlo\u010dbo o financiranju programov zasebnih \u0161ol, a je treba hkrati urediti tudi druge vidike delovanja zasebnih \u0161ol. Poslanska skupina SDS Makovec Bren\u010di\u010devi o\u010dita nespo\u0161tovanje odlo\u010dbe ustavnega sodi\u0161\u010da, ki je konec leta 2014 ugotovilo, da je zakon o organizaciji in financiranju vzgoje in izobra\u017eevanja v neskladju z ustavo v delu, kjer dolo\u010da, da dr\u017eava javne programe v zasebnih osnovnih \u0161olah financira v druga\u010dnem obsegu kot v javnih \u0161olah, in sicer v vi\u0161ini 85 odstotkov. Zakonodajalcu je nalo\u017eilo odpravo neustavnosti v letu dni, kar pa se ni zgodilo. Makovec Bren\u010di\u010deva o\u010ditke \"v celoti in odlo\u010dno\" zavra\u010da. Kot je zapisala v odgovoru, ni nikoli zanikala, da ji je odlo\u010ditev ustavnega sodi\u0161\u010da dobro poznana in da se zaveda, da jo je treba izvr\u0161iti. Hkrati pa je treba ob sicer\u0161njem vpra\u0161anju financiranja obstoje\u010dih zasebnih \u0161ol urediti tudi druge elemente v zvezi z delovanjem novoustanovljenih zasebnih \u0161ol, kot so sprejemanje programov, izpolnjevanje in zagotavljanje kakovosti pri izvajanju programov, vpis v razvid ter zagotavljanje kadrovskih in materialnih pogojev. Ministrica \u0161e meni, da so zasebne \u0161ole, ki delujejo v Sloveniji in so pridobile javno veljavnost, s svojimi rezultati dokazale, da vzgojno-izobra\u017eevalno delo izvajajo kakovostno. Poznej\u0161a ureditev teh vpra\u0161anj pa je potrebna v primerih nastajanja novih \u0161ol. \"Premisleki, ki so bili in so potrebni pred pripravo novele zakona o organizaciji in financiranju vzgoje in izobra\u017eevanje za uresni\u010ditev ustavne odlo\u010dbe, tako izpostavljajo predvsem potrebo po ureditvi tudi drugih elementov in ne le vpra\u0161anja financiranja,\" je zapisala Makovec Bren\u010di\u010deva. Ministrstvo je pripravilo novelo zakona in, pravijo, upo\u0161tevali vsa ta dejstva. Predlog je bil 15. aprila 2016 posredovan v javno razpravo, kar \"dok","og_url":"https:\/\/hudo.com\/si\/aktualno\/solska-ministrica-v-odgovoru-na-interpelacijo-o-odlocbi-ustavnega-sodisca-okrog-financiranja-javnega-programa-zasebnih-sol\/","og_site_name":"Hudo Slovenija","article_publisher":"https:\/\/www.facebook.com\/hudo.si","article_published_time":"2016-10-06T13:00:00+00:00","article_modified_time":"2016-10-07T09:42:15+00:00","og_image":[{"width":450,"height":257,"url":"https:\/\/hudo.com\/si\/wp-content\/uploads\/sites\/2\/2016\/10\/01383959F-300.jpg","type":"image\/jpeg"}],"author":"hudo","twitter_card":"summary_large_image","twitter_creator":"@hudo_si","twitter_site":"@hudo_si","twitter_misc":{"Written by":"hudo","Est. reading time":"2 minuti"},"schema":{"@context":"https:\/\/schema.org","@graph":[{"@type":"Article","@id":"https:\/\/hudo.com\/si\/aktualno\/solska-ministrica-v-odgovoru-na-interpelacijo-o-odlocbi-ustavnega-sodisca-okrog-financiranja-javnega-programa-zasebnih-sol\/#article","isPartOf":{"@id":"https:\/\/hudo.com\/si\/aktualno\/solska-ministrica-v-odgovoru-na-interpelacijo-o-odlocbi-ustavnega-sodisca-okrog-financiranja-javnega-programa-zasebnih-sol\/"},"author":{"name":"hudo","@id":"https:\/\/hudo.com\/si\/#\/schema\/person\/601cf3379633985b20f7e50f2bb47707"},"headline":"\u0160olska ministrica v odgovoru na interpelacijo o odlo\u010dbi ustavnega sodi\u0161\u010da okrog financiranja javnega programa zasebnih \u0161ol","datePublished":"2016-10-06T13:00:00+00:00","dateModified":"2016-10-07T09:42:15+00:00","mainEntityOfPage":{"@id":"https:\/\/hudo.com\/si\/aktualno\/solska-ministrica-v-odgovoru-na-interpelacijo-o-odlocbi-ustavnega-sodisca-okrog-financiranja-javnega-programa-zasebnih-sol\/"},"wordCount":346,"publisher":{"@id":"https:\/\/hudo.com\/si\/#organization"},"articleSection":["Aktualno"],"inLanguage":"sl-SI"},{"@type":"WebPage","@id":"https:\/\/hudo.com\/si\/aktualno\/solska-ministrica-v-odgovoru-na-interpelacijo-o-odlocbi-ustavnega-sodisca-okrog-financiranja-javnega-programa-zasebnih-sol\/","url":"https:\/\/hudo.com\/si\/aktualno\/solska-ministrica-v-odgovoru-na-interpelacijo-o-odlocbi-ustavnega-sodisca-okrog-financiranja-javnega-programa-zasebnih-sol\/","name":"\u0160olska ministrica v odgovoru na interpelacijo o odlo\u010dbi ustavnega sodi\u0161\u010da okrog financiranja javnega programa zasebnih \u0161ol - Hudo Slovenija","isPartOf":{"@id":"https:\/\/hudo.com\/si\/#website"},"datePublished":"2016-10-06T13:00:00+00:00","dateModified":"2016-10-07T09:42:15+00:00","breadcrumb":{"@id":"https:\/\/hudo.com\/si\/aktualno\/solska-ministrica-v-odgovoru-na-interpelacijo-o-odlocbi-ustavnega-sodisca-okrog-financiranja-javnega-programa-zasebnih-sol\/#breadcrumb"},"inLanguage":"sl-SI","potentialAction":[{"@type":"ReadAction","target":["https:\/\/hudo.com\/si\/aktualno\/solska-ministrica-v-odgovoru-na-interpelacijo-o-odlocbi-ustavnega-sodisca-okrog-financiranja-javnega-programa-zasebnih-sol\/"]}]},{"@type":"BreadcrumbList","@id":"https:\/\/hudo.com\/si\/aktualno\/solska-ministrica-v-odgovoru-na-interpelacijo-o-odlocbi-ustavnega-sodisca-okrog-financiranja-javnega-programa-zasebnih-sol\/#breadcrumb","itemListElement":[{"@type":"ListItem","position":1,"name":"Home","item":"https:\/\/hudo.com\/si\/"},{"@type":"ListItem","position":2,"name":"\u0160olska ministrica v odgovoru na interpelacijo o odlo\u010dbi ustavnega sodi\u0161\u010da okrog financiranja javnega programa zasebnih \u0161ol"}]},{"@type":"WebSite","@id":"https:\/\/hudo.com\/si\/#website","url":"https:\/\/hudo.com\/si\/","name":"Hudo Slovenija","description":"Vse novice iz Slovenije in sveta","publisher":{"@id":"https:\/\/hudo.com\/si\/#organization"},"potentialAction":[{"@type":"SearchAction","target":{"@type":"EntryPoint","urlTemplate":"https:\/\/hudo.com\/si\/?s={search_term_string}"},"query-input":"required name=search_term_string"}],"inLanguage":"sl-SI"},{"@type":"Organization","@id":"https:\/\/hudo.com\/si\/#organization","name":"VSN Media","url":"https:\/\/hudo.com\/si\/","logo":{"@type":"ImageObject","inLanguage":"sl-SI","@id":"https:\/\/hudo.com\/si\/#\/schema\/logo\/image\/","url":"https:\/\/hudo.com\/si\/wp-content\/uploads\/sites\/2\/2021\/03\/hudo-app-2.png","contentUrl":"https:\/\/hudo.com\/si\/wp-content\/uploads\/sites\/2\/2021\/03\/hudo-app-2.png","width":2185,"height":2167,"caption":"VSN Media"},"image":{"@id":"https:\/\/hudo.com\/si\/#\/schema\/logo\/image\/"},"sameAs":["https:\/\/www.facebook.com\/hudo.si","https:\/\/twitter.com\/hudo_si"]},{"@type":"Person","@id":"https:\/\/hudo.com\/si\/#\/schema\/person\/601cf3379633985b20f7e50f2bb47707","name":"hudo","image":{"@type":"ImageObject","inLanguage":"sl-SI","@id":"https:\/\/hudo.com\/si\/#\/schema\/person\/image\/","url":"https:\/\/secure.gravatar.com\/avatar\/c4ca25fa72cace7a696b52ff5db9e095?s=96&d=mm&r=g","contentUrl":"https:\/\/secure.gravatar.com\/avatar\/c4ca25fa72cace7a696b52ff5db9e095?s=96&d=mm&r=g","caption":"hudo"},"url":"https:\/\/hudo.com\/si\/author\/hudo\/"}]}},"amp_enabled":true,"_links":{"self":[{"href":"https:\/\/hudo.com\/si\/wp-json\/wp\/v2\/posts\/148561"}],"collection":[{"href":"https:\/\/hudo.com\/si\/wp-json\/wp\/v2\/posts"}],"about":[{"href":"https:\/\/hudo.com\/si\/wp-json\/wp\/v2\/types\/post"}],"author":[{"embeddable":true,"href":"https:\/\/hudo.com\/si\/wp-json\/wp\/v2\/users\/1"}],"replies":[{"embeddable":true,"href":"https:\/\/hudo.com\/si\/wp-json\/wp\/v2\/comments?post=148561"}],"version-history":[{"count":1,"href":"https:\/\/hudo.com\/si\/wp-json\/wp\/v2\/posts\/148561\/revisions"}],"predecessor-version":[{"id":148674,"href":"https:\/\/hudo.com\/si\/wp-json\/wp\/v2\/posts\/148561\/revisions\/148674"}],"wp:attachment":[{"href":"https:\/\/hudo.com\/si\/wp-json\/wp\/v2\/media?parent=148561"}],"wp:term":[{"taxonomy":"category","embeddable":true,"href":"https:\/\/hudo.com\/si\/wp-json\/wp\/v2\/categories?post=148561"},{"taxonomy":"post_tag","embeddable":true,"href":"https:\/\/hudo.com\/si\/wp-json\/wp\/v2\/tags?post=148561"},{"taxonomy":"source","embeddable":true,"href":"https:\/\/hudo.com\/si\/wp-json\/wp\/v2\/source?post=148561"},{"taxonomy":"supertag","embeddable":true,"href":"https:\/\/hudo.com\/si\/wp-json\/wp\/v2\/supertag?post=148561"}],"curies":[{"name":"wp","href":"https:\/\/api.w.org\/{rel}","templated":true}]}}