{"id":148563,"date":"2016-10-06T15:00:00","date_gmt":"2016-10-06T13:00:00","guid":{"rendered":"http:\/\/hudo.com\/si\/2016\/10\/06\/vlada-potrdila-nacrt-elesa\/"},"modified":"2016-10-06T15:00:00","modified_gmt":"2016-10-06T13:00:00","slug":"vlada-potrdila-nacrt-elesa","status":"publish","type":"post","link":"https:\/\/hudo.com\/si\/aktualno\/vlada-potrdila-nacrt-elesa\/","title":{"rendered":"Vlada potrdila na\u010drt Elesa"},"content":{"rendered":"<p>Kategorija: Infrastruktura Thu, 06 Oct 2016 17:00:00 +0200  Ljubljana \u2013 Vlada je prvi\u010d doslej potrdila dolgoro\u010dni strate\u0161ki na\u010drt poslovanja dru\u017ebe Eles, za obdobje med 2016 in 2020. Prvi strate\u0161ki na\u010drt, za obdobje med 2011 in 2015, je Eles ve\u010dinoma uresni\u010dil, vendar pa je, kot pravijo, slovenska energetika pred \u0161tevilnimi izzivi, zato so tudi pripravili nov strate\u0161ki na\u010drt.Med poudarki je celovit nadzor nad delovanjem 400- in 220-kilovoltnega prenosnega omre\u017eja, poleg tega pa prevzeti \u0161e nadzor nad celotnim zazankanim 100-kilovoltnim omre\u017ejem. V na\u010drtu je tudi nov zakup sistemskih storitev pri sistemskih operaterjih prenosnih omre\u017eij sosednjih dr\u017eav, s \u010dimer so \u017ee doslej zni\u017eevali stro\u0161ek terciarne regulacije. \u0160e naprej si bo Eles prizadeval tudi za ustrezno daljnovodno povezovanje s sosedami, pa tudi za primerne cene \u010dezmejnega prenosa elektrike. Dr\u017eavi pa napovedujejo tudi zagotavljanje dobi\u010dka. \u00bbZaradi dosedanjega uspe\u0161nega razvoja, zaradi izjemno visoke stopnje uresni\u010ditve\u00a0&#8230;<\/p>\n","protected":false},"excerpt":{"rendered":"<p>Kategorija: Infrastruktura Thu, 06 Oct 2016 17:00:00 +0200  Ljubljana \u2013 Vlada je prvi\u010d doslej potrdila dolgoro\u010dni strate\u0161ki na\u010drt poslovanja dru\u017ebe Eles, za obdobje med 2016 in 2020. Prvi strate\u0161ki na\u010drt, za obdobje med 2011 in 2015, je Eles ve\u010dinoma uresni\u010dil, vendar pa je, kot pravijo, slovenska energetika pred \u0161tevilnimi izzivi, zato so tudi pripravili nov strate\u0161ki na\u010drt.Med poudarki je celovit nadzor nad delovanjem 400- in 220-kilovoltnega prenosnega omre\u017eja, poleg tega pa prevzeti \u0161e nadzor nad celotnim zazankanim 100-kilovoltnim omre\u017ejem. V na\u010drtu je tudi nov zakup sistemskih storitev pri sistemskih operaterjih prenosnih omre\u017eij sosednjih dr\u017eav, s \u010dimer so \u017ee doslej zni\u017eevali stro\u0161ek terciarne regulacije. \u0160e naprej si bo Eles prizadeval tudi za ustrezno daljnovodno povezovanje s sosedami, pa tudi za primerne cene \u010dezmejnega prenosa elektrike. Dr\u017eavi pa napovedujejo tudi zagotavljanje dobi\u010dka. \u00bbZaradi dosedanjega uspe\u0161nega razvoja, zaradi izjemno visoke stopnje uresni\u010ditve\u00a0&#8230;<\/p>\n","protected":false},"author":1,"featured_media":0,"comment_status":"closed","ping_status":"closed","sticky":false,"template":"","format":"standard","meta":{"footnotes":""},"categories":[1179],"tags":[],"source":[1703],"supertag":[],"acf":[],"yoast_head":"<!-- This site is optimized with the Yoast SEO plugin v21.3 - https:\/\/yoast.com\/wordpress\/plugins\/seo\/ -->\n<title>Vlada potrdila na\u010drt Elesa - Hudo Slovenija<\/title>\n<meta name=\"robots\" content=\"index, follow, max-snippet:-1, max-image-preview:large, max-video-preview:-1\" \/>\n<link rel=\"canonical\" href=\"https:\/\/hudo.com\/si\/aktualno\/vlada-potrdila-nacrt-elesa\/\" \/>\n<meta property=\"og:locale\" content=\"sl_SI\" \/>\n<meta property=\"og:type\" content=\"article\" \/>\n<meta property=\"og:title\" content=\"Vlada potrdila na\u010drt Elesa - Hudo Slovenija\" \/>\n<meta property=\"og:description\" content=\"Kategorija: Infrastruktura Thu, 06 Oct 2016 17:00:00 +0200 Ljubljana \u2013 Vlada je prvi\u010d doslej potrdila dolgoro\u010dni strate\u0161ki na\u010drt poslovanja dru\u017ebe Eles, za obdobje med 2016 in 2020. Prvi strate\u0161ki na\u010drt, za obdobje med 2011 in 2015, je Eles ve\u010dinoma uresni\u010dil, vendar pa je, kot pravijo, slovenska energetika pred \u0161tevilnimi izzivi, zato so tudi pripravili nov strate\u0161ki na\u010drt.Med poudarki je celovit nadzor nad delovanjem 400- in 220-kilovoltnega prenosnega omre\u017eja, poleg tega pa prevzeti \u0161e nadzor nad celotnim zazankanim 100-kilovoltnim omre\u017ejem. V na\u010drtu je tudi nov zakup sistemskih storitev pri sistemskih operaterjih prenosnih omre\u017eij sosednjih dr\u017eav, s \u010dimer so \u017ee doslej zni\u017eevali stro\u0161ek terciarne regulacije. \u0160e naprej si bo Eles prizadeval tudi za ustrezno daljnovodno povezovanje s sosedami, pa tudi za primerne cene \u010dezmejnega prenosa elektrike. Dr\u017eavi pa napovedujejo tudi zagotavljanje dobi\u010dka. \u00bbZaradi dosedanjega uspe\u0161nega razvoja, zaradi izjemno visoke stopnje uresni\u010ditve\u00a0...\" \/>\n<meta property=\"og:url\" content=\"https:\/\/hudo.com\/si\/aktualno\/vlada-potrdila-nacrt-elesa\/\" \/>\n<meta property=\"og:site_name\" content=\"Hudo Slovenija\" \/>\n<meta property=\"article:publisher\" content=\"https:\/\/www.facebook.com\/hudo.si\" \/>\n<meta property=\"article:published_time\" content=\"2016-10-06T13:00:00+00:00\" \/>\n<meta property=\"og:image\" content=\"https:\/\/hudo.com\/si\/wp-content\/uploads\/sites\/2\/2016\/10\/480x290_djvu_2128886_kristanm_jsu-ELES.jpeg\" \/>\n\t<meta property=\"og:image:width\" content=\"480\" \/>\n\t<meta property=\"og:image:height\" content=\"290\" \/>\n\t<meta property=\"og:image:type\" content=\"image\/jpeg\" \/>\n<meta name=\"author\" content=\"hudo\" \/>\n<meta name=\"twitter:card\" content=\"summary_large_image\" \/>\n<meta name=\"twitter:creator\" content=\"@hudo_si\" \/>\n<meta name=\"twitter:site\" content=\"@hudo_si\" \/>\n<meta name=\"twitter:label1\" content=\"Written by\" \/>\n\t<meta name=\"twitter:data1\" content=\"hudo\" \/>\n\t<meta name=\"twitter:label2\" content=\"Est. reading time\" \/>\n\t<meta name=\"twitter:data2\" content=\"1 minuta\" \/>\n<script type=\"application\/ld+json\" class=\"yoast-schema-graph\">{\"@context\":\"https:\/\/schema.org\",\"@graph\":[{\"@type\":\"Article\",\"@id\":\"https:\/\/hudo.com\/si\/aktualno\/vlada-potrdila-nacrt-elesa\/#article\",\"isPartOf\":{\"@id\":\"https:\/\/hudo.com\/si\/aktualno\/vlada-potrdila-nacrt-elesa\/\"},\"author\":{\"name\":\"hudo\",\"@id\":\"https:\/\/hudo.com\/si\/#\/schema\/person\/601cf3379633985b20f7e50f2bb47707\"},\"headline\":\"Vlada potrdila na\u010drt Elesa\",\"datePublished\":\"2016-10-06T13:00:00+00:00\",\"dateModified\":\"2016-10-06T13:00:00+00:00\",\"mainEntityOfPage\":{\"@id\":\"https:\/\/hudo.com\/si\/aktualno\/vlada-potrdila-nacrt-elesa\/\"},\"wordCount\":157,\"publisher\":{\"@id\":\"https:\/\/hudo.com\/si\/#organization\"},\"articleSection\":[\"Aktualno\"],\"inLanguage\":\"sl-SI\"},{\"@type\":\"WebPage\",\"@id\":\"https:\/\/hudo.com\/si\/aktualno\/vlada-potrdila-nacrt-elesa\/\",\"url\":\"https:\/\/hudo.com\/si\/aktualno\/vlada-potrdila-nacrt-elesa\/\",\"name\":\"Vlada potrdila na\u010drt Elesa - Hudo Slovenija\",\"isPartOf\":{\"@id\":\"https:\/\/hudo.com\/si\/#website\"},\"datePublished\":\"2016-10-06T13:00:00+00:00\",\"dateModified\":\"2016-10-06T13:00:00+00:00\",\"breadcrumb\":{\"@id\":\"https:\/\/hudo.com\/si\/aktualno\/vlada-potrdila-nacrt-elesa\/#breadcrumb\"},\"inLanguage\":\"sl-SI\",\"potentialAction\":[{\"@type\":\"ReadAction\",\"target\":[\"https:\/\/hudo.com\/si\/aktualno\/vlada-potrdila-nacrt-elesa\/\"]}]},{\"@type\":\"BreadcrumbList\",\"@id\":\"https:\/\/hudo.com\/si\/aktualno\/vlada-potrdila-nacrt-elesa\/#breadcrumb\",\"itemListElement\":[{\"@type\":\"ListItem\",\"position\":1,\"name\":\"Home\",\"item\":\"https:\/\/hudo.com\/si\/\"},{\"@type\":\"ListItem\",\"position\":2,\"name\":\"Vlada potrdila na\u010drt Elesa\"}]},{\"@type\":\"WebSite\",\"@id\":\"https:\/\/hudo.com\/si\/#website\",\"url\":\"https:\/\/hudo.com\/si\/\",\"name\":\"Hudo Slovenija\",\"description\":\"Vse novice iz Slovenije in sveta\",\"publisher\":{\"@id\":\"https:\/\/hudo.com\/si\/#organization\"},\"potentialAction\":[{\"@type\":\"SearchAction\",\"target\":{\"@type\":\"EntryPoint\",\"urlTemplate\":\"https:\/\/hudo.com\/si\/?s={search_term_string}\"},\"query-input\":\"required name=search_term_string\"}],\"inLanguage\":\"sl-SI\"},{\"@type\":\"Organization\",\"@id\":\"https:\/\/hudo.com\/si\/#organization\",\"name\":\"VSN Media\",\"url\":\"https:\/\/hudo.com\/si\/\",\"logo\":{\"@type\":\"ImageObject\",\"inLanguage\":\"sl-SI\",\"@id\":\"https:\/\/hudo.com\/si\/#\/schema\/logo\/image\/\",\"url\":\"https:\/\/hudo.com\/si\/wp-content\/uploads\/sites\/2\/2021\/03\/hudo-app-2.png\",\"contentUrl\":\"https:\/\/hudo.com\/si\/wp-content\/uploads\/sites\/2\/2021\/03\/hudo-app-2.png\",\"width\":2185,\"height\":2167,\"caption\":\"VSN Media\"},\"image\":{\"@id\":\"https:\/\/hudo.com\/si\/#\/schema\/logo\/image\/\"},\"sameAs\":[\"https:\/\/www.facebook.com\/hudo.si\",\"https:\/\/twitter.com\/hudo_si\"]},{\"@type\":\"Person\",\"@id\":\"https:\/\/hudo.com\/si\/#\/schema\/person\/601cf3379633985b20f7e50f2bb47707\",\"name\":\"hudo\",\"image\":{\"@type\":\"ImageObject\",\"inLanguage\":\"sl-SI\",\"@id\":\"https:\/\/hudo.com\/si\/#\/schema\/person\/image\/\",\"url\":\"https:\/\/secure.gravatar.com\/avatar\/c4ca25fa72cace7a696b52ff5db9e095?s=96&d=mm&r=g\",\"contentUrl\":\"https:\/\/secure.gravatar.com\/avatar\/c4ca25fa72cace7a696b52ff5db9e095?s=96&d=mm&r=g\",\"caption\":\"hudo\"},\"url\":\"https:\/\/hudo.com\/si\/author\/hudo\/\"}]}<\/script>\n<!-- \/ Yoast SEO plugin. -->","yoast_head_json":{"title":"Vlada potrdila na\u010drt Elesa - Hudo Slovenija","robots":{"index":"index","follow":"follow","max-snippet":"max-snippet:-1","max-image-preview":"max-image-preview:large","max-video-preview":"max-video-preview:-1"},"canonical":"https:\/\/hudo.com\/si\/aktualno\/vlada-potrdila-nacrt-elesa\/","og_locale":"sl_SI","og_type":"article","og_title":"Vlada potrdila na\u010drt Elesa - Hudo Slovenija","og_description":"Kategorija: Infrastruktura Thu, 06 Oct 2016 17:00:00 +0200 Ljubljana \u2013 Vlada je prvi\u010d doslej potrdila dolgoro\u010dni strate\u0161ki na\u010drt poslovanja dru\u017ebe Eles, za obdobje med 2016 in 2020. Prvi strate\u0161ki na\u010drt, za obdobje med 2011 in 2015, je Eles ve\u010dinoma uresni\u010dil, vendar pa je, kot pravijo, slovenska energetika pred \u0161tevilnimi izzivi, zato so tudi pripravili nov strate\u0161ki na\u010drt.Med poudarki je celovit nadzor nad delovanjem 400- in 220-kilovoltnega prenosnega omre\u017eja, poleg tega pa prevzeti \u0161e nadzor nad celotnim zazankanim 100-kilovoltnim omre\u017ejem. V na\u010drtu je tudi nov zakup sistemskih storitev pri sistemskih operaterjih prenosnih omre\u017eij sosednjih dr\u017eav, s \u010dimer so \u017ee doslej zni\u017eevali stro\u0161ek terciarne regulacije. \u0160e naprej si bo Eles prizadeval tudi za ustrezno daljnovodno povezovanje s sosedami, pa tudi za primerne cene \u010dezmejnega prenosa elektrike. Dr\u017eavi pa napovedujejo tudi zagotavljanje dobi\u010dka. \u00bbZaradi dosedanjega uspe\u0161nega razvoja, zaradi izjemno visoke stopnje uresni\u010ditve\u00a0...","og_url":"https:\/\/hudo.com\/si\/aktualno\/vlada-potrdila-nacrt-elesa\/","og_site_name":"Hudo Slovenija","article_publisher":"https:\/\/www.facebook.com\/hudo.si","article_published_time":"2016-10-06T13:00:00+00:00","og_image":[{"width":480,"height":290,"url":"https:\/\/hudo.com\/si\/wp-content\/uploads\/sites\/2\/2016\/10\/480x290_djvu_2128886_kristanm_jsu-ELES.jpeg","type":"image\/jpeg"}],"author":"hudo","twitter_card":"summary_large_image","twitter_creator":"@hudo_si","twitter_site":"@hudo_si","twitter_misc":{"Written by":"hudo","Est. reading time":"1 minuta"},"schema":{"@context":"https:\/\/schema.org","@graph":[{"@type":"Article","@id":"https:\/\/hudo.com\/si\/aktualno\/vlada-potrdila-nacrt-elesa\/#article","isPartOf":{"@id":"https:\/\/hudo.com\/si\/aktualno\/vlada-potrdila-nacrt-elesa\/"},"author":{"name":"hudo","@id":"https:\/\/hudo.com\/si\/#\/schema\/person\/601cf3379633985b20f7e50f2bb47707"},"headline":"Vlada potrdila na\u010drt Elesa","datePublished":"2016-10-06T13:00:00+00:00","dateModified":"2016-10-06T13:00:00+00:00","mainEntityOfPage":{"@id":"https:\/\/hudo.com\/si\/aktualno\/vlada-potrdila-nacrt-elesa\/"},"wordCount":157,"publisher":{"@id":"https:\/\/hudo.com\/si\/#organization"},"articleSection":["Aktualno"],"inLanguage":"sl-SI"},{"@type":"WebPage","@id":"https:\/\/hudo.com\/si\/aktualno\/vlada-potrdila-nacrt-elesa\/","url":"https:\/\/hudo.com\/si\/aktualno\/vlada-potrdila-nacrt-elesa\/","name":"Vlada potrdila na\u010drt Elesa - Hudo Slovenija","isPartOf":{"@id":"https:\/\/hudo.com\/si\/#website"},"datePublished":"2016-10-06T13:00:00+00:00","dateModified":"2016-10-06T13:00:00+00:00","breadcrumb":{"@id":"https:\/\/hudo.com\/si\/aktualno\/vlada-potrdila-nacrt-elesa\/#breadcrumb"},"inLanguage":"sl-SI","potentialAction":[{"@type":"ReadAction","target":["https:\/\/hudo.com\/si\/aktualno\/vlada-potrdila-nacrt-elesa\/"]}]},{"@type":"BreadcrumbList","@id":"https:\/\/hudo.com\/si\/aktualno\/vlada-potrdila-nacrt-elesa\/#breadcrumb","itemListElement":[{"@type":"ListItem","position":1,"name":"Home","item":"https:\/\/hudo.com\/si\/"},{"@type":"ListItem","position":2,"name":"Vlada potrdila na\u010drt Elesa"}]},{"@type":"WebSite","@id":"https:\/\/hudo.com\/si\/#website","url":"https:\/\/hudo.com\/si\/","name":"Hudo Slovenija","description":"Vse novice iz Slovenije in sveta","publisher":{"@id":"https:\/\/hudo.com\/si\/#organization"},"potentialAction":[{"@type":"SearchAction","target":{"@type":"EntryPoint","urlTemplate":"https:\/\/hudo.com\/si\/?s={search_term_string}"},"query-input":"required name=search_term_string"}],"inLanguage":"sl-SI"},{"@type":"Organization","@id":"https:\/\/hudo.com\/si\/#organization","name":"VSN Media","url":"https:\/\/hudo.com\/si\/","logo":{"@type":"ImageObject","inLanguage":"sl-SI","@id":"https:\/\/hudo.com\/si\/#\/schema\/logo\/image\/","url":"https:\/\/hudo.com\/si\/wp-content\/uploads\/sites\/2\/2021\/03\/hudo-app-2.png","contentUrl":"https:\/\/hudo.com\/si\/wp-content\/uploads\/sites\/2\/2021\/03\/hudo-app-2.png","width":2185,"height":2167,"caption":"VSN Media"},"image":{"@id":"https:\/\/hudo.com\/si\/#\/schema\/logo\/image\/"},"sameAs":["https:\/\/www.facebook.com\/hudo.si","https:\/\/twitter.com\/hudo_si"]},{"@type":"Person","@id":"https:\/\/hudo.com\/si\/#\/schema\/person\/601cf3379633985b20f7e50f2bb47707","name":"hudo","image":{"@type":"ImageObject","inLanguage":"sl-SI","@id":"https:\/\/hudo.com\/si\/#\/schema\/person\/image\/","url":"https:\/\/secure.gravatar.com\/avatar\/c4ca25fa72cace7a696b52ff5db9e095?s=96&d=mm&r=g","contentUrl":"https:\/\/secure.gravatar.com\/avatar\/c4ca25fa72cace7a696b52ff5db9e095?s=96&d=mm&r=g","caption":"hudo"},"url":"https:\/\/hudo.com\/si\/author\/hudo\/"}]}},"amp_enabled":true,"_links":{"self":[{"href":"https:\/\/hudo.com\/si\/wp-json\/wp\/v2\/posts\/148563"}],"collection":[{"href":"https:\/\/hudo.com\/si\/wp-json\/wp\/v2\/posts"}],"about":[{"href":"https:\/\/hudo.com\/si\/wp-json\/wp\/v2\/types\/post"}],"author":[{"embeddable":true,"href":"https:\/\/hudo.com\/si\/wp-json\/wp\/v2\/users\/1"}],"replies":[{"embeddable":true,"href":"https:\/\/hudo.com\/si\/wp-json\/wp\/v2\/comments?post=148563"}],"version-history":[{"count":0,"href":"https:\/\/hudo.com\/si\/wp-json\/wp\/v2\/posts\/148563\/revisions"}],"wp:attachment":[{"href":"https:\/\/hudo.com\/si\/wp-json\/wp\/v2\/media?parent=148563"}],"wp:term":[{"taxonomy":"category","embeddable":true,"href":"https:\/\/hudo.com\/si\/wp-json\/wp\/v2\/categories?post=148563"},{"taxonomy":"post_tag","embeddable":true,"href":"https:\/\/hudo.com\/si\/wp-json\/wp\/v2\/tags?post=148563"},{"taxonomy":"source","embeddable":true,"href":"https:\/\/hudo.com\/si\/wp-json\/wp\/v2\/source?post=148563"},{"taxonomy":"supertag","embeddable":true,"href":"https:\/\/hudo.com\/si\/wp-json\/wp\/v2\/supertag?post=148563"}],"curies":[{"name":"wp","href":"https:\/\/api.w.org\/{rel}","templated":true}]}}