{"id":148667,"date":"2016-10-06T15:45:00","date_gmt":"2016-10-06T13:45:00","guid":{"rendered":"http:\/\/hudo.com\/si\/2016\/10\/06\/andrej-fistravec-zaradi-azilnega-doma-pricakuje-pojasnila-notranje-ministrice\/"},"modified":"2016-10-07T14:31:45","modified_gmt":"2016-10-07T12:31:45","slug":"andrej-fistravec-zaradi-azilnega-doma-pricakuje-pojasnila-notranje-ministrice","status":"publish","type":"post","link":"https:\/\/hudo.com\/si\/aktualno\/andrej-fistravec-zaradi-azilnega-doma-pricakuje-pojasnila-notranje-ministrice\/","title":{"rendered":"Andrej Fi\u0161travec zaradi azilnega doma pri\u010dakuje pojasnila notranje ministrice"},"content":{"rendered":"<p>&#8220;Ume\u0161\u010danje azilnega doma v okolje je vedno potrebno opraviti z najve\u010djim mo\u017enim konsenzom. Za to je potrebno, da ima javnost \u010dim bolj verodostojne informacije in nima ob\u010dutka, da se ji karkoli prikriva oziroma postavlja pred izvr\u0161ena dejstva. To je vsekakor recept za konflikt. Odgovorne osebe na vladi in resornem ministrstvu se verjetno zavedajo, da glede na vse varnostne dogodke, ki smo jim bili pri\u010da v Evropi, dr\u017eavljane primarno skrbi varnost njihovih otrok in njih samih. Nas v Mariboru mora skrbeti za varnost. Seveda! Prepri\u010dan sem, da se tega zavedajo tudi dr\u017eavni organi, in z njimi delimo iste skrbi in odgovornost, ki jo nosimo na osnovi konvencije o beguncih in njenega protokola, kot tudi na osnovi empatije in dejstva, da smo ljudje,&#8221; je v izjavo za javnost danes napisal mariborski \u017eupan Andrej Fi\u0161travec. Potem ko je v Ve\u010deru ta teden dr\u017eavni sekretar v notranjem ministrstvu Bo\u0161tjan \u0160efic povedal, da bo azilni dom tudi v Mariboru.  Fi\u0161travec zato od notranje ministrice pri\u010dakuje, da mu, in mestnim svetnikom, &#8220;poda celostno sliko re\u0161itve, ki jo predlagajo, in odgovore na vpra\u0161anja, ki se porajajo nam vsem in \u0161e zlasti tistim, ki so v bli\u017eini lokacije, ki jo predvideva ministrstvo za vzpostavitev azilnega doma&#8221;.  &#8220;Naloga Mestne ob\u010dine Maribor je, da vztraja na tem, da dr\u017eavni organi ob\u010dane mesta celovito informirajo, da dobijo odgovore na vsa vpra\u0161anja in da se zagotovi ustrezna varnost. Vse z namenom, da se umestitev opravi s konsenzom lokalne skupnosti in z roko v roki z najbli\u017ejimi predvidenimi sosedi,&#8221; pi\u0161e Fi\u0161travec. Od ministrice to pri\u010dakuje toliko bolj, ker je bila izvoljena v Mariboru. Tako kot vodja svetni\u0161ke skupine SMC v mariborskem mestnem svetu in dr\u017eavni sekretar Andrej \u0160penga, pravi.  Ministrstvo za notranje zadeve naj bi azilni dom nameravalo naseliti po zadnjih informacijah na Studencih.Maribor<\/p>\n","protected":false},"excerpt":{"rendered":"<p>&#8220;Ume\u0161\u010danje azilnega doma v okolje je vedno potrebno opraviti z najve\u010djim mo\u017enim konsenzom. Za to je potrebno, da ima javnost \u010dim bolj verodostojne informacije in nima ob\u010dutka, da se ji karkoli prikriva oziroma postavlja pred izvr\u0161ena dejstva. To je vsekakor recept za konflikt. Odgovorne osebe na vladi in resornem ministrstvu se verjetno zavedajo, da glede na vse varnostne dogodke, ki smo jim bili pri\u010da v Evropi, dr\u017eavljane primarno skrbi varnost njihovih otrok in njih samih. Nas v Mariboru mora skrbeti za varnost. Seveda! Prepri\u010dan sem, da se tega zavedajo tudi dr\u017eavni organi, in z njimi delimo iste skrbi in odgovornost, ki jo nosimo na osnovi konvencije o beguncih in njenega protokola, kot tudi na osnovi empatije in dejstva, da smo ljudje,&#8221; je v izjavo za javnost danes napisal mariborski \u017eupan Andrej Fi\u0161travec. Potem ko je v Ve\u010deru ta teden dr\u017eavni sekretar v notranjem ministrstvu Bo\u0161tjan \u0160efic povedal, da bo azilni dom tudi v Mariboru.  Fi\u0161travec zato od notranje ministrice pri\u010dakuje, da mu, in mestnim svetnikom, &#8220;poda celostno sliko re\u0161itve, ki jo predlagajo, in odgovore na vpra\u0161anja, ki se porajajo nam vsem in \u0161e zlasti tistim, ki so v bli\u017eini lokacije, ki jo predvideva ministrstvo za vzpostavitev azilnega doma&#8221;.  &#8220;Naloga Mestne ob\u010dine Maribor je, da vztraja na tem, da dr\u017eavni organi ob\u010dane mesta celovito informirajo, da dobijo odgovore na vsa vpra\u0161anja in da se zagotovi ustrezna varnost. Vse z namenom, da se umestitev opravi s konsenzom lokalne skupnosti in z roko v roki z najbli\u017ejimi predvidenimi sosedi,&#8221; pi\u0161e Fi\u0161travec. Od ministrice to pri\u010dakuje toliko bolj, ker je bila izvoljena v Mariboru. Tako kot vodja svetni\u0161ke skupine SMC v mariborskem mestnem svetu in dr\u017eavni sekretar Andrej \u0160penga, pravi.  Ministrstvo za notranje zadeve naj bi azilni dom nameravalo naseliti po zadnjih informacijah na Studencih.Maribor<\/p>\n","protected":false},"author":1,"featured_media":0,"comment_status":"closed","ping_status":"closed","sticky":false,"template":"","format":"standard","meta":{"footnotes":""},"categories":[1179],"tags":[],"source":[1711],"supertag":[],"acf":[],"yoast_head":"<!-- This site is optimized with the Yoast SEO plugin v21.3 - https:\/\/yoast.com\/wordpress\/plugins\/seo\/ -->\n<title>Andrej Fi\u0161travec zaradi azilnega doma pri\u010dakuje pojasnila notranje ministrice - Hudo Slovenija<\/title>\n<meta name=\"robots\" content=\"index, follow, max-snippet:-1, max-image-preview:large, max-video-preview:-1\" \/>\n<link rel=\"canonical\" href=\"https:\/\/hudo.com\/si\/aktualno\/andrej-fistravec-zaradi-azilnega-doma-pricakuje-pojasnila-notranje-ministrice\/\" \/>\n<meta property=\"og:locale\" content=\"sl_SI\" \/>\n<meta property=\"og:type\" content=\"article\" \/>\n<meta property=\"og:title\" content=\"Andrej Fi\u0161travec zaradi azilnega doma pri\u010dakuje pojasnila notranje ministrice - Hudo Slovenija\" \/>\n<meta property=\"og:description\" content=\"&quot;Ume\u0161\u010danje azilnega doma v okolje je vedno potrebno opraviti z najve\u010djim mo\u017enim konsenzom. Za to je potrebno, da ima javnost \u010dim bolj verodostojne informacije in nima ob\u010dutka, da se ji karkoli prikriva oziroma postavlja pred izvr\u0161ena dejstva. To je vsekakor recept za konflikt. Odgovorne osebe na vladi in resornem ministrstvu se verjetno zavedajo, da glede na vse varnostne dogodke, ki smo jim bili pri\u010da v Evropi, dr\u017eavljane primarno skrbi varnost njihovih otrok in njih samih. Nas v Mariboru mora skrbeti za varnost. Seveda! Prepri\u010dan sem, da se tega zavedajo tudi dr\u017eavni organi, in z njimi delimo iste skrbi in odgovornost, ki jo nosimo na osnovi konvencije o beguncih in njenega protokola, kot tudi na osnovi empatije in dejstva, da smo ljudje,&quot; je v izjavo za javnost danes napisal mariborski \u017eupan Andrej Fi\u0161travec. Potem ko je v Ve\u010deru ta teden dr\u017eavni sekretar v notranjem ministrstvu Bo\u0161tjan \u0160efic povedal, da bo azilni dom tudi v Mariboru. Fi\u0161travec zato od notranje ministrice pri\u010dakuje, da mu, in mestnim svetnikom, &quot;poda celostno sliko re\u0161itve, ki jo predlagajo, in odgovore na vpra\u0161anja, ki se porajajo nam vsem in \u0161e zlasti tistim, ki so v bli\u017eini lokacije, ki jo predvideva ministrstvo za vzpostavitev azilnega doma&quot;. &quot;Naloga Mestne ob\u010dine Maribor je, da vztraja na tem, da dr\u017eavni organi ob\u010dane mesta celovito informirajo, da dobijo odgovore na vsa vpra\u0161anja in da se zagotovi ustrezna varnost. Vse z namenom, da se umestitev opravi s konsenzom lokalne skupnosti in z roko v roki z najbli\u017ejimi predvidenimi sosedi,&quot; pi\u0161e Fi\u0161travec. Od ministrice to pri\u010dakuje toliko bolj, ker je bila izvoljena v Mariboru. Tako kot vodja svetni\u0161ke skupine SMC v mariborskem mestnem svetu in dr\u017eavni sekretar Andrej \u0160penga, pravi. Ministrstvo za notranje zadeve naj bi azilni dom nameravalo naseliti po zadnjih informacijah na Studencih.Maribor\" \/>\n<meta property=\"og:url\" content=\"https:\/\/hudo.com\/si\/aktualno\/andrej-fistravec-zaradi-azilnega-doma-pricakuje-pojasnila-notranje-ministrice\/\" \/>\n<meta property=\"og:site_name\" content=\"Hudo Slovenija\" \/>\n<meta property=\"article:publisher\" content=\"https:\/\/www.facebook.com\/hudo.si\" \/>\n<meta property=\"article:published_time\" content=\"2016-10-06T13:45:00+00:00\" \/>\n<meta property=\"article:modified_time\" content=\"2016-10-07T12:31:45+00:00\" \/>\n<meta property=\"og:image\" content=\"https:\/\/hudo.com\/si\/wp-content\/uploads\/sites\/2\/2016\/10\/0906Fistrave1-300.jpg\" \/>\n\t<meta property=\"og:image:width\" content=\"450\" \/>\n\t<meta property=\"og:image:height\" content=\"300\" \/>\n\t<meta property=\"og:image:type\" content=\"image\/jpeg\" \/>\n<meta name=\"author\" content=\"hudo\" \/>\n<meta name=\"twitter:card\" content=\"summary_large_image\" \/>\n<meta name=\"twitter:creator\" content=\"@hudo_si\" \/>\n<meta name=\"twitter:site\" content=\"@hudo_si\" \/>\n<meta name=\"twitter:label1\" content=\"Written by\" \/>\n\t<meta name=\"twitter:data1\" content=\"hudo\" \/>\n\t<meta name=\"twitter:label2\" content=\"Est. reading time\" \/>\n\t<meta name=\"twitter:data2\" content=\"2 minuti\" \/>\n<script type=\"application\/ld+json\" class=\"yoast-schema-graph\">{\"@context\":\"https:\/\/schema.org\",\"@graph\":[{\"@type\":\"Article\",\"@id\":\"https:\/\/hudo.com\/si\/aktualno\/andrej-fistravec-zaradi-azilnega-doma-pricakuje-pojasnila-notranje-ministrice\/#article\",\"isPartOf\":{\"@id\":\"https:\/\/hudo.com\/si\/aktualno\/andrej-fistravec-zaradi-azilnega-doma-pricakuje-pojasnila-notranje-ministrice\/\"},\"author\":{\"name\":\"hudo\",\"@id\":\"https:\/\/hudo.com\/si\/#\/schema\/person\/601cf3379633985b20f7e50f2bb47707\"},\"headline\":\"Andrej Fi\u0161travec zaradi azilnega doma pri\u010dakuje pojasnila notranje ministrice\",\"datePublished\":\"2016-10-06T13:45:00+00:00\",\"dateModified\":\"2016-10-07T12:31:45+00:00\",\"mainEntityOfPage\":{\"@id\":\"https:\/\/hudo.com\/si\/aktualno\/andrej-fistravec-zaradi-azilnega-doma-pricakuje-pojasnila-notranje-ministrice\/\"},\"wordCount\":331,\"publisher\":{\"@id\":\"https:\/\/hudo.com\/si\/#organization\"},\"articleSection\":[\"Aktualno\"],\"inLanguage\":\"sl-SI\"},{\"@type\":\"WebPage\",\"@id\":\"https:\/\/hudo.com\/si\/aktualno\/andrej-fistravec-zaradi-azilnega-doma-pricakuje-pojasnila-notranje-ministrice\/\",\"url\":\"https:\/\/hudo.com\/si\/aktualno\/andrej-fistravec-zaradi-azilnega-doma-pricakuje-pojasnila-notranje-ministrice\/\",\"name\":\"Andrej Fi\u0161travec zaradi azilnega doma pri\u010dakuje pojasnila notranje ministrice - Hudo Slovenija\",\"isPartOf\":{\"@id\":\"https:\/\/hudo.com\/si\/#website\"},\"datePublished\":\"2016-10-06T13:45:00+00:00\",\"dateModified\":\"2016-10-07T12:31:45+00:00\",\"breadcrumb\":{\"@id\":\"https:\/\/hudo.com\/si\/aktualno\/andrej-fistravec-zaradi-azilnega-doma-pricakuje-pojasnila-notranje-ministrice\/#breadcrumb\"},\"inLanguage\":\"sl-SI\",\"potentialAction\":[{\"@type\":\"ReadAction\",\"target\":[\"https:\/\/hudo.com\/si\/aktualno\/andrej-fistravec-zaradi-azilnega-doma-pricakuje-pojasnila-notranje-ministrice\/\"]}]},{\"@type\":\"BreadcrumbList\",\"@id\":\"https:\/\/hudo.com\/si\/aktualno\/andrej-fistravec-zaradi-azilnega-doma-pricakuje-pojasnila-notranje-ministrice\/#breadcrumb\",\"itemListElement\":[{\"@type\":\"ListItem\",\"position\":1,\"name\":\"Home\",\"item\":\"https:\/\/hudo.com\/si\/\"},{\"@type\":\"ListItem\",\"position\":2,\"name\":\"Andrej Fi\u0161travec zaradi azilnega doma pri\u010dakuje pojasnila notranje ministrice\"}]},{\"@type\":\"WebSite\",\"@id\":\"https:\/\/hudo.com\/si\/#website\",\"url\":\"https:\/\/hudo.com\/si\/\",\"name\":\"Hudo Slovenija\",\"description\":\"Vse novice iz Slovenije in sveta\",\"publisher\":{\"@id\":\"https:\/\/hudo.com\/si\/#organization\"},\"potentialAction\":[{\"@type\":\"SearchAction\",\"target\":{\"@type\":\"EntryPoint\",\"urlTemplate\":\"https:\/\/hudo.com\/si\/?s={search_term_string}\"},\"query-input\":\"required name=search_term_string\"}],\"inLanguage\":\"sl-SI\"},{\"@type\":\"Organization\",\"@id\":\"https:\/\/hudo.com\/si\/#organization\",\"name\":\"VSN Media\",\"url\":\"https:\/\/hudo.com\/si\/\",\"logo\":{\"@type\":\"ImageObject\",\"inLanguage\":\"sl-SI\",\"@id\":\"https:\/\/hudo.com\/si\/#\/schema\/logo\/image\/\",\"url\":\"https:\/\/hudo.com\/si\/wp-content\/uploads\/sites\/2\/2021\/03\/hudo-app-2.png\",\"contentUrl\":\"https:\/\/hudo.com\/si\/wp-content\/uploads\/sites\/2\/2021\/03\/hudo-app-2.png\",\"width\":2185,\"height\":2167,\"caption\":\"VSN Media\"},\"image\":{\"@id\":\"https:\/\/hudo.com\/si\/#\/schema\/logo\/image\/\"},\"sameAs\":[\"https:\/\/www.facebook.com\/hudo.si\",\"https:\/\/twitter.com\/hudo_si\"]},{\"@type\":\"Person\",\"@id\":\"https:\/\/hudo.com\/si\/#\/schema\/person\/601cf3379633985b20f7e50f2bb47707\",\"name\":\"hudo\",\"image\":{\"@type\":\"ImageObject\",\"inLanguage\":\"sl-SI\",\"@id\":\"https:\/\/hudo.com\/si\/#\/schema\/person\/image\/\",\"url\":\"https:\/\/secure.gravatar.com\/avatar\/c4ca25fa72cace7a696b52ff5db9e095?s=96&d=mm&r=g\",\"contentUrl\":\"https:\/\/secure.gravatar.com\/avatar\/c4ca25fa72cace7a696b52ff5db9e095?s=96&d=mm&r=g\",\"caption\":\"hudo\"},\"url\":\"https:\/\/hudo.com\/si\/author\/hudo\/\"}]}<\/script>\n<!-- \/ Yoast SEO plugin. -->","yoast_head_json":{"title":"Andrej Fi\u0161travec zaradi azilnega doma pri\u010dakuje pojasnila notranje ministrice - Hudo Slovenija","robots":{"index":"index","follow":"follow","max-snippet":"max-snippet:-1","max-image-preview":"max-image-preview:large","max-video-preview":"max-video-preview:-1"},"canonical":"https:\/\/hudo.com\/si\/aktualno\/andrej-fistravec-zaradi-azilnega-doma-pricakuje-pojasnila-notranje-ministrice\/","og_locale":"sl_SI","og_type":"article","og_title":"Andrej Fi\u0161travec zaradi azilnega doma pri\u010dakuje pojasnila notranje ministrice - Hudo Slovenija","og_description":"\"Ume\u0161\u010danje azilnega doma v okolje je vedno potrebno opraviti z najve\u010djim mo\u017enim konsenzom. Za to je potrebno, da ima javnost \u010dim bolj verodostojne informacije in nima ob\u010dutka, da se ji karkoli prikriva oziroma postavlja pred izvr\u0161ena dejstva. To je vsekakor recept za konflikt. Odgovorne osebe na vladi in resornem ministrstvu se verjetno zavedajo, da glede na vse varnostne dogodke, ki smo jim bili pri\u010da v Evropi, dr\u017eavljane primarno skrbi varnost njihovih otrok in njih samih. Nas v Mariboru mora skrbeti za varnost. Seveda! Prepri\u010dan sem, da se tega zavedajo tudi dr\u017eavni organi, in z njimi delimo iste skrbi in odgovornost, ki jo nosimo na osnovi konvencije o beguncih in njenega protokola, kot tudi na osnovi empatije in dejstva, da smo ljudje,\" je v izjavo za javnost danes napisal mariborski \u017eupan Andrej Fi\u0161travec. Potem ko je v Ve\u010deru ta teden dr\u017eavni sekretar v notranjem ministrstvu Bo\u0161tjan \u0160efic povedal, da bo azilni dom tudi v Mariboru. Fi\u0161travec zato od notranje ministrice pri\u010dakuje, da mu, in mestnim svetnikom, \"poda celostno sliko re\u0161itve, ki jo predlagajo, in odgovore na vpra\u0161anja, ki se porajajo nam vsem in \u0161e zlasti tistim, ki so v bli\u017eini lokacije, ki jo predvideva ministrstvo za vzpostavitev azilnega doma\". \"Naloga Mestne ob\u010dine Maribor je, da vztraja na tem, da dr\u017eavni organi ob\u010dane mesta celovito informirajo, da dobijo odgovore na vsa vpra\u0161anja in da se zagotovi ustrezna varnost. Vse z namenom, da se umestitev opravi s konsenzom lokalne skupnosti in z roko v roki z najbli\u017ejimi predvidenimi sosedi,\" pi\u0161e Fi\u0161travec. Od ministrice to pri\u010dakuje toliko bolj, ker je bila izvoljena v Mariboru. Tako kot vodja svetni\u0161ke skupine SMC v mariborskem mestnem svetu in dr\u017eavni sekretar Andrej \u0160penga, pravi. Ministrstvo za notranje zadeve naj bi azilni dom nameravalo naseliti po zadnjih informacijah na Studencih.Maribor","og_url":"https:\/\/hudo.com\/si\/aktualno\/andrej-fistravec-zaradi-azilnega-doma-pricakuje-pojasnila-notranje-ministrice\/","og_site_name":"Hudo Slovenija","article_publisher":"https:\/\/www.facebook.com\/hudo.si","article_published_time":"2016-10-06T13:45:00+00:00","article_modified_time":"2016-10-07T12:31:45+00:00","og_image":[{"width":450,"height":300,"url":"https:\/\/hudo.com\/si\/wp-content\/uploads\/sites\/2\/2016\/10\/0906Fistrave1-300.jpg","type":"image\/jpeg"}],"author":"hudo","twitter_card":"summary_large_image","twitter_creator":"@hudo_si","twitter_site":"@hudo_si","twitter_misc":{"Written by":"hudo","Est. reading time":"2 minuti"},"schema":{"@context":"https:\/\/schema.org","@graph":[{"@type":"Article","@id":"https:\/\/hudo.com\/si\/aktualno\/andrej-fistravec-zaradi-azilnega-doma-pricakuje-pojasnila-notranje-ministrice\/#article","isPartOf":{"@id":"https:\/\/hudo.com\/si\/aktualno\/andrej-fistravec-zaradi-azilnega-doma-pricakuje-pojasnila-notranje-ministrice\/"},"author":{"name":"hudo","@id":"https:\/\/hudo.com\/si\/#\/schema\/person\/601cf3379633985b20f7e50f2bb47707"},"headline":"Andrej Fi\u0161travec zaradi azilnega doma pri\u010dakuje pojasnila notranje ministrice","datePublished":"2016-10-06T13:45:00+00:00","dateModified":"2016-10-07T12:31:45+00:00","mainEntityOfPage":{"@id":"https:\/\/hudo.com\/si\/aktualno\/andrej-fistravec-zaradi-azilnega-doma-pricakuje-pojasnila-notranje-ministrice\/"},"wordCount":331,"publisher":{"@id":"https:\/\/hudo.com\/si\/#organization"},"articleSection":["Aktualno"],"inLanguage":"sl-SI"},{"@type":"WebPage","@id":"https:\/\/hudo.com\/si\/aktualno\/andrej-fistravec-zaradi-azilnega-doma-pricakuje-pojasnila-notranje-ministrice\/","url":"https:\/\/hudo.com\/si\/aktualno\/andrej-fistravec-zaradi-azilnega-doma-pricakuje-pojasnila-notranje-ministrice\/","name":"Andrej Fi\u0161travec zaradi azilnega doma pri\u010dakuje pojasnila notranje ministrice - Hudo Slovenija","isPartOf":{"@id":"https:\/\/hudo.com\/si\/#website"},"datePublished":"2016-10-06T13:45:00+00:00","dateModified":"2016-10-07T12:31:45+00:00","breadcrumb":{"@id":"https:\/\/hudo.com\/si\/aktualno\/andrej-fistravec-zaradi-azilnega-doma-pricakuje-pojasnila-notranje-ministrice\/#breadcrumb"},"inLanguage":"sl-SI","potentialAction":[{"@type":"ReadAction","target":["https:\/\/hudo.com\/si\/aktualno\/andrej-fistravec-zaradi-azilnega-doma-pricakuje-pojasnila-notranje-ministrice\/"]}]},{"@type":"BreadcrumbList","@id":"https:\/\/hudo.com\/si\/aktualno\/andrej-fistravec-zaradi-azilnega-doma-pricakuje-pojasnila-notranje-ministrice\/#breadcrumb","itemListElement":[{"@type":"ListItem","position":1,"name":"Home","item":"https:\/\/hudo.com\/si\/"},{"@type":"ListItem","position":2,"name":"Andrej Fi\u0161travec zaradi azilnega doma pri\u010dakuje pojasnila notranje ministrice"}]},{"@type":"WebSite","@id":"https:\/\/hudo.com\/si\/#website","url":"https:\/\/hudo.com\/si\/","name":"Hudo Slovenija","description":"Vse novice iz Slovenije in sveta","publisher":{"@id":"https:\/\/hudo.com\/si\/#organization"},"potentialAction":[{"@type":"SearchAction","target":{"@type":"EntryPoint","urlTemplate":"https:\/\/hudo.com\/si\/?s={search_term_string}"},"query-input":"required name=search_term_string"}],"inLanguage":"sl-SI"},{"@type":"Organization","@id":"https:\/\/hudo.com\/si\/#organization","name":"VSN Media","url":"https:\/\/hudo.com\/si\/","logo":{"@type":"ImageObject","inLanguage":"sl-SI","@id":"https:\/\/hudo.com\/si\/#\/schema\/logo\/image\/","url":"https:\/\/hudo.com\/si\/wp-content\/uploads\/sites\/2\/2021\/03\/hudo-app-2.png","contentUrl":"https:\/\/hudo.com\/si\/wp-content\/uploads\/sites\/2\/2021\/03\/hudo-app-2.png","width":2185,"height":2167,"caption":"VSN Media"},"image":{"@id":"https:\/\/hudo.com\/si\/#\/schema\/logo\/image\/"},"sameAs":["https:\/\/www.facebook.com\/hudo.si","https:\/\/twitter.com\/hudo_si"]},{"@type":"Person","@id":"https:\/\/hudo.com\/si\/#\/schema\/person\/601cf3379633985b20f7e50f2bb47707","name":"hudo","image":{"@type":"ImageObject","inLanguage":"sl-SI","@id":"https:\/\/hudo.com\/si\/#\/schema\/person\/image\/","url":"https:\/\/secure.gravatar.com\/avatar\/c4ca25fa72cace7a696b52ff5db9e095?s=96&d=mm&r=g","contentUrl":"https:\/\/secure.gravatar.com\/avatar\/c4ca25fa72cace7a696b52ff5db9e095?s=96&d=mm&r=g","caption":"hudo"},"url":"https:\/\/hudo.com\/si\/author\/hudo\/"}]}},"amp_enabled":true,"_links":{"self":[{"href":"https:\/\/hudo.com\/si\/wp-json\/wp\/v2\/posts\/148667"}],"collection":[{"href":"https:\/\/hudo.com\/si\/wp-json\/wp\/v2\/posts"}],"about":[{"href":"https:\/\/hudo.com\/si\/wp-json\/wp\/v2\/types\/post"}],"author":[{"embeddable":true,"href":"https:\/\/hudo.com\/si\/wp-json\/wp\/v2\/users\/1"}],"replies":[{"embeddable":true,"href":"https:\/\/hudo.com\/si\/wp-json\/wp\/v2\/comments?post=148667"}],"version-history":[{"count":1,"href":"https:\/\/hudo.com\/si\/wp-json\/wp\/v2\/posts\/148667\/revisions"}],"predecessor-version":[{"id":148708,"href":"https:\/\/hudo.com\/si\/wp-json\/wp\/v2\/posts\/148667\/revisions\/148708"}],"wp:attachment":[{"href":"https:\/\/hudo.com\/si\/wp-json\/wp\/v2\/media?parent=148667"}],"wp:term":[{"taxonomy":"category","embeddable":true,"href":"https:\/\/hudo.com\/si\/wp-json\/wp\/v2\/categories?post=148667"},{"taxonomy":"post_tag","embeddable":true,"href":"https:\/\/hudo.com\/si\/wp-json\/wp\/v2\/tags?post=148667"},{"taxonomy":"source","embeddable":true,"href":"https:\/\/hudo.com\/si\/wp-json\/wp\/v2\/source?post=148667"},{"taxonomy":"supertag","embeddable":true,"href":"https:\/\/hudo.com\/si\/wp-json\/wp\/v2\/supertag?post=148667"}],"curies":[{"name":"wp","href":"https:\/\/api.w.org\/{rel}","templated":true}]}}