{"id":148887,"date":"2016-10-06T18:15:02","date_gmt":"2016-10-06T16:15:02","guid":{"rendered":"http:\/\/hudo.com\/si\/2016\/10\/06\/ministrstvo-o-zalozenih-oporokah-zadeva-ne-prispeva-h-krepitvi-zaupanja-v-pravno-drzavo\/"},"modified":"2016-10-10T07:51:05","modified_gmt":"2016-10-10T05:51:05","slug":"ministrstvo-o-zalozenih-oporokah-zadeva-ne-prispeva-h-krepitvi-zaupanja-v-pravno-drzavo","status":"publish","type":"post","link":"https:\/\/hudo.com\/si\/aktualno\/ministrstvo-o-zalozenih-oporokah-zadeva-ne-prispeva-h-krepitvi-zaupanja-v-pravno-drzavo\/","title":{"rendered":"Ministrstvo o zalo\u017eenih oporokah: Zadeva ne prispeva h krepitvi zaupanja v pravno dr\u017eavo"},"content":{"rendered":"<p>Na ministrstvu za pravosodje so potrdili, da so bili s problematiko nerazgla\u0161enih oporok seznanjeni \u017ee pred \u010dasom. Kot so navedli, bodo po\u010dakali na poro\u010dilo ter celovit odgovor, ki so ga \u017eeleli. Sicer pa navajajo, da gre &#8220;za zadevo, ki zagotovo ne prispeva h krepitvi pravne varnosti posameznika niti h krepitvi zaupanja v pravno dr\u017eavo&#8221;.<\/p>\n","protected":false},"excerpt":{"rendered":"<p>Na ministrstvu za pravosodje so potrdili, da so bili s problematiko nerazgla\u0161enih oporok seznanjeni \u017ee pred \u010dasom. Kot so navedli, bodo po\u010dakali na poro\u010dilo ter celovit odgovor, ki so ga \u017eeleli. Sicer pa navajajo, da gre &#8220;za zadevo, ki zagotovo ne prispeva h krepitvi pravne varnosti posameznika niti h krepitvi zaupanja v pravno dr\u017eavo&#8221;.<\/p>\n","protected":false},"author":1,"featured_media":0,"comment_status":"closed","ping_status":"closed","sticky":false,"template":"","format":"standard","meta":{"footnotes":""},"categories":[1179],"tags":[],"source":[1707],"supertag":[],"acf":[],"yoast_head":"<!-- This site is optimized with the Yoast SEO plugin v21.3 - https:\/\/yoast.com\/wordpress\/plugins\/seo\/ -->\n<title>Ministrstvo o zalo\u017eenih oporokah: Zadeva ne prispeva h krepitvi zaupanja v pravno dr\u017eavo - Hudo Slovenija<\/title>\n<meta name=\"robots\" content=\"index, follow, max-snippet:-1, max-image-preview:large, max-video-preview:-1\" \/>\n<link rel=\"canonical\" href=\"https:\/\/hudo.com\/si\/aktualno\/ministrstvo-o-zalozenih-oporokah-zadeva-ne-prispeva-h-krepitvi-zaupanja-v-pravno-drzavo\/\" \/>\n<meta property=\"og:locale\" content=\"sl_SI\" \/>\n<meta property=\"og:type\" content=\"article\" \/>\n<meta property=\"og:title\" content=\"Ministrstvo o zalo\u017eenih oporokah: Zadeva ne prispeva h krepitvi zaupanja v pravno dr\u017eavo - Hudo Slovenija\" \/>\n<meta property=\"og:description\" content=\"Na ministrstvu za pravosodje so potrdili, da so bili s problematiko nerazgla\u0161enih oporok seznanjeni \u017ee pred \u010dasom. Kot so navedli, bodo po\u010dakali na poro\u010dilo ter celovit odgovor, ki so ga \u017eeleli. Sicer pa navajajo, da gre &quot;za zadevo, ki zagotovo ne prispeva h krepitvi pravne varnosti posameznika niti h krepitvi zaupanja v pravno dr\u017eavo&quot;.\" \/>\n<meta property=\"og:url\" content=\"https:\/\/hudo.com\/si\/aktualno\/ministrstvo-o-zalozenih-oporokah-zadeva-ne-prispeva-h-krepitvi-zaupanja-v-pravno-drzavo\/\" \/>\n<meta property=\"og:site_name\" content=\"Hudo Slovenija\" \/>\n<meta property=\"article:publisher\" content=\"https:\/\/www.facebook.com\/hudo.si\" \/>\n<meta property=\"article:published_time\" content=\"2016-10-06T16:15:02+00:00\" \/>\n<meta property=\"article:modified_time\" content=\"2016-10-10T05:51:05+00:00\" \/>\n<meta property=\"og:image\" content=\"https:\/\/hudo.com\/si\/wp-content\/uploads\/sites\/2\/2016\/10\/233-sodisce.jpg\" \/>\n\t<meta property=\"og:image:width\" content=\"620\" \/>\n\t<meta property=\"og:image:height\" content=\"413\" \/>\n\t<meta property=\"og:image:type\" content=\"image\/jpeg\" \/>\n<meta name=\"author\" content=\"hudo\" \/>\n<meta name=\"twitter:card\" content=\"summary_large_image\" \/>\n<meta name=\"twitter:creator\" content=\"@hudo_si\" \/>\n<meta name=\"twitter:site\" content=\"@hudo_si\" \/>\n<meta name=\"twitter:label1\" content=\"Written by\" \/>\n\t<meta name=\"twitter:data1\" content=\"hudo\" \/>\n<script type=\"application\/ld+json\" class=\"yoast-schema-graph\">{\"@context\":\"https:\/\/schema.org\",\"@graph\":[{\"@type\":\"Article\",\"@id\":\"https:\/\/hudo.com\/si\/aktualno\/ministrstvo-o-zalozenih-oporokah-zadeva-ne-prispeva-h-krepitvi-zaupanja-v-pravno-drzavo\/#article\",\"isPartOf\":{\"@id\":\"https:\/\/hudo.com\/si\/aktualno\/ministrstvo-o-zalozenih-oporokah-zadeva-ne-prispeva-h-krepitvi-zaupanja-v-pravno-drzavo\/\"},\"author\":{\"name\":\"hudo\",\"@id\":\"https:\/\/hudo.com\/si\/#\/schema\/person\/601cf3379633985b20f7e50f2bb47707\"},\"headline\":\"Ministrstvo o zalo\u017eenih oporokah: Zadeva ne prispeva h krepitvi zaupanja v pravno dr\u017eavo\",\"datePublished\":\"2016-10-06T16:15:02+00:00\",\"dateModified\":\"2016-10-10T05:51:05+00:00\",\"mainEntityOfPage\":{\"@id\":\"https:\/\/hudo.com\/si\/aktualno\/ministrstvo-o-zalozenih-oporokah-zadeva-ne-prispeva-h-krepitvi-zaupanja-v-pravno-drzavo\/\"},\"wordCount\":73,\"publisher\":{\"@id\":\"https:\/\/hudo.com\/si\/#organization\"},\"articleSection\":[\"Aktualno\"],\"inLanguage\":\"sl-SI\"},{\"@type\":\"WebPage\",\"@id\":\"https:\/\/hudo.com\/si\/aktualno\/ministrstvo-o-zalozenih-oporokah-zadeva-ne-prispeva-h-krepitvi-zaupanja-v-pravno-drzavo\/\",\"url\":\"https:\/\/hudo.com\/si\/aktualno\/ministrstvo-o-zalozenih-oporokah-zadeva-ne-prispeva-h-krepitvi-zaupanja-v-pravno-drzavo\/\",\"name\":\"Ministrstvo o zalo\u017eenih oporokah: Zadeva ne prispeva h krepitvi zaupanja v pravno dr\u017eavo - Hudo Slovenija\",\"isPartOf\":{\"@id\":\"https:\/\/hudo.com\/si\/#website\"},\"datePublished\":\"2016-10-06T16:15:02+00:00\",\"dateModified\":\"2016-10-10T05:51:05+00:00\",\"breadcrumb\":{\"@id\":\"https:\/\/hudo.com\/si\/aktualno\/ministrstvo-o-zalozenih-oporokah-zadeva-ne-prispeva-h-krepitvi-zaupanja-v-pravno-drzavo\/#breadcrumb\"},\"inLanguage\":\"sl-SI\",\"potentialAction\":[{\"@type\":\"ReadAction\",\"target\":[\"https:\/\/hudo.com\/si\/aktualno\/ministrstvo-o-zalozenih-oporokah-zadeva-ne-prispeva-h-krepitvi-zaupanja-v-pravno-drzavo\/\"]}]},{\"@type\":\"BreadcrumbList\",\"@id\":\"https:\/\/hudo.com\/si\/aktualno\/ministrstvo-o-zalozenih-oporokah-zadeva-ne-prispeva-h-krepitvi-zaupanja-v-pravno-drzavo\/#breadcrumb\",\"itemListElement\":[{\"@type\":\"ListItem\",\"position\":1,\"name\":\"Home\",\"item\":\"https:\/\/hudo.com\/si\/\"},{\"@type\":\"ListItem\",\"position\":2,\"name\":\"Ministrstvo o zalo\u017eenih oporokah: Zadeva ne prispeva h krepitvi zaupanja v pravno dr\u017eavo\"}]},{\"@type\":\"WebSite\",\"@id\":\"https:\/\/hudo.com\/si\/#website\",\"url\":\"https:\/\/hudo.com\/si\/\",\"name\":\"Hudo Slovenija\",\"description\":\"Vse novice iz Slovenije in sveta\",\"publisher\":{\"@id\":\"https:\/\/hudo.com\/si\/#organization\"},\"potentialAction\":[{\"@type\":\"SearchAction\",\"target\":{\"@type\":\"EntryPoint\",\"urlTemplate\":\"https:\/\/hudo.com\/si\/?s={search_term_string}\"},\"query-input\":\"required name=search_term_string\"}],\"inLanguage\":\"sl-SI\"},{\"@type\":\"Organization\",\"@id\":\"https:\/\/hudo.com\/si\/#organization\",\"name\":\"VSN Media\",\"url\":\"https:\/\/hudo.com\/si\/\",\"logo\":{\"@type\":\"ImageObject\",\"inLanguage\":\"sl-SI\",\"@id\":\"https:\/\/hudo.com\/si\/#\/schema\/logo\/image\/\",\"url\":\"https:\/\/hudo.com\/si\/wp-content\/uploads\/sites\/2\/2021\/03\/hudo-app-2.png\",\"contentUrl\":\"https:\/\/hudo.com\/si\/wp-content\/uploads\/sites\/2\/2021\/03\/hudo-app-2.png\",\"width\":2185,\"height\":2167,\"caption\":\"VSN Media\"},\"image\":{\"@id\":\"https:\/\/hudo.com\/si\/#\/schema\/logo\/image\/\"},\"sameAs\":[\"https:\/\/www.facebook.com\/hudo.si\",\"https:\/\/twitter.com\/hudo_si\"]},{\"@type\":\"Person\",\"@id\":\"https:\/\/hudo.com\/si\/#\/schema\/person\/601cf3379633985b20f7e50f2bb47707\",\"name\":\"hudo\",\"image\":{\"@type\":\"ImageObject\",\"inLanguage\":\"sl-SI\",\"@id\":\"https:\/\/hudo.com\/si\/#\/schema\/person\/image\/\",\"url\":\"https:\/\/secure.gravatar.com\/avatar\/c4ca25fa72cace7a696b52ff5db9e095?s=96&d=mm&r=g\",\"contentUrl\":\"https:\/\/secure.gravatar.com\/avatar\/c4ca25fa72cace7a696b52ff5db9e095?s=96&d=mm&r=g\",\"caption\":\"hudo\"},\"url\":\"https:\/\/hudo.com\/si\/author\/hudo\/\"}]}<\/script>\n<!-- \/ Yoast SEO plugin. -->","yoast_head_json":{"title":"Ministrstvo o zalo\u017eenih oporokah: Zadeva ne prispeva h krepitvi zaupanja v pravno dr\u017eavo - Hudo Slovenija","robots":{"index":"index","follow":"follow","max-snippet":"max-snippet:-1","max-image-preview":"max-image-preview:large","max-video-preview":"max-video-preview:-1"},"canonical":"https:\/\/hudo.com\/si\/aktualno\/ministrstvo-o-zalozenih-oporokah-zadeva-ne-prispeva-h-krepitvi-zaupanja-v-pravno-drzavo\/","og_locale":"sl_SI","og_type":"article","og_title":"Ministrstvo o zalo\u017eenih oporokah: Zadeva ne prispeva h krepitvi zaupanja v pravno dr\u017eavo - Hudo Slovenija","og_description":"Na ministrstvu za pravosodje so potrdili, da so bili s problematiko nerazgla\u0161enih oporok seznanjeni \u017ee pred \u010dasom. Kot so navedli, bodo po\u010dakali na poro\u010dilo ter celovit odgovor, ki so ga \u017eeleli. Sicer pa navajajo, da gre \"za zadevo, ki zagotovo ne prispeva h krepitvi pravne varnosti posameznika niti h krepitvi zaupanja v pravno dr\u017eavo\".","og_url":"https:\/\/hudo.com\/si\/aktualno\/ministrstvo-o-zalozenih-oporokah-zadeva-ne-prispeva-h-krepitvi-zaupanja-v-pravno-drzavo\/","og_site_name":"Hudo Slovenija","article_publisher":"https:\/\/www.facebook.com\/hudo.si","article_published_time":"2016-10-06T16:15:02+00:00","article_modified_time":"2016-10-10T05:51:05+00:00","og_image":[{"width":620,"height":413,"url":"https:\/\/hudo.com\/si\/wp-content\/uploads\/sites\/2\/2016\/10\/233-sodisce.jpg","type":"image\/jpeg"}],"author":"hudo","twitter_card":"summary_large_image","twitter_creator":"@hudo_si","twitter_site":"@hudo_si","twitter_misc":{"Written by":"hudo"},"schema":{"@context":"https:\/\/schema.org","@graph":[{"@type":"Article","@id":"https:\/\/hudo.com\/si\/aktualno\/ministrstvo-o-zalozenih-oporokah-zadeva-ne-prispeva-h-krepitvi-zaupanja-v-pravno-drzavo\/#article","isPartOf":{"@id":"https:\/\/hudo.com\/si\/aktualno\/ministrstvo-o-zalozenih-oporokah-zadeva-ne-prispeva-h-krepitvi-zaupanja-v-pravno-drzavo\/"},"author":{"name":"hudo","@id":"https:\/\/hudo.com\/si\/#\/schema\/person\/601cf3379633985b20f7e50f2bb47707"},"headline":"Ministrstvo o zalo\u017eenih oporokah: Zadeva ne prispeva h krepitvi zaupanja v pravno dr\u017eavo","datePublished":"2016-10-06T16:15:02+00:00","dateModified":"2016-10-10T05:51:05+00:00","mainEntityOfPage":{"@id":"https:\/\/hudo.com\/si\/aktualno\/ministrstvo-o-zalozenih-oporokah-zadeva-ne-prispeva-h-krepitvi-zaupanja-v-pravno-drzavo\/"},"wordCount":73,"publisher":{"@id":"https:\/\/hudo.com\/si\/#organization"},"articleSection":["Aktualno"],"inLanguage":"sl-SI"},{"@type":"WebPage","@id":"https:\/\/hudo.com\/si\/aktualno\/ministrstvo-o-zalozenih-oporokah-zadeva-ne-prispeva-h-krepitvi-zaupanja-v-pravno-drzavo\/","url":"https:\/\/hudo.com\/si\/aktualno\/ministrstvo-o-zalozenih-oporokah-zadeva-ne-prispeva-h-krepitvi-zaupanja-v-pravno-drzavo\/","name":"Ministrstvo o zalo\u017eenih oporokah: Zadeva ne prispeva h krepitvi zaupanja v pravno dr\u017eavo - Hudo Slovenija","isPartOf":{"@id":"https:\/\/hudo.com\/si\/#website"},"datePublished":"2016-10-06T16:15:02+00:00","dateModified":"2016-10-10T05:51:05+00:00","breadcrumb":{"@id":"https:\/\/hudo.com\/si\/aktualno\/ministrstvo-o-zalozenih-oporokah-zadeva-ne-prispeva-h-krepitvi-zaupanja-v-pravno-drzavo\/#breadcrumb"},"inLanguage":"sl-SI","potentialAction":[{"@type":"ReadAction","target":["https:\/\/hudo.com\/si\/aktualno\/ministrstvo-o-zalozenih-oporokah-zadeva-ne-prispeva-h-krepitvi-zaupanja-v-pravno-drzavo\/"]}]},{"@type":"BreadcrumbList","@id":"https:\/\/hudo.com\/si\/aktualno\/ministrstvo-o-zalozenih-oporokah-zadeva-ne-prispeva-h-krepitvi-zaupanja-v-pravno-drzavo\/#breadcrumb","itemListElement":[{"@type":"ListItem","position":1,"name":"Home","item":"https:\/\/hudo.com\/si\/"},{"@type":"ListItem","position":2,"name":"Ministrstvo o zalo\u017eenih oporokah: Zadeva ne prispeva h krepitvi zaupanja v pravno dr\u017eavo"}]},{"@type":"WebSite","@id":"https:\/\/hudo.com\/si\/#website","url":"https:\/\/hudo.com\/si\/","name":"Hudo Slovenija","description":"Vse novice iz Slovenije in sveta","publisher":{"@id":"https:\/\/hudo.com\/si\/#organization"},"potentialAction":[{"@type":"SearchAction","target":{"@type":"EntryPoint","urlTemplate":"https:\/\/hudo.com\/si\/?s={search_term_string}"},"query-input":"required name=search_term_string"}],"inLanguage":"sl-SI"},{"@type":"Organization","@id":"https:\/\/hudo.com\/si\/#organization","name":"VSN Media","url":"https:\/\/hudo.com\/si\/","logo":{"@type":"ImageObject","inLanguage":"sl-SI","@id":"https:\/\/hudo.com\/si\/#\/schema\/logo\/image\/","url":"https:\/\/hudo.com\/si\/wp-content\/uploads\/sites\/2\/2021\/03\/hudo-app-2.png","contentUrl":"https:\/\/hudo.com\/si\/wp-content\/uploads\/sites\/2\/2021\/03\/hudo-app-2.png","width":2185,"height":2167,"caption":"VSN Media"},"image":{"@id":"https:\/\/hudo.com\/si\/#\/schema\/logo\/image\/"},"sameAs":["https:\/\/www.facebook.com\/hudo.si","https:\/\/twitter.com\/hudo_si"]},{"@type":"Person","@id":"https:\/\/hudo.com\/si\/#\/schema\/person\/601cf3379633985b20f7e50f2bb47707","name":"hudo","image":{"@type":"ImageObject","inLanguage":"sl-SI","@id":"https:\/\/hudo.com\/si\/#\/schema\/person\/image\/","url":"https:\/\/secure.gravatar.com\/avatar\/c4ca25fa72cace7a696b52ff5db9e095?s=96&d=mm&r=g","contentUrl":"https:\/\/secure.gravatar.com\/avatar\/c4ca25fa72cace7a696b52ff5db9e095?s=96&d=mm&r=g","caption":"hudo"},"url":"https:\/\/hudo.com\/si\/author\/hudo\/"}]}},"amp_enabled":true,"_links":{"self":[{"href":"https:\/\/hudo.com\/si\/wp-json\/wp\/v2\/posts\/148887"}],"collection":[{"href":"https:\/\/hudo.com\/si\/wp-json\/wp\/v2\/posts"}],"about":[{"href":"https:\/\/hudo.com\/si\/wp-json\/wp\/v2\/types\/post"}],"author":[{"embeddable":true,"href":"https:\/\/hudo.com\/si\/wp-json\/wp\/v2\/users\/1"}],"replies":[{"embeddable":true,"href":"https:\/\/hudo.com\/si\/wp-json\/wp\/v2\/comments?post=148887"}],"version-history":[{"count":1,"href":"https:\/\/hudo.com\/si\/wp-json\/wp\/v2\/posts\/148887\/revisions"}],"predecessor-version":[{"id":149060,"href":"https:\/\/hudo.com\/si\/wp-json\/wp\/v2\/posts\/148887\/revisions\/149060"}],"wp:attachment":[{"href":"https:\/\/hudo.com\/si\/wp-json\/wp\/v2\/media?parent=148887"}],"wp:term":[{"taxonomy":"category","embeddable":true,"href":"https:\/\/hudo.com\/si\/wp-json\/wp\/v2\/categories?post=148887"},{"taxonomy":"post_tag","embeddable":true,"href":"https:\/\/hudo.com\/si\/wp-json\/wp\/v2\/tags?post=148887"},{"taxonomy":"source","embeddable":true,"href":"https:\/\/hudo.com\/si\/wp-json\/wp\/v2\/source?post=148887"},{"taxonomy":"supertag","embeddable":true,"href":"https:\/\/hudo.com\/si\/wp-json\/wp\/v2\/supertag?post=148887"}],"curies":[{"name":"wp","href":"https:\/\/api.w.org\/{rel}","templated":true}]}}