{"id":149562,"date":"2016-10-08T08:28:10","date_gmt":"2016-10-08T06:28:10","guid":{"rendered":"http:\/\/hudo.com\/si\/?p=149562"},"modified":"2016-10-08T08:28:10","modified_gmt":"2016-10-08T06:28:10","slug":"slovenski-zapori-prezasedeni-tezave-bo-resil-nov-zapor-v-bizoviku","status":"publish","type":"post","link":"https:\/\/hudo.com\/si\/aktualno\/slovenski-zapori-prezasedeni-tezave-bo-resil-nov-zapor-v-bizoviku\/","title":{"rendered":"Slovenski zapori prezasedeni, te\u017eave bo re\u0161il nov zapor v Bizoviku"},"content":{"rendered":"<p>Med bolj zasedenimi zapori so \u0161e zapor na Dobu (106-odstotna zasedenost), v Kopru (nekaj manj kot 94-odstotna zasedenost) in v Mariboru (96,5-odstotna zasedenost). Najmanj zasedena sta zapor v Novi Gorici (71-odstotna zasedenost) in prevzgojni dom v Rade\u010dah (42,5-odstotna zasedenost).<\/p>\n<p>\u010ce se je \u0161tevilo zaprtih v preteklih letih pove\u010devalo, pa se je po besedah direktorja Uprave RS za izvr\u0161evanje kazenskih sankcij Jo\u017eeta Podr\u017eaja trend zdaj obrnil. Tako se \u0161tevilo zaprtih nekoliko zmanj\u0161uje.<\/p>\n<p>Trenutna povpre\u010dna zasedenost slovenskih zaporov je po besedah Podr\u017eaja okoli 100-odstotna. V zaporih, kjer \u0161tevilo zapornikov prese\u017ee \u0161e obvladljivo \u0161tevilk, sku\u0161ajo te\u017eave re\u0161evati s prerazporejanjem v druge zapore, te\u017eava pa je, da to povsod ni mogo\u010de. &#8220;Gre za objektivne razloge. Mladoletne zaprte na primer te\u017eko namestimo kam drugam, kot v Rade\u010de,&#8221; je povedal na nedavni seji komisije DZ za peticije ter za \u010dlovekove pravice in enake mo\u017enosti.<\/p>\n<p>Novih ukrepov za zmanj\u0161evanje prezasedenosti zaporov na upravi za izvr\u0161evanje kazenskih sankcij ne predvidevajo, naj bi pa te\u017eave v veliki meri re\u0161il nov ljubljanski zapor, ki ga na\u010drtujejo postaviti v Bizoviku. Kot so navedli za STA, je za gradnjo \u017ee pripravljena projektna naloga, tudi sicer za zdaj vse poteka po na\u010drtih. Gradnjo naj bi po na\u010drtu za\u010deli leta 2018, zaklju\u010dili pa leta 2020.<\/p>\n<p>V prihodnjem letu bo Slovenija vklju\u010dena tudi v program nadzora komiteja Sveta Evrope za prepre\u010devanje mu\u010denja in poni\u017eujo\u010dega ravnanja, del nadzora pa bodo po besedah Podr\u017eaja zagotovo tudi zapori. Zaradi nehumanih razmer predvsem v ljubljanskih zaporih je Slovenija sicer zapornikom \u017ee morala pla\u010dati od\u0161kodnine.<\/p>\n","protected":false},"excerpt":{"rendered":"<p>Med slovenskimi zapori so najbolj zasedeni zapori v Ljubljani, Novem mestu, na Igu in v Rogozi. Njihova zasedenost je v povpre\u010dju okoli 120-odstotna, je razvidno iz podatkov o zasedenosti zaporov v za\u010detku oktobra, ki jih je objavilo pravosodno ministrstvo.<\/p>\n","protected":false},"author":7,"featured_media":149563,"comment_status":"closed","ping_status":"closed","sticky":false,"template":"","format":"standard","meta":{"footnotes":""},"categories":[1179],"tags":[1595,2160],"source":[4511],"supertag":[],"acf":[],"yoast_head":"<!-- This site is optimized with the Yoast SEO plugin v21.3 - https:\/\/yoast.com\/wordpress\/plugins\/seo\/ -->\n<title>Slovenski zapori prezasedeni, te\u017eave bo re\u0161il nov zapor v Bizoviku - Hudo Slovenija<\/title>\n<meta name=\"robots\" content=\"index, follow, max-snippet:-1, max-image-preview:large, max-video-preview:-1\" \/>\n<link rel=\"canonical\" href=\"https:\/\/hudo.com\/si\/aktualno\/slovenski-zapori-prezasedeni-tezave-bo-resil-nov-zapor-v-bizoviku\/\" \/>\n<meta property=\"og:locale\" content=\"sl_SI\" \/>\n<meta property=\"og:type\" content=\"article\" \/>\n<meta property=\"og:title\" content=\"Slovenski zapori prezasedeni, te\u017eave bo re\u0161il nov zapor v Bizoviku - Hudo Slovenija\" \/>\n<meta property=\"og:description\" content=\"Med slovenskimi zapori so najbolj zasedeni zapori v Ljubljani, Novem mestu, na Igu in v Rogozi. Njihova zasedenost je v povpre\u010dju okoli 120-odstotna, je razvidno iz podatkov o zasedenosti zaporov v za\u010detku oktobra, ki jih je objavilo pravosodno ministrstvo.\" \/>\n<meta property=\"og:url\" content=\"https:\/\/hudo.com\/si\/aktualno\/slovenski-zapori-prezasedeni-tezave-bo-resil-nov-zapor-v-bizoviku\/\" \/>\n<meta property=\"og:site_name\" content=\"Hudo Slovenija\" \/>\n<meta property=\"article:publisher\" content=\"https:\/\/www.facebook.com\/hudo.si\" \/>\n<meta property=\"article:published_time\" content=\"2016-10-08T06:28:10+00:00\" \/>\n<meta property=\"og:image\" content=\"https:\/\/hudo.com\/si\/wp-content\/uploads\/sites\/2\/2016\/10\/profimedia-0256055708.jpg\" \/>\n\t<meta property=\"og:image:width\" content=\"1250\" \/>\n\t<meta property=\"og:image:height\" content=\"833\" \/>\n\t<meta property=\"og:image:type\" content=\"image\/jpeg\" \/>\n<meta name=\"author\" content=\"A. P., STA\" \/>\n<meta name=\"twitter:card\" content=\"summary_large_image\" \/>\n<meta name=\"twitter:creator\" content=\"@hudo_si\" \/>\n<meta name=\"twitter:site\" content=\"@hudo_si\" \/>\n<meta name=\"twitter:label1\" content=\"Written by\" \/>\n\t<meta name=\"twitter:data1\" content=\"A. P., STA\" \/>\n\t<meta name=\"twitter:label2\" content=\"Est. reading time\" \/>\n\t<meta name=\"twitter:data2\" content=\"1 minuta\" \/>\n<script type=\"application\/ld+json\" class=\"yoast-schema-graph\">{\"@context\":\"https:\/\/schema.org\",\"@graph\":[{\"@type\":\"Article\",\"@id\":\"https:\/\/hudo.com\/si\/aktualno\/slovenski-zapori-prezasedeni-tezave-bo-resil-nov-zapor-v-bizoviku\/#article\",\"isPartOf\":{\"@id\":\"https:\/\/hudo.com\/si\/aktualno\/slovenski-zapori-prezasedeni-tezave-bo-resil-nov-zapor-v-bizoviku\/\"},\"author\":{\"name\":\"A. P., STA\",\"@id\":\"https:\/\/hudo.com\/si\/#\/schema\/person\/18f09c02475ba9e606e941a565b80cff\"},\"headline\":\"Slovenski zapori prezasedeni, te\u017eave bo re\u0161il nov zapor v Bizoviku\",\"datePublished\":\"2016-10-08T06:28:10+00:00\",\"dateModified\":\"2016-10-08T06:28:10+00:00\",\"mainEntityOfPage\":{\"@id\":\"https:\/\/hudo.com\/si\/aktualno\/slovenski-zapori-prezasedeni-tezave-bo-resil-nov-zapor-v-bizoviku\/\"},\"wordCount\":289,\"publisher\":{\"@id\":\"https:\/\/hudo.com\/si\/#organization\"},\"keywords\":[\"Slovenija\",\"zapor\"],\"articleSection\":[\"Aktualno\"],\"inLanguage\":\"sl-SI\"},{\"@type\":\"WebPage\",\"@id\":\"https:\/\/hudo.com\/si\/aktualno\/slovenski-zapori-prezasedeni-tezave-bo-resil-nov-zapor-v-bizoviku\/\",\"url\":\"https:\/\/hudo.com\/si\/aktualno\/slovenski-zapori-prezasedeni-tezave-bo-resil-nov-zapor-v-bizoviku\/\",\"name\":\"Slovenski zapori prezasedeni, te\u017eave bo re\u0161il nov zapor v Bizoviku - Hudo Slovenija\",\"isPartOf\":{\"@id\":\"https:\/\/hudo.com\/si\/#website\"},\"datePublished\":\"2016-10-08T06:28:10+00:00\",\"dateModified\":\"2016-10-08T06:28:10+00:00\",\"breadcrumb\":{\"@id\":\"https:\/\/hudo.com\/si\/aktualno\/slovenski-zapori-prezasedeni-tezave-bo-resil-nov-zapor-v-bizoviku\/#breadcrumb\"},\"inLanguage\":\"sl-SI\",\"potentialAction\":[{\"@type\":\"ReadAction\",\"target\":[\"https:\/\/hudo.com\/si\/aktualno\/slovenski-zapori-prezasedeni-tezave-bo-resil-nov-zapor-v-bizoviku\/\"]}]},{\"@type\":\"BreadcrumbList\",\"@id\":\"https:\/\/hudo.com\/si\/aktualno\/slovenski-zapori-prezasedeni-tezave-bo-resil-nov-zapor-v-bizoviku\/#breadcrumb\",\"itemListElement\":[{\"@type\":\"ListItem\",\"position\":1,\"name\":\"Home\",\"item\":\"https:\/\/hudo.com\/si\/\"},{\"@type\":\"ListItem\",\"position\":2,\"name\":\"Slovenski zapori prezasedeni, te\u017eave bo re\u0161il nov zapor v Bizoviku\"}]},{\"@type\":\"WebSite\",\"@id\":\"https:\/\/hudo.com\/si\/#website\",\"url\":\"https:\/\/hudo.com\/si\/\",\"name\":\"Hudo Slovenija\",\"description\":\"Vse novice iz Slovenije in sveta\",\"publisher\":{\"@id\":\"https:\/\/hudo.com\/si\/#organization\"},\"potentialAction\":[{\"@type\":\"SearchAction\",\"target\":{\"@type\":\"EntryPoint\",\"urlTemplate\":\"https:\/\/hudo.com\/si\/?s={search_term_string}\"},\"query-input\":\"required name=search_term_string\"}],\"inLanguage\":\"sl-SI\"},{\"@type\":\"Organization\",\"@id\":\"https:\/\/hudo.com\/si\/#organization\",\"name\":\"VSN Media\",\"url\":\"https:\/\/hudo.com\/si\/\",\"logo\":{\"@type\":\"ImageObject\",\"inLanguage\":\"sl-SI\",\"@id\":\"https:\/\/hudo.com\/si\/#\/schema\/logo\/image\/\",\"url\":\"https:\/\/hudo.com\/si\/wp-content\/uploads\/sites\/2\/2021\/03\/hudo-app-2.png\",\"contentUrl\":\"https:\/\/hudo.com\/si\/wp-content\/uploads\/sites\/2\/2021\/03\/hudo-app-2.png\",\"width\":2185,\"height\":2167,\"caption\":\"VSN Media\"},\"image\":{\"@id\":\"https:\/\/hudo.com\/si\/#\/schema\/logo\/image\/\"},\"sameAs\":[\"https:\/\/www.facebook.com\/hudo.si\",\"https:\/\/twitter.com\/hudo_si\"]},{\"@type\":\"Person\",\"@id\":\"https:\/\/hudo.com\/si\/#\/schema\/person\/18f09c02475ba9e606e941a565b80cff\",\"name\":\"A. P., STA\",\"image\":{\"@type\":\"ImageObject\",\"inLanguage\":\"sl-SI\",\"@id\":\"https:\/\/hudo.com\/si\/#\/schema\/person\/image\/\",\"url\":\"https:\/\/secure.gravatar.com\/avatar\/03eac8e609f5f04383125d80eaeaaf3e?s=96&d=mm&r=g\",\"contentUrl\":\"https:\/\/secure.gravatar.com\/avatar\/03eac8e609f5f04383125d80eaeaaf3e?s=96&d=mm&r=g\",\"caption\":\"A. P., STA\"},\"url\":\"https:\/\/hudo.com\/si\/author\/lubu\/\"}]}<\/script>\n<!-- \/ Yoast SEO plugin. -->","yoast_head_json":{"title":"Slovenski zapori prezasedeni, te\u017eave bo re\u0161il nov zapor v Bizoviku - Hudo Slovenija","robots":{"index":"index","follow":"follow","max-snippet":"max-snippet:-1","max-image-preview":"max-image-preview:large","max-video-preview":"max-video-preview:-1"},"canonical":"https:\/\/hudo.com\/si\/aktualno\/slovenski-zapori-prezasedeni-tezave-bo-resil-nov-zapor-v-bizoviku\/","og_locale":"sl_SI","og_type":"article","og_title":"Slovenski zapori prezasedeni, te\u017eave bo re\u0161il nov zapor v Bizoviku - Hudo Slovenija","og_description":"Med slovenskimi zapori so najbolj zasedeni zapori v Ljubljani, Novem mestu, na Igu in v Rogozi. Njihova zasedenost je v povpre\u010dju okoli 120-odstotna, je razvidno iz podatkov o zasedenosti zaporov v za\u010detku oktobra, ki jih je objavilo pravosodno ministrstvo.","og_url":"https:\/\/hudo.com\/si\/aktualno\/slovenski-zapori-prezasedeni-tezave-bo-resil-nov-zapor-v-bizoviku\/","og_site_name":"Hudo Slovenija","article_publisher":"https:\/\/www.facebook.com\/hudo.si","article_published_time":"2016-10-08T06:28:10+00:00","og_image":[{"width":1250,"height":833,"url":"https:\/\/hudo.com\/si\/wp-content\/uploads\/sites\/2\/2016\/10\/profimedia-0256055708.jpg","type":"image\/jpeg"}],"author":"A. P., STA","twitter_card":"summary_large_image","twitter_creator":"@hudo_si","twitter_site":"@hudo_si","twitter_misc":{"Written by":"A. P., STA","Est. reading time":"1 minuta"},"schema":{"@context":"https:\/\/schema.org","@graph":[{"@type":"Article","@id":"https:\/\/hudo.com\/si\/aktualno\/slovenski-zapori-prezasedeni-tezave-bo-resil-nov-zapor-v-bizoviku\/#article","isPartOf":{"@id":"https:\/\/hudo.com\/si\/aktualno\/slovenski-zapori-prezasedeni-tezave-bo-resil-nov-zapor-v-bizoviku\/"},"author":{"name":"A. P., STA","@id":"https:\/\/hudo.com\/si\/#\/schema\/person\/18f09c02475ba9e606e941a565b80cff"},"headline":"Slovenski zapori prezasedeni, te\u017eave bo re\u0161il nov zapor v Bizoviku","datePublished":"2016-10-08T06:28:10+00:00","dateModified":"2016-10-08T06:28:10+00:00","mainEntityOfPage":{"@id":"https:\/\/hudo.com\/si\/aktualno\/slovenski-zapori-prezasedeni-tezave-bo-resil-nov-zapor-v-bizoviku\/"},"wordCount":289,"publisher":{"@id":"https:\/\/hudo.com\/si\/#organization"},"keywords":["Slovenija","zapor"],"articleSection":["Aktualno"],"inLanguage":"sl-SI"},{"@type":"WebPage","@id":"https:\/\/hudo.com\/si\/aktualno\/slovenski-zapori-prezasedeni-tezave-bo-resil-nov-zapor-v-bizoviku\/","url":"https:\/\/hudo.com\/si\/aktualno\/slovenski-zapori-prezasedeni-tezave-bo-resil-nov-zapor-v-bizoviku\/","name":"Slovenski zapori prezasedeni, te\u017eave bo re\u0161il nov zapor v Bizoviku - Hudo Slovenija","isPartOf":{"@id":"https:\/\/hudo.com\/si\/#website"},"datePublished":"2016-10-08T06:28:10+00:00","dateModified":"2016-10-08T06:28:10+00:00","breadcrumb":{"@id":"https:\/\/hudo.com\/si\/aktualno\/slovenski-zapori-prezasedeni-tezave-bo-resil-nov-zapor-v-bizoviku\/#breadcrumb"},"inLanguage":"sl-SI","potentialAction":[{"@type":"ReadAction","target":["https:\/\/hudo.com\/si\/aktualno\/slovenski-zapori-prezasedeni-tezave-bo-resil-nov-zapor-v-bizoviku\/"]}]},{"@type":"BreadcrumbList","@id":"https:\/\/hudo.com\/si\/aktualno\/slovenski-zapori-prezasedeni-tezave-bo-resil-nov-zapor-v-bizoviku\/#breadcrumb","itemListElement":[{"@type":"ListItem","position":1,"name":"Home","item":"https:\/\/hudo.com\/si\/"},{"@type":"ListItem","position":2,"name":"Slovenski zapori prezasedeni, te\u017eave bo re\u0161il nov zapor v Bizoviku"}]},{"@type":"WebSite","@id":"https:\/\/hudo.com\/si\/#website","url":"https:\/\/hudo.com\/si\/","name":"Hudo Slovenija","description":"Vse novice iz Slovenije in sveta","publisher":{"@id":"https:\/\/hudo.com\/si\/#organization"},"potentialAction":[{"@type":"SearchAction","target":{"@type":"EntryPoint","urlTemplate":"https:\/\/hudo.com\/si\/?s={search_term_string}"},"query-input":"required name=search_term_string"}],"inLanguage":"sl-SI"},{"@type":"Organization","@id":"https:\/\/hudo.com\/si\/#organization","name":"VSN Media","url":"https:\/\/hudo.com\/si\/","logo":{"@type":"ImageObject","inLanguage":"sl-SI","@id":"https:\/\/hudo.com\/si\/#\/schema\/logo\/image\/","url":"https:\/\/hudo.com\/si\/wp-content\/uploads\/sites\/2\/2021\/03\/hudo-app-2.png","contentUrl":"https:\/\/hudo.com\/si\/wp-content\/uploads\/sites\/2\/2021\/03\/hudo-app-2.png","width":2185,"height":2167,"caption":"VSN Media"},"image":{"@id":"https:\/\/hudo.com\/si\/#\/schema\/logo\/image\/"},"sameAs":["https:\/\/www.facebook.com\/hudo.si","https:\/\/twitter.com\/hudo_si"]},{"@type":"Person","@id":"https:\/\/hudo.com\/si\/#\/schema\/person\/18f09c02475ba9e606e941a565b80cff","name":"A. P., STA","image":{"@type":"ImageObject","inLanguage":"sl-SI","@id":"https:\/\/hudo.com\/si\/#\/schema\/person\/image\/","url":"https:\/\/secure.gravatar.com\/avatar\/03eac8e609f5f04383125d80eaeaaf3e?s=96&d=mm&r=g","contentUrl":"https:\/\/secure.gravatar.com\/avatar\/03eac8e609f5f04383125d80eaeaaf3e?s=96&d=mm&r=g","caption":"A. P., STA"},"url":"https:\/\/hudo.com\/si\/author\/lubu\/"}]}},"amp_enabled":true,"_links":{"self":[{"href":"https:\/\/hudo.com\/si\/wp-json\/wp\/v2\/posts\/149562"}],"collection":[{"href":"https:\/\/hudo.com\/si\/wp-json\/wp\/v2\/posts"}],"about":[{"href":"https:\/\/hudo.com\/si\/wp-json\/wp\/v2\/types\/post"}],"author":[{"embeddable":true,"href":"https:\/\/hudo.com\/si\/wp-json\/wp\/v2\/users\/7"}],"replies":[{"embeddable":true,"href":"https:\/\/hudo.com\/si\/wp-json\/wp\/v2\/comments?post=149562"}],"version-history":[{"count":1,"href":"https:\/\/hudo.com\/si\/wp-json\/wp\/v2\/posts\/149562\/revisions"}],"predecessor-version":[{"id":149564,"href":"https:\/\/hudo.com\/si\/wp-json\/wp\/v2\/posts\/149562\/revisions\/149564"}],"wp:featuredmedia":[{"embeddable":true,"href":"https:\/\/hudo.com\/si\/wp-json\/wp\/v2\/media\/149563"}],"wp:attachment":[{"href":"https:\/\/hudo.com\/si\/wp-json\/wp\/v2\/media?parent=149562"}],"wp:term":[{"taxonomy":"category","embeddable":true,"href":"https:\/\/hudo.com\/si\/wp-json\/wp\/v2\/categories?post=149562"},{"taxonomy":"post_tag","embeddable":true,"href":"https:\/\/hudo.com\/si\/wp-json\/wp\/v2\/tags?post=149562"},{"taxonomy":"source","embeddable":true,"href":"https:\/\/hudo.com\/si\/wp-json\/wp\/v2\/source?post=149562"},{"taxonomy":"supertag","embeddable":true,"href":"https:\/\/hudo.com\/si\/wp-json\/wp\/v2\/supertag?post=149562"}],"curies":[{"name":"wp","href":"https:\/\/api.w.org\/{rel}","templated":true}]}}