{"id":149767,"date":"2016-10-08T09:23:00","date_gmt":"2016-10-08T07:23:00","guid":{"rendered":"http:\/\/hudo.com\/si\/2016\/10\/08\/v-sedmih-letih-v-gorah-nabrali-28-ton-smeti\/"},"modified":"2016-10-08T09:23:00","modified_gmt":"2016-10-08T07:23:00","slug":"v-sedmih-letih-v-gorah-nabrali-28-ton-smeti","status":"publish","type":"post","link":"https:\/\/hudo.com\/si\/aktualno\/v-sedmih-letih-v-gorah-nabrali-28-ton-smeti\/","title":{"rendered":"V sedmih letih v gorah nabrali 28 ton smeti"},"content":{"rendered":"<p>Kategorija: Okolje Sat, 08 Oct 2016 11:23:00 +0200  Pokljuka &#8211; S \u010di\u0161\u010denjem Pokljuke se bo danes zaklju\u010dila leto\u0161nja sezona akcije o\u010distimo na\u0161e gore, v sedmih letih so gora o\u010distili \u017ee 28 ton smeti. Akcija nagovarja pohodnike, da odpadke odnesejo nazaj v dolino in jih odlo\u017eijo v zabojnike za lo\u010deno zbiranje odpadkov. Kot pojasnjujejo v Zavarovalnici Triglav, ki organizira akcijo, v zadnjih letih opa\u017eajo, da se osve\u0161\u010denost planincev izbolj\u0161uje. Pohodniki in podporniki akcije so v tem letu na nekaterih skupinskih \u010di\u0161\u010denjih sicer \u0161e vedno nabrali zelo veliko smeti, medtem ko drugje smeti skoraj ni bilo. Tak primer je na \u0160mohorju nad La\u0161kim, kjer so avgusta nabrali zgolj nekaj ve\u010d kot kilogram smeti. V sedmih letih so planinci skupaj o\u010distili naravo za kar ve\u010d kot 28 ton smeti, od tega samo letos za ve\u010d kot eno tono. V okviru akcije je letos biorazgradljive\u00a0&#8230;<\/p>\n","protected":false},"excerpt":{"rendered":"<p>Kategorija: Okolje Sat, 08 Oct 2016 11:23:00 +0200  Pokljuka &#8211; S \u010di\u0161\u010denjem Pokljuke se bo danes zaklju\u010dila leto\u0161nja sezona akcije o\u010distimo na\u0161e gore, v sedmih letih so gora o\u010distili \u017ee 28 ton smeti. Akcija nagovarja pohodnike, da odpadke odnesejo nazaj v dolino in jih odlo\u017eijo v zabojnike za lo\u010deno zbiranje odpadkov. Kot pojasnjujejo v Zavarovalnici Triglav, ki organizira akcijo, v zadnjih letih opa\u017eajo, da se osve\u0161\u010denost planincev izbolj\u0161uje. Pohodniki in podporniki akcije so v tem letu na nekaterih skupinskih \u010di\u0161\u010denjih sicer \u0161e vedno nabrali zelo veliko smeti, medtem ko drugje smeti skoraj ni bilo. Tak primer je na \u0160mohorju nad La\u0161kim, kjer so avgusta nabrali zgolj nekaj ve\u010d kot kilogram smeti. V sedmih letih so planinci skupaj o\u010distili naravo za kar ve\u010d kot 28 ton smeti, od tega samo letos za ve\u010d kot eno tono. V okviru akcije je letos biorazgradljive\u00a0&#8230;<\/p>\n","protected":false},"author":1,"featured_media":0,"comment_status":"closed","ping_status":"closed","sticky":false,"template":"","format":"standard","meta":{"footnotes":""},"categories":[1179],"tags":[],"source":[1703],"supertag":[],"acf":[],"yoast_head":"<!-- This site is optimized with the Yoast SEO plugin v21.3 - https:\/\/yoast.com\/wordpress\/plugins\/seo\/ -->\n<title>V sedmih letih v gorah nabrali 28 ton smeti - Hudo Slovenija<\/title>\n<meta name=\"robots\" content=\"index, follow, max-snippet:-1, max-image-preview:large, max-video-preview:-1\" \/>\n<link rel=\"canonical\" href=\"https:\/\/hudo.com\/si\/aktualno\/v-sedmih-letih-v-gorah-nabrali-28-ton-smeti\/\" \/>\n<meta property=\"og:locale\" content=\"sl_SI\" \/>\n<meta property=\"og:type\" content=\"article\" \/>\n<meta property=\"og:title\" content=\"V sedmih letih v gorah nabrali 28 ton smeti - Hudo Slovenija\" \/>\n<meta property=\"og:description\" content=\"Kategorija: Okolje Sat, 08 Oct 2016 11:23:00 +0200 Pokljuka - S \u010di\u0161\u010denjem Pokljuke se bo danes zaklju\u010dila leto\u0161nja sezona akcije o\u010distimo na\u0161e gore, v sedmih letih so gora o\u010distili \u017ee 28 ton smeti. Akcija nagovarja pohodnike, da odpadke odnesejo nazaj v dolino in jih odlo\u017eijo v zabojnike za lo\u010deno zbiranje odpadkov. Kot pojasnjujejo v Zavarovalnici Triglav, ki organizira akcijo, v zadnjih letih opa\u017eajo, da se osve\u0161\u010denost planincev izbolj\u0161uje. Pohodniki in podporniki akcije so v tem letu na nekaterih skupinskih \u010di\u0161\u010denjih sicer \u0161e vedno nabrali zelo veliko smeti, medtem ko drugje smeti skoraj ni bilo. Tak primer je na \u0160mohorju nad La\u0161kim, kjer so avgusta nabrali zgolj nekaj ve\u010d kot kilogram smeti. V sedmih letih so planinci skupaj o\u010distili naravo za kar ve\u010d kot 28 ton smeti, od tega samo letos za ve\u010d kot eno tono. V okviru akcije je letos biorazgradljive\u00a0...\" \/>\n<meta property=\"og:url\" content=\"https:\/\/hudo.com\/si\/aktualno\/v-sedmih-letih-v-gorah-nabrali-28-ton-smeti\/\" \/>\n<meta property=\"og:site_name\" content=\"Hudo Slovenija\" \/>\n<meta property=\"article:publisher\" content=\"https:\/\/www.facebook.com\/hudo.si\" \/>\n<meta property=\"article:published_time\" content=\"2016-10-08T07:23:00+00:00\" \/>\n<meta property=\"og:image\" content=\"https:\/\/hudo.com\/si\/wp-content\/uploads\/sites\/2\/2016\/10\/480x290_Panorama__Delo_Foto_2016093.4_hires2.jpeg\" \/>\n\t<meta property=\"og:image:width\" content=\"480\" \/>\n\t<meta property=\"og:image:height\" content=\"290\" \/>\n\t<meta property=\"og:image:type\" content=\"image\/jpeg\" \/>\n<meta name=\"author\" content=\"hudo\" \/>\n<meta name=\"twitter:card\" content=\"summary_large_image\" \/>\n<meta name=\"twitter:creator\" content=\"@hudo_si\" \/>\n<meta name=\"twitter:site\" content=\"@hudo_si\" \/>\n<meta name=\"twitter:label1\" content=\"Written by\" \/>\n\t<meta name=\"twitter:data1\" content=\"hudo\" \/>\n\t<meta name=\"twitter:label2\" content=\"Est. reading time\" \/>\n\t<meta name=\"twitter:data2\" content=\"1 minuta\" \/>\n<script type=\"application\/ld+json\" class=\"yoast-schema-graph\">{\"@context\":\"https:\/\/schema.org\",\"@graph\":[{\"@type\":\"Article\",\"@id\":\"https:\/\/hudo.com\/si\/aktualno\/v-sedmih-letih-v-gorah-nabrali-28-ton-smeti\/#article\",\"isPartOf\":{\"@id\":\"https:\/\/hudo.com\/si\/aktualno\/v-sedmih-letih-v-gorah-nabrali-28-ton-smeti\/\"},\"author\":{\"name\":\"hudo\",\"@id\":\"https:\/\/hudo.com\/si\/#\/schema\/person\/601cf3379633985b20f7e50f2bb47707\"},\"headline\":\"V sedmih letih v gorah nabrali 28 ton smeti\",\"datePublished\":\"2016-10-08T07:23:00+00:00\",\"dateModified\":\"2016-10-08T07:23:00+00:00\",\"mainEntityOfPage\":{\"@id\":\"https:\/\/hudo.com\/si\/aktualno\/v-sedmih-letih-v-gorah-nabrali-28-ton-smeti\/\"},\"wordCount\":157,\"publisher\":{\"@id\":\"https:\/\/hudo.com\/si\/#organization\"},\"articleSection\":[\"Aktualno\"],\"inLanguage\":\"sl-SI\"},{\"@type\":\"WebPage\",\"@id\":\"https:\/\/hudo.com\/si\/aktualno\/v-sedmih-letih-v-gorah-nabrali-28-ton-smeti\/\",\"url\":\"https:\/\/hudo.com\/si\/aktualno\/v-sedmih-letih-v-gorah-nabrali-28-ton-smeti\/\",\"name\":\"V sedmih letih v gorah nabrali 28 ton smeti - Hudo Slovenija\",\"isPartOf\":{\"@id\":\"https:\/\/hudo.com\/si\/#website\"},\"datePublished\":\"2016-10-08T07:23:00+00:00\",\"dateModified\":\"2016-10-08T07:23:00+00:00\",\"breadcrumb\":{\"@id\":\"https:\/\/hudo.com\/si\/aktualno\/v-sedmih-letih-v-gorah-nabrali-28-ton-smeti\/#breadcrumb\"},\"inLanguage\":\"sl-SI\",\"potentialAction\":[{\"@type\":\"ReadAction\",\"target\":[\"https:\/\/hudo.com\/si\/aktualno\/v-sedmih-letih-v-gorah-nabrali-28-ton-smeti\/\"]}]},{\"@type\":\"BreadcrumbList\",\"@id\":\"https:\/\/hudo.com\/si\/aktualno\/v-sedmih-letih-v-gorah-nabrali-28-ton-smeti\/#breadcrumb\",\"itemListElement\":[{\"@type\":\"ListItem\",\"position\":1,\"name\":\"Home\",\"item\":\"https:\/\/hudo.com\/si\/\"},{\"@type\":\"ListItem\",\"position\":2,\"name\":\"V sedmih letih v gorah nabrali 28 ton smeti\"}]},{\"@type\":\"WebSite\",\"@id\":\"https:\/\/hudo.com\/si\/#website\",\"url\":\"https:\/\/hudo.com\/si\/\",\"name\":\"Hudo Slovenija\",\"description\":\"Vse novice iz Slovenije in sveta\",\"publisher\":{\"@id\":\"https:\/\/hudo.com\/si\/#organization\"},\"potentialAction\":[{\"@type\":\"SearchAction\",\"target\":{\"@type\":\"EntryPoint\",\"urlTemplate\":\"https:\/\/hudo.com\/si\/?s={search_term_string}\"},\"query-input\":\"required name=search_term_string\"}],\"inLanguage\":\"sl-SI\"},{\"@type\":\"Organization\",\"@id\":\"https:\/\/hudo.com\/si\/#organization\",\"name\":\"VSN Media\",\"url\":\"https:\/\/hudo.com\/si\/\",\"logo\":{\"@type\":\"ImageObject\",\"inLanguage\":\"sl-SI\",\"@id\":\"https:\/\/hudo.com\/si\/#\/schema\/logo\/image\/\",\"url\":\"https:\/\/hudo.com\/si\/wp-content\/uploads\/sites\/2\/2021\/03\/hudo-app-2.png\",\"contentUrl\":\"https:\/\/hudo.com\/si\/wp-content\/uploads\/sites\/2\/2021\/03\/hudo-app-2.png\",\"width\":2185,\"height\":2167,\"caption\":\"VSN Media\"},\"image\":{\"@id\":\"https:\/\/hudo.com\/si\/#\/schema\/logo\/image\/\"},\"sameAs\":[\"https:\/\/www.facebook.com\/hudo.si\",\"https:\/\/twitter.com\/hudo_si\"]},{\"@type\":\"Person\",\"@id\":\"https:\/\/hudo.com\/si\/#\/schema\/person\/601cf3379633985b20f7e50f2bb47707\",\"name\":\"hudo\",\"image\":{\"@type\":\"ImageObject\",\"inLanguage\":\"sl-SI\",\"@id\":\"https:\/\/hudo.com\/si\/#\/schema\/person\/image\/\",\"url\":\"https:\/\/secure.gravatar.com\/avatar\/c4ca25fa72cace7a696b52ff5db9e095?s=96&d=mm&r=g\",\"contentUrl\":\"https:\/\/secure.gravatar.com\/avatar\/c4ca25fa72cace7a696b52ff5db9e095?s=96&d=mm&r=g\",\"caption\":\"hudo\"},\"url\":\"https:\/\/hudo.com\/si\/author\/hudo\/\"}]}<\/script>\n<!-- \/ Yoast SEO plugin. -->","yoast_head_json":{"title":"V sedmih letih v gorah nabrali 28 ton smeti - Hudo Slovenija","robots":{"index":"index","follow":"follow","max-snippet":"max-snippet:-1","max-image-preview":"max-image-preview:large","max-video-preview":"max-video-preview:-1"},"canonical":"https:\/\/hudo.com\/si\/aktualno\/v-sedmih-letih-v-gorah-nabrali-28-ton-smeti\/","og_locale":"sl_SI","og_type":"article","og_title":"V sedmih letih v gorah nabrali 28 ton smeti - Hudo Slovenija","og_description":"Kategorija: Okolje Sat, 08 Oct 2016 11:23:00 +0200 Pokljuka - S \u010di\u0161\u010denjem Pokljuke se bo danes zaklju\u010dila leto\u0161nja sezona akcije o\u010distimo na\u0161e gore, v sedmih letih so gora o\u010distili \u017ee 28 ton smeti. Akcija nagovarja pohodnike, da odpadke odnesejo nazaj v dolino in jih odlo\u017eijo v zabojnike za lo\u010deno zbiranje odpadkov. Kot pojasnjujejo v Zavarovalnici Triglav, ki organizira akcijo, v zadnjih letih opa\u017eajo, da se osve\u0161\u010denost planincev izbolj\u0161uje. Pohodniki in podporniki akcije so v tem letu na nekaterih skupinskih \u010di\u0161\u010denjih sicer \u0161e vedno nabrali zelo veliko smeti, medtem ko drugje smeti skoraj ni bilo. Tak primer je na \u0160mohorju nad La\u0161kim, kjer so avgusta nabrali zgolj nekaj ve\u010d kot kilogram smeti. V sedmih letih so planinci skupaj o\u010distili naravo za kar ve\u010d kot 28 ton smeti, od tega samo letos za ve\u010d kot eno tono. V okviru akcije je letos biorazgradljive\u00a0...","og_url":"https:\/\/hudo.com\/si\/aktualno\/v-sedmih-letih-v-gorah-nabrali-28-ton-smeti\/","og_site_name":"Hudo Slovenija","article_publisher":"https:\/\/www.facebook.com\/hudo.si","article_published_time":"2016-10-08T07:23:00+00:00","og_image":[{"width":480,"height":290,"url":"https:\/\/hudo.com\/si\/wp-content\/uploads\/sites\/2\/2016\/10\/480x290_Panorama__Delo_Foto_2016093.4_hires2.jpeg","type":"image\/jpeg"}],"author":"hudo","twitter_card":"summary_large_image","twitter_creator":"@hudo_si","twitter_site":"@hudo_si","twitter_misc":{"Written by":"hudo","Est. reading time":"1 minuta"},"schema":{"@context":"https:\/\/schema.org","@graph":[{"@type":"Article","@id":"https:\/\/hudo.com\/si\/aktualno\/v-sedmih-letih-v-gorah-nabrali-28-ton-smeti\/#article","isPartOf":{"@id":"https:\/\/hudo.com\/si\/aktualno\/v-sedmih-letih-v-gorah-nabrali-28-ton-smeti\/"},"author":{"name":"hudo","@id":"https:\/\/hudo.com\/si\/#\/schema\/person\/601cf3379633985b20f7e50f2bb47707"},"headline":"V sedmih letih v gorah nabrali 28 ton smeti","datePublished":"2016-10-08T07:23:00+00:00","dateModified":"2016-10-08T07:23:00+00:00","mainEntityOfPage":{"@id":"https:\/\/hudo.com\/si\/aktualno\/v-sedmih-letih-v-gorah-nabrali-28-ton-smeti\/"},"wordCount":157,"publisher":{"@id":"https:\/\/hudo.com\/si\/#organization"},"articleSection":["Aktualno"],"inLanguage":"sl-SI"},{"@type":"WebPage","@id":"https:\/\/hudo.com\/si\/aktualno\/v-sedmih-letih-v-gorah-nabrali-28-ton-smeti\/","url":"https:\/\/hudo.com\/si\/aktualno\/v-sedmih-letih-v-gorah-nabrali-28-ton-smeti\/","name":"V sedmih letih v gorah nabrali 28 ton smeti - Hudo Slovenija","isPartOf":{"@id":"https:\/\/hudo.com\/si\/#website"},"datePublished":"2016-10-08T07:23:00+00:00","dateModified":"2016-10-08T07:23:00+00:00","breadcrumb":{"@id":"https:\/\/hudo.com\/si\/aktualno\/v-sedmih-letih-v-gorah-nabrali-28-ton-smeti\/#breadcrumb"},"inLanguage":"sl-SI","potentialAction":[{"@type":"ReadAction","target":["https:\/\/hudo.com\/si\/aktualno\/v-sedmih-letih-v-gorah-nabrali-28-ton-smeti\/"]}]},{"@type":"BreadcrumbList","@id":"https:\/\/hudo.com\/si\/aktualno\/v-sedmih-letih-v-gorah-nabrali-28-ton-smeti\/#breadcrumb","itemListElement":[{"@type":"ListItem","position":1,"name":"Home","item":"https:\/\/hudo.com\/si\/"},{"@type":"ListItem","position":2,"name":"V sedmih letih v gorah nabrali 28 ton smeti"}]},{"@type":"WebSite","@id":"https:\/\/hudo.com\/si\/#website","url":"https:\/\/hudo.com\/si\/","name":"Hudo Slovenija","description":"Vse novice iz Slovenije in sveta","publisher":{"@id":"https:\/\/hudo.com\/si\/#organization"},"potentialAction":[{"@type":"SearchAction","target":{"@type":"EntryPoint","urlTemplate":"https:\/\/hudo.com\/si\/?s={search_term_string}"},"query-input":"required name=search_term_string"}],"inLanguage":"sl-SI"},{"@type":"Organization","@id":"https:\/\/hudo.com\/si\/#organization","name":"VSN Media","url":"https:\/\/hudo.com\/si\/","logo":{"@type":"ImageObject","inLanguage":"sl-SI","@id":"https:\/\/hudo.com\/si\/#\/schema\/logo\/image\/","url":"https:\/\/hudo.com\/si\/wp-content\/uploads\/sites\/2\/2021\/03\/hudo-app-2.png","contentUrl":"https:\/\/hudo.com\/si\/wp-content\/uploads\/sites\/2\/2021\/03\/hudo-app-2.png","width":2185,"height":2167,"caption":"VSN Media"},"image":{"@id":"https:\/\/hudo.com\/si\/#\/schema\/logo\/image\/"},"sameAs":["https:\/\/www.facebook.com\/hudo.si","https:\/\/twitter.com\/hudo_si"]},{"@type":"Person","@id":"https:\/\/hudo.com\/si\/#\/schema\/person\/601cf3379633985b20f7e50f2bb47707","name":"hudo","image":{"@type":"ImageObject","inLanguage":"sl-SI","@id":"https:\/\/hudo.com\/si\/#\/schema\/person\/image\/","url":"https:\/\/secure.gravatar.com\/avatar\/c4ca25fa72cace7a696b52ff5db9e095?s=96&d=mm&r=g","contentUrl":"https:\/\/secure.gravatar.com\/avatar\/c4ca25fa72cace7a696b52ff5db9e095?s=96&d=mm&r=g","caption":"hudo"},"url":"https:\/\/hudo.com\/si\/author\/hudo\/"}]}},"amp_enabled":true,"_links":{"self":[{"href":"https:\/\/hudo.com\/si\/wp-json\/wp\/v2\/posts\/149767"}],"collection":[{"href":"https:\/\/hudo.com\/si\/wp-json\/wp\/v2\/posts"}],"about":[{"href":"https:\/\/hudo.com\/si\/wp-json\/wp\/v2\/types\/post"}],"author":[{"embeddable":true,"href":"https:\/\/hudo.com\/si\/wp-json\/wp\/v2\/users\/1"}],"replies":[{"embeddable":true,"href":"https:\/\/hudo.com\/si\/wp-json\/wp\/v2\/comments?post=149767"}],"version-history":[{"count":0,"href":"https:\/\/hudo.com\/si\/wp-json\/wp\/v2\/posts\/149767\/revisions"}],"wp:attachment":[{"href":"https:\/\/hudo.com\/si\/wp-json\/wp\/v2\/media?parent=149767"}],"wp:term":[{"taxonomy":"category","embeddable":true,"href":"https:\/\/hudo.com\/si\/wp-json\/wp\/v2\/categories?post=149767"},{"taxonomy":"post_tag","embeddable":true,"href":"https:\/\/hudo.com\/si\/wp-json\/wp\/v2\/tags?post=149767"},{"taxonomy":"source","embeddable":true,"href":"https:\/\/hudo.com\/si\/wp-json\/wp\/v2\/source?post=149767"},{"taxonomy":"supertag","embeddable":true,"href":"https:\/\/hudo.com\/si\/wp-json\/wp\/v2\/supertag?post=149767"}],"curies":[{"name":"wp","href":"https:\/\/api.w.org\/{rel}","templated":true}]}}