{"id":149773,"date":"2016-10-08T09:09:00","date_gmt":"2016-10-08T07:09:00","guid":{"rendered":"http:\/\/hudo.com\/si\/2016\/10\/08\/v-blizini-ankare-sta-se-med-aretacijo-dve-osebi-razstrelili\/"},"modified":"2016-10-08T09:09:00","modified_gmt":"2016-10-08T07:09:00","slug":"v-blizini-ankare-sta-se-med-aretacijo-dve-osebi-razstrelili","status":"publish","type":"post","link":"https:\/\/hudo.com\/si\/aktualno\/v-blizini-ankare-sta-se-med-aretacijo-dve-osebi-razstrelili\/","title":{"rendered":"V bli\u017eini Ankare sta se med aretacijo dve osebi razstrelili"},"content":{"rendered":"<p>Kategorija: Kronika Sat, 08 Oct 2016 11:09:00 +0200  Ankara &#8211; Med policijsko operacijo v bli\u017eini Ankare sta se danes razstrelila napadalca, ki sta pripravljala napad z avtomobilom bombo. Napadalca, domnevno mo\u0161ki in \u017eenska, sta se razstrelila, ko ju je policija sku\u0161ala aretirati in ju pozvala k predaji, poro\u010danje tur\u0161ke tiskovne agencije Anadolu povzema francoska AFP. Kot pojasnjuje agencija Anadolu, sta napadalca razstrelila avtomobil bombo, ki sta ga pred tem pripravila. Oba sta pri tem izgubila \u017eivljenje. Po navedbah lokalnih oblasti, ki jih povzema srbska tiskovna agencija Tanjug, je bila policija v petek obve\u0161\u010dena o sumljivih aktivnostih na tem obmo\u010dju. Enega od napadalcev so \u017ee identificirali, drugega, domnevno \u017eenske, \u0161e ne. Po poro\u010danju medijev policija v zvezi z napadom i\u0161\u010de \u0161e enega \u010dloveka. Napadalca sumijo povezanosti z v Tur\u010diji prepovedano Kurdsko delavsko stranko (PKK). Po prvih ugotovitvah sta imela v avtu plasti\u010den\u00a0&#8230;<\/p>\n","protected":false},"excerpt":{"rendered":"<p>Kategorija: Kronika Sat, 08 Oct 2016 11:09:00 +0200  Ankara &#8211; Med policijsko operacijo v bli\u017eini Ankare sta se danes razstrelila napadalca, ki sta pripravljala napad z avtomobilom bombo. Napadalca, domnevno mo\u0161ki in \u017eenska, sta se razstrelila, ko ju je policija sku\u0161ala aretirati in ju pozvala k predaji, poro\u010danje tur\u0161ke tiskovne agencije Anadolu povzema francoska AFP. Kot pojasnjuje agencija Anadolu, sta napadalca razstrelila avtomobil bombo, ki sta ga pred tem pripravila. Oba sta pri tem izgubila \u017eivljenje. Po navedbah lokalnih oblasti, ki jih povzema srbska tiskovna agencija Tanjug, je bila policija v petek obve\u0161\u010dena o sumljivih aktivnostih na tem obmo\u010dju. Enega od napadalcev so \u017ee identificirali, drugega, domnevno \u017eenske, \u0161e ne. Po poro\u010danju medijev policija v zvezi z napadom i\u0161\u010de \u0161e enega \u010dloveka. Napadalca sumijo povezanosti z v Tur\u010diji prepovedano Kurdsko delavsko stranko (PKK). Po prvih ugotovitvah sta imela v avtu plasti\u010den\u00a0&#8230;<\/p>\n","protected":false},"author":1,"featured_media":0,"comment_status":"closed","ping_status":"closed","sticky":false,"template":"","format":"standard","meta":{"footnotes":""},"categories":[1179],"tags":[],"source":[1703],"supertag":[],"acf":[],"yoast_head":"<!-- This site is optimized with the Yoast SEO plugin v21.3 - https:\/\/yoast.com\/wordpress\/plugins\/seo\/ -->\n<title>V bli\u017eini Ankare sta se med aretacijo dve osebi razstrelili - Hudo Slovenija<\/title>\n<meta name=\"robots\" content=\"index, follow, max-snippet:-1, max-image-preview:large, max-video-preview:-1\" \/>\n<link rel=\"canonical\" href=\"https:\/\/hudo.com\/si\/aktualno\/v-blizini-ankare-sta-se-med-aretacijo-dve-osebi-razstrelili\/\" \/>\n<meta property=\"og:locale\" content=\"sl_SI\" \/>\n<meta property=\"og:type\" content=\"article\" \/>\n<meta property=\"og:title\" content=\"V bli\u017eini Ankare sta se med aretacijo dve osebi razstrelili - Hudo Slovenija\" \/>\n<meta property=\"og:description\" content=\"Kategorija: Kronika Sat, 08 Oct 2016 11:09:00 +0200 Ankara - Med policijsko operacijo v bli\u017eini Ankare sta se danes razstrelila napadalca, ki sta pripravljala napad z avtomobilom bombo. Napadalca, domnevno mo\u0161ki in \u017eenska, sta se razstrelila, ko ju je policija sku\u0161ala aretirati in ju pozvala k predaji, poro\u010danje tur\u0161ke tiskovne agencije Anadolu povzema francoska AFP. Kot pojasnjuje agencija Anadolu, sta napadalca razstrelila avtomobil bombo, ki sta ga pred tem pripravila. Oba sta pri tem izgubila \u017eivljenje. Po navedbah lokalnih oblasti, ki jih povzema srbska tiskovna agencija Tanjug, je bila policija v petek obve\u0161\u010dena o sumljivih aktivnostih na tem obmo\u010dju. Enega od napadalcev so \u017ee identificirali, drugega, domnevno \u017eenske, \u0161e ne. Po poro\u010danju medijev policija v zvezi z napadom i\u0161\u010de \u0161e enega \u010dloveka. Napadalca sumijo povezanosti z v Tur\u010diji prepovedano Kurdsko delavsko stranko (PKK). Po prvih ugotovitvah sta imela v avtu plasti\u010den\u00a0...\" \/>\n<meta property=\"og:url\" content=\"https:\/\/hudo.com\/si\/aktualno\/v-blizini-ankare-sta-se-med-aretacijo-dve-osebi-razstrelili\/\" \/>\n<meta property=\"og:site_name\" content=\"Hudo Slovenija\" \/>\n<meta property=\"article:publisher\" content=\"https:\/\/www.facebook.com\/hudo.si\" \/>\n<meta property=\"article:published_time\" content=\"2016-10-08T07:09:00+00:00\" \/>\n<meta property=\"og:image\" content=\"https:\/\/hudo.com\/si\/wp-content\/uploads\/sites\/2\/2016\/10\/480x290_AFP_Photo-20160629084607-00913900.jpeg\" \/>\n\t<meta property=\"og:image:width\" content=\"480\" \/>\n\t<meta property=\"og:image:height\" content=\"290\" \/>\n\t<meta property=\"og:image:type\" content=\"image\/jpeg\" \/>\n<meta name=\"author\" content=\"hudo\" \/>\n<meta name=\"twitter:card\" content=\"summary_large_image\" \/>\n<meta name=\"twitter:creator\" content=\"@hudo_si\" \/>\n<meta name=\"twitter:site\" content=\"@hudo_si\" \/>\n<meta name=\"twitter:label1\" content=\"Written by\" \/>\n\t<meta name=\"twitter:data1\" content=\"hudo\" \/>\n\t<meta name=\"twitter:label2\" content=\"Est. reading time\" \/>\n\t<meta name=\"twitter:data2\" content=\"1 minuta\" \/>\n<script type=\"application\/ld+json\" class=\"yoast-schema-graph\">{\"@context\":\"https:\/\/schema.org\",\"@graph\":[{\"@type\":\"Article\",\"@id\":\"https:\/\/hudo.com\/si\/aktualno\/v-blizini-ankare-sta-se-med-aretacijo-dve-osebi-razstrelili\/#article\",\"isPartOf\":{\"@id\":\"https:\/\/hudo.com\/si\/aktualno\/v-blizini-ankare-sta-se-med-aretacijo-dve-osebi-razstrelili\/\"},\"author\":{\"name\":\"hudo\",\"@id\":\"https:\/\/hudo.com\/si\/#\/schema\/person\/601cf3379633985b20f7e50f2bb47707\"},\"headline\":\"V bli\u017eini Ankare sta se med aretacijo dve osebi razstrelili\",\"datePublished\":\"2016-10-08T07:09:00+00:00\",\"dateModified\":\"2016-10-08T07:09:00+00:00\",\"mainEntityOfPage\":{\"@id\":\"https:\/\/hudo.com\/si\/aktualno\/v-blizini-ankare-sta-se-med-aretacijo-dve-osebi-razstrelili\/\"},\"wordCount\":159,\"publisher\":{\"@id\":\"https:\/\/hudo.com\/si\/#organization\"},\"articleSection\":[\"Aktualno\"],\"inLanguage\":\"sl-SI\"},{\"@type\":\"WebPage\",\"@id\":\"https:\/\/hudo.com\/si\/aktualno\/v-blizini-ankare-sta-se-med-aretacijo-dve-osebi-razstrelili\/\",\"url\":\"https:\/\/hudo.com\/si\/aktualno\/v-blizini-ankare-sta-se-med-aretacijo-dve-osebi-razstrelili\/\",\"name\":\"V bli\u017eini Ankare sta se med aretacijo dve osebi razstrelili - Hudo Slovenija\",\"isPartOf\":{\"@id\":\"https:\/\/hudo.com\/si\/#website\"},\"datePublished\":\"2016-10-08T07:09:00+00:00\",\"dateModified\":\"2016-10-08T07:09:00+00:00\",\"breadcrumb\":{\"@id\":\"https:\/\/hudo.com\/si\/aktualno\/v-blizini-ankare-sta-se-med-aretacijo-dve-osebi-razstrelili\/#breadcrumb\"},\"inLanguage\":\"sl-SI\",\"potentialAction\":[{\"@type\":\"ReadAction\",\"target\":[\"https:\/\/hudo.com\/si\/aktualno\/v-blizini-ankare-sta-se-med-aretacijo-dve-osebi-razstrelili\/\"]}]},{\"@type\":\"BreadcrumbList\",\"@id\":\"https:\/\/hudo.com\/si\/aktualno\/v-blizini-ankare-sta-se-med-aretacijo-dve-osebi-razstrelili\/#breadcrumb\",\"itemListElement\":[{\"@type\":\"ListItem\",\"position\":1,\"name\":\"Home\",\"item\":\"https:\/\/hudo.com\/si\/\"},{\"@type\":\"ListItem\",\"position\":2,\"name\":\"V bli\u017eini Ankare sta se med aretacijo dve osebi razstrelili\"}]},{\"@type\":\"WebSite\",\"@id\":\"https:\/\/hudo.com\/si\/#website\",\"url\":\"https:\/\/hudo.com\/si\/\",\"name\":\"Hudo Slovenija\",\"description\":\"Vse novice iz Slovenije in sveta\",\"publisher\":{\"@id\":\"https:\/\/hudo.com\/si\/#organization\"},\"potentialAction\":[{\"@type\":\"SearchAction\",\"target\":{\"@type\":\"EntryPoint\",\"urlTemplate\":\"https:\/\/hudo.com\/si\/?s={search_term_string}\"},\"query-input\":\"required name=search_term_string\"}],\"inLanguage\":\"sl-SI\"},{\"@type\":\"Organization\",\"@id\":\"https:\/\/hudo.com\/si\/#organization\",\"name\":\"VSN Media\",\"url\":\"https:\/\/hudo.com\/si\/\",\"logo\":{\"@type\":\"ImageObject\",\"inLanguage\":\"sl-SI\",\"@id\":\"https:\/\/hudo.com\/si\/#\/schema\/logo\/image\/\",\"url\":\"https:\/\/hudo.com\/si\/wp-content\/uploads\/sites\/2\/2021\/03\/hudo-app-2.png\",\"contentUrl\":\"https:\/\/hudo.com\/si\/wp-content\/uploads\/sites\/2\/2021\/03\/hudo-app-2.png\",\"width\":2185,\"height\":2167,\"caption\":\"VSN Media\"},\"image\":{\"@id\":\"https:\/\/hudo.com\/si\/#\/schema\/logo\/image\/\"},\"sameAs\":[\"https:\/\/www.facebook.com\/hudo.si\",\"https:\/\/twitter.com\/hudo_si\"]},{\"@type\":\"Person\",\"@id\":\"https:\/\/hudo.com\/si\/#\/schema\/person\/601cf3379633985b20f7e50f2bb47707\",\"name\":\"hudo\",\"image\":{\"@type\":\"ImageObject\",\"inLanguage\":\"sl-SI\",\"@id\":\"https:\/\/hudo.com\/si\/#\/schema\/person\/image\/\",\"url\":\"https:\/\/secure.gravatar.com\/avatar\/c4ca25fa72cace7a696b52ff5db9e095?s=96&d=mm&r=g\",\"contentUrl\":\"https:\/\/secure.gravatar.com\/avatar\/c4ca25fa72cace7a696b52ff5db9e095?s=96&d=mm&r=g\",\"caption\":\"hudo\"},\"url\":\"https:\/\/hudo.com\/si\/author\/hudo\/\"}]}<\/script>\n<!-- \/ Yoast SEO plugin. -->","yoast_head_json":{"title":"V bli\u017eini Ankare sta se med aretacijo dve osebi razstrelili - Hudo Slovenija","robots":{"index":"index","follow":"follow","max-snippet":"max-snippet:-1","max-image-preview":"max-image-preview:large","max-video-preview":"max-video-preview:-1"},"canonical":"https:\/\/hudo.com\/si\/aktualno\/v-blizini-ankare-sta-se-med-aretacijo-dve-osebi-razstrelili\/","og_locale":"sl_SI","og_type":"article","og_title":"V bli\u017eini Ankare sta se med aretacijo dve osebi razstrelili - Hudo Slovenija","og_description":"Kategorija: Kronika Sat, 08 Oct 2016 11:09:00 +0200 Ankara - Med policijsko operacijo v bli\u017eini Ankare sta se danes razstrelila napadalca, ki sta pripravljala napad z avtomobilom bombo. Napadalca, domnevno mo\u0161ki in \u017eenska, sta se razstrelila, ko ju je policija sku\u0161ala aretirati in ju pozvala k predaji, poro\u010danje tur\u0161ke tiskovne agencije Anadolu povzema francoska AFP. Kot pojasnjuje agencija Anadolu, sta napadalca razstrelila avtomobil bombo, ki sta ga pred tem pripravila. Oba sta pri tem izgubila \u017eivljenje. Po navedbah lokalnih oblasti, ki jih povzema srbska tiskovna agencija Tanjug, je bila policija v petek obve\u0161\u010dena o sumljivih aktivnostih na tem obmo\u010dju. Enega od napadalcev so \u017ee identificirali, drugega, domnevno \u017eenske, \u0161e ne. Po poro\u010danju medijev policija v zvezi z napadom i\u0161\u010de \u0161e enega \u010dloveka. Napadalca sumijo povezanosti z v Tur\u010diji prepovedano Kurdsko delavsko stranko (PKK). Po prvih ugotovitvah sta imela v avtu plasti\u010den\u00a0...","og_url":"https:\/\/hudo.com\/si\/aktualno\/v-blizini-ankare-sta-se-med-aretacijo-dve-osebi-razstrelili\/","og_site_name":"Hudo Slovenija","article_publisher":"https:\/\/www.facebook.com\/hudo.si","article_published_time":"2016-10-08T07:09:00+00:00","og_image":[{"width":480,"height":290,"url":"https:\/\/hudo.com\/si\/wp-content\/uploads\/sites\/2\/2016\/10\/480x290_AFP_Photo-20160629084607-00913900.jpeg","type":"image\/jpeg"}],"author":"hudo","twitter_card":"summary_large_image","twitter_creator":"@hudo_si","twitter_site":"@hudo_si","twitter_misc":{"Written by":"hudo","Est. reading time":"1 minuta"},"schema":{"@context":"https:\/\/schema.org","@graph":[{"@type":"Article","@id":"https:\/\/hudo.com\/si\/aktualno\/v-blizini-ankare-sta-se-med-aretacijo-dve-osebi-razstrelili\/#article","isPartOf":{"@id":"https:\/\/hudo.com\/si\/aktualno\/v-blizini-ankare-sta-se-med-aretacijo-dve-osebi-razstrelili\/"},"author":{"name":"hudo","@id":"https:\/\/hudo.com\/si\/#\/schema\/person\/601cf3379633985b20f7e50f2bb47707"},"headline":"V bli\u017eini Ankare sta se med aretacijo dve osebi razstrelili","datePublished":"2016-10-08T07:09:00+00:00","dateModified":"2016-10-08T07:09:00+00:00","mainEntityOfPage":{"@id":"https:\/\/hudo.com\/si\/aktualno\/v-blizini-ankare-sta-se-med-aretacijo-dve-osebi-razstrelili\/"},"wordCount":159,"publisher":{"@id":"https:\/\/hudo.com\/si\/#organization"},"articleSection":["Aktualno"],"inLanguage":"sl-SI"},{"@type":"WebPage","@id":"https:\/\/hudo.com\/si\/aktualno\/v-blizini-ankare-sta-se-med-aretacijo-dve-osebi-razstrelili\/","url":"https:\/\/hudo.com\/si\/aktualno\/v-blizini-ankare-sta-se-med-aretacijo-dve-osebi-razstrelili\/","name":"V bli\u017eini Ankare sta se med aretacijo dve osebi razstrelili - Hudo Slovenija","isPartOf":{"@id":"https:\/\/hudo.com\/si\/#website"},"datePublished":"2016-10-08T07:09:00+00:00","dateModified":"2016-10-08T07:09:00+00:00","breadcrumb":{"@id":"https:\/\/hudo.com\/si\/aktualno\/v-blizini-ankare-sta-se-med-aretacijo-dve-osebi-razstrelili\/#breadcrumb"},"inLanguage":"sl-SI","potentialAction":[{"@type":"ReadAction","target":["https:\/\/hudo.com\/si\/aktualno\/v-blizini-ankare-sta-se-med-aretacijo-dve-osebi-razstrelili\/"]}]},{"@type":"BreadcrumbList","@id":"https:\/\/hudo.com\/si\/aktualno\/v-blizini-ankare-sta-se-med-aretacijo-dve-osebi-razstrelili\/#breadcrumb","itemListElement":[{"@type":"ListItem","position":1,"name":"Home","item":"https:\/\/hudo.com\/si\/"},{"@type":"ListItem","position":2,"name":"V bli\u017eini Ankare sta se med aretacijo dve osebi razstrelili"}]},{"@type":"WebSite","@id":"https:\/\/hudo.com\/si\/#website","url":"https:\/\/hudo.com\/si\/","name":"Hudo Slovenija","description":"Vse novice iz Slovenije in sveta","publisher":{"@id":"https:\/\/hudo.com\/si\/#organization"},"potentialAction":[{"@type":"SearchAction","target":{"@type":"EntryPoint","urlTemplate":"https:\/\/hudo.com\/si\/?s={search_term_string}"},"query-input":"required name=search_term_string"}],"inLanguage":"sl-SI"},{"@type":"Organization","@id":"https:\/\/hudo.com\/si\/#organization","name":"VSN Media","url":"https:\/\/hudo.com\/si\/","logo":{"@type":"ImageObject","inLanguage":"sl-SI","@id":"https:\/\/hudo.com\/si\/#\/schema\/logo\/image\/","url":"https:\/\/hudo.com\/si\/wp-content\/uploads\/sites\/2\/2021\/03\/hudo-app-2.png","contentUrl":"https:\/\/hudo.com\/si\/wp-content\/uploads\/sites\/2\/2021\/03\/hudo-app-2.png","width":2185,"height":2167,"caption":"VSN Media"},"image":{"@id":"https:\/\/hudo.com\/si\/#\/schema\/logo\/image\/"},"sameAs":["https:\/\/www.facebook.com\/hudo.si","https:\/\/twitter.com\/hudo_si"]},{"@type":"Person","@id":"https:\/\/hudo.com\/si\/#\/schema\/person\/601cf3379633985b20f7e50f2bb47707","name":"hudo","image":{"@type":"ImageObject","inLanguage":"sl-SI","@id":"https:\/\/hudo.com\/si\/#\/schema\/person\/image\/","url":"https:\/\/secure.gravatar.com\/avatar\/c4ca25fa72cace7a696b52ff5db9e095?s=96&d=mm&r=g","contentUrl":"https:\/\/secure.gravatar.com\/avatar\/c4ca25fa72cace7a696b52ff5db9e095?s=96&d=mm&r=g","caption":"hudo"},"url":"https:\/\/hudo.com\/si\/author\/hudo\/"}]}},"amp_enabled":true,"_links":{"self":[{"href":"https:\/\/hudo.com\/si\/wp-json\/wp\/v2\/posts\/149773"}],"collection":[{"href":"https:\/\/hudo.com\/si\/wp-json\/wp\/v2\/posts"}],"about":[{"href":"https:\/\/hudo.com\/si\/wp-json\/wp\/v2\/types\/post"}],"author":[{"embeddable":true,"href":"https:\/\/hudo.com\/si\/wp-json\/wp\/v2\/users\/1"}],"replies":[{"embeddable":true,"href":"https:\/\/hudo.com\/si\/wp-json\/wp\/v2\/comments?post=149773"}],"version-history":[{"count":0,"href":"https:\/\/hudo.com\/si\/wp-json\/wp\/v2\/posts\/149773\/revisions"}],"wp:attachment":[{"href":"https:\/\/hudo.com\/si\/wp-json\/wp\/v2\/media?parent=149773"}],"wp:term":[{"taxonomy":"category","embeddable":true,"href":"https:\/\/hudo.com\/si\/wp-json\/wp\/v2\/categories?post=149773"},{"taxonomy":"post_tag","embeddable":true,"href":"https:\/\/hudo.com\/si\/wp-json\/wp\/v2\/tags?post=149773"},{"taxonomy":"source","embeddable":true,"href":"https:\/\/hudo.com\/si\/wp-json\/wp\/v2\/source?post=149773"},{"taxonomy":"supertag","embeddable":true,"href":"https:\/\/hudo.com\/si\/wp-json\/wp\/v2\/supertag?post=149773"}],"curies":[{"name":"wp","href":"https:\/\/api.w.org\/{rel}","templated":true}]}}