{"id":149852,"date":"2016-10-08T12:07:00","date_gmt":"2016-10-08T10:07:00","guid":{"rendered":"http:\/\/hudo.com\/si\/2016\/10\/08\/peter-prevc-in-maja-vtic-cetrtic\/"},"modified":"2016-10-09T08:37:41","modified_gmt":"2016-10-09T06:37:41","slug":"peter-prevc-in-maja-vtic-cetrtic","status":"publish","type":"post","link":"https:\/\/hudo.com\/si\/aktualno\/peter-prevc-in-maja-vtic-cetrtic\/","title":{"rendered":"Peter Prevc in Maja Vti\u010d \u010detrti\u010d"},"content":{"rendered":"<p>Kategorija: Drugi \u0161porti Sat, 08 Oct 2016 14:07:00 +0200  Kranj &#8211; Smu\u010darski skakalec kranjskega Triglava Peter Prevc je bil v minuli zimi premo\u010dan za konkurenco v svetovnega pokalu, \u017ee po tradiciji pa si tekmece pokori tudi na preizku\u0161njah za (poletno) dr\u017eavno prvenstvo na plasti\u010dni podlagi. Ni\u010d druga\u010de ni bilo danes na napravi pod \u0160marjetno goro v Kranju, saj je slovenski \u010dlanski prvak postal \u017ee \u010detrti\u010d zapovrstjo. Bil je prepri\u010dljiv, saj je nabral kar 11,3 to\u010dke zaloge pred prvim izzivalcem, mlaj\u0161im bratom in klubskim kolegom Cenetom Prevcem (241 to\u010dk). Na zmagovalnem odru jima je dru\u017ebo delal predstavnik Zagorja Andra\u017e Pograjc (236,1 to\u010dke), tik pod njim pa sta kon\u010dala \u010dlan Alpine Toma\u017e Nagli\u010d (232,7) in \u0161e tretji od bratov Prevc, Domen (227,0). V \u017eenski konkurenci se je ravno tako \u010detrte dr\u017eavne lovorike veselila Maja Vti\u010d (Zabrdje), ki je bila pred tem najbolj\u0161a\u00a0&#8230;<\/p>\n","protected":false},"excerpt":{"rendered":"<p>Kategorija: Drugi \u0161porti Sat, 08 Oct 2016 14:07:00 +0200  Kranj &#8211; Smu\u010darski skakalec kranjskega Triglava Peter Prevc je bil v minuli zimi premo\u010dan za konkurenco v svetovnega pokalu, \u017ee po tradiciji pa si tekmece pokori tudi na preizku\u0161njah za (poletno) dr\u017eavno prvenstvo na plasti\u010dni podlagi. Ni\u010d druga\u010de ni bilo danes na napravi pod \u0160marjetno goro v Kranju, saj je slovenski \u010dlanski prvak postal \u017ee \u010detrti\u010d zapovrstjo. Bil je prepri\u010dljiv, saj je nabral kar 11,3 to\u010dke zaloge pred prvim izzivalcem, mlaj\u0161im bratom in klubskim kolegom Cenetom Prevcem (241 to\u010dk). Na zmagovalnem odru jima je dru\u017ebo delal predstavnik Zagorja Andra\u017e Pograjc (236,1 to\u010dke), tik pod njim pa sta kon\u010dala \u010dlan Alpine Toma\u017e Nagli\u010d (232,7) in \u0161e tretji od bratov Prevc, Domen (227,0). V \u017eenski konkurenci se je ravno tako \u010detrte dr\u017eavne lovorike veselila Maja Vti\u010d (Zabrdje), ki je bila pred tem najbolj\u0161a\u00a0&#8230;<\/p>\n","protected":false},"author":1,"featured_media":0,"comment_status":"closed","ping_status":"closed","sticky":false,"template":"","format":"standard","meta":{"footnotes":""},"categories":[1179],"tags":[],"source":[1703],"supertag":[],"acf":[],"yoast_head":"<!-- This site is optimized with the Yoast SEO plugin v21.3 - https:\/\/yoast.com\/wordpress\/plugins\/seo\/ -->\n<title>Peter Prevc in Maja Vti\u010d \u010detrti\u010d - Hudo Slovenija<\/title>\n<meta name=\"robots\" content=\"index, follow, max-snippet:-1, max-image-preview:large, max-video-preview:-1\" \/>\n<link rel=\"canonical\" href=\"https:\/\/hudo.com\/si\/aktualno\/peter-prevc-in-maja-vtic-cetrtic\/\" \/>\n<meta property=\"og:locale\" content=\"sl_SI\" \/>\n<meta property=\"og:type\" content=\"article\" \/>\n<meta property=\"og:title\" content=\"Peter Prevc in Maja Vti\u010d \u010detrti\u010d - Hudo Slovenija\" \/>\n<meta property=\"og:description\" content=\"Kategorija: Drugi \u0161porti Sat, 08 Oct 2016 14:07:00 +0200 Kranj - Smu\u010darski skakalec kranjskega Triglava Peter Prevc je bil v minuli zimi premo\u010dan za konkurenco v svetovnega pokalu, \u017ee po tradiciji pa si tekmece pokori tudi na preizku\u0161njah za (poletno) dr\u017eavno prvenstvo na plasti\u010dni podlagi. Ni\u010d druga\u010de ni bilo danes na napravi pod \u0160marjetno goro v Kranju, saj je slovenski \u010dlanski prvak postal \u017ee \u010detrti\u010d zapovrstjo. Bil je prepri\u010dljiv, saj je nabral kar 11,3 to\u010dke zaloge pred prvim izzivalcem, mlaj\u0161im bratom in klubskim kolegom Cenetom Prevcem (241 to\u010dk). Na zmagovalnem odru jima je dru\u017ebo delal predstavnik Zagorja Andra\u017e Pograjc (236,1 to\u010dke), tik pod njim pa sta kon\u010dala \u010dlan Alpine Toma\u017e Nagli\u010d (232,7) in \u0161e tretji od bratov Prevc, Domen (227,0). V \u017eenski konkurenci se je ravno tako \u010detrte dr\u017eavne lovorike veselila Maja Vti\u010d (Zabrdje), ki je bila pred tem najbolj\u0161a\u00a0...\" \/>\n<meta property=\"og:url\" content=\"https:\/\/hudo.com\/si\/aktualno\/peter-prevc-in-maja-vtic-cetrtic\/\" \/>\n<meta property=\"og:site_name\" content=\"Hudo Slovenija\" \/>\n<meta property=\"article:publisher\" content=\"https:\/\/www.facebook.com\/hudo.si\" \/>\n<meta property=\"article:published_time\" content=\"2016-10-08T10:07:00+00:00\" \/>\n<meta property=\"article:modified_time\" content=\"2016-10-09T06:37:41+00:00\" \/>\n<meta property=\"og:image\" content=\"https:\/\/hudo.com\/si\/wp-content\/uploads\/sites\/2\/2016\/10\/480x290_Delo_Foto-20161008134939-70113800.jpeg\" \/>\n\t<meta property=\"og:image:width\" content=\"480\" \/>\n\t<meta property=\"og:image:height\" content=\"290\" \/>\n\t<meta property=\"og:image:type\" content=\"image\/jpeg\" \/>\n<meta name=\"author\" content=\"hudo\" \/>\n<meta name=\"twitter:card\" content=\"summary_large_image\" \/>\n<meta name=\"twitter:creator\" content=\"@hudo_si\" \/>\n<meta name=\"twitter:site\" content=\"@hudo_si\" \/>\n<meta name=\"twitter:label1\" content=\"Written by\" \/>\n\t<meta name=\"twitter:data1\" content=\"hudo\" \/>\n\t<meta name=\"twitter:label2\" content=\"Est. reading time\" \/>\n\t<meta name=\"twitter:data2\" content=\"1 minuta\" \/>\n<script type=\"application\/ld+json\" class=\"yoast-schema-graph\">{\"@context\":\"https:\/\/schema.org\",\"@graph\":[{\"@type\":\"Article\",\"@id\":\"https:\/\/hudo.com\/si\/aktualno\/peter-prevc-in-maja-vtic-cetrtic\/#article\",\"isPartOf\":{\"@id\":\"https:\/\/hudo.com\/si\/aktualno\/peter-prevc-in-maja-vtic-cetrtic\/\"},\"author\":{\"name\":\"hudo\",\"@id\":\"https:\/\/hudo.com\/si\/#\/schema\/person\/601cf3379633985b20f7e50f2bb47707\"},\"headline\":\"Peter Prevc in Maja Vti\u010d \u010detrti\u010d\",\"datePublished\":\"2016-10-08T10:07:00+00:00\",\"dateModified\":\"2016-10-09T06:37:41+00:00\",\"mainEntityOfPage\":{\"@id\":\"https:\/\/hudo.com\/si\/aktualno\/peter-prevc-in-maja-vtic-cetrtic\/\"},\"wordCount\":152,\"publisher\":{\"@id\":\"https:\/\/hudo.com\/si\/#organization\"},\"articleSection\":[\"Aktualno\"],\"inLanguage\":\"sl-SI\"},{\"@type\":\"WebPage\",\"@id\":\"https:\/\/hudo.com\/si\/aktualno\/peter-prevc-in-maja-vtic-cetrtic\/\",\"url\":\"https:\/\/hudo.com\/si\/aktualno\/peter-prevc-in-maja-vtic-cetrtic\/\",\"name\":\"Peter Prevc in Maja Vti\u010d \u010detrti\u010d - Hudo Slovenija\",\"isPartOf\":{\"@id\":\"https:\/\/hudo.com\/si\/#website\"},\"datePublished\":\"2016-10-08T10:07:00+00:00\",\"dateModified\":\"2016-10-09T06:37:41+00:00\",\"breadcrumb\":{\"@id\":\"https:\/\/hudo.com\/si\/aktualno\/peter-prevc-in-maja-vtic-cetrtic\/#breadcrumb\"},\"inLanguage\":\"sl-SI\",\"potentialAction\":[{\"@type\":\"ReadAction\",\"target\":[\"https:\/\/hudo.com\/si\/aktualno\/peter-prevc-in-maja-vtic-cetrtic\/\"]}]},{\"@type\":\"BreadcrumbList\",\"@id\":\"https:\/\/hudo.com\/si\/aktualno\/peter-prevc-in-maja-vtic-cetrtic\/#breadcrumb\",\"itemListElement\":[{\"@type\":\"ListItem\",\"position\":1,\"name\":\"Home\",\"item\":\"https:\/\/hudo.com\/si\/\"},{\"@type\":\"ListItem\",\"position\":2,\"name\":\"Peter Prevc in Maja Vti\u010d \u010detrti\u010d\"}]},{\"@type\":\"WebSite\",\"@id\":\"https:\/\/hudo.com\/si\/#website\",\"url\":\"https:\/\/hudo.com\/si\/\",\"name\":\"Hudo Slovenija\",\"description\":\"Vse novice iz Slovenije in sveta\",\"publisher\":{\"@id\":\"https:\/\/hudo.com\/si\/#organization\"},\"potentialAction\":[{\"@type\":\"SearchAction\",\"target\":{\"@type\":\"EntryPoint\",\"urlTemplate\":\"https:\/\/hudo.com\/si\/?s={search_term_string}\"},\"query-input\":\"required name=search_term_string\"}],\"inLanguage\":\"sl-SI\"},{\"@type\":\"Organization\",\"@id\":\"https:\/\/hudo.com\/si\/#organization\",\"name\":\"VSN Media\",\"url\":\"https:\/\/hudo.com\/si\/\",\"logo\":{\"@type\":\"ImageObject\",\"inLanguage\":\"sl-SI\",\"@id\":\"https:\/\/hudo.com\/si\/#\/schema\/logo\/image\/\",\"url\":\"https:\/\/hudo.com\/si\/wp-content\/uploads\/sites\/2\/2021\/03\/hudo-app-2.png\",\"contentUrl\":\"https:\/\/hudo.com\/si\/wp-content\/uploads\/sites\/2\/2021\/03\/hudo-app-2.png\",\"width\":2185,\"height\":2167,\"caption\":\"VSN Media\"},\"image\":{\"@id\":\"https:\/\/hudo.com\/si\/#\/schema\/logo\/image\/\"},\"sameAs\":[\"https:\/\/www.facebook.com\/hudo.si\",\"https:\/\/twitter.com\/hudo_si\"]},{\"@type\":\"Person\",\"@id\":\"https:\/\/hudo.com\/si\/#\/schema\/person\/601cf3379633985b20f7e50f2bb47707\",\"name\":\"hudo\",\"image\":{\"@type\":\"ImageObject\",\"inLanguage\":\"sl-SI\",\"@id\":\"https:\/\/hudo.com\/si\/#\/schema\/person\/image\/\",\"url\":\"https:\/\/secure.gravatar.com\/avatar\/c4ca25fa72cace7a696b52ff5db9e095?s=96&d=mm&r=g\",\"contentUrl\":\"https:\/\/secure.gravatar.com\/avatar\/c4ca25fa72cace7a696b52ff5db9e095?s=96&d=mm&r=g\",\"caption\":\"hudo\"},\"url\":\"https:\/\/hudo.com\/si\/author\/hudo\/\"}]}<\/script>\n<!-- \/ Yoast SEO plugin. -->","yoast_head_json":{"title":"Peter Prevc in Maja Vti\u010d \u010detrti\u010d - Hudo Slovenija","robots":{"index":"index","follow":"follow","max-snippet":"max-snippet:-1","max-image-preview":"max-image-preview:large","max-video-preview":"max-video-preview:-1"},"canonical":"https:\/\/hudo.com\/si\/aktualno\/peter-prevc-in-maja-vtic-cetrtic\/","og_locale":"sl_SI","og_type":"article","og_title":"Peter Prevc in Maja Vti\u010d \u010detrti\u010d - Hudo Slovenija","og_description":"Kategorija: Drugi \u0161porti Sat, 08 Oct 2016 14:07:00 +0200 Kranj - Smu\u010darski skakalec kranjskega Triglava Peter Prevc je bil v minuli zimi premo\u010dan za konkurenco v svetovnega pokalu, \u017ee po tradiciji pa si tekmece pokori tudi na preizku\u0161njah za (poletno) dr\u017eavno prvenstvo na plasti\u010dni podlagi. Ni\u010d druga\u010de ni bilo danes na napravi pod \u0160marjetno goro v Kranju, saj je slovenski \u010dlanski prvak postal \u017ee \u010detrti\u010d zapovrstjo. Bil je prepri\u010dljiv, saj je nabral kar 11,3 to\u010dke zaloge pred prvim izzivalcem, mlaj\u0161im bratom in klubskim kolegom Cenetom Prevcem (241 to\u010dk). Na zmagovalnem odru jima je dru\u017ebo delal predstavnik Zagorja Andra\u017e Pograjc (236,1 to\u010dke), tik pod njim pa sta kon\u010dala \u010dlan Alpine Toma\u017e Nagli\u010d (232,7) in \u0161e tretji od bratov Prevc, Domen (227,0). V \u017eenski konkurenci se je ravno tako \u010detrte dr\u017eavne lovorike veselila Maja Vti\u010d (Zabrdje), ki je bila pred tem najbolj\u0161a\u00a0...","og_url":"https:\/\/hudo.com\/si\/aktualno\/peter-prevc-in-maja-vtic-cetrtic\/","og_site_name":"Hudo Slovenija","article_publisher":"https:\/\/www.facebook.com\/hudo.si","article_published_time":"2016-10-08T10:07:00+00:00","article_modified_time":"2016-10-09T06:37:41+00:00","og_image":[{"width":480,"height":290,"url":"https:\/\/hudo.com\/si\/wp-content\/uploads\/sites\/2\/2016\/10\/480x290_Delo_Foto-20161008134939-70113800.jpeg","type":"image\/jpeg"}],"author":"hudo","twitter_card":"summary_large_image","twitter_creator":"@hudo_si","twitter_site":"@hudo_si","twitter_misc":{"Written by":"hudo","Est. reading time":"1 minuta"},"schema":{"@context":"https:\/\/schema.org","@graph":[{"@type":"Article","@id":"https:\/\/hudo.com\/si\/aktualno\/peter-prevc-in-maja-vtic-cetrtic\/#article","isPartOf":{"@id":"https:\/\/hudo.com\/si\/aktualno\/peter-prevc-in-maja-vtic-cetrtic\/"},"author":{"name":"hudo","@id":"https:\/\/hudo.com\/si\/#\/schema\/person\/601cf3379633985b20f7e50f2bb47707"},"headline":"Peter Prevc in Maja Vti\u010d \u010detrti\u010d","datePublished":"2016-10-08T10:07:00+00:00","dateModified":"2016-10-09T06:37:41+00:00","mainEntityOfPage":{"@id":"https:\/\/hudo.com\/si\/aktualno\/peter-prevc-in-maja-vtic-cetrtic\/"},"wordCount":152,"publisher":{"@id":"https:\/\/hudo.com\/si\/#organization"},"articleSection":["Aktualno"],"inLanguage":"sl-SI"},{"@type":"WebPage","@id":"https:\/\/hudo.com\/si\/aktualno\/peter-prevc-in-maja-vtic-cetrtic\/","url":"https:\/\/hudo.com\/si\/aktualno\/peter-prevc-in-maja-vtic-cetrtic\/","name":"Peter Prevc in Maja Vti\u010d \u010detrti\u010d - Hudo Slovenija","isPartOf":{"@id":"https:\/\/hudo.com\/si\/#website"},"datePublished":"2016-10-08T10:07:00+00:00","dateModified":"2016-10-09T06:37:41+00:00","breadcrumb":{"@id":"https:\/\/hudo.com\/si\/aktualno\/peter-prevc-in-maja-vtic-cetrtic\/#breadcrumb"},"inLanguage":"sl-SI","potentialAction":[{"@type":"ReadAction","target":["https:\/\/hudo.com\/si\/aktualno\/peter-prevc-in-maja-vtic-cetrtic\/"]}]},{"@type":"BreadcrumbList","@id":"https:\/\/hudo.com\/si\/aktualno\/peter-prevc-in-maja-vtic-cetrtic\/#breadcrumb","itemListElement":[{"@type":"ListItem","position":1,"name":"Home","item":"https:\/\/hudo.com\/si\/"},{"@type":"ListItem","position":2,"name":"Peter Prevc in Maja Vti\u010d \u010detrti\u010d"}]},{"@type":"WebSite","@id":"https:\/\/hudo.com\/si\/#website","url":"https:\/\/hudo.com\/si\/","name":"Hudo Slovenija","description":"Vse novice iz Slovenije in sveta","publisher":{"@id":"https:\/\/hudo.com\/si\/#organization"},"potentialAction":[{"@type":"SearchAction","target":{"@type":"EntryPoint","urlTemplate":"https:\/\/hudo.com\/si\/?s={search_term_string}"},"query-input":"required name=search_term_string"}],"inLanguage":"sl-SI"},{"@type":"Organization","@id":"https:\/\/hudo.com\/si\/#organization","name":"VSN Media","url":"https:\/\/hudo.com\/si\/","logo":{"@type":"ImageObject","inLanguage":"sl-SI","@id":"https:\/\/hudo.com\/si\/#\/schema\/logo\/image\/","url":"https:\/\/hudo.com\/si\/wp-content\/uploads\/sites\/2\/2021\/03\/hudo-app-2.png","contentUrl":"https:\/\/hudo.com\/si\/wp-content\/uploads\/sites\/2\/2021\/03\/hudo-app-2.png","width":2185,"height":2167,"caption":"VSN Media"},"image":{"@id":"https:\/\/hudo.com\/si\/#\/schema\/logo\/image\/"},"sameAs":["https:\/\/www.facebook.com\/hudo.si","https:\/\/twitter.com\/hudo_si"]},{"@type":"Person","@id":"https:\/\/hudo.com\/si\/#\/schema\/person\/601cf3379633985b20f7e50f2bb47707","name":"hudo","image":{"@type":"ImageObject","inLanguage":"sl-SI","@id":"https:\/\/hudo.com\/si\/#\/schema\/person\/image\/","url":"https:\/\/secure.gravatar.com\/avatar\/c4ca25fa72cace7a696b52ff5db9e095?s=96&d=mm&r=g","contentUrl":"https:\/\/secure.gravatar.com\/avatar\/c4ca25fa72cace7a696b52ff5db9e095?s=96&d=mm&r=g","caption":"hudo"},"url":"https:\/\/hudo.com\/si\/author\/hudo\/"}]}},"amp_enabled":true,"_links":{"self":[{"href":"https:\/\/hudo.com\/si\/wp-json\/wp\/v2\/posts\/149852"}],"collection":[{"href":"https:\/\/hudo.com\/si\/wp-json\/wp\/v2\/posts"}],"about":[{"href":"https:\/\/hudo.com\/si\/wp-json\/wp\/v2\/types\/post"}],"author":[{"embeddable":true,"href":"https:\/\/hudo.com\/si\/wp-json\/wp\/v2\/users\/1"}],"replies":[{"embeddable":true,"href":"https:\/\/hudo.com\/si\/wp-json\/wp\/v2\/comments?post=149852"}],"version-history":[{"count":1,"href":"https:\/\/hudo.com\/si\/wp-json\/wp\/v2\/posts\/149852\/revisions"}],"predecessor-version":[{"id":150031,"href":"https:\/\/hudo.com\/si\/wp-json\/wp\/v2\/posts\/149852\/revisions\/150031"}],"wp:attachment":[{"href":"https:\/\/hudo.com\/si\/wp-json\/wp\/v2\/media?parent=149852"}],"wp:term":[{"taxonomy":"category","embeddable":true,"href":"https:\/\/hudo.com\/si\/wp-json\/wp\/v2\/categories?post=149852"},{"taxonomy":"post_tag","embeddable":true,"href":"https:\/\/hudo.com\/si\/wp-json\/wp\/v2\/tags?post=149852"},{"taxonomy":"source","embeddable":true,"href":"https:\/\/hudo.com\/si\/wp-json\/wp\/v2\/source?post=149852"},{"taxonomy":"supertag","embeddable":true,"href":"https:\/\/hudo.com\/si\/wp-json\/wp\/v2\/supertag?post=149852"}],"curies":[{"name":"wp","href":"https:\/\/api.w.org\/{rel}","templated":true}]}}