{"id":149872,"date":"2016-10-08T10:40:00","date_gmt":"2016-10-08T08:40:00","guid":{"rendered":"http:\/\/hudo.com\/si\/2016\/10\/08\/foto-zacel-se-je-festival-bujte-repe\/"},"modified":"2016-10-09T08:56:04","modified_gmt":"2016-10-09T06:56:04","slug":"foto-zacel-se-je-festival-bujte-repe","status":"publish","type":"post","link":"https:\/\/hudo.com\/si\/aktualno\/foto-zacel-se-je-festival-bujte-repe\/","title":{"rendered":"FOTO: Za\u010del se je Festival bujte repe"},"content":{"rendered":"<p>Pred hotelom Diana v Murski Soboti se je za\u010del Festival bujte repe. Tekmovalne ekipe so s kuhanjem za\u010dele ob 11. uri, z delom je \u017ee za\u010dela tudi ocenjevalna komisija, ki jo sestavljajo Zdenka Tompa, Branko \u010casar in Janez Gjergjek. Vsaka od \u0161tirinajstih sodelujo\u010dih ekip mora skuhati 20 porcij te tradicionalne prekmurske jedi, v kateri so poleg repe \u0161e svinjsko meso, prosena ka\u0161a in za\u010dimbe. Gre \u017ee za sedmi tovrstni festival v organizaciji omenjenega hotela.  \u00bb\u017deleli smo predvsem ustvariti praznik prekmurske kulinarike, saj poleg bujte repe danes ponujamo \u0161e svinjsko pe\u010denko, krvavice in druge jedi, ki spadajo v \u010das kolin, kakr\u0161ni sta tudi pe\u010dena svinjska kri in ocvirki,\u00ab pravi direktorica hotela Diana Olga Belec, ki dodaja, da \u017eelijo s prireditvijo tudi prispevati k o\u017eivitvi mestnega sredi\u0161\u010da.  \u00bbNajprej smo za\u010deli z zunanjim delom ocenjevanja, v katerem ocenimo potek dela, pri tem gledamo predvsem higieno in \u010disto\u010do delovnega mesta. V drugem delu bomo ocenjevali vzorce gotove jedi, pri \u010demer bomo ocenjevali izgled, gostoto, barvo, pravilno kuhanost vseh sestavin ter ustrezno za\u010dinjenost,\u00ab je na za\u010detku ocenjevanja povedala predsednica ocenjevale komisije Zdenka Tompa.Slovenija<\/p>\n","protected":false},"excerpt":{"rendered":"<p>Pred hotelom Diana v Murski Soboti se je za\u010del Festival bujte repe. Tekmovalne ekipe so s kuhanjem za\u010dele ob 11. uri, z delom je \u017ee za\u010dela tudi ocenjevalna komisija, ki jo sestavljajo Zdenka Tompa, Branko \u010casar in Janez Gjergjek. Vsaka od \u0161tirinajstih sodelujo\u010dih ekip mora skuhati 20 porcij te tradicionalne prekmurske jedi, v kateri so poleg repe \u0161e svinjsko meso, prosena ka\u0161a in za\u010dimbe. Gre \u017ee za sedmi tovrstni festival v organizaciji omenjenega hotela.  \u00bb\u017deleli smo predvsem ustvariti praznik prekmurske kulinarike, saj poleg bujte repe danes ponujamo \u0161e svinjsko pe\u010denko, krvavice in druge jedi, ki spadajo v \u010das kolin, kakr\u0161ni sta tudi pe\u010dena svinjska kri in ocvirki,\u00ab pravi direktorica hotela Diana Olga Belec, ki dodaja, da \u017eelijo s prireditvijo tudi prispevati k o\u017eivitvi mestnega sredi\u0161\u010da.  \u00bbNajprej smo za\u010deli z zunanjim delom ocenjevanja, v katerem ocenimo potek dela, pri tem gledamo predvsem higieno in \u010disto\u010do delovnega mesta. V drugem delu bomo ocenjevali vzorce gotove jedi, pri \u010demer bomo ocenjevali izgled, gostoto, barvo, pravilno kuhanost vseh sestavin ter ustrezno za\u010dinjenost,\u00ab je na za\u010detku ocenjevanja povedala predsednica ocenjevale komisije Zdenka Tompa.Slovenija<\/p>\n","protected":false},"author":1,"featured_media":0,"comment_status":"closed","ping_status":"closed","sticky":false,"template":"","format":"standard","meta":{"footnotes":""},"categories":[1179],"tags":[],"source":[1711],"supertag":[],"acf":[],"yoast_head":"<!-- This site is optimized with the Yoast SEO plugin v21.3 - https:\/\/yoast.com\/wordpress\/plugins\/seo\/ -->\n<title>FOTO: Za\u010del se je Festival bujte repe - Hudo Slovenija<\/title>\n<meta name=\"robots\" content=\"index, follow, max-snippet:-1, max-image-preview:large, max-video-preview:-1\" \/>\n<link rel=\"canonical\" href=\"https:\/\/hudo.com\/si\/aktualno\/foto-zacel-se-je-festival-bujte-repe\/\" \/>\n<meta property=\"og:locale\" content=\"sl_SI\" \/>\n<meta property=\"og:type\" content=\"article\" \/>\n<meta property=\"og:title\" content=\"FOTO: Za\u010del se je Festival bujte repe - Hudo Slovenija\" \/>\n<meta property=\"og:description\" content=\"Pred hotelom Diana v Murski Soboti se je za\u010del Festival bujte repe. Tekmovalne ekipe so s kuhanjem za\u010dele ob 11. uri, z delom je \u017ee za\u010dela tudi ocenjevalna komisija, ki jo sestavljajo Zdenka Tompa, Branko \u010casar in Janez Gjergjek. Vsaka od \u0161tirinajstih sodelujo\u010dih ekip mora skuhati 20 porcij te tradicionalne prekmurske jedi, v kateri so poleg repe \u0161e svinjsko meso, prosena ka\u0161a in za\u010dimbe. Gre \u017ee za sedmi tovrstni festival v organizaciji omenjenega hotela. \u00bb\u017deleli smo predvsem ustvariti praznik prekmurske kulinarike, saj poleg bujte repe danes ponujamo \u0161e svinjsko pe\u010denko, krvavice in druge jedi, ki spadajo v \u010das kolin, kakr\u0161ni sta tudi pe\u010dena svinjska kri in ocvirki,\u00ab pravi direktorica hotela Diana Olga Belec, ki dodaja, da \u017eelijo s prireditvijo tudi prispevati k o\u017eivitvi mestnega sredi\u0161\u010da. \u00bbNajprej smo za\u010deli z zunanjim delom ocenjevanja, v katerem ocenimo potek dela, pri tem gledamo predvsem higieno in \u010disto\u010do delovnega mesta. V drugem delu bomo ocenjevali vzorce gotove jedi, pri \u010demer bomo ocenjevali izgled, gostoto, barvo, pravilno kuhanost vseh sestavin ter ustrezno za\u010dinjenost,\u00ab je na za\u010detku ocenjevanja povedala predsednica ocenjevale komisije Zdenka Tompa.Slovenija\" \/>\n<meta property=\"og:url\" content=\"https:\/\/hudo.com\/si\/aktualno\/foto-zacel-se-je-festival-bujte-repe\/\" \/>\n<meta property=\"og:site_name\" content=\"Hudo Slovenija\" \/>\n<meta property=\"article:publisher\" content=\"https:\/\/www.facebook.com\/hudo.si\" \/>\n<meta property=\"article:published_time\" content=\"2016-10-08T08:40:00+00:00\" \/>\n<meta property=\"article:modified_time\" content=\"2016-10-09T06:56:04+00:00\" \/>\n<meta property=\"og:image\" content=\"https:\/\/hudo.com\/si\/wp-content\/uploads\/sites\/2\/2016\/10\/bujtareps08102016__16_-300.jpg\" \/>\n\t<meta property=\"og:image:width\" content=\"450\" \/>\n\t<meta property=\"og:image:height\" content=\"301\" \/>\n\t<meta property=\"og:image:type\" content=\"image\/jpeg\" \/>\n<meta name=\"author\" content=\"hudo\" \/>\n<meta name=\"twitter:card\" content=\"summary_large_image\" \/>\n<meta name=\"twitter:creator\" content=\"@hudo_si\" \/>\n<meta name=\"twitter:site\" content=\"@hudo_si\" \/>\n<meta name=\"twitter:label1\" content=\"Written by\" \/>\n\t<meta name=\"twitter:data1\" content=\"hudo\" \/>\n\t<meta name=\"twitter:label2\" content=\"Est. reading time\" \/>\n\t<meta name=\"twitter:data2\" content=\"1 minuta\" \/>\n<script type=\"application\/ld+json\" class=\"yoast-schema-graph\">{\"@context\":\"https:\/\/schema.org\",\"@graph\":[{\"@type\":\"Article\",\"@id\":\"https:\/\/hudo.com\/si\/aktualno\/foto-zacel-se-je-festival-bujte-repe\/#article\",\"isPartOf\":{\"@id\":\"https:\/\/hudo.com\/si\/aktualno\/foto-zacel-se-je-festival-bujte-repe\/\"},\"author\":{\"name\":\"hudo\",\"@id\":\"https:\/\/hudo.com\/si\/#\/schema\/person\/601cf3379633985b20f7e50f2bb47707\"},\"headline\":\"FOTO: Za\u010del se je Festival bujte repe\",\"datePublished\":\"2016-10-08T08:40:00+00:00\",\"dateModified\":\"2016-10-09T06:56:04+00:00\",\"mainEntityOfPage\":{\"@id\":\"https:\/\/hudo.com\/si\/aktualno\/foto-zacel-se-je-festival-bujte-repe\/\"},\"wordCount\":200,\"publisher\":{\"@id\":\"https:\/\/hudo.com\/si\/#organization\"},\"articleSection\":[\"Aktualno\"],\"inLanguage\":\"sl-SI\"},{\"@type\":\"WebPage\",\"@id\":\"https:\/\/hudo.com\/si\/aktualno\/foto-zacel-se-je-festival-bujte-repe\/\",\"url\":\"https:\/\/hudo.com\/si\/aktualno\/foto-zacel-se-je-festival-bujte-repe\/\",\"name\":\"FOTO: Za\u010del se je Festival bujte repe - Hudo Slovenija\",\"isPartOf\":{\"@id\":\"https:\/\/hudo.com\/si\/#website\"},\"datePublished\":\"2016-10-08T08:40:00+00:00\",\"dateModified\":\"2016-10-09T06:56:04+00:00\",\"breadcrumb\":{\"@id\":\"https:\/\/hudo.com\/si\/aktualno\/foto-zacel-se-je-festival-bujte-repe\/#breadcrumb\"},\"inLanguage\":\"sl-SI\",\"potentialAction\":[{\"@type\":\"ReadAction\",\"target\":[\"https:\/\/hudo.com\/si\/aktualno\/foto-zacel-se-je-festival-bujte-repe\/\"]}]},{\"@type\":\"BreadcrumbList\",\"@id\":\"https:\/\/hudo.com\/si\/aktualno\/foto-zacel-se-je-festival-bujte-repe\/#breadcrumb\",\"itemListElement\":[{\"@type\":\"ListItem\",\"position\":1,\"name\":\"Home\",\"item\":\"https:\/\/hudo.com\/si\/\"},{\"@type\":\"ListItem\",\"position\":2,\"name\":\"FOTO: Za\u010del se je Festival bujte repe\"}]},{\"@type\":\"WebSite\",\"@id\":\"https:\/\/hudo.com\/si\/#website\",\"url\":\"https:\/\/hudo.com\/si\/\",\"name\":\"Hudo Slovenija\",\"description\":\"Vse novice iz Slovenije in sveta\",\"publisher\":{\"@id\":\"https:\/\/hudo.com\/si\/#organization\"},\"potentialAction\":[{\"@type\":\"SearchAction\",\"target\":{\"@type\":\"EntryPoint\",\"urlTemplate\":\"https:\/\/hudo.com\/si\/?s={search_term_string}\"},\"query-input\":\"required name=search_term_string\"}],\"inLanguage\":\"sl-SI\"},{\"@type\":\"Organization\",\"@id\":\"https:\/\/hudo.com\/si\/#organization\",\"name\":\"VSN Media\",\"url\":\"https:\/\/hudo.com\/si\/\",\"logo\":{\"@type\":\"ImageObject\",\"inLanguage\":\"sl-SI\",\"@id\":\"https:\/\/hudo.com\/si\/#\/schema\/logo\/image\/\",\"url\":\"https:\/\/hudo.com\/si\/wp-content\/uploads\/sites\/2\/2021\/03\/hudo-app-2.png\",\"contentUrl\":\"https:\/\/hudo.com\/si\/wp-content\/uploads\/sites\/2\/2021\/03\/hudo-app-2.png\",\"width\":2185,\"height\":2167,\"caption\":\"VSN Media\"},\"image\":{\"@id\":\"https:\/\/hudo.com\/si\/#\/schema\/logo\/image\/\"},\"sameAs\":[\"https:\/\/www.facebook.com\/hudo.si\",\"https:\/\/twitter.com\/hudo_si\"]},{\"@type\":\"Person\",\"@id\":\"https:\/\/hudo.com\/si\/#\/schema\/person\/601cf3379633985b20f7e50f2bb47707\",\"name\":\"hudo\",\"image\":{\"@type\":\"ImageObject\",\"inLanguage\":\"sl-SI\",\"@id\":\"https:\/\/hudo.com\/si\/#\/schema\/person\/image\/\",\"url\":\"https:\/\/secure.gravatar.com\/avatar\/c4ca25fa72cace7a696b52ff5db9e095?s=96&d=mm&r=g\",\"contentUrl\":\"https:\/\/secure.gravatar.com\/avatar\/c4ca25fa72cace7a696b52ff5db9e095?s=96&d=mm&r=g\",\"caption\":\"hudo\"},\"url\":\"https:\/\/hudo.com\/si\/author\/hudo\/\"}]}<\/script>\n<!-- \/ Yoast SEO plugin. -->","yoast_head_json":{"title":"FOTO: Za\u010del se je Festival bujte repe - Hudo Slovenija","robots":{"index":"index","follow":"follow","max-snippet":"max-snippet:-1","max-image-preview":"max-image-preview:large","max-video-preview":"max-video-preview:-1"},"canonical":"https:\/\/hudo.com\/si\/aktualno\/foto-zacel-se-je-festival-bujte-repe\/","og_locale":"sl_SI","og_type":"article","og_title":"FOTO: Za\u010del se je Festival bujte repe - Hudo Slovenija","og_description":"Pred hotelom Diana v Murski Soboti se je za\u010del Festival bujte repe. Tekmovalne ekipe so s kuhanjem za\u010dele ob 11. uri, z delom je \u017ee za\u010dela tudi ocenjevalna komisija, ki jo sestavljajo Zdenka Tompa, Branko \u010casar in Janez Gjergjek. Vsaka od \u0161tirinajstih sodelujo\u010dih ekip mora skuhati 20 porcij te tradicionalne prekmurske jedi, v kateri so poleg repe \u0161e svinjsko meso, prosena ka\u0161a in za\u010dimbe. Gre \u017ee za sedmi tovrstni festival v organizaciji omenjenega hotela. \u00bb\u017deleli smo predvsem ustvariti praznik prekmurske kulinarike, saj poleg bujte repe danes ponujamo \u0161e svinjsko pe\u010denko, krvavice in druge jedi, ki spadajo v \u010das kolin, kakr\u0161ni sta tudi pe\u010dena svinjska kri in ocvirki,\u00ab pravi direktorica hotela Diana Olga Belec, ki dodaja, da \u017eelijo s prireditvijo tudi prispevati k o\u017eivitvi mestnega sredi\u0161\u010da. \u00bbNajprej smo za\u010deli z zunanjim delom ocenjevanja, v katerem ocenimo potek dela, pri tem gledamo predvsem higieno in \u010disto\u010do delovnega mesta. V drugem delu bomo ocenjevali vzorce gotove jedi, pri \u010demer bomo ocenjevali izgled, gostoto, barvo, pravilno kuhanost vseh sestavin ter ustrezno za\u010dinjenost,\u00ab je na za\u010detku ocenjevanja povedala predsednica ocenjevale komisije Zdenka Tompa.Slovenija","og_url":"https:\/\/hudo.com\/si\/aktualno\/foto-zacel-se-je-festival-bujte-repe\/","og_site_name":"Hudo Slovenija","article_publisher":"https:\/\/www.facebook.com\/hudo.si","article_published_time":"2016-10-08T08:40:00+00:00","article_modified_time":"2016-10-09T06:56:04+00:00","og_image":[{"width":450,"height":301,"url":"https:\/\/hudo.com\/si\/wp-content\/uploads\/sites\/2\/2016\/10\/bujtareps08102016__16_-300.jpg","type":"image\/jpeg"}],"author":"hudo","twitter_card":"summary_large_image","twitter_creator":"@hudo_si","twitter_site":"@hudo_si","twitter_misc":{"Written by":"hudo","Est. reading time":"1 minuta"},"schema":{"@context":"https:\/\/schema.org","@graph":[{"@type":"Article","@id":"https:\/\/hudo.com\/si\/aktualno\/foto-zacel-se-je-festival-bujte-repe\/#article","isPartOf":{"@id":"https:\/\/hudo.com\/si\/aktualno\/foto-zacel-se-je-festival-bujte-repe\/"},"author":{"name":"hudo","@id":"https:\/\/hudo.com\/si\/#\/schema\/person\/601cf3379633985b20f7e50f2bb47707"},"headline":"FOTO: Za\u010del se je Festival bujte repe","datePublished":"2016-10-08T08:40:00+00:00","dateModified":"2016-10-09T06:56:04+00:00","mainEntityOfPage":{"@id":"https:\/\/hudo.com\/si\/aktualno\/foto-zacel-se-je-festival-bujte-repe\/"},"wordCount":200,"publisher":{"@id":"https:\/\/hudo.com\/si\/#organization"},"articleSection":["Aktualno"],"inLanguage":"sl-SI"},{"@type":"WebPage","@id":"https:\/\/hudo.com\/si\/aktualno\/foto-zacel-se-je-festival-bujte-repe\/","url":"https:\/\/hudo.com\/si\/aktualno\/foto-zacel-se-je-festival-bujte-repe\/","name":"FOTO: Za\u010del se je Festival bujte repe - Hudo Slovenija","isPartOf":{"@id":"https:\/\/hudo.com\/si\/#website"},"datePublished":"2016-10-08T08:40:00+00:00","dateModified":"2016-10-09T06:56:04+00:00","breadcrumb":{"@id":"https:\/\/hudo.com\/si\/aktualno\/foto-zacel-se-je-festival-bujte-repe\/#breadcrumb"},"inLanguage":"sl-SI","potentialAction":[{"@type":"ReadAction","target":["https:\/\/hudo.com\/si\/aktualno\/foto-zacel-se-je-festival-bujte-repe\/"]}]},{"@type":"BreadcrumbList","@id":"https:\/\/hudo.com\/si\/aktualno\/foto-zacel-se-je-festival-bujte-repe\/#breadcrumb","itemListElement":[{"@type":"ListItem","position":1,"name":"Home","item":"https:\/\/hudo.com\/si\/"},{"@type":"ListItem","position":2,"name":"FOTO: Za\u010del se je Festival bujte repe"}]},{"@type":"WebSite","@id":"https:\/\/hudo.com\/si\/#website","url":"https:\/\/hudo.com\/si\/","name":"Hudo Slovenija","description":"Vse novice iz Slovenije in sveta","publisher":{"@id":"https:\/\/hudo.com\/si\/#organization"},"potentialAction":[{"@type":"SearchAction","target":{"@type":"EntryPoint","urlTemplate":"https:\/\/hudo.com\/si\/?s={search_term_string}"},"query-input":"required name=search_term_string"}],"inLanguage":"sl-SI"},{"@type":"Organization","@id":"https:\/\/hudo.com\/si\/#organization","name":"VSN Media","url":"https:\/\/hudo.com\/si\/","logo":{"@type":"ImageObject","inLanguage":"sl-SI","@id":"https:\/\/hudo.com\/si\/#\/schema\/logo\/image\/","url":"https:\/\/hudo.com\/si\/wp-content\/uploads\/sites\/2\/2021\/03\/hudo-app-2.png","contentUrl":"https:\/\/hudo.com\/si\/wp-content\/uploads\/sites\/2\/2021\/03\/hudo-app-2.png","width":2185,"height":2167,"caption":"VSN Media"},"image":{"@id":"https:\/\/hudo.com\/si\/#\/schema\/logo\/image\/"},"sameAs":["https:\/\/www.facebook.com\/hudo.si","https:\/\/twitter.com\/hudo_si"]},{"@type":"Person","@id":"https:\/\/hudo.com\/si\/#\/schema\/person\/601cf3379633985b20f7e50f2bb47707","name":"hudo","image":{"@type":"ImageObject","inLanguage":"sl-SI","@id":"https:\/\/hudo.com\/si\/#\/schema\/person\/image\/","url":"https:\/\/secure.gravatar.com\/avatar\/c4ca25fa72cace7a696b52ff5db9e095?s=96&d=mm&r=g","contentUrl":"https:\/\/secure.gravatar.com\/avatar\/c4ca25fa72cace7a696b52ff5db9e095?s=96&d=mm&r=g","caption":"hudo"},"url":"https:\/\/hudo.com\/si\/author\/hudo\/"}]}},"amp_enabled":true,"_links":{"self":[{"href":"https:\/\/hudo.com\/si\/wp-json\/wp\/v2\/posts\/149872"}],"collection":[{"href":"https:\/\/hudo.com\/si\/wp-json\/wp\/v2\/posts"}],"about":[{"href":"https:\/\/hudo.com\/si\/wp-json\/wp\/v2\/types\/post"}],"author":[{"embeddable":true,"href":"https:\/\/hudo.com\/si\/wp-json\/wp\/v2\/users\/1"}],"replies":[{"embeddable":true,"href":"https:\/\/hudo.com\/si\/wp-json\/wp\/v2\/comments?post=149872"}],"version-history":[{"count":1,"href":"https:\/\/hudo.com\/si\/wp-json\/wp\/v2\/posts\/149872\/revisions"}],"predecessor-version":[{"id":149966,"href":"https:\/\/hudo.com\/si\/wp-json\/wp\/v2\/posts\/149872\/revisions\/149966"}],"wp:attachment":[{"href":"https:\/\/hudo.com\/si\/wp-json\/wp\/v2\/media?parent=149872"}],"wp:term":[{"taxonomy":"category","embeddable":true,"href":"https:\/\/hudo.com\/si\/wp-json\/wp\/v2\/categories?post=149872"},{"taxonomy":"post_tag","embeddable":true,"href":"https:\/\/hudo.com\/si\/wp-json\/wp\/v2\/tags?post=149872"},{"taxonomy":"source","embeddable":true,"href":"https:\/\/hudo.com\/si\/wp-json\/wp\/v2\/source?post=149872"},{"taxonomy":"supertag","embeddable":true,"href":"https:\/\/hudo.com\/si\/wp-json\/wp\/v2\/supertag?post=149872"}],"curies":[{"name":"wp","href":"https:\/\/api.w.org\/{rel}","templated":true}]}}