{"id":149948,"date":"2016-10-08T13:40:00","date_gmt":"2016-10-08T11:40:00","guid":{"rendered":"http:\/\/hudo.com\/si\/2016\/10\/08\/to-je-najtemnejsi-dan-za-madzarsko-novinarstvo\/"},"modified":"2016-10-09T11:32:59","modified_gmt":"2016-10-09T09:32:59","slug":"to-je-najtemnejsi-dan-za-madzarsko-novinarstvo","status":"publish","type":"post","link":"https:\/\/hudo.com\/si\/aktualno\/to-je-najtemnejsi-dan-za-madzarsko-novinarstvo\/","title":{"rendered":"&#8220;To je najtemnej\u0161i dan za mad\u017earsko novinarstvo&#8221;"},"content":{"rendered":"<p>Najve\u010dji dnevni in edini \u0161e kriti\u010dni \u010dasopis na Mad\u017earskem, N\u00e9pszabads\u00e1g, je danes iz\u0161el zadnji\u010d. Odlo\u010ditev je presenetila tako zaposlene kot tudi medijsko skupnost na Mad\u017earskem, saj se je lastnik Mediaworks odlo\u010dil za zaprtje \u010dasopisa brez predhodne napovedi. Eden od novinarjev zaposlenih na \u010dasopisu nam je dejal, da je to najtemnej\u0161i dan v zgodovini mad\u017earskega novinarstva.&#8221; Na spletni strani \u010dasopisa, ki je prav tako ugasnila, je objavljeno le \u0161e pojasnilo lastnikov. Slednji trdijo, da je bilo zaprtje nujno zaradi izgub, ki jih je vsako leto pridelal \u010dasopis. Lastniki sicer trdijo, da bodo zdaj iskali nov poslovni model, ki bi \u010dasopisu \u0161e omogo\u010dal ponovno izhajanja. A med novinarskimi kolegi na Mad\u017earskem je \u017ee zaokro\u017eila informacija, da naj bi bila Orbanova vlada tista, ki je lastnikom jasno dala vedeti, da je \u010dasopis potrebno ukiniti. Podpredsednik Orbanovega Fidesza Szilard N\u00e9meth se je na novico o zaprtju \u010dasopisa odzval z besedami: &#8220;Bil je skrajni \u010das. Ne bom to\u010dil krokodiljih spoza za njim.&#8221; Spomnimo. Pred leti je Orban z novo zakonodajo uti\u0161al oziroma prisilil k zaprtju skoraj vse kriti\u010dne medije, veliko kriti\u010dnih novinarjev pa je bilo odpu\u0161\u010denih z javnega radia in televizije. A to \u0161e ni vse. Raz\u0161irila se je \u017ee tudi informacija, da naj bi Mediaworks v kratkem N\u00e9pszabads\u00e1g prodal L\u0151rincu M\u00e9szarosu. Slednji je \u017eupan Felcs\u00fata, Orbanovega rojstnega kraja, kjer je Orban kot strasten nogometa\u0161 na davkopla\u010devalski ra\u010dun pred leti postavil Nogometno akademijo, katere nadzornemu odboru predseduje M\u00e9sz\u00e1ros, in nogometni stadion Ferenc Pusk\u00e1s, ki ima nekajtiso\u010d sede\u017eev; ve\u010d kot ima Felcs\u00fat prebivalcev. \u017dupan je tudi lastnik gradbenega podjetja, ki je v zadnjih letih dobilo vse ve\u010dje gradbene posle v dr\u017eavi, v brezpla\u010den zakup pa je za ve\u010d desetletij dobil tudi tiso\u010de hektarjev dr\u017eavne zemlje. V podporo novinarjem N\u00e9pszabads\u00e1ga bo danes zve\u010der v Budimpe\u0161ti potekal protestni shod.Svet<\/p>\n","protected":false},"excerpt":{"rendered":"<p>Najve\u010dji dnevni in edini \u0161e kriti\u010dni \u010dasopis na Mad\u017earskem, N\u00e9pszabads\u00e1g, je danes iz\u0161el zadnji\u010d. Odlo\u010ditev je presenetila tako zaposlene kot tudi medijsko skupnost na Mad\u017earskem, saj se je lastnik Mediaworks odlo\u010dil za zaprtje \u010dasopisa brez predhodne napovedi. Eden od novinarjev zaposlenih na \u010dasopisu nam je dejal, da je to najtemnej\u0161i dan v zgodovini mad\u017earskega novinarstva.&#8221; Na spletni strani \u010dasopisa, ki je prav tako ugasnila, je objavljeno le \u0161e pojasnilo lastnikov. Slednji trdijo, da je bilo zaprtje nujno zaradi izgub, ki jih je vsako leto pridelal \u010dasopis. Lastniki sicer trdijo, da bodo zdaj iskali nov poslovni model, ki bi \u010dasopisu \u0161e omogo\u010dal ponovno izhajanja. A med novinarskimi kolegi na Mad\u017earskem je \u017ee zaokro\u017eila informacija, da naj bi bila Orbanova vlada tista, ki je lastnikom jasno dala vedeti, da je \u010dasopis potrebno ukiniti. Podpredsednik Orbanovega Fidesza Szilard N\u00e9meth se je na novico o zaprtju \u010dasopisa odzval z besedami: &#8220;Bil je skrajni \u010das. Ne bom to\u010dil krokodiljih spoza za njim.&#8221; Spomnimo. Pred leti je Orban z novo zakonodajo uti\u0161al oziroma prisilil k zaprtju skoraj vse kriti\u010dne medije, veliko kriti\u010dnih novinarjev pa je bilo odpu\u0161\u010denih z javnega radia in televizije. A to \u0161e ni vse. Raz\u0161irila se je \u017ee tudi informacija, da naj bi Mediaworks v kratkem N\u00e9pszabads\u00e1g prodal L\u0151rincu M\u00e9szarosu. Slednji je \u017eupan Felcs\u00fata, Orbanovega rojstnega kraja, kjer je Orban kot strasten nogometa\u0161 na davkopla\u010devalski ra\u010dun pred leti postavil Nogometno akademijo, katere nadzornemu odboru predseduje M\u00e9sz\u00e1ros, in nogometni stadion Ferenc Pusk\u00e1s, ki ima nekajtiso\u010d sede\u017eev; ve\u010d kot ima Felcs\u00fat prebivalcev. \u017dupan je tudi lastnik gradbenega podjetja, ki je v zadnjih letih dobilo vse ve\u010dje gradbene posle v dr\u017eavi, v brezpla\u010den zakup pa je za ve\u010d desetletij dobil tudi tiso\u010de hektarjev dr\u017eavne zemlje. V podporo novinarjem N\u00e9pszabads\u00e1ga bo danes zve\u010der v Budimpe\u0161ti potekal protestni shod.Svet<\/p>\n","protected":false},"author":1,"featured_media":0,"comment_status":"closed","ping_status":"closed","sticky":false,"template":"","format":"standard","meta":{"footnotes":""},"categories":[1179],"tags":[],"source":[1711],"supertag":[],"acf":[],"yoast_head":"<!-- This site is optimized with the Yoast SEO plugin v21.3 - https:\/\/yoast.com\/wordpress\/plugins\/seo\/ -->\n<title>&quot;To je najtemnej\u0161i dan za mad\u017earsko novinarstvo&quot; - Hudo Slovenija<\/title>\n<meta name=\"robots\" content=\"index, follow, max-snippet:-1, max-image-preview:large, max-video-preview:-1\" \/>\n<link rel=\"canonical\" href=\"https:\/\/hudo.com\/si\/aktualno\/to-je-najtemnejsi-dan-za-madzarsko-novinarstvo\/\" \/>\n<meta property=\"og:locale\" content=\"sl_SI\" \/>\n<meta property=\"og:type\" content=\"article\" \/>\n<meta property=\"og:title\" content=\"&quot;To je najtemnej\u0161i dan za mad\u017earsko novinarstvo&quot; - Hudo Slovenija\" \/>\n<meta property=\"og:description\" content=\"Najve\u010dji dnevni in edini \u0161e kriti\u010dni \u010dasopis na Mad\u017earskem, N\u00e9pszabads\u00e1g, je danes iz\u0161el zadnji\u010d. Odlo\u010ditev je presenetila tako zaposlene kot tudi medijsko skupnost na Mad\u017earskem, saj se je lastnik Mediaworks odlo\u010dil za zaprtje \u010dasopisa brez predhodne napovedi. Eden od novinarjev zaposlenih na \u010dasopisu nam je dejal, da je to najtemnej\u0161i dan v zgodovini mad\u017earskega novinarstva.&quot; Na spletni strani \u010dasopisa, ki je prav tako ugasnila, je objavljeno le \u0161e pojasnilo lastnikov. Slednji trdijo, da je bilo zaprtje nujno zaradi izgub, ki jih je vsako leto pridelal \u010dasopis. Lastniki sicer trdijo, da bodo zdaj iskali nov poslovni model, ki bi \u010dasopisu \u0161e omogo\u010dal ponovno izhajanja. A med novinarskimi kolegi na Mad\u017earskem je \u017ee zaokro\u017eila informacija, da naj bi bila Orbanova vlada tista, ki je lastnikom jasno dala vedeti, da je \u010dasopis potrebno ukiniti. Podpredsednik Orbanovega Fidesza Szilard N\u00e9meth se je na novico o zaprtju \u010dasopisa odzval z besedami: &quot;Bil je skrajni \u010das. Ne bom to\u010dil krokodiljih spoza za njim.&quot; Spomnimo. Pred leti je Orban z novo zakonodajo uti\u0161al oziroma prisilil k zaprtju skoraj vse kriti\u010dne medije, veliko kriti\u010dnih novinarjev pa je bilo odpu\u0161\u010denih z javnega radia in televizije. A to \u0161e ni vse. Raz\u0161irila se je \u017ee tudi informacija, da naj bi Mediaworks v kratkem N\u00e9pszabads\u00e1g prodal L\u0151rincu M\u00e9szarosu. Slednji je \u017eupan Felcs\u00fata, Orbanovega rojstnega kraja, kjer je Orban kot strasten nogometa\u0161 na davkopla\u010devalski ra\u010dun pred leti postavil Nogometno akademijo, katere nadzornemu odboru predseduje M\u00e9sz\u00e1ros, in nogometni stadion Ferenc Pusk\u00e1s, ki ima nekajtiso\u010d sede\u017eev; ve\u010d kot ima Felcs\u00fat prebivalcev. \u017dupan je tudi lastnik gradbenega podjetja, ki je v zadnjih letih dobilo vse ve\u010dje gradbene posle v dr\u017eavi, v brezpla\u010den zakup pa je za ve\u010d desetletij dobil tudi tiso\u010de hektarjev dr\u017eavne zemlje. V podporo novinarjem N\u00e9pszabads\u00e1ga bo danes zve\u010der v Budimpe\u0161ti potekal protestni shod.Svet\" \/>\n<meta property=\"og:url\" content=\"https:\/\/hudo.com\/si\/aktualno\/to-je-najtemnejsi-dan-za-madzarsko-novinarstvo\/\" \/>\n<meta property=\"og:site_name\" content=\"Hudo Slovenija\" \/>\n<meta property=\"article:publisher\" content=\"https:\/\/www.facebook.com\/hudo.si\" \/>\n<meta property=\"article:published_time\" content=\"2016-10-08T11:40:00+00:00\" \/>\n<meta property=\"article:modified_time\" content=\"2016-10-09T09:32:59+00:00\" \/>\n<meta property=\"og:image\" content=\"https:\/\/hudo.com\/si\/wp-content\/uploads\/sites\/2\/2016\/10\/Nepszabadsag-300.jpg\" \/>\n\t<meta property=\"og:image:width\" content=\"450\" \/>\n\t<meta property=\"og:image:height\" content=\"335\" \/>\n\t<meta property=\"og:image:type\" content=\"image\/jpeg\" \/>\n<meta name=\"author\" content=\"hudo\" \/>\n<meta name=\"twitter:card\" content=\"summary_large_image\" \/>\n<meta name=\"twitter:creator\" content=\"@hudo_si\" \/>\n<meta name=\"twitter:site\" content=\"@hudo_si\" \/>\n<meta name=\"twitter:label1\" content=\"Written by\" \/>\n\t<meta name=\"twitter:data1\" content=\"hudo\" \/>\n\t<meta name=\"twitter:label2\" content=\"Est. reading time\" \/>\n\t<meta name=\"twitter:data2\" content=\"2 minuti\" \/>\n<script type=\"application\/ld+json\" class=\"yoast-schema-graph\">{\"@context\":\"https:\/\/schema.org\",\"@graph\":[{\"@type\":\"Article\",\"@id\":\"https:\/\/hudo.com\/si\/aktualno\/to-je-najtemnejsi-dan-za-madzarsko-novinarstvo\/#article\",\"isPartOf\":{\"@id\":\"https:\/\/hudo.com\/si\/aktualno\/to-je-najtemnejsi-dan-za-madzarsko-novinarstvo\/\"},\"author\":{\"name\":\"hudo\",\"@id\":\"https:\/\/hudo.com\/si\/#\/schema\/person\/601cf3379633985b20f7e50f2bb47707\"},\"headline\":\"&#8220;To je najtemnej\u0161i dan za mad\u017earsko novinarstvo&#8221;\",\"datePublished\":\"2016-10-08T11:40:00+00:00\",\"dateModified\":\"2016-10-09T09:32:59+00:00\",\"mainEntityOfPage\":{\"@id\":\"https:\/\/hudo.com\/si\/aktualno\/to-je-najtemnejsi-dan-za-madzarsko-novinarstvo\/\"},\"wordCount\":343,\"publisher\":{\"@id\":\"https:\/\/hudo.com\/si\/#organization\"},\"articleSection\":[\"Aktualno\"],\"inLanguage\":\"sl-SI\"},{\"@type\":\"WebPage\",\"@id\":\"https:\/\/hudo.com\/si\/aktualno\/to-je-najtemnejsi-dan-za-madzarsko-novinarstvo\/\",\"url\":\"https:\/\/hudo.com\/si\/aktualno\/to-je-najtemnejsi-dan-za-madzarsko-novinarstvo\/\",\"name\":\"\\\"To je najtemnej\u0161i dan za mad\u017earsko novinarstvo\\\" - Hudo Slovenija\",\"isPartOf\":{\"@id\":\"https:\/\/hudo.com\/si\/#website\"},\"datePublished\":\"2016-10-08T11:40:00+00:00\",\"dateModified\":\"2016-10-09T09:32:59+00:00\",\"breadcrumb\":{\"@id\":\"https:\/\/hudo.com\/si\/aktualno\/to-je-najtemnejsi-dan-za-madzarsko-novinarstvo\/#breadcrumb\"},\"inLanguage\":\"sl-SI\",\"potentialAction\":[{\"@type\":\"ReadAction\",\"target\":[\"https:\/\/hudo.com\/si\/aktualno\/to-je-najtemnejsi-dan-za-madzarsko-novinarstvo\/\"]}]},{\"@type\":\"BreadcrumbList\",\"@id\":\"https:\/\/hudo.com\/si\/aktualno\/to-je-najtemnejsi-dan-za-madzarsko-novinarstvo\/#breadcrumb\",\"itemListElement\":[{\"@type\":\"ListItem\",\"position\":1,\"name\":\"Home\",\"item\":\"https:\/\/hudo.com\/si\/\"},{\"@type\":\"ListItem\",\"position\":2,\"name\":\"&#8220;To je najtemnej\u0161i dan za mad\u017earsko novinarstvo&#8221;\"}]},{\"@type\":\"WebSite\",\"@id\":\"https:\/\/hudo.com\/si\/#website\",\"url\":\"https:\/\/hudo.com\/si\/\",\"name\":\"Hudo Slovenija\",\"description\":\"Vse novice iz Slovenije in sveta\",\"publisher\":{\"@id\":\"https:\/\/hudo.com\/si\/#organization\"},\"potentialAction\":[{\"@type\":\"SearchAction\",\"target\":{\"@type\":\"EntryPoint\",\"urlTemplate\":\"https:\/\/hudo.com\/si\/?s={search_term_string}\"},\"query-input\":\"required name=search_term_string\"}],\"inLanguage\":\"sl-SI\"},{\"@type\":\"Organization\",\"@id\":\"https:\/\/hudo.com\/si\/#organization\",\"name\":\"VSN Media\",\"url\":\"https:\/\/hudo.com\/si\/\",\"logo\":{\"@type\":\"ImageObject\",\"inLanguage\":\"sl-SI\",\"@id\":\"https:\/\/hudo.com\/si\/#\/schema\/logo\/image\/\",\"url\":\"https:\/\/hudo.com\/si\/wp-content\/uploads\/sites\/2\/2021\/03\/hudo-app-2.png\",\"contentUrl\":\"https:\/\/hudo.com\/si\/wp-content\/uploads\/sites\/2\/2021\/03\/hudo-app-2.png\",\"width\":2185,\"height\":2167,\"caption\":\"VSN Media\"},\"image\":{\"@id\":\"https:\/\/hudo.com\/si\/#\/schema\/logo\/image\/\"},\"sameAs\":[\"https:\/\/www.facebook.com\/hudo.si\",\"https:\/\/twitter.com\/hudo_si\"]},{\"@type\":\"Person\",\"@id\":\"https:\/\/hudo.com\/si\/#\/schema\/person\/601cf3379633985b20f7e50f2bb47707\",\"name\":\"hudo\",\"image\":{\"@type\":\"ImageObject\",\"inLanguage\":\"sl-SI\",\"@id\":\"https:\/\/hudo.com\/si\/#\/schema\/person\/image\/\",\"url\":\"https:\/\/secure.gravatar.com\/avatar\/c4ca25fa72cace7a696b52ff5db9e095?s=96&d=mm&r=g\",\"contentUrl\":\"https:\/\/secure.gravatar.com\/avatar\/c4ca25fa72cace7a696b52ff5db9e095?s=96&d=mm&r=g\",\"caption\":\"hudo\"},\"url\":\"https:\/\/hudo.com\/si\/author\/hudo\/\"}]}<\/script>\n<!-- \/ Yoast SEO plugin. -->","yoast_head_json":{"title":"\"To je najtemnej\u0161i dan za mad\u017earsko novinarstvo\" - Hudo Slovenija","robots":{"index":"index","follow":"follow","max-snippet":"max-snippet:-1","max-image-preview":"max-image-preview:large","max-video-preview":"max-video-preview:-1"},"canonical":"https:\/\/hudo.com\/si\/aktualno\/to-je-najtemnejsi-dan-za-madzarsko-novinarstvo\/","og_locale":"sl_SI","og_type":"article","og_title":"\"To je najtemnej\u0161i dan za mad\u017earsko novinarstvo\" - Hudo Slovenija","og_description":"Najve\u010dji dnevni in edini \u0161e kriti\u010dni \u010dasopis na Mad\u017earskem, N\u00e9pszabads\u00e1g, je danes iz\u0161el zadnji\u010d. Odlo\u010ditev je presenetila tako zaposlene kot tudi medijsko skupnost na Mad\u017earskem, saj se je lastnik Mediaworks odlo\u010dil za zaprtje \u010dasopisa brez predhodne napovedi. Eden od novinarjev zaposlenih na \u010dasopisu nam je dejal, da je to najtemnej\u0161i dan v zgodovini mad\u017earskega novinarstva.\" Na spletni strani \u010dasopisa, ki je prav tako ugasnila, je objavljeno le \u0161e pojasnilo lastnikov. Slednji trdijo, da je bilo zaprtje nujno zaradi izgub, ki jih je vsako leto pridelal \u010dasopis. Lastniki sicer trdijo, da bodo zdaj iskali nov poslovni model, ki bi \u010dasopisu \u0161e omogo\u010dal ponovno izhajanja. A med novinarskimi kolegi na Mad\u017earskem je \u017ee zaokro\u017eila informacija, da naj bi bila Orbanova vlada tista, ki je lastnikom jasno dala vedeti, da je \u010dasopis potrebno ukiniti. Podpredsednik Orbanovega Fidesza Szilard N\u00e9meth se je na novico o zaprtju \u010dasopisa odzval z besedami: \"Bil je skrajni \u010das. Ne bom to\u010dil krokodiljih spoza za njim.\" Spomnimo. Pred leti je Orban z novo zakonodajo uti\u0161al oziroma prisilil k zaprtju skoraj vse kriti\u010dne medije, veliko kriti\u010dnih novinarjev pa je bilo odpu\u0161\u010denih z javnega radia in televizije. A to \u0161e ni vse. Raz\u0161irila se je \u017ee tudi informacija, da naj bi Mediaworks v kratkem N\u00e9pszabads\u00e1g prodal L\u0151rincu M\u00e9szarosu. Slednji je \u017eupan Felcs\u00fata, Orbanovega rojstnega kraja, kjer je Orban kot strasten nogometa\u0161 na davkopla\u010devalski ra\u010dun pred leti postavil Nogometno akademijo, katere nadzornemu odboru predseduje M\u00e9sz\u00e1ros, in nogometni stadion Ferenc Pusk\u00e1s, ki ima nekajtiso\u010d sede\u017eev; ve\u010d kot ima Felcs\u00fat prebivalcev. \u017dupan je tudi lastnik gradbenega podjetja, ki je v zadnjih letih dobilo vse ve\u010dje gradbene posle v dr\u017eavi, v brezpla\u010den zakup pa je za ve\u010d desetletij dobil tudi tiso\u010de hektarjev dr\u017eavne zemlje. V podporo novinarjem N\u00e9pszabads\u00e1ga bo danes zve\u010der v Budimpe\u0161ti potekal protestni shod.Svet","og_url":"https:\/\/hudo.com\/si\/aktualno\/to-je-najtemnejsi-dan-za-madzarsko-novinarstvo\/","og_site_name":"Hudo Slovenija","article_publisher":"https:\/\/www.facebook.com\/hudo.si","article_published_time":"2016-10-08T11:40:00+00:00","article_modified_time":"2016-10-09T09:32:59+00:00","og_image":[{"width":450,"height":335,"url":"https:\/\/hudo.com\/si\/wp-content\/uploads\/sites\/2\/2016\/10\/Nepszabadsag-300.jpg","type":"image\/jpeg"}],"author":"hudo","twitter_card":"summary_large_image","twitter_creator":"@hudo_si","twitter_site":"@hudo_si","twitter_misc":{"Written by":"hudo","Est. reading time":"2 minuti"},"schema":{"@context":"https:\/\/schema.org","@graph":[{"@type":"Article","@id":"https:\/\/hudo.com\/si\/aktualno\/to-je-najtemnejsi-dan-za-madzarsko-novinarstvo\/#article","isPartOf":{"@id":"https:\/\/hudo.com\/si\/aktualno\/to-je-najtemnejsi-dan-za-madzarsko-novinarstvo\/"},"author":{"name":"hudo","@id":"https:\/\/hudo.com\/si\/#\/schema\/person\/601cf3379633985b20f7e50f2bb47707"},"headline":"&#8220;To je najtemnej\u0161i dan za mad\u017earsko novinarstvo&#8221;","datePublished":"2016-10-08T11:40:00+00:00","dateModified":"2016-10-09T09:32:59+00:00","mainEntityOfPage":{"@id":"https:\/\/hudo.com\/si\/aktualno\/to-je-najtemnejsi-dan-za-madzarsko-novinarstvo\/"},"wordCount":343,"publisher":{"@id":"https:\/\/hudo.com\/si\/#organization"},"articleSection":["Aktualno"],"inLanguage":"sl-SI"},{"@type":"WebPage","@id":"https:\/\/hudo.com\/si\/aktualno\/to-je-najtemnejsi-dan-za-madzarsko-novinarstvo\/","url":"https:\/\/hudo.com\/si\/aktualno\/to-je-najtemnejsi-dan-za-madzarsko-novinarstvo\/","name":"\"To je najtemnej\u0161i dan za mad\u017earsko novinarstvo\" - Hudo Slovenija","isPartOf":{"@id":"https:\/\/hudo.com\/si\/#website"},"datePublished":"2016-10-08T11:40:00+00:00","dateModified":"2016-10-09T09:32:59+00:00","breadcrumb":{"@id":"https:\/\/hudo.com\/si\/aktualno\/to-je-najtemnejsi-dan-za-madzarsko-novinarstvo\/#breadcrumb"},"inLanguage":"sl-SI","potentialAction":[{"@type":"ReadAction","target":["https:\/\/hudo.com\/si\/aktualno\/to-je-najtemnejsi-dan-za-madzarsko-novinarstvo\/"]}]},{"@type":"BreadcrumbList","@id":"https:\/\/hudo.com\/si\/aktualno\/to-je-najtemnejsi-dan-za-madzarsko-novinarstvo\/#breadcrumb","itemListElement":[{"@type":"ListItem","position":1,"name":"Home","item":"https:\/\/hudo.com\/si\/"},{"@type":"ListItem","position":2,"name":"&#8220;To je najtemnej\u0161i dan za mad\u017earsko novinarstvo&#8221;"}]},{"@type":"WebSite","@id":"https:\/\/hudo.com\/si\/#website","url":"https:\/\/hudo.com\/si\/","name":"Hudo Slovenija","description":"Vse novice iz Slovenije in sveta","publisher":{"@id":"https:\/\/hudo.com\/si\/#organization"},"potentialAction":[{"@type":"SearchAction","target":{"@type":"EntryPoint","urlTemplate":"https:\/\/hudo.com\/si\/?s={search_term_string}"},"query-input":"required name=search_term_string"}],"inLanguage":"sl-SI"},{"@type":"Organization","@id":"https:\/\/hudo.com\/si\/#organization","name":"VSN Media","url":"https:\/\/hudo.com\/si\/","logo":{"@type":"ImageObject","inLanguage":"sl-SI","@id":"https:\/\/hudo.com\/si\/#\/schema\/logo\/image\/","url":"https:\/\/hudo.com\/si\/wp-content\/uploads\/sites\/2\/2021\/03\/hudo-app-2.png","contentUrl":"https:\/\/hudo.com\/si\/wp-content\/uploads\/sites\/2\/2021\/03\/hudo-app-2.png","width":2185,"height":2167,"caption":"VSN Media"},"image":{"@id":"https:\/\/hudo.com\/si\/#\/schema\/logo\/image\/"},"sameAs":["https:\/\/www.facebook.com\/hudo.si","https:\/\/twitter.com\/hudo_si"]},{"@type":"Person","@id":"https:\/\/hudo.com\/si\/#\/schema\/person\/601cf3379633985b20f7e50f2bb47707","name":"hudo","image":{"@type":"ImageObject","inLanguage":"sl-SI","@id":"https:\/\/hudo.com\/si\/#\/schema\/person\/image\/","url":"https:\/\/secure.gravatar.com\/avatar\/c4ca25fa72cace7a696b52ff5db9e095?s=96&d=mm&r=g","contentUrl":"https:\/\/secure.gravatar.com\/avatar\/c4ca25fa72cace7a696b52ff5db9e095?s=96&d=mm&r=g","caption":"hudo"},"url":"https:\/\/hudo.com\/si\/author\/hudo\/"}]}},"amp_enabled":true,"_links":{"self":[{"href":"https:\/\/hudo.com\/si\/wp-json\/wp\/v2\/posts\/149948"}],"collection":[{"href":"https:\/\/hudo.com\/si\/wp-json\/wp\/v2\/posts"}],"about":[{"href":"https:\/\/hudo.com\/si\/wp-json\/wp\/v2\/types\/post"}],"author":[{"embeddable":true,"href":"https:\/\/hudo.com\/si\/wp-json\/wp\/v2\/users\/1"}],"replies":[{"embeddable":true,"href":"https:\/\/hudo.com\/si\/wp-json\/wp\/v2\/comments?post=149948"}],"version-history":[{"count":1,"href":"https:\/\/hudo.com\/si\/wp-json\/wp\/v2\/posts\/149948\/revisions"}],"predecessor-version":[{"id":150028,"href":"https:\/\/hudo.com\/si\/wp-json\/wp\/v2\/posts\/149948\/revisions\/150028"}],"wp:attachment":[{"href":"https:\/\/hudo.com\/si\/wp-json\/wp\/v2\/media?parent=149948"}],"wp:term":[{"taxonomy":"category","embeddable":true,"href":"https:\/\/hudo.com\/si\/wp-json\/wp\/v2\/categories?post=149948"},{"taxonomy":"post_tag","embeddable":true,"href":"https:\/\/hudo.com\/si\/wp-json\/wp\/v2\/tags?post=149948"},{"taxonomy":"source","embeddable":true,"href":"https:\/\/hudo.com\/si\/wp-json\/wp\/v2\/source?post=149948"},{"taxonomy":"supertag","embeddable":true,"href":"https:\/\/hudo.com\/si\/wp-json\/wp\/v2\/supertag?post=149948"}],"curies":[{"name":"wp","href":"https:\/\/api.w.org\/{rel}","templated":true}]}}