{"id":150139,"date":"2016-10-09T06:00:00","date_gmt":"2016-10-09T04:00:00","guid":{"rendered":"http:\/\/hudo.com\/si\/2016\/10\/09\/za-kranjsko-cebelico\/"},"modified":"2016-10-09T06:00:00","modified_gmt":"2016-10-09T04:00:00","slug":"za-kranjsko-cebelico","status":"publish","type":"post","link":"https:\/\/hudo.com\/si\/aktualno\/za-kranjsko-cebelico\/","title":{"rendered":"Za kranjsko \u010debelico"},"content":{"rendered":"<p>Kategorija: Okolje Sun, 09 Oct 2016 08:00:00 +0200  Kranjska sivka (Apis mellifera carnica) je slovenska avtohtona \u010debelja vrsta in obenem edina avtohtona za\u0161\u010ditena \u010debelja vrsta v EU. Zaradi trgovine z njo, ki je bila najbolj raz\u0161irjena na prehodu v 20. stoletje, je danes raz\u0161irjena po vseh celinah, velja pa za eno najmirnej\u0161ih in neagresivnih \u010debel, ki redko pi\u010di. Zaradi nezahtevnosti in velikega donosa je zelo priljubljena med medonosnimi \u010debeljimi vrstami. Kranjski sivki in z njo bogati dedi\u0161\u010dini \u010debelarjenja na Slovenskem so se v okviru leto\u0161njih Dnevov evropske kulturne dedi\u0161\u010dine (DEKD) in Tedna kulturne dedi\u0161\u010dine (TKD) poklonili na Srednji gradbeni, geodetski in okoljevarstveni \u0161oli (SGGO\u0160) v Ljubljani. V preteklem tednu so pripravili zaklju\u010dno prireditev z naslovom Za kranjsko \u010debelico, zApis, ki nosi trojni pomen njihovega udejstvovanja: zapis &#8211; spoznavajmo \u010debelo, z Apis &#8211; u\u010dimo se od nje, in za\u00a0&#8230;<\/p>\n","protected":false},"excerpt":{"rendered":"<p>Kategorija: Okolje Sun, 09 Oct 2016 08:00:00 +0200  Kranjska sivka (Apis mellifera carnica) je slovenska avtohtona \u010debelja vrsta in obenem edina avtohtona za\u0161\u010ditena \u010debelja vrsta v EU. Zaradi trgovine z njo, ki je bila najbolj raz\u0161irjena na prehodu v 20. stoletje, je danes raz\u0161irjena po vseh celinah, velja pa za eno najmirnej\u0161ih in neagresivnih \u010debel, ki redko pi\u010di. Zaradi nezahtevnosti in velikega donosa je zelo priljubljena med medonosnimi \u010debeljimi vrstami. Kranjski sivki in z njo bogati dedi\u0161\u010dini \u010debelarjenja na Slovenskem so se v okviru leto\u0161njih Dnevov evropske kulturne dedi\u0161\u010dine (DEKD) in Tedna kulturne dedi\u0161\u010dine (TKD) poklonili na Srednji gradbeni, geodetski in okoljevarstveni \u0161oli (SGGO\u0160) v Ljubljani. V preteklem tednu so pripravili zaklju\u010dno prireditev z naslovom Za kranjsko \u010debelico, zApis, ki nosi trojni pomen njihovega udejstvovanja: zapis &#8211; spoznavajmo \u010debelo, z Apis &#8211; u\u010dimo se od nje, in za\u00a0&#8230;<\/p>\n","protected":false},"author":1,"featured_media":0,"comment_status":"closed","ping_status":"closed","sticky":false,"template":"","format":"standard","meta":{"footnotes":""},"categories":[1179],"tags":[],"source":[1703],"supertag":[],"acf":[],"yoast_head":"<!-- This site is optimized with the Yoast SEO plugin v21.3 - https:\/\/yoast.com\/wordpress\/plugins\/seo\/ -->\n<title>Za kranjsko \u010debelico - Hudo Slovenija<\/title>\n<meta name=\"robots\" content=\"index, follow, max-snippet:-1, max-image-preview:large, max-video-preview:-1\" \/>\n<link rel=\"canonical\" href=\"https:\/\/hudo.com\/si\/aktualno\/za-kranjsko-cebelico\/\" \/>\n<meta property=\"og:locale\" content=\"sl_SI\" \/>\n<meta property=\"og:type\" content=\"article\" \/>\n<meta property=\"og:title\" content=\"Za kranjsko \u010debelico - Hudo Slovenija\" \/>\n<meta property=\"og:description\" content=\"Kategorija: Okolje Sun, 09 Oct 2016 08:00:00 +0200 Kranjska sivka (Apis mellifera carnica) je slovenska avtohtona \u010debelja vrsta in obenem edina avtohtona za\u0161\u010ditena \u010debelja vrsta v EU. Zaradi trgovine z njo, ki je bila najbolj raz\u0161irjena na prehodu v 20. stoletje, je danes raz\u0161irjena po vseh celinah, velja pa za eno najmirnej\u0161ih in neagresivnih \u010debel, ki redko pi\u010di. Zaradi nezahtevnosti in velikega donosa je zelo priljubljena med medonosnimi \u010debeljimi vrstami. Kranjski sivki in z njo bogati dedi\u0161\u010dini \u010debelarjenja na Slovenskem so se v okviru leto\u0161njih Dnevov evropske kulturne dedi\u0161\u010dine (DEKD) in Tedna kulturne dedi\u0161\u010dine (TKD) poklonili na Srednji gradbeni, geodetski in okoljevarstveni \u0161oli (SGGO\u0160) v Ljubljani. V preteklem tednu so pripravili zaklju\u010dno prireditev z naslovom Za kranjsko \u010debelico, zApis, ki nosi trojni pomen njihovega udejstvovanja: zapis - spoznavajmo \u010debelo, z Apis - u\u010dimo se od nje, in za\u00a0...\" \/>\n<meta property=\"og:url\" content=\"https:\/\/hudo.com\/si\/aktualno\/za-kranjsko-cebelico\/\" \/>\n<meta property=\"og:site_name\" content=\"Hudo Slovenija\" \/>\n<meta property=\"article:publisher\" content=\"https:\/\/www.facebook.com\/hudo.si\" \/>\n<meta property=\"article:published_time\" content=\"2016-10-09T04:00:00+00:00\" \/>\n<meta property=\"og:image\" content=\"https:\/\/hudo.com\/si\/wp-content\/uploads\/sites\/2\/2016\/10\/480x290_kranjska20sivka.jpeg\" \/>\n\t<meta property=\"og:image:width\" content=\"480\" \/>\n\t<meta property=\"og:image:height\" content=\"290\" \/>\n\t<meta property=\"og:image:type\" content=\"image\/jpeg\" \/>\n<meta name=\"author\" content=\"hudo\" \/>\n<meta name=\"twitter:card\" content=\"summary_large_image\" \/>\n<meta name=\"twitter:creator\" content=\"@hudo_si\" \/>\n<meta name=\"twitter:site\" content=\"@hudo_si\" \/>\n<meta name=\"twitter:label1\" content=\"Written by\" \/>\n\t<meta name=\"twitter:data1\" content=\"hudo\" \/>\n\t<meta name=\"twitter:label2\" content=\"Est. reading time\" \/>\n\t<meta name=\"twitter:data2\" content=\"1 minuta\" \/>\n<script type=\"application\/ld+json\" class=\"yoast-schema-graph\">{\"@context\":\"https:\/\/schema.org\",\"@graph\":[{\"@type\":\"Article\",\"@id\":\"https:\/\/hudo.com\/si\/aktualno\/za-kranjsko-cebelico\/#article\",\"isPartOf\":{\"@id\":\"https:\/\/hudo.com\/si\/aktualno\/za-kranjsko-cebelico\/\"},\"author\":{\"name\":\"hudo\",\"@id\":\"https:\/\/hudo.com\/si\/#\/schema\/person\/601cf3379633985b20f7e50f2bb47707\"},\"headline\":\"Za kranjsko \u010debelico\",\"datePublished\":\"2016-10-09T04:00:00+00:00\",\"dateModified\":\"2016-10-09T04:00:00+00:00\",\"mainEntityOfPage\":{\"@id\":\"https:\/\/hudo.com\/si\/aktualno\/za-kranjsko-cebelico\/\"},\"wordCount\":147,\"publisher\":{\"@id\":\"https:\/\/hudo.com\/si\/#organization\"},\"articleSection\":[\"Aktualno\"],\"inLanguage\":\"sl-SI\"},{\"@type\":\"WebPage\",\"@id\":\"https:\/\/hudo.com\/si\/aktualno\/za-kranjsko-cebelico\/\",\"url\":\"https:\/\/hudo.com\/si\/aktualno\/za-kranjsko-cebelico\/\",\"name\":\"Za kranjsko \u010debelico - Hudo Slovenija\",\"isPartOf\":{\"@id\":\"https:\/\/hudo.com\/si\/#website\"},\"datePublished\":\"2016-10-09T04:00:00+00:00\",\"dateModified\":\"2016-10-09T04:00:00+00:00\",\"breadcrumb\":{\"@id\":\"https:\/\/hudo.com\/si\/aktualno\/za-kranjsko-cebelico\/#breadcrumb\"},\"inLanguage\":\"sl-SI\",\"potentialAction\":[{\"@type\":\"ReadAction\",\"target\":[\"https:\/\/hudo.com\/si\/aktualno\/za-kranjsko-cebelico\/\"]}]},{\"@type\":\"BreadcrumbList\",\"@id\":\"https:\/\/hudo.com\/si\/aktualno\/za-kranjsko-cebelico\/#breadcrumb\",\"itemListElement\":[{\"@type\":\"ListItem\",\"position\":1,\"name\":\"Home\",\"item\":\"https:\/\/hudo.com\/si\/\"},{\"@type\":\"ListItem\",\"position\":2,\"name\":\"Za kranjsko \u010debelico\"}]},{\"@type\":\"WebSite\",\"@id\":\"https:\/\/hudo.com\/si\/#website\",\"url\":\"https:\/\/hudo.com\/si\/\",\"name\":\"Hudo Slovenija\",\"description\":\"Vse novice iz Slovenije in sveta\",\"publisher\":{\"@id\":\"https:\/\/hudo.com\/si\/#organization\"},\"potentialAction\":[{\"@type\":\"SearchAction\",\"target\":{\"@type\":\"EntryPoint\",\"urlTemplate\":\"https:\/\/hudo.com\/si\/?s={search_term_string}\"},\"query-input\":\"required name=search_term_string\"}],\"inLanguage\":\"sl-SI\"},{\"@type\":\"Organization\",\"@id\":\"https:\/\/hudo.com\/si\/#organization\",\"name\":\"VSN Media\",\"url\":\"https:\/\/hudo.com\/si\/\",\"logo\":{\"@type\":\"ImageObject\",\"inLanguage\":\"sl-SI\",\"@id\":\"https:\/\/hudo.com\/si\/#\/schema\/logo\/image\/\",\"url\":\"https:\/\/hudo.com\/si\/wp-content\/uploads\/sites\/2\/2021\/03\/hudo-app-2.png\",\"contentUrl\":\"https:\/\/hudo.com\/si\/wp-content\/uploads\/sites\/2\/2021\/03\/hudo-app-2.png\",\"width\":2185,\"height\":2167,\"caption\":\"VSN Media\"},\"image\":{\"@id\":\"https:\/\/hudo.com\/si\/#\/schema\/logo\/image\/\"},\"sameAs\":[\"https:\/\/www.facebook.com\/hudo.si\",\"https:\/\/twitter.com\/hudo_si\"]},{\"@type\":\"Person\",\"@id\":\"https:\/\/hudo.com\/si\/#\/schema\/person\/601cf3379633985b20f7e50f2bb47707\",\"name\":\"hudo\",\"image\":{\"@type\":\"ImageObject\",\"inLanguage\":\"sl-SI\",\"@id\":\"https:\/\/hudo.com\/si\/#\/schema\/person\/image\/\",\"url\":\"https:\/\/secure.gravatar.com\/avatar\/c4ca25fa72cace7a696b52ff5db9e095?s=96&d=mm&r=g\",\"contentUrl\":\"https:\/\/secure.gravatar.com\/avatar\/c4ca25fa72cace7a696b52ff5db9e095?s=96&d=mm&r=g\",\"caption\":\"hudo\"},\"url\":\"https:\/\/hudo.com\/si\/author\/hudo\/\"}]}<\/script>\n<!-- \/ Yoast SEO plugin. -->","yoast_head_json":{"title":"Za kranjsko \u010debelico - Hudo Slovenija","robots":{"index":"index","follow":"follow","max-snippet":"max-snippet:-1","max-image-preview":"max-image-preview:large","max-video-preview":"max-video-preview:-1"},"canonical":"https:\/\/hudo.com\/si\/aktualno\/za-kranjsko-cebelico\/","og_locale":"sl_SI","og_type":"article","og_title":"Za kranjsko \u010debelico - Hudo Slovenija","og_description":"Kategorija: Okolje Sun, 09 Oct 2016 08:00:00 +0200 Kranjska sivka (Apis mellifera carnica) je slovenska avtohtona \u010debelja vrsta in obenem edina avtohtona za\u0161\u010ditena \u010debelja vrsta v EU. Zaradi trgovine z njo, ki je bila najbolj raz\u0161irjena na prehodu v 20. stoletje, je danes raz\u0161irjena po vseh celinah, velja pa za eno najmirnej\u0161ih in neagresivnih \u010debel, ki redko pi\u010di. Zaradi nezahtevnosti in velikega donosa je zelo priljubljena med medonosnimi \u010debeljimi vrstami. Kranjski sivki in z njo bogati dedi\u0161\u010dini \u010debelarjenja na Slovenskem so se v okviru leto\u0161njih Dnevov evropske kulturne dedi\u0161\u010dine (DEKD) in Tedna kulturne dedi\u0161\u010dine (TKD) poklonili na Srednji gradbeni, geodetski in okoljevarstveni \u0161oli (SGGO\u0160) v Ljubljani. V preteklem tednu so pripravili zaklju\u010dno prireditev z naslovom Za kranjsko \u010debelico, zApis, ki nosi trojni pomen njihovega udejstvovanja: zapis - spoznavajmo \u010debelo, z Apis - u\u010dimo se od nje, in za\u00a0...","og_url":"https:\/\/hudo.com\/si\/aktualno\/za-kranjsko-cebelico\/","og_site_name":"Hudo Slovenija","article_publisher":"https:\/\/www.facebook.com\/hudo.si","article_published_time":"2016-10-09T04:00:00+00:00","og_image":[{"width":480,"height":290,"url":"https:\/\/hudo.com\/si\/wp-content\/uploads\/sites\/2\/2016\/10\/480x290_kranjska20sivka.jpeg","type":"image\/jpeg"}],"author":"hudo","twitter_card":"summary_large_image","twitter_creator":"@hudo_si","twitter_site":"@hudo_si","twitter_misc":{"Written by":"hudo","Est. reading time":"1 minuta"},"schema":{"@context":"https:\/\/schema.org","@graph":[{"@type":"Article","@id":"https:\/\/hudo.com\/si\/aktualno\/za-kranjsko-cebelico\/#article","isPartOf":{"@id":"https:\/\/hudo.com\/si\/aktualno\/za-kranjsko-cebelico\/"},"author":{"name":"hudo","@id":"https:\/\/hudo.com\/si\/#\/schema\/person\/601cf3379633985b20f7e50f2bb47707"},"headline":"Za kranjsko \u010debelico","datePublished":"2016-10-09T04:00:00+00:00","dateModified":"2016-10-09T04:00:00+00:00","mainEntityOfPage":{"@id":"https:\/\/hudo.com\/si\/aktualno\/za-kranjsko-cebelico\/"},"wordCount":147,"publisher":{"@id":"https:\/\/hudo.com\/si\/#organization"},"articleSection":["Aktualno"],"inLanguage":"sl-SI"},{"@type":"WebPage","@id":"https:\/\/hudo.com\/si\/aktualno\/za-kranjsko-cebelico\/","url":"https:\/\/hudo.com\/si\/aktualno\/za-kranjsko-cebelico\/","name":"Za kranjsko \u010debelico - Hudo Slovenija","isPartOf":{"@id":"https:\/\/hudo.com\/si\/#website"},"datePublished":"2016-10-09T04:00:00+00:00","dateModified":"2016-10-09T04:00:00+00:00","breadcrumb":{"@id":"https:\/\/hudo.com\/si\/aktualno\/za-kranjsko-cebelico\/#breadcrumb"},"inLanguage":"sl-SI","potentialAction":[{"@type":"ReadAction","target":["https:\/\/hudo.com\/si\/aktualno\/za-kranjsko-cebelico\/"]}]},{"@type":"BreadcrumbList","@id":"https:\/\/hudo.com\/si\/aktualno\/za-kranjsko-cebelico\/#breadcrumb","itemListElement":[{"@type":"ListItem","position":1,"name":"Home","item":"https:\/\/hudo.com\/si\/"},{"@type":"ListItem","position":2,"name":"Za kranjsko \u010debelico"}]},{"@type":"WebSite","@id":"https:\/\/hudo.com\/si\/#website","url":"https:\/\/hudo.com\/si\/","name":"Hudo Slovenija","description":"Vse novice iz Slovenije in sveta","publisher":{"@id":"https:\/\/hudo.com\/si\/#organization"},"potentialAction":[{"@type":"SearchAction","target":{"@type":"EntryPoint","urlTemplate":"https:\/\/hudo.com\/si\/?s={search_term_string}"},"query-input":"required name=search_term_string"}],"inLanguage":"sl-SI"},{"@type":"Organization","@id":"https:\/\/hudo.com\/si\/#organization","name":"VSN Media","url":"https:\/\/hudo.com\/si\/","logo":{"@type":"ImageObject","inLanguage":"sl-SI","@id":"https:\/\/hudo.com\/si\/#\/schema\/logo\/image\/","url":"https:\/\/hudo.com\/si\/wp-content\/uploads\/sites\/2\/2021\/03\/hudo-app-2.png","contentUrl":"https:\/\/hudo.com\/si\/wp-content\/uploads\/sites\/2\/2021\/03\/hudo-app-2.png","width":2185,"height":2167,"caption":"VSN Media"},"image":{"@id":"https:\/\/hudo.com\/si\/#\/schema\/logo\/image\/"},"sameAs":["https:\/\/www.facebook.com\/hudo.si","https:\/\/twitter.com\/hudo_si"]},{"@type":"Person","@id":"https:\/\/hudo.com\/si\/#\/schema\/person\/601cf3379633985b20f7e50f2bb47707","name":"hudo","image":{"@type":"ImageObject","inLanguage":"sl-SI","@id":"https:\/\/hudo.com\/si\/#\/schema\/person\/image\/","url":"https:\/\/secure.gravatar.com\/avatar\/c4ca25fa72cace7a696b52ff5db9e095?s=96&d=mm&r=g","contentUrl":"https:\/\/secure.gravatar.com\/avatar\/c4ca25fa72cace7a696b52ff5db9e095?s=96&d=mm&r=g","caption":"hudo"},"url":"https:\/\/hudo.com\/si\/author\/hudo\/"}]}},"amp_enabled":true,"_links":{"self":[{"href":"https:\/\/hudo.com\/si\/wp-json\/wp\/v2\/posts\/150139"}],"collection":[{"href":"https:\/\/hudo.com\/si\/wp-json\/wp\/v2\/posts"}],"about":[{"href":"https:\/\/hudo.com\/si\/wp-json\/wp\/v2\/types\/post"}],"author":[{"embeddable":true,"href":"https:\/\/hudo.com\/si\/wp-json\/wp\/v2\/users\/1"}],"replies":[{"embeddable":true,"href":"https:\/\/hudo.com\/si\/wp-json\/wp\/v2\/comments?post=150139"}],"version-history":[{"count":0,"href":"https:\/\/hudo.com\/si\/wp-json\/wp\/v2\/posts\/150139\/revisions"}],"wp:attachment":[{"href":"https:\/\/hudo.com\/si\/wp-json\/wp\/v2\/media?parent=150139"}],"wp:term":[{"taxonomy":"category","embeddable":true,"href":"https:\/\/hudo.com\/si\/wp-json\/wp\/v2\/categories?post=150139"},{"taxonomy":"post_tag","embeddable":true,"href":"https:\/\/hudo.com\/si\/wp-json\/wp\/v2\/tags?post=150139"},{"taxonomy":"source","embeddable":true,"href":"https:\/\/hudo.com\/si\/wp-json\/wp\/v2\/source?post=150139"},{"taxonomy":"supertag","embeddable":true,"href":"https:\/\/hudo.com\/si\/wp-json\/wp\/v2\/supertag?post=150139"}],"curies":[{"name":"wp","href":"https:\/\/api.w.org\/{rel}","templated":true}]}}