{"id":150163,"date":"2016-10-09T04:14:00","date_gmt":"2016-10-09T02:14:00","guid":{"rendered":"http:\/\/hudo.com\/si\/2016\/10\/09\/zelezarji-prvic-v-sezoni-zaklenili-mrezo\/"},"modified":"2016-10-09T04:14:00","modified_gmt":"2016-10-09T02:14:00","slug":"zelezarji-prvic-v-sezoni-zaklenili-mrezo","status":"publish","type":"post","link":"https:\/\/hudo.com\/si\/aktualno\/zelezarji-prvic-v-sezoni-zaklenili-mrezo\/","title":{"rendered":"\u017delezarji prvi\u010d v sezoni zaklenili mre\u017eo"},"content":{"rendered":"<p>Kategorija: Hokej Sun, 09 Oct 2016 06:14:00 +0200  Jesenice &#8211; Hokejisti SIJ Acronija Jesenic so bili v sedmem kolu alpske lige (AHL) najmanj u\u010dinkoviti doslej, a so vseeno vpisali novo prepri\u010dljivo zmago, saj so &#8211; po drugi strani &#8211; prvi\u010d v sezoni ohranili svojo mre\u017eo nedotaknjeno, za kar je bil zaslu\u017een \u017dan Us. Pred 600 doma\u010dimi navija\u010di v Podme\u017eakli so namre\u010d s 3:0 odpravili zasedbo Kitzb\u00fchla, ki tako ostaja pri treh zmagah (ob dvoboju manj). Varovanci Nika Zupan\u010di\u010da, tudi slovenskega selektorja, so ve\u010dji del posla opravili \u017ee v prvi polovici uvodne tretjine. To\u010dneje v zelo navdahnjenih 41 sekundah v osmi in deveti minuti, ko so kar dvakrat izkoristili \u0161tevil\u010dno premo\u010d na ledu. Najprej c\u00e9lo minuto niso znali ugnati Markusa Rainerja (nekdanji Olimpijin \u010duvaj mre\u017ee Toma\u017e Trelc je obsedel na rezervni klopi) ob kar dveh hokejistih ve\u010d na ploskvi, nato\u00a0&#8230;<\/p>\n","protected":false},"excerpt":{"rendered":"<p>Kategorija: Hokej Sun, 09 Oct 2016 06:14:00 +0200  Jesenice &#8211; Hokejisti SIJ Acronija Jesenic so bili v sedmem kolu alpske lige (AHL) najmanj u\u010dinkoviti doslej, a so vseeno vpisali novo prepri\u010dljivo zmago, saj so &#8211; po drugi strani &#8211; prvi\u010d v sezoni ohranili svojo mre\u017eo nedotaknjeno, za kar je bil zaslu\u017een \u017dan Us. Pred 600 doma\u010dimi navija\u010di v Podme\u017eakli so namre\u010d s 3:0 odpravili zasedbo Kitzb\u00fchla, ki tako ostaja pri treh zmagah (ob dvoboju manj). Varovanci Nika Zupan\u010di\u010da, tudi slovenskega selektorja, so ve\u010dji del posla opravili \u017ee v prvi polovici uvodne tretjine. To\u010dneje v zelo navdahnjenih 41 sekundah v osmi in deveti minuti, ko so kar dvakrat izkoristili \u0161tevil\u010dno premo\u010d na ledu. Najprej c\u00e9lo minuto niso znali ugnati Markusa Rainerja (nekdanji Olimpijin \u010duvaj mre\u017ee Toma\u017e Trelc je obsedel na rezervni klopi) ob kar dveh hokejistih ve\u010d na ploskvi, nato\u00a0&#8230;<\/p>\n","protected":false},"author":1,"featured_media":0,"comment_status":"closed","ping_status":"closed","sticky":false,"template":"","format":"standard","meta":{"footnotes":""},"categories":[1179],"tags":[],"source":[1703],"supertag":[],"acf":[],"yoast_head":"<!-- This site is optimized with the Yoast SEO plugin v21.3 - https:\/\/yoast.com\/wordpress\/plugins\/seo\/ -->\n<title>\u017delezarji prvi\u010d v sezoni zaklenili mre\u017eo - Hudo Slovenija<\/title>\n<meta name=\"robots\" content=\"index, follow, max-snippet:-1, max-image-preview:large, max-video-preview:-1\" \/>\n<link rel=\"canonical\" href=\"https:\/\/hudo.com\/si\/aktualno\/zelezarji-prvic-v-sezoni-zaklenili-mrezo\/\" \/>\n<meta property=\"og:locale\" content=\"sl_SI\" \/>\n<meta property=\"og:type\" content=\"article\" \/>\n<meta property=\"og:title\" content=\"\u017delezarji prvi\u010d v sezoni zaklenili mre\u017eo - Hudo Slovenija\" \/>\n<meta property=\"og:description\" content=\"Kategorija: Hokej Sun, 09 Oct 2016 06:14:00 +0200 Jesenice - Hokejisti SIJ Acronija Jesenic so bili v sedmem kolu alpske lige (AHL) najmanj u\u010dinkoviti doslej, a so vseeno vpisali novo prepri\u010dljivo zmago, saj so - po drugi strani - prvi\u010d v sezoni ohranili svojo mre\u017eo nedotaknjeno, za kar je bil zaslu\u017een \u017dan Us. Pred 600 doma\u010dimi navija\u010di v Podme\u017eakli so namre\u010d s 3:0 odpravili zasedbo Kitzb\u00fchla, ki tako ostaja pri treh zmagah (ob dvoboju manj). Varovanci Nika Zupan\u010di\u010da, tudi slovenskega selektorja, so ve\u010dji del posla opravili \u017ee v prvi polovici uvodne tretjine. To\u010dneje v zelo navdahnjenih 41 sekundah v osmi in deveti minuti, ko so kar dvakrat izkoristili \u0161tevil\u010dno premo\u010d na ledu. Najprej c\u00e9lo minuto niso znali ugnati Markusa Rainerja (nekdanji Olimpijin \u010duvaj mre\u017ee Toma\u017e Trelc je obsedel na rezervni klopi) ob kar dveh hokejistih ve\u010d na ploskvi, nato\u00a0...\" \/>\n<meta property=\"og:url\" content=\"https:\/\/hudo.com\/si\/aktualno\/zelezarji-prvic-v-sezoni-zaklenili-mrezo\/\" \/>\n<meta property=\"og:site_name\" content=\"Hudo Slovenija\" \/>\n<meta property=\"article:publisher\" content=\"https:\/\/www.facebook.com\/hudo.si\" \/>\n<meta property=\"article:published_time\" content=\"2016-10-09T02:14:00+00:00\" \/>\n<meta property=\"og:image\" content=\"https:\/\/hudo.com\/si\/wp-content\/uploads\/sites\/2\/2016\/10\/480x290_Delo_Foto-20161009060959-69285800.jpeg\" \/>\n\t<meta property=\"og:image:width\" content=\"480\" \/>\n\t<meta property=\"og:image:height\" content=\"290\" \/>\n\t<meta property=\"og:image:type\" content=\"image\/jpeg\" \/>\n<meta name=\"author\" content=\"hudo\" \/>\n<meta name=\"twitter:card\" content=\"summary_large_image\" \/>\n<meta name=\"twitter:creator\" content=\"@hudo_si\" \/>\n<meta name=\"twitter:site\" content=\"@hudo_si\" \/>\n<meta name=\"twitter:label1\" content=\"Written by\" \/>\n\t<meta name=\"twitter:data1\" content=\"hudo\" \/>\n\t<meta name=\"twitter:label2\" content=\"Est. reading time\" \/>\n\t<meta name=\"twitter:data2\" content=\"1 minuta\" \/>\n<script type=\"application\/ld+json\" class=\"yoast-schema-graph\">{\"@context\":\"https:\/\/schema.org\",\"@graph\":[{\"@type\":\"Article\",\"@id\":\"https:\/\/hudo.com\/si\/aktualno\/zelezarji-prvic-v-sezoni-zaklenili-mrezo\/#article\",\"isPartOf\":{\"@id\":\"https:\/\/hudo.com\/si\/aktualno\/zelezarji-prvic-v-sezoni-zaklenili-mrezo\/\"},\"author\":{\"name\":\"hudo\",\"@id\":\"https:\/\/hudo.com\/si\/#\/schema\/person\/601cf3379633985b20f7e50f2bb47707\"},\"headline\":\"\u017delezarji prvi\u010d v sezoni zaklenili mre\u017eo\",\"datePublished\":\"2016-10-09T02:14:00+00:00\",\"dateModified\":\"2016-10-09T02:14:00+00:00\",\"mainEntityOfPage\":{\"@id\":\"https:\/\/hudo.com\/si\/aktualno\/zelezarji-prvic-v-sezoni-zaklenili-mrezo\/\"},\"wordCount\":154,\"publisher\":{\"@id\":\"https:\/\/hudo.com\/si\/#organization\"},\"articleSection\":[\"Aktualno\"],\"inLanguage\":\"sl-SI\"},{\"@type\":\"WebPage\",\"@id\":\"https:\/\/hudo.com\/si\/aktualno\/zelezarji-prvic-v-sezoni-zaklenili-mrezo\/\",\"url\":\"https:\/\/hudo.com\/si\/aktualno\/zelezarji-prvic-v-sezoni-zaklenili-mrezo\/\",\"name\":\"\u017delezarji prvi\u010d v sezoni zaklenili mre\u017eo - Hudo Slovenija\",\"isPartOf\":{\"@id\":\"https:\/\/hudo.com\/si\/#website\"},\"datePublished\":\"2016-10-09T02:14:00+00:00\",\"dateModified\":\"2016-10-09T02:14:00+00:00\",\"breadcrumb\":{\"@id\":\"https:\/\/hudo.com\/si\/aktualno\/zelezarji-prvic-v-sezoni-zaklenili-mrezo\/#breadcrumb\"},\"inLanguage\":\"sl-SI\",\"potentialAction\":[{\"@type\":\"ReadAction\",\"target\":[\"https:\/\/hudo.com\/si\/aktualno\/zelezarji-prvic-v-sezoni-zaklenili-mrezo\/\"]}]},{\"@type\":\"BreadcrumbList\",\"@id\":\"https:\/\/hudo.com\/si\/aktualno\/zelezarji-prvic-v-sezoni-zaklenili-mrezo\/#breadcrumb\",\"itemListElement\":[{\"@type\":\"ListItem\",\"position\":1,\"name\":\"Home\",\"item\":\"https:\/\/hudo.com\/si\/\"},{\"@type\":\"ListItem\",\"position\":2,\"name\":\"\u017delezarji prvi\u010d v sezoni zaklenili mre\u017eo\"}]},{\"@type\":\"WebSite\",\"@id\":\"https:\/\/hudo.com\/si\/#website\",\"url\":\"https:\/\/hudo.com\/si\/\",\"name\":\"Hudo Slovenija\",\"description\":\"Vse novice iz Slovenije in sveta\",\"publisher\":{\"@id\":\"https:\/\/hudo.com\/si\/#organization\"},\"potentialAction\":[{\"@type\":\"SearchAction\",\"target\":{\"@type\":\"EntryPoint\",\"urlTemplate\":\"https:\/\/hudo.com\/si\/?s={search_term_string}\"},\"query-input\":\"required name=search_term_string\"}],\"inLanguage\":\"sl-SI\"},{\"@type\":\"Organization\",\"@id\":\"https:\/\/hudo.com\/si\/#organization\",\"name\":\"VSN Media\",\"url\":\"https:\/\/hudo.com\/si\/\",\"logo\":{\"@type\":\"ImageObject\",\"inLanguage\":\"sl-SI\",\"@id\":\"https:\/\/hudo.com\/si\/#\/schema\/logo\/image\/\",\"url\":\"https:\/\/hudo.com\/si\/wp-content\/uploads\/sites\/2\/2021\/03\/hudo-app-2.png\",\"contentUrl\":\"https:\/\/hudo.com\/si\/wp-content\/uploads\/sites\/2\/2021\/03\/hudo-app-2.png\",\"width\":2185,\"height\":2167,\"caption\":\"VSN Media\"},\"image\":{\"@id\":\"https:\/\/hudo.com\/si\/#\/schema\/logo\/image\/\"},\"sameAs\":[\"https:\/\/www.facebook.com\/hudo.si\",\"https:\/\/twitter.com\/hudo_si\"]},{\"@type\":\"Person\",\"@id\":\"https:\/\/hudo.com\/si\/#\/schema\/person\/601cf3379633985b20f7e50f2bb47707\",\"name\":\"hudo\",\"image\":{\"@type\":\"ImageObject\",\"inLanguage\":\"sl-SI\",\"@id\":\"https:\/\/hudo.com\/si\/#\/schema\/person\/image\/\",\"url\":\"https:\/\/secure.gravatar.com\/avatar\/c4ca25fa72cace7a696b52ff5db9e095?s=96&d=mm&r=g\",\"contentUrl\":\"https:\/\/secure.gravatar.com\/avatar\/c4ca25fa72cace7a696b52ff5db9e095?s=96&d=mm&r=g\",\"caption\":\"hudo\"},\"url\":\"https:\/\/hudo.com\/si\/author\/hudo\/\"}]}<\/script>\n<!-- \/ Yoast SEO plugin. -->","yoast_head_json":{"title":"\u017delezarji prvi\u010d v sezoni zaklenili mre\u017eo - Hudo Slovenija","robots":{"index":"index","follow":"follow","max-snippet":"max-snippet:-1","max-image-preview":"max-image-preview:large","max-video-preview":"max-video-preview:-1"},"canonical":"https:\/\/hudo.com\/si\/aktualno\/zelezarji-prvic-v-sezoni-zaklenili-mrezo\/","og_locale":"sl_SI","og_type":"article","og_title":"\u017delezarji prvi\u010d v sezoni zaklenili mre\u017eo - Hudo Slovenija","og_description":"Kategorija: Hokej Sun, 09 Oct 2016 06:14:00 +0200 Jesenice - Hokejisti SIJ Acronija Jesenic so bili v sedmem kolu alpske lige (AHL) najmanj u\u010dinkoviti doslej, a so vseeno vpisali novo prepri\u010dljivo zmago, saj so - po drugi strani - prvi\u010d v sezoni ohranili svojo mre\u017eo nedotaknjeno, za kar je bil zaslu\u017een \u017dan Us. Pred 600 doma\u010dimi navija\u010di v Podme\u017eakli so namre\u010d s 3:0 odpravili zasedbo Kitzb\u00fchla, ki tako ostaja pri treh zmagah (ob dvoboju manj). Varovanci Nika Zupan\u010di\u010da, tudi slovenskega selektorja, so ve\u010dji del posla opravili \u017ee v prvi polovici uvodne tretjine. To\u010dneje v zelo navdahnjenih 41 sekundah v osmi in deveti minuti, ko so kar dvakrat izkoristili \u0161tevil\u010dno premo\u010d na ledu. Najprej c\u00e9lo minuto niso znali ugnati Markusa Rainerja (nekdanji Olimpijin \u010duvaj mre\u017ee Toma\u017e Trelc je obsedel na rezervni klopi) ob kar dveh hokejistih ve\u010d na ploskvi, nato\u00a0...","og_url":"https:\/\/hudo.com\/si\/aktualno\/zelezarji-prvic-v-sezoni-zaklenili-mrezo\/","og_site_name":"Hudo Slovenija","article_publisher":"https:\/\/www.facebook.com\/hudo.si","article_published_time":"2016-10-09T02:14:00+00:00","og_image":[{"width":480,"height":290,"url":"https:\/\/hudo.com\/si\/wp-content\/uploads\/sites\/2\/2016\/10\/480x290_Delo_Foto-20161009060959-69285800.jpeg","type":"image\/jpeg"}],"author":"hudo","twitter_card":"summary_large_image","twitter_creator":"@hudo_si","twitter_site":"@hudo_si","twitter_misc":{"Written by":"hudo","Est. reading time":"1 minuta"},"schema":{"@context":"https:\/\/schema.org","@graph":[{"@type":"Article","@id":"https:\/\/hudo.com\/si\/aktualno\/zelezarji-prvic-v-sezoni-zaklenili-mrezo\/#article","isPartOf":{"@id":"https:\/\/hudo.com\/si\/aktualno\/zelezarji-prvic-v-sezoni-zaklenili-mrezo\/"},"author":{"name":"hudo","@id":"https:\/\/hudo.com\/si\/#\/schema\/person\/601cf3379633985b20f7e50f2bb47707"},"headline":"\u017delezarji prvi\u010d v sezoni zaklenili mre\u017eo","datePublished":"2016-10-09T02:14:00+00:00","dateModified":"2016-10-09T02:14:00+00:00","mainEntityOfPage":{"@id":"https:\/\/hudo.com\/si\/aktualno\/zelezarji-prvic-v-sezoni-zaklenili-mrezo\/"},"wordCount":154,"publisher":{"@id":"https:\/\/hudo.com\/si\/#organization"},"articleSection":["Aktualno"],"inLanguage":"sl-SI"},{"@type":"WebPage","@id":"https:\/\/hudo.com\/si\/aktualno\/zelezarji-prvic-v-sezoni-zaklenili-mrezo\/","url":"https:\/\/hudo.com\/si\/aktualno\/zelezarji-prvic-v-sezoni-zaklenili-mrezo\/","name":"\u017delezarji prvi\u010d v sezoni zaklenili mre\u017eo - Hudo Slovenija","isPartOf":{"@id":"https:\/\/hudo.com\/si\/#website"},"datePublished":"2016-10-09T02:14:00+00:00","dateModified":"2016-10-09T02:14:00+00:00","breadcrumb":{"@id":"https:\/\/hudo.com\/si\/aktualno\/zelezarji-prvic-v-sezoni-zaklenili-mrezo\/#breadcrumb"},"inLanguage":"sl-SI","potentialAction":[{"@type":"ReadAction","target":["https:\/\/hudo.com\/si\/aktualno\/zelezarji-prvic-v-sezoni-zaklenili-mrezo\/"]}]},{"@type":"BreadcrumbList","@id":"https:\/\/hudo.com\/si\/aktualno\/zelezarji-prvic-v-sezoni-zaklenili-mrezo\/#breadcrumb","itemListElement":[{"@type":"ListItem","position":1,"name":"Home","item":"https:\/\/hudo.com\/si\/"},{"@type":"ListItem","position":2,"name":"\u017delezarji prvi\u010d v sezoni zaklenili mre\u017eo"}]},{"@type":"WebSite","@id":"https:\/\/hudo.com\/si\/#website","url":"https:\/\/hudo.com\/si\/","name":"Hudo Slovenija","description":"Vse novice iz Slovenije in sveta","publisher":{"@id":"https:\/\/hudo.com\/si\/#organization"},"potentialAction":[{"@type":"SearchAction","target":{"@type":"EntryPoint","urlTemplate":"https:\/\/hudo.com\/si\/?s={search_term_string}"},"query-input":"required name=search_term_string"}],"inLanguage":"sl-SI"},{"@type":"Organization","@id":"https:\/\/hudo.com\/si\/#organization","name":"VSN Media","url":"https:\/\/hudo.com\/si\/","logo":{"@type":"ImageObject","inLanguage":"sl-SI","@id":"https:\/\/hudo.com\/si\/#\/schema\/logo\/image\/","url":"https:\/\/hudo.com\/si\/wp-content\/uploads\/sites\/2\/2021\/03\/hudo-app-2.png","contentUrl":"https:\/\/hudo.com\/si\/wp-content\/uploads\/sites\/2\/2021\/03\/hudo-app-2.png","width":2185,"height":2167,"caption":"VSN Media"},"image":{"@id":"https:\/\/hudo.com\/si\/#\/schema\/logo\/image\/"},"sameAs":["https:\/\/www.facebook.com\/hudo.si","https:\/\/twitter.com\/hudo_si"]},{"@type":"Person","@id":"https:\/\/hudo.com\/si\/#\/schema\/person\/601cf3379633985b20f7e50f2bb47707","name":"hudo","image":{"@type":"ImageObject","inLanguage":"sl-SI","@id":"https:\/\/hudo.com\/si\/#\/schema\/person\/image\/","url":"https:\/\/secure.gravatar.com\/avatar\/c4ca25fa72cace7a696b52ff5db9e095?s=96&d=mm&r=g","contentUrl":"https:\/\/secure.gravatar.com\/avatar\/c4ca25fa72cace7a696b52ff5db9e095?s=96&d=mm&r=g","caption":"hudo"},"url":"https:\/\/hudo.com\/si\/author\/hudo\/"}]}},"amp_enabled":true,"_links":{"self":[{"href":"https:\/\/hudo.com\/si\/wp-json\/wp\/v2\/posts\/150163"}],"collection":[{"href":"https:\/\/hudo.com\/si\/wp-json\/wp\/v2\/posts"}],"about":[{"href":"https:\/\/hudo.com\/si\/wp-json\/wp\/v2\/types\/post"}],"author":[{"embeddable":true,"href":"https:\/\/hudo.com\/si\/wp-json\/wp\/v2\/users\/1"}],"replies":[{"embeddable":true,"href":"https:\/\/hudo.com\/si\/wp-json\/wp\/v2\/comments?post=150163"}],"version-history":[{"count":0,"href":"https:\/\/hudo.com\/si\/wp-json\/wp\/v2\/posts\/150163\/revisions"}],"wp:attachment":[{"href":"https:\/\/hudo.com\/si\/wp-json\/wp\/v2\/media?parent=150163"}],"wp:term":[{"taxonomy":"category","embeddable":true,"href":"https:\/\/hudo.com\/si\/wp-json\/wp\/v2\/categories?post=150163"},{"taxonomy":"post_tag","embeddable":true,"href":"https:\/\/hudo.com\/si\/wp-json\/wp\/v2\/tags?post=150163"},{"taxonomy":"source","embeddable":true,"href":"https:\/\/hudo.com\/si\/wp-json\/wp\/v2\/source?post=150163"},{"taxonomy":"supertag","embeddable":true,"href":"https:\/\/hudo.com\/si\/wp-json\/wp\/v2\/supertag?post=150163"}],"curies":[{"name":"wp","href":"https:\/\/api.w.org\/{rel}","templated":true}]}}