{"id":150203,"date":"2016-10-09T08:50:00","date_gmt":"2016-10-09T06:50:00","guid":{"rendered":"http:\/\/hudo.com\/si\/2016\/10\/09\/evropski-parlament-v-boj-za-predsednika-tudi-peterle\/"},"modified":"2016-10-10T06:42:29","modified_gmt":"2016-10-10T04:42:29","slug":"evropski-parlament-v-boj-za-predsednika-tudi-peterle","status":"publish","type":"post","link":"https:\/\/hudo.com\/si\/aktualno\/evropski-parlament-v-boj-za-predsednika-tudi-peterle\/","title":{"rendered":"Evropski parlament: V boj za predsednika tudi Peterle?"},"content":{"rendered":"<p>Evropski parlament bo januarja prihodnje leto volil novega predsednika, ki bo to evropsko institucijo vodil dve leti in pol. Boj za predsedni\u0161ki stol\u010dek je \u017ee v polnem teku, med mo\u017enimi kandidati se omenja tudi Slovenec Lojze Peterle (EPP\/NSi). Vpra\u0161anje je, ali bo sedanji predsednik Martin Schulz (S&#038;D) ostal na polo\u017eaju \u0161e tretji zaporedni mandat. V Evropskem parlamentu, izvoljenem za pet let, ima predsednik polovi\u010dni, torej 2,5-letni mandat. Med najve\u010djima politi\u010dnima skupinama, desnosredinsko Evropsko ljudsko stranko (EPP) ter socialisti in demokrati (S&#038;D), velja dogovor, da se na polo\u017eaju izmenjujejo njuni predstavniki. A nem\u0161ki socialdemokrat Schulz je izjema, saj je bil za predsednika Evropskega parlamenta izvoljen \u017ee dvakrat zapored in bo tako na \u010delu te institucije najmanj pet let. Leta 2014 je namre\u010d po porazu v tekmi za polo\u017eaj predsednika Evropske komisije sklenil kup\u010dijo za \u0161e en mandat, po katerem pa bi se poslovil od predsedni\u0161kega stol\u010dka. Zdaj sicer upa, da bo kot sila kontinuitete in stabilnosti \u0161e tretji\u010d izvoljen na polo\u017eaj. V prid mu je dejstvo, da je predsednik Evropskega parlamenta edini visok polo\u017eaj v uniji, ki je v rokah S&#038;D. Tako predsednik evropskega sveta Donald Tusk kot tudi predsednik evropske komisije Jean-Claude Juncker namre\u010d prihajata iz vrst EPP. Poleg tega ga je Juncker poleti v skupnem intervjuju za nem\u0161ki politi\u010dni tednik Spiegel nepri\u010dakovano podprl za \u0161e en mandat, ker da bi evropske institucije v prihodnjih dveh letih in pol za zagotovitev stabilnosti morale biti vodene enako kot doslej. A v Evropskem parlamentu je vse ve\u010d takih, ki menijo, da je bil Schulz dovolj \u010dasa na \u010delu institucije in da bi ga moral \u017ee kdo zamenjati. Po poro\u010danju politi\u010dnega biltena Politico je \u017ee ve\u010d kot 50 evroposlancev iz \u0161estih politi\u010dnih skupin podprlo predlog, da bi \u0161tevilo mandatov predsednika parlamenta omejili na dva. S tem naj bi &#8220;spodbudili sve\u017ee vodstvo&#8221; in &#8220;pokazali demokrati\u010dne vrednote parlamenta&#8221;, pi\u0161e v predlogu skupine konservativcev<\/p>\n","protected":false},"excerpt":{"rendered":"<p>Evropski parlament bo januarja prihodnje leto volil novega predsednika, ki bo to evropsko institucijo vodil dve leti in pol. Boj za predsedni\u0161ki stol\u010dek je \u017ee v polnem teku, med mo\u017enimi kandidati se omenja tudi Slovenec Lojze Peterle (EPP\/NSi). Vpra\u0161anje je, ali bo sedanji predsednik Martin Schulz (S&#038;D) ostal na polo\u017eaju \u0161e tretji zaporedni mandat. V Evropskem parlamentu, izvoljenem za pet let, ima predsednik polovi\u010dni, torej 2,5-letni mandat. Med najve\u010djima politi\u010dnima skupinama, desnosredinsko Evropsko ljudsko stranko (EPP) ter socialisti in demokrati (S&#038;D), velja dogovor, da se na polo\u017eaju izmenjujejo njuni predstavniki. A nem\u0161ki socialdemokrat Schulz je izjema, saj je bil za predsednika Evropskega parlamenta izvoljen \u017ee dvakrat zapored in bo tako na \u010delu te institucije najmanj pet let. Leta 2014 je namre\u010d po porazu v tekmi za polo\u017eaj predsednika Evropske komisije sklenil kup\u010dijo za \u0161e en mandat, po katerem pa bi se poslovil od predsedni\u0161kega stol\u010dka. Zdaj sicer upa, da bo kot sila kontinuitete in stabilnosti \u0161e tretji\u010d izvoljen na polo\u017eaj. V prid mu je dejstvo, da je predsednik Evropskega parlamenta edini visok polo\u017eaj v uniji, ki je v rokah S&#038;D. Tako predsednik evropskega sveta Donald Tusk kot tudi predsednik evropske komisije Jean-Claude Juncker namre\u010d prihajata iz vrst EPP. Poleg tega ga je Juncker poleti v skupnem intervjuju za nem\u0161ki politi\u010dni tednik Spiegel nepri\u010dakovano podprl za \u0161e en mandat, ker da bi evropske institucije v prihodnjih dveh letih in pol za zagotovitev stabilnosti morale biti vodene enako kot doslej. A v Evropskem parlamentu je vse ve\u010d takih, ki menijo, da je bil Schulz dovolj \u010dasa na \u010delu institucije in da bi ga moral \u017ee kdo zamenjati. Po poro\u010danju politi\u010dnega biltena Politico je \u017ee ve\u010d kot 50 evroposlancev iz \u0161estih politi\u010dnih skupin podprlo predlog, da bi \u0161tevilo mandatov predsednika parlamenta omejili na dva. S tem naj bi &#8220;spodbudili sve\u017ee vodstvo&#8221; in &#8220;pokazali demokrati\u010dne vrednote parlamenta&#8221;, pi\u0161e v predlogu skupine konservativcev<\/p>\n","protected":false},"author":1,"featured_media":0,"comment_status":"closed","ping_status":"closed","sticky":false,"template":"","format":"standard","meta":{"footnotes":""},"categories":[1179],"tags":[],"source":[1711],"supertag":[],"acf":[],"yoast_head":"<!-- This site is optimized with the Yoast SEO plugin v21.3 - https:\/\/yoast.com\/wordpress\/plugins\/seo\/ -->\n<title>Evropski parlament: V boj za predsednika tudi Peterle? - Hudo Slovenija<\/title>\n<meta name=\"robots\" content=\"index, follow, max-snippet:-1, max-image-preview:large, max-video-preview:-1\" \/>\n<link rel=\"canonical\" href=\"https:\/\/hudo.com\/si\/aktualno\/evropski-parlament-v-boj-za-predsednika-tudi-peterle\/\" \/>\n<meta property=\"og:locale\" content=\"sl_SI\" \/>\n<meta property=\"og:type\" content=\"article\" \/>\n<meta property=\"og:title\" content=\"Evropski parlament: V boj za predsednika tudi Peterle? - Hudo Slovenija\" \/>\n<meta property=\"og:description\" content=\"Evropski parlament bo januarja prihodnje leto volil novega predsednika, ki bo to evropsko institucijo vodil dve leti in pol. Boj za predsedni\u0161ki stol\u010dek je \u017ee v polnem teku, med mo\u017enimi kandidati se omenja tudi Slovenec Lojze Peterle (EPP\/NSi). Vpra\u0161anje je, ali bo sedanji predsednik Martin Schulz (S&amp;D) ostal na polo\u017eaju \u0161e tretji zaporedni mandat. V Evropskem parlamentu, izvoljenem za pet let, ima predsednik polovi\u010dni, torej 2,5-letni mandat. Med najve\u010djima politi\u010dnima skupinama, desnosredinsko Evropsko ljudsko stranko (EPP) ter socialisti in demokrati (S&amp;D), velja dogovor, da se na polo\u017eaju izmenjujejo njuni predstavniki. A nem\u0161ki socialdemokrat Schulz je izjema, saj je bil za predsednika Evropskega parlamenta izvoljen \u017ee dvakrat zapored in bo tako na \u010delu te institucije najmanj pet let. Leta 2014 je namre\u010d po porazu v tekmi za polo\u017eaj predsednika Evropske komisije sklenil kup\u010dijo za \u0161e en mandat, po katerem pa bi se poslovil od predsedni\u0161kega stol\u010dka. Zdaj sicer upa, da bo kot sila kontinuitete in stabilnosti \u0161e tretji\u010d izvoljen na polo\u017eaj. V prid mu je dejstvo, da je predsednik Evropskega parlamenta edini visok polo\u017eaj v uniji, ki je v rokah S&amp;D. Tako predsednik evropskega sveta Donald Tusk kot tudi predsednik evropske komisije Jean-Claude Juncker namre\u010d prihajata iz vrst EPP. Poleg tega ga je Juncker poleti v skupnem intervjuju za nem\u0161ki politi\u010dni tednik Spiegel nepri\u010dakovano podprl za \u0161e en mandat, ker da bi evropske institucije v prihodnjih dveh letih in pol za zagotovitev stabilnosti morale biti vodene enako kot doslej. A v Evropskem parlamentu je vse ve\u010d takih, ki menijo, da je bil Schulz dovolj \u010dasa na \u010delu institucije in da bi ga moral \u017ee kdo zamenjati. Po poro\u010danju politi\u010dnega biltena Politico je \u017ee ve\u010d kot 50 evroposlancev iz \u0161estih politi\u010dnih skupin podprlo predlog, da bi \u0161tevilo mandatov predsednika parlamenta omejili na dva. S tem naj bi &quot;spodbudili sve\u017ee vodstvo&quot; in &quot;pokazali demokrati\u010dne vrednote parlamenta&quot;, pi\u0161e v predlogu skupine konservativcev\" \/>\n<meta property=\"og:url\" content=\"https:\/\/hudo.com\/si\/aktualno\/evropski-parlament-v-boj-za-predsednika-tudi-peterle\/\" \/>\n<meta property=\"og:site_name\" content=\"Hudo Slovenija\" \/>\n<meta property=\"article:publisher\" content=\"https:\/\/www.facebook.com\/hudo.si\" \/>\n<meta property=\"article:published_time\" content=\"2016-10-09T06:50:00+00:00\" \/>\n<meta property=\"article:modified_time\" content=\"2016-10-10T04:42:29+00:00\" \/>\n<meta property=\"og:image\" content=\"https:\/\/hudo.com\/si\/wp-content\/uploads\/sites\/2\/2016\/10\/01241300F-300.jpg\" \/>\n\t<meta property=\"og:image:width\" content=\"450\" \/>\n\t<meta property=\"og:image:height\" content=\"672\" \/>\n\t<meta property=\"og:image:type\" content=\"image\/jpeg\" \/>\n<meta name=\"author\" content=\"hudo\" \/>\n<meta name=\"twitter:card\" content=\"summary_large_image\" \/>\n<meta name=\"twitter:creator\" content=\"@hudo_si\" \/>\n<meta name=\"twitter:site\" content=\"@hudo_si\" \/>\n<meta name=\"twitter:label1\" content=\"Written by\" \/>\n\t<meta name=\"twitter:data1\" content=\"hudo\" \/>\n\t<meta name=\"twitter:label2\" content=\"Est. reading time\" \/>\n\t<meta name=\"twitter:data2\" content=\"2 minuti\" \/>\n<script type=\"application\/ld+json\" class=\"yoast-schema-graph\">{\"@context\":\"https:\/\/schema.org\",\"@graph\":[{\"@type\":\"Article\",\"@id\":\"https:\/\/hudo.com\/si\/aktualno\/evropski-parlament-v-boj-za-predsednika-tudi-peterle\/#article\",\"isPartOf\":{\"@id\":\"https:\/\/hudo.com\/si\/aktualno\/evropski-parlament-v-boj-za-predsednika-tudi-peterle\/\"},\"author\":{\"name\":\"hudo\",\"@id\":\"https:\/\/hudo.com\/si\/#\/schema\/person\/601cf3379633985b20f7e50f2bb47707\"},\"headline\":\"Evropski parlament: V boj za predsednika tudi Peterle?\",\"datePublished\":\"2016-10-09T06:50:00+00:00\",\"dateModified\":\"2016-10-10T04:42:29+00:00\",\"mainEntityOfPage\":{\"@id\":\"https:\/\/hudo.com\/si\/aktualno\/evropski-parlament-v-boj-za-predsednika-tudi-peterle\/\"},\"wordCount\":343,\"publisher\":{\"@id\":\"https:\/\/hudo.com\/si\/#organization\"},\"articleSection\":[\"Aktualno\"],\"inLanguage\":\"sl-SI\"},{\"@type\":\"WebPage\",\"@id\":\"https:\/\/hudo.com\/si\/aktualno\/evropski-parlament-v-boj-za-predsednika-tudi-peterle\/\",\"url\":\"https:\/\/hudo.com\/si\/aktualno\/evropski-parlament-v-boj-za-predsednika-tudi-peterle\/\",\"name\":\"Evropski parlament: V boj za predsednika tudi Peterle? - Hudo Slovenija\",\"isPartOf\":{\"@id\":\"https:\/\/hudo.com\/si\/#website\"},\"datePublished\":\"2016-10-09T06:50:00+00:00\",\"dateModified\":\"2016-10-10T04:42:29+00:00\",\"breadcrumb\":{\"@id\":\"https:\/\/hudo.com\/si\/aktualno\/evropski-parlament-v-boj-za-predsednika-tudi-peterle\/#breadcrumb\"},\"inLanguage\":\"sl-SI\",\"potentialAction\":[{\"@type\":\"ReadAction\",\"target\":[\"https:\/\/hudo.com\/si\/aktualno\/evropski-parlament-v-boj-za-predsednika-tudi-peterle\/\"]}]},{\"@type\":\"BreadcrumbList\",\"@id\":\"https:\/\/hudo.com\/si\/aktualno\/evropski-parlament-v-boj-za-predsednika-tudi-peterle\/#breadcrumb\",\"itemListElement\":[{\"@type\":\"ListItem\",\"position\":1,\"name\":\"Home\",\"item\":\"https:\/\/hudo.com\/si\/\"},{\"@type\":\"ListItem\",\"position\":2,\"name\":\"Evropski parlament: V boj za predsednika tudi Peterle?\"}]},{\"@type\":\"WebSite\",\"@id\":\"https:\/\/hudo.com\/si\/#website\",\"url\":\"https:\/\/hudo.com\/si\/\",\"name\":\"Hudo Slovenija\",\"description\":\"Vse novice iz Slovenije in sveta\",\"publisher\":{\"@id\":\"https:\/\/hudo.com\/si\/#organization\"},\"potentialAction\":[{\"@type\":\"SearchAction\",\"target\":{\"@type\":\"EntryPoint\",\"urlTemplate\":\"https:\/\/hudo.com\/si\/?s={search_term_string}\"},\"query-input\":\"required name=search_term_string\"}],\"inLanguage\":\"sl-SI\"},{\"@type\":\"Organization\",\"@id\":\"https:\/\/hudo.com\/si\/#organization\",\"name\":\"VSN Media\",\"url\":\"https:\/\/hudo.com\/si\/\",\"logo\":{\"@type\":\"ImageObject\",\"inLanguage\":\"sl-SI\",\"@id\":\"https:\/\/hudo.com\/si\/#\/schema\/logo\/image\/\",\"url\":\"https:\/\/hudo.com\/si\/wp-content\/uploads\/sites\/2\/2021\/03\/hudo-app-2.png\",\"contentUrl\":\"https:\/\/hudo.com\/si\/wp-content\/uploads\/sites\/2\/2021\/03\/hudo-app-2.png\",\"width\":2185,\"height\":2167,\"caption\":\"VSN Media\"},\"image\":{\"@id\":\"https:\/\/hudo.com\/si\/#\/schema\/logo\/image\/\"},\"sameAs\":[\"https:\/\/www.facebook.com\/hudo.si\",\"https:\/\/twitter.com\/hudo_si\"]},{\"@type\":\"Person\",\"@id\":\"https:\/\/hudo.com\/si\/#\/schema\/person\/601cf3379633985b20f7e50f2bb47707\",\"name\":\"hudo\",\"image\":{\"@type\":\"ImageObject\",\"inLanguage\":\"sl-SI\",\"@id\":\"https:\/\/hudo.com\/si\/#\/schema\/person\/image\/\",\"url\":\"https:\/\/secure.gravatar.com\/avatar\/c4ca25fa72cace7a696b52ff5db9e095?s=96&d=mm&r=g\",\"contentUrl\":\"https:\/\/secure.gravatar.com\/avatar\/c4ca25fa72cace7a696b52ff5db9e095?s=96&d=mm&r=g\",\"caption\":\"hudo\"},\"url\":\"https:\/\/hudo.com\/si\/author\/hudo\/\"}]}<\/script>\n<!-- \/ Yoast SEO plugin. -->","yoast_head_json":{"title":"Evropski parlament: V boj za predsednika tudi Peterle? - Hudo Slovenija","robots":{"index":"index","follow":"follow","max-snippet":"max-snippet:-1","max-image-preview":"max-image-preview:large","max-video-preview":"max-video-preview:-1"},"canonical":"https:\/\/hudo.com\/si\/aktualno\/evropski-parlament-v-boj-za-predsednika-tudi-peterle\/","og_locale":"sl_SI","og_type":"article","og_title":"Evropski parlament: V boj za predsednika tudi Peterle? - Hudo Slovenija","og_description":"Evropski parlament bo januarja prihodnje leto volil novega predsednika, ki bo to evropsko institucijo vodil dve leti in pol. Boj za predsedni\u0161ki stol\u010dek je \u017ee v polnem teku, med mo\u017enimi kandidati se omenja tudi Slovenec Lojze Peterle (EPP\/NSi). Vpra\u0161anje je, ali bo sedanji predsednik Martin Schulz (S&D) ostal na polo\u017eaju \u0161e tretji zaporedni mandat. V Evropskem parlamentu, izvoljenem za pet let, ima predsednik polovi\u010dni, torej 2,5-letni mandat. Med najve\u010djima politi\u010dnima skupinama, desnosredinsko Evropsko ljudsko stranko (EPP) ter socialisti in demokrati (S&D), velja dogovor, da se na polo\u017eaju izmenjujejo njuni predstavniki. A nem\u0161ki socialdemokrat Schulz je izjema, saj je bil za predsednika Evropskega parlamenta izvoljen \u017ee dvakrat zapored in bo tako na \u010delu te institucije najmanj pet let. Leta 2014 je namre\u010d po porazu v tekmi za polo\u017eaj predsednika Evropske komisije sklenil kup\u010dijo za \u0161e en mandat, po katerem pa bi se poslovil od predsedni\u0161kega stol\u010dka. Zdaj sicer upa, da bo kot sila kontinuitete in stabilnosti \u0161e tretji\u010d izvoljen na polo\u017eaj. V prid mu je dejstvo, da je predsednik Evropskega parlamenta edini visok polo\u017eaj v uniji, ki je v rokah S&D. Tako predsednik evropskega sveta Donald Tusk kot tudi predsednik evropske komisije Jean-Claude Juncker namre\u010d prihajata iz vrst EPP. Poleg tega ga je Juncker poleti v skupnem intervjuju za nem\u0161ki politi\u010dni tednik Spiegel nepri\u010dakovano podprl za \u0161e en mandat, ker da bi evropske institucije v prihodnjih dveh letih in pol za zagotovitev stabilnosti morale biti vodene enako kot doslej. A v Evropskem parlamentu je vse ve\u010d takih, ki menijo, da je bil Schulz dovolj \u010dasa na \u010delu institucije in da bi ga moral \u017ee kdo zamenjati. Po poro\u010danju politi\u010dnega biltena Politico je \u017ee ve\u010d kot 50 evroposlancev iz \u0161estih politi\u010dnih skupin podprlo predlog, da bi \u0161tevilo mandatov predsednika parlamenta omejili na dva. S tem naj bi \"spodbudili sve\u017ee vodstvo\" in \"pokazali demokrati\u010dne vrednote parlamenta\", pi\u0161e v predlogu skupine konservativcev","og_url":"https:\/\/hudo.com\/si\/aktualno\/evropski-parlament-v-boj-za-predsednika-tudi-peterle\/","og_site_name":"Hudo Slovenija","article_publisher":"https:\/\/www.facebook.com\/hudo.si","article_published_time":"2016-10-09T06:50:00+00:00","article_modified_time":"2016-10-10T04:42:29+00:00","og_image":[{"width":450,"height":672,"url":"https:\/\/hudo.com\/si\/wp-content\/uploads\/sites\/2\/2016\/10\/01241300F-300.jpg","type":"image\/jpeg"}],"author":"hudo","twitter_card":"summary_large_image","twitter_creator":"@hudo_si","twitter_site":"@hudo_si","twitter_misc":{"Written by":"hudo","Est. reading time":"2 minuti"},"schema":{"@context":"https:\/\/schema.org","@graph":[{"@type":"Article","@id":"https:\/\/hudo.com\/si\/aktualno\/evropski-parlament-v-boj-za-predsednika-tudi-peterle\/#article","isPartOf":{"@id":"https:\/\/hudo.com\/si\/aktualno\/evropski-parlament-v-boj-za-predsednika-tudi-peterle\/"},"author":{"name":"hudo","@id":"https:\/\/hudo.com\/si\/#\/schema\/person\/601cf3379633985b20f7e50f2bb47707"},"headline":"Evropski parlament: V boj za predsednika tudi Peterle?","datePublished":"2016-10-09T06:50:00+00:00","dateModified":"2016-10-10T04:42:29+00:00","mainEntityOfPage":{"@id":"https:\/\/hudo.com\/si\/aktualno\/evropski-parlament-v-boj-za-predsednika-tudi-peterle\/"},"wordCount":343,"publisher":{"@id":"https:\/\/hudo.com\/si\/#organization"},"articleSection":["Aktualno"],"inLanguage":"sl-SI"},{"@type":"WebPage","@id":"https:\/\/hudo.com\/si\/aktualno\/evropski-parlament-v-boj-za-predsednika-tudi-peterle\/","url":"https:\/\/hudo.com\/si\/aktualno\/evropski-parlament-v-boj-za-predsednika-tudi-peterle\/","name":"Evropski parlament: V boj za predsednika tudi Peterle? - Hudo Slovenija","isPartOf":{"@id":"https:\/\/hudo.com\/si\/#website"},"datePublished":"2016-10-09T06:50:00+00:00","dateModified":"2016-10-10T04:42:29+00:00","breadcrumb":{"@id":"https:\/\/hudo.com\/si\/aktualno\/evropski-parlament-v-boj-za-predsednika-tudi-peterle\/#breadcrumb"},"inLanguage":"sl-SI","potentialAction":[{"@type":"ReadAction","target":["https:\/\/hudo.com\/si\/aktualno\/evropski-parlament-v-boj-za-predsednika-tudi-peterle\/"]}]},{"@type":"BreadcrumbList","@id":"https:\/\/hudo.com\/si\/aktualno\/evropski-parlament-v-boj-za-predsednika-tudi-peterle\/#breadcrumb","itemListElement":[{"@type":"ListItem","position":1,"name":"Home","item":"https:\/\/hudo.com\/si\/"},{"@type":"ListItem","position":2,"name":"Evropski parlament: V boj za predsednika tudi Peterle?"}]},{"@type":"WebSite","@id":"https:\/\/hudo.com\/si\/#website","url":"https:\/\/hudo.com\/si\/","name":"Hudo Slovenija","description":"Vse novice iz Slovenije in sveta","publisher":{"@id":"https:\/\/hudo.com\/si\/#organization"},"potentialAction":[{"@type":"SearchAction","target":{"@type":"EntryPoint","urlTemplate":"https:\/\/hudo.com\/si\/?s={search_term_string}"},"query-input":"required name=search_term_string"}],"inLanguage":"sl-SI"},{"@type":"Organization","@id":"https:\/\/hudo.com\/si\/#organization","name":"VSN Media","url":"https:\/\/hudo.com\/si\/","logo":{"@type":"ImageObject","inLanguage":"sl-SI","@id":"https:\/\/hudo.com\/si\/#\/schema\/logo\/image\/","url":"https:\/\/hudo.com\/si\/wp-content\/uploads\/sites\/2\/2021\/03\/hudo-app-2.png","contentUrl":"https:\/\/hudo.com\/si\/wp-content\/uploads\/sites\/2\/2021\/03\/hudo-app-2.png","width":2185,"height":2167,"caption":"VSN Media"},"image":{"@id":"https:\/\/hudo.com\/si\/#\/schema\/logo\/image\/"},"sameAs":["https:\/\/www.facebook.com\/hudo.si","https:\/\/twitter.com\/hudo_si"]},{"@type":"Person","@id":"https:\/\/hudo.com\/si\/#\/schema\/person\/601cf3379633985b20f7e50f2bb47707","name":"hudo","image":{"@type":"ImageObject","inLanguage":"sl-SI","@id":"https:\/\/hudo.com\/si\/#\/schema\/person\/image\/","url":"https:\/\/secure.gravatar.com\/avatar\/c4ca25fa72cace7a696b52ff5db9e095?s=96&d=mm&r=g","contentUrl":"https:\/\/secure.gravatar.com\/avatar\/c4ca25fa72cace7a696b52ff5db9e095?s=96&d=mm&r=g","caption":"hudo"},"url":"https:\/\/hudo.com\/si\/author\/hudo\/"}]}},"amp_enabled":true,"_links":{"self":[{"href":"https:\/\/hudo.com\/si\/wp-json\/wp\/v2\/posts\/150203"}],"collection":[{"href":"https:\/\/hudo.com\/si\/wp-json\/wp\/v2\/posts"}],"about":[{"href":"https:\/\/hudo.com\/si\/wp-json\/wp\/v2\/types\/post"}],"author":[{"embeddable":true,"href":"https:\/\/hudo.com\/si\/wp-json\/wp\/v2\/users\/1"}],"replies":[{"embeddable":true,"href":"https:\/\/hudo.com\/si\/wp-json\/wp\/v2\/comments?post=150203"}],"version-history":[{"count":1,"href":"https:\/\/hudo.com\/si\/wp-json\/wp\/v2\/posts\/150203\/revisions"}],"predecessor-version":[{"id":150321,"href":"https:\/\/hudo.com\/si\/wp-json\/wp\/v2\/posts\/150203\/revisions\/150321"}],"wp:attachment":[{"href":"https:\/\/hudo.com\/si\/wp-json\/wp\/v2\/media?parent=150203"}],"wp:term":[{"taxonomy":"category","embeddable":true,"href":"https:\/\/hudo.com\/si\/wp-json\/wp\/v2\/categories?post=150203"},{"taxonomy":"post_tag","embeddable":true,"href":"https:\/\/hudo.com\/si\/wp-json\/wp\/v2\/tags?post=150203"},{"taxonomy":"source","embeddable":true,"href":"https:\/\/hudo.com\/si\/wp-json\/wp\/v2\/source?post=150203"},{"taxonomy":"supertag","embeddable":true,"href":"https:\/\/hudo.com\/si\/wp-json\/wp\/v2\/supertag?post=150203"}],"curies":[{"name":"wp","href":"https:\/\/api.w.org\/{rel}","templated":true}]}}