{"id":150213,"date":"2016-10-09T08:00:00","date_gmt":"2016-10-09T06:00:00","guid":{"rendered":"http:\/\/hudo.com\/si\/2016\/10\/09\/v-strmoglavljenju-vojaskega-helikopterja-v-afganistanu-vec-mrtvih\/"},"modified":"2016-10-10T06:42:49","modified_gmt":"2016-10-10T04:42:49","slug":"v-strmoglavljenju-vojaskega-helikopterja-v-afganistanu-vec-mrtvih","status":"publish","type":"post","link":"https:\/\/hudo.com\/si\/aktualno\/v-strmoglavljenju-vojaskega-helikopterja-v-afganistanu-vec-mrtvih\/","title":{"rendered":"V strmoglavljenju voja\u0161kega helikopterja v Afganistanu ve\u010d mrtvih"},"content":{"rendered":"<p>V Afganistanu je danes v strmoglavljenju helikopterja afganistanske vojske v severni provinci Baglan umrlo sedem ljudi. Odgovornost za sestrelitev so prevzeli talibani, medtem ko uradna izjava ministrstva za obrambo navaja, da je helikopter zagorel zaradi tehni\u010dnih te\u017eav, poro\u010da nem\u0161ka tiskovna agencija dpa. Strmoglavil je helikopter, ki naj bi v voja\u0161ko opori\u0161\u010de pripeljal sve\u017ee zaloge. Umrli so \u0161tirje \u010dlani posadke in trije vojaki, izjavo ministrstva za obrambo povzema francoska tiskovna agencija AFP. Ministrstvo je kot vzrok za nesre\u010do navedlo tehni\u010dne te\u017eave, zaradi katerih je helikopter zagorel in strmoglavil. Na drugi strani so odgovornost za strmoglavljenje prevzeli talibani. Helikopter naj bi namre\u010d sestrelili oboro\u017eeni borci skupine. Medtem se \u017ee sedmi dan nadaljujejo spopadi med talibani in afganistanskimi silami v Kunduzu. Nobena od strani doslej ni zabele\u017eila vidnej\u0161ega napredka, civilisti pa \u0161e naprej be\u017eijo iz mesta, poro\u010da dpa. Napad talibanov na Kunduz se je za\u010del v nedeljo, leto dni zatem, ko je skupina za dva tedna prevzela nadzor nad strate\u0161ko pomembnim mestom, preden so jo znova izgnale afganistanske sile.Svet<\/p>\n","protected":false},"excerpt":{"rendered":"<p>V Afganistanu je danes v strmoglavljenju helikopterja afganistanske vojske v severni provinci Baglan umrlo sedem ljudi. Odgovornost za sestrelitev so prevzeli talibani, medtem ko uradna izjava ministrstva za obrambo navaja, da je helikopter zagorel zaradi tehni\u010dnih te\u017eav, poro\u010da nem\u0161ka tiskovna agencija dpa. Strmoglavil je helikopter, ki naj bi v voja\u0161ko opori\u0161\u010de pripeljal sve\u017ee zaloge. Umrli so \u0161tirje \u010dlani posadke in trije vojaki, izjavo ministrstva za obrambo povzema francoska tiskovna agencija AFP. Ministrstvo je kot vzrok za nesre\u010do navedlo tehni\u010dne te\u017eave, zaradi katerih je helikopter zagorel in strmoglavil. Na drugi strani so odgovornost za strmoglavljenje prevzeli talibani. Helikopter naj bi namre\u010d sestrelili oboro\u017eeni borci skupine. Medtem se \u017ee sedmi dan nadaljujejo spopadi med talibani in afganistanskimi silami v Kunduzu. Nobena od strani doslej ni zabele\u017eila vidnej\u0161ega napredka, civilisti pa \u0161e naprej be\u017eijo iz mesta, poro\u010da dpa. Napad talibanov na Kunduz se je za\u010del v nedeljo, leto dni zatem, ko je skupina za dva tedna prevzela nadzor nad strate\u0161ko pomembnim mestom, preden so jo znova izgnale afganistanske sile.Svet<\/p>\n","protected":false},"author":1,"featured_media":0,"comment_status":"closed","ping_status":"closed","sticky":false,"template":"","format":"standard","meta":{"footnotes":""},"categories":[1179],"tags":[],"source":[1711],"supertag":[],"acf":[],"yoast_head":"<!-- This site is optimized with the Yoast SEO plugin v21.3 - https:\/\/yoast.com\/wordpress\/plugins\/seo\/ -->\n<title>V strmoglavljenju voja\u0161kega helikopterja v Afganistanu ve\u010d mrtvih - Hudo Slovenija<\/title>\n<meta name=\"robots\" content=\"index, follow, max-snippet:-1, max-image-preview:large, max-video-preview:-1\" \/>\n<link rel=\"canonical\" href=\"https:\/\/hudo.com\/si\/aktualno\/v-strmoglavljenju-vojaskega-helikopterja-v-afganistanu-vec-mrtvih\/\" \/>\n<meta property=\"og:locale\" content=\"sl_SI\" \/>\n<meta property=\"og:type\" content=\"article\" \/>\n<meta property=\"og:title\" content=\"V strmoglavljenju voja\u0161kega helikopterja v Afganistanu ve\u010d mrtvih - Hudo Slovenija\" \/>\n<meta property=\"og:description\" content=\"V Afganistanu je danes v strmoglavljenju helikopterja afganistanske vojske v severni provinci Baglan umrlo sedem ljudi. Odgovornost za sestrelitev so prevzeli talibani, medtem ko uradna izjava ministrstva za obrambo navaja, da je helikopter zagorel zaradi tehni\u010dnih te\u017eav, poro\u010da nem\u0161ka tiskovna agencija dpa. Strmoglavil je helikopter, ki naj bi v voja\u0161ko opori\u0161\u010de pripeljal sve\u017ee zaloge. Umrli so \u0161tirje \u010dlani posadke in trije vojaki, izjavo ministrstva za obrambo povzema francoska tiskovna agencija AFP. Ministrstvo je kot vzrok za nesre\u010do navedlo tehni\u010dne te\u017eave, zaradi katerih je helikopter zagorel in strmoglavil. Na drugi strani so odgovornost za strmoglavljenje prevzeli talibani. Helikopter naj bi namre\u010d sestrelili oboro\u017eeni borci skupine. Medtem se \u017ee sedmi dan nadaljujejo spopadi med talibani in afganistanskimi silami v Kunduzu. Nobena od strani doslej ni zabele\u017eila vidnej\u0161ega napredka, civilisti pa \u0161e naprej be\u017eijo iz mesta, poro\u010da dpa. Napad talibanov na Kunduz se je za\u010del v nedeljo, leto dni zatem, ko je skupina za dva tedna prevzela nadzor nad strate\u0161ko pomembnim mestom, preden so jo znova izgnale afganistanske sile.Svet\" \/>\n<meta property=\"og:url\" content=\"https:\/\/hudo.com\/si\/aktualno\/v-strmoglavljenju-vojaskega-helikopterja-v-afganistanu-vec-mrtvih\/\" \/>\n<meta property=\"og:site_name\" content=\"Hudo Slovenija\" \/>\n<meta property=\"article:publisher\" content=\"https:\/\/www.facebook.com\/hudo.si\" \/>\n<meta property=\"article:published_time\" content=\"2016-10-09T06:00:00+00:00\" \/>\n<meta property=\"article:modified_time\" content=\"2016-10-10T04:42:49+00:00\" \/>\n<meta property=\"og:image\" content=\"https:\/\/hudo.com\/si\/wp-content\/uploads\/sites\/2\/2016\/10\/h_50026149-300.jpg\" \/>\n\t<meta property=\"og:image:width\" content=\"450\" \/>\n\t<meta property=\"og:image:height\" content=\"269\" \/>\n\t<meta property=\"og:image:type\" content=\"image\/jpeg\" \/>\n<meta name=\"author\" content=\"hudo\" \/>\n<meta name=\"twitter:card\" content=\"summary_large_image\" \/>\n<meta name=\"twitter:creator\" content=\"@hudo_si\" \/>\n<meta name=\"twitter:site\" content=\"@hudo_si\" \/>\n<meta name=\"twitter:label1\" content=\"Written by\" \/>\n\t<meta name=\"twitter:data1\" content=\"hudo\" \/>\n\t<meta name=\"twitter:label2\" content=\"Est. reading time\" \/>\n\t<meta name=\"twitter:data2\" content=\"1 minuta\" \/>\n<script type=\"application\/ld+json\" class=\"yoast-schema-graph\">{\"@context\":\"https:\/\/schema.org\",\"@graph\":[{\"@type\":\"Article\",\"@id\":\"https:\/\/hudo.com\/si\/aktualno\/v-strmoglavljenju-vojaskega-helikopterja-v-afganistanu-vec-mrtvih\/#article\",\"isPartOf\":{\"@id\":\"https:\/\/hudo.com\/si\/aktualno\/v-strmoglavljenju-vojaskega-helikopterja-v-afganistanu-vec-mrtvih\/\"},\"author\":{\"name\":\"hudo\",\"@id\":\"https:\/\/hudo.com\/si\/#\/schema\/person\/601cf3379633985b20f7e50f2bb47707\"},\"headline\":\"V strmoglavljenju voja\u0161kega helikopterja v Afganistanu ve\u010d mrtvih\",\"datePublished\":\"2016-10-09T06:00:00+00:00\",\"dateModified\":\"2016-10-10T04:42:49+00:00\",\"mainEntityOfPage\":{\"@id\":\"https:\/\/hudo.com\/si\/aktualno\/v-strmoglavljenju-vojaskega-helikopterja-v-afganistanu-vec-mrtvih\/\"},\"wordCount\":193,\"publisher\":{\"@id\":\"https:\/\/hudo.com\/si\/#organization\"},\"articleSection\":[\"Aktualno\"],\"inLanguage\":\"sl-SI\"},{\"@type\":\"WebPage\",\"@id\":\"https:\/\/hudo.com\/si\/aktualno\/v-strmoglavljenju-vojaskega-helikopterja-v-afganistanu-vec-mrtvih\/\",\"url\":\"https:\/\/hudo.com\/si\/aktualno\/v-strmoglavljenju-vojaskega-helikopterja-v-afganistanu-vec-mrtvih\/\",\"name\":\"V strmoglavljenju voja\u0161kega helikopterja v Afganistanu ve\u010d mrtvih - Hudo Slovenija\",\"isPartOf\":{\"@id\":\"https:\/\/hudo.com\/si\/#website\"},\"datePublished\":\"2016-10-09T06:00:00+00:00\",\"dateModified\":\"2016-10-10T04:42:49+00:00\",\"breadcrumb\":{\"@id\":\"https:\/\/hudo.com\/si\/aktualno\/v-strmoglavljenju-vojaskega-helikopterja-v-afganistanu-vec-mrtvih\/#breadcrumb\"},\"inLanguage\":\"sl-SI\",\"potentialAction\":[{\"@type\":\"ReadAction\",\"target\":[\"https:\/\/hudo.com\/si\/aktualno\/v-strmoglavljenju-vojaskega-helikopterja-v-afganistanu-vec-mrtvih\/\"]}]},{\"@type\":\"BreadcrumbList\",\"@id\":\"https:\/\/hudo.com\/si\/aktualno\/v-strmoglavljenju-vojaskega-helikopterja-v-afganistanu-vec-mrtvih\/#breadcrumb\",\"itemListElement\":[{\"@type\":\"ListItem\",\"position\":1,\"name\":\"Home\",\"item\":\"https:\/\/hudo.com\/si\/\"},{\"@type\":\"ListItem\",\"position\":2,\"name\":\"V strmoglavljenju voja\u0161kega helikopterja v Afganistanu ve\u010d mrtvih\"}]},{\"@type\":\"WebSite\",\"@id\":\"https:\/\/hudo.com\/si\/#website\",\"url\":\"https:\/\/hudo.com\/si\/\",\"name\":\"Hudo Slovenija\",\"description\":\"Vse novice iz Slovenije in sveta\",\"publisher\":{\"@id\":\"https:\/\/hudo.com\/si\/#organization\"},\"potentialAction\":[{\"@type\":\"SearchAction\",\"target\":{\"@type\":\"EntryPoint\",\"urlTemplate\":\"https:\/\/hudo.com\/si\/?s={search_term_string}\"},\"query-input\":\"required name=search_term_string\"}],\"inLanguage\":\"sl-SI\"},{\"@type\":\"Organization\",\"@id\":\"https:\/\/hudo.com\/si\/#organization\",\"name\":\"VSN Media\",\"url\":\"https:\/\/hudo.com\/si\/\",\"logo\":{\"@type\":\"ImageObject\",\"inLanguage\":\"sl-SI\",\"@id\":\"https:\/\/hudo.com\/si\/#\/schema\/logo\/image\/\",\"url\":\"https:\/\/hudo.com\/si\/wp-content\/uploads\/sites\/2\/2021\/03\/hudo-app-2.png\",\"contentUrl\":\"https:\/\/hudo.com\/si\/wp-content\/uploads\/sites\/2\/2021\/03\/hudo-app-2.png\",\"width\":2185,\"height\":2167,\"caption\":\"VSN Media\"},\"image\":{\"@id\":\"https:\/\/hudo.com\/si\/#\/schema\/logo\/image\/\"},\"sameAs\":[\"https:\/\/www.facebook.com\/hudo.si\",\"https:\/\/twitter.com\/hudo_si\"]},{\"@type\":\"Person\",\"@id\":\"https:\/\/hudo.com\/si\/#\/schema\/person\/601cf3379633985b20f7e50f2bb47707\",\"name\":\"hudo\",\"image\":{\"@type\":\"ImageObject\",\"inLanguage\":\"sl-SI\",\"@id\":\"https:\/\/hudo.com\/si\/#\/schema\/person\/image\/\",\"url\":\"https:\/\/secure.gravatar.com\/avatar\/c4ca25fa72cace7a696b52ff5db9e095?s=96&d=mm&r=g\",\"contentUrl\":\"https:\/\/secure.gravatar.com\/avatar\/c4ca25fa72cace7a696b52ff5db9e095?s=96&d=mm&r=g\",\"caption\":\"hudo\"},\"url\":\"https:\/\/hudo.com\/si\/author\/hudo\/\"}]}<\/script>\n<!-- \/ Yoast SEO plugin. -->","yoast_head_json":{"title":"V strmoglavljenju voja\u0161kega helikopterja v Afganistanu ve\u010d mrtvih - Hudo Slovenija","robots":{"index":"index","follow":"follow","max-snippet":"max-snippet:-1","max-image-preview":"max-image-preview:large","max-video-preview":"max-video-preview:-1"},"canonical":"https:\/\/hudo.com\/si\/aktualno\/v-strmoglavljenju-vojaskega-helikopterja-v-afganistanu-vec-mrtvih\/","og_locale":"sl_SI","og_type":"article","og_title":"V strmoglavljenju voja\u0161kega helikopterja v Afganistanu ve\u010d mrtvih - Hudo Slovenija","og_description":"V Afganistanu je danes v strmoglavljenju helikopterja afganistanske vojske v severni provinci Baglan umrlo sedem ljudi. Odgovornost za sestrelitev so prevzeli talibani, medtem ko uradna izjava ministrstva za obrambo navaja, da je helikopter zagorel zaradi tehni\u010dnih te\u017eav, poro\u010da nem\u0161ka tiskovna agencija dpa. Strmoglavil je helikopter, ki naj bi v voja\u0161ko opori\u0161\u010de pripeljal sve\u017ee zaloge. Umrli so \u0161tirje \u010dlani posadke in trije vojaki, izjavo ministrstva za obrambo povzema francoska tiskovna agencija AFP. Ministrstvo je kot vzrok za nesre\u010do navedlo tehni\u010dne te\u017eave, zaradi katerih je helikopter zagorel in strmoglavil. Na drugi strani so odgovornost za strmoglavljenje prevzeli talibani. Helikopter naj bi namre\u010d sestrelili oboro\u017eeni borci skupine. Medtem se \u017ee sedmi dan nadaljujejo spopadi med talibani in afganistanskimi silami v Kunduzu. Nobena od strani doslej ni zabele\u017eila vidnej\u0161ega napredka, civilisti pa \u0161e naprej be\u017eijo iz mesta, poro\u010da dpa. Napad talibanov na Kunduz se je za\u010del v nedeljo, leto dni zatem, ko je skupina za dva tedna prevzela nadzor nad strate\u0161ko pomembnim mestom, preden so jo znova izgnale afganistanske sile.Svet","og_url":"https:\/\/hudo.com\/si\/aktualno\/v-strmoglavljenju-vojaskega-helikopterja-v-afganistanu-vec-mrtvih\/","og_site_name":"Hudo Slovenija","article_publisher":"https:\/\/www.facebook.com\/hudo.si","article_published_time":"2016-10-09T06:00:00+00:00","article_modified_time":"2016-10-10T04:42:49+00:00","og_image":[{"width":450,"height":269,"url":"https:\/\/hudo.com\/si\/wp-content\/uploads\/sites\/2\/2016\/10\/h_50026149-300.jpg","type":"image\/jpeg"}],"author":"hudo","twitter_card":"summary_large_image","twitter_creator":"@hudo_si","twitter_site":"@hudo_si","twitter_misc":{"Written by":"hudo","Est. reading time":"1 minuta"},"schema":{"@context":"https:\/\/schema.org","@graph":[{"@type":"Article","@id":"https:\/\/hudo.com\/si\/aktualno\/v-strmoglavljenju-vojaskega-helikopterja-v-afganistanu-vec-mrtvih\/#article","isPartOf":{"@id":"https:\/\/hudo.com\/si\/aktualno\/v-strmoglavljenju-vojaskega-helikopterja-v-afganistanu-vec-mrtvih\/"},"author":{"name":"hudo","@id":"https:\/\/hudo.com\/si\/#\/schema\/person\/601cf3379633985b20f7e50f2bb47707"},"headline":"V strmoglavljenju voja\u0161kega helikopterja v Afganistanu ve\u010d mrtvih","datePublished":"2016-10-09T06:00:00+00:00","dateModified":"2016-10-10T04:42:49+00:00","mainEntityOfPage":{"@id":"https:\/\/hudo.com\/si\/aktualno\/v-strmoglavljenju-vojaskega-helikopterja-v-afganistanu-vec-mrtvih\/"},"wordCount":193,"publisher":{"@id":"https:\/\/hudo.com\/si\/#organization"},"articleSection":["Aktualno"],"inLanguage":"sl-SI"},{"@type":"WebPage","@id":"https:\/\/hudo.com\/si\/aktualno\/v-strmoglavljenju-vojaskega-helikopterja-v-afganistanu-vec-mrtvih\/","url":"https:\/\/hudo.com\/si\/aktualno\/v-strmoglavljenju-vojaskega-helikopterja-v-afganistanu-vec-mrtvih\/","name":"V strmoglavljenju voja\u0161kega helikopterja v Afganistanu ve\u010d mrtvih - Hudo Slovenija","isPartOf":{"@id":"https:\/\/hudo.com\/si\/#website"},"datePublished":"2016-10-09T06:00:00+00:00","dateModified":"2016-10-10T04:42:49+00:00","breadcrumb":{"@id":"https:\/\/hudo.com\/si\/aktualno\/v-strmoglavljenju-vojaskega-helikopterja-v-afganistanu-vec-mrtvih\/#breadcrumb"},"inLanguage":"sl-SI","potentialAction":[{"@type":"ReadAction","target":["https:\/\/hudo.com\/si\/aktualno\/v-strmoglavljenju-vojaskega-helikopterja-v-afganistanu-vec-mrtvih\/"]}]},{"@type":"BreadcrumbList","@id":"https:\/\/hudo.com\/si\/aktualno\/v-strmoglavljenju-vojaskega-helikopterja-v-afganistanu-vec-mrtvih\/#breadcrumb","itemListElement":[{"@type":"ListItem","position":1,"name":"Home","item":"https:\/\/hudo.com\/si\/"},{"@type":"ListItem","position":2,"name":"V strmoglavljenju voja\u0161kega helikopterja v Afganistanu ve\u010d mrtvih"}]},{"@type":"WebSite","@id":"https:\/\/hudo.com\/si\/#website","url":"https:\/\/hudo.com\/si\/","name":"Hudo Slovenija","description":"Vse novice iz Slovenije in sveta","publisher":{"@id":"https:\/\/hudo.com\/si\/#organization"},"potentialAction":[{"@type":"SearchAction","target":{"@type":"EntryPoint","urlTemplate":"https:\/\/hudo.com\/si\/?s={search_term_string}"},"query-input":"required name=search_term_string"}],"inLanguage":"sl-SI"},{"@type":"Organization","@id":"https:\/\/hudo.com\/si\/#organization","name":"VSN Media","url":"https:\/\/hudo.com\/si\/","logo":{"@type":"ImageObject","inLanguage":"sl-SI","@id":"https:\/\/hudo.com\/si\/#\/schema\/logo\/image\/","url":"https:\/\/hudo.com\/si\/wp-content\/uploads\/sites\/2\/2021\/03\/hudo-app-2.png","contentUrl":"https:\/\/hudo.com\/si\/wp-content\/uploads\/sites\/2\/2021\/03\/hudo-app-2.png","width":2185,"height":2167,"caption":"VSN Media"},"image":{"@id":"https:\/\/hudo.com\/si\/#\/schema\/logo\/image\/"},"sameAs":["https:\/\/www.facebook.com\/hudo.si","https:\/\/twitter.com\/hudo_si"]},{"@type":"Person","@id":"https:\/\/hudo.com\/si\/#\/schema\/person\/601cf3379633985b20f7e50f2bb47707","name":"hudo","image":{"@type":"ImageObject","inLanguage":"sl-SI","@id":"https:\/\/hudo.com\/si\/#\/schema\/person\/image\/","url":"https:\/\/secure.gravatar.com\/avatar\/c4ca25fa72cace7a696b52ff5db9e095?s=96&d=mm&r=g","contentUrl":"https:\/\/secure.gravatar.com\/avatar\/c4ca25fa72cace7a696b52ff5db9e095?s=96&d=mm&r=g","caption":"hudo"},"url":"https:\/\/hudo.com\/si\/author\/hudo\/"}]}},"amp_enabled":true,"_links":{"self":[{"href":"https:\/\/hudo.com\/si\/wp-json\/wp\/v2\/posts\/150213"}],"collection":[{"href":"https:\/\/hudo.com\/si\/wp-json\/wp\/v2\/posts"}],"about":[{"href":"https:\/\/hudo.com\/si\/wp-json\/wp\/v2\/types\/post"}],"author":[{"embeddable":true,"href":"https:\/\/hudo.com\/si\/wp-json\/wp\/v2\/users\/1"}],"replies":[{"embeddable":true,"href":"https:\/\/hudo.com\/si\/wp-json\/wp\/v2\/comments?post=150213"}],"version-history":[{"count":1,"href":"https:\/\/hudo.com\/si\/wp-json\/wp\/v2\/posts\/150213\/revisions"}],"predecessor-version":[{"id":150328,"href":"https:\/\/hudo.com\/si\/wp-json\/wp\/v2\/posts\/150213\/revisions\/150328"}],"wp:attachment":[{"href":"https:\/\/hudo.com\/si\/wp-json\/wp\/v2\/media?parent=150213"}],"wp:term":[{"taxonomy":"category","embeddable":true,"href":"https:\/\/hudo.com\/si\/wp-json\/wp\/v2\/categories?post=150213"},{"taxonomy":"post_tag","embeddable":true,"href":"https:\/\/hudo.com\/si\/wp-json\/wp\/v2\/tags?post=150213"},{"taxonomy":"source","embeddable":true,"href":"https:\/\/hudo.com\/si\/wp-json\/wp\/v2\/source?post=150213"},{"taxonomy":"supertag","embeddable":true,"href":"https:\/\/hudo.com\/si\/wp-json\/wp\/v2\/supertag?post=150213"}],"curies":[{"name":"wp","href":"https:\/\/api.w.org\/{rel}","templated":true}]}}