{"id":150269,"date":"2016-10-09T11:44:18","date_gmt":"2016-10-09T09:44:18","guid":{"rendered":"http:\/\/hudo.com\/si\/?p=150269"},"modified":"2016-10-09T11:45:21","modified_gmt":"2016-10-09T09:45:21","slug":"stevilo-brezdomcev-v-sloveniji-raste-brez-strehe-nad-glavo-vec-kot-2700-ljudi","status":"publish","type":"post","link":"https:\/\/hudo.com\/si\/aktualno\/stevilo-brezdomcev-v-sloveniji-raste-brez-strehe-nad-glavo-vec-kot-2700-ljudi\/","title":{"rendered":"\u0160tevilo brezdomcev raste: V Sloveniji brez strehe nad glavo ve\u010d kot 2700 ljudi"},"content":{"rendered":"<p>Po ocenah ministrstva za delo, dru\u017eino, socialne zadeve in enake mo\u017enosti je v Sloveniji trenutno brez strehe nad glavo 2766 oseb. To\u010dno \u0161tevilo je te\u017eko dolo\u010diti, saj ni natan\u010dnih evidenc, hkrati obstajajo razli\u010dne definicije brezdomstva.<\/p>\n<p>Omenjeno oceno \u0161tevila brezdomcev je ministrstvo naredilo na podlagi \u0161tevila oseb, vklju\u010denih v programe za brezdomstvo. Medtem ko je bilo pred \u0161estimi leti uporabnikov teh programov (le) 800, jih je bilo lani \u017ee 2486, letos pa \u017ee 2766. Najve\u010d jih je \u0161e vedno na obmo\u010dju mestnih ob\u010din Ljubljana in Maribor.<\/p>\n<p>V praksi je verjetno brez doma \u0161e ve\u010d ljudi. Po podatkih dru\u0161tva Brezdomni do klju\u010da so lani zaznali 4015 brezdomnih oseb, med njimi so tudi cele dru\u017eine. Eden od problemov brezdomnih dru\u017ein je ta, da jih ne morejo namestiti skupaj, saj primanjkuje ustreznih bivalnih enot.<\/p>\n<p>Kot je pokazala terenska raziskava, ki so jo letos med 200 brezdomci v Sloveniji izvedle \u010dlanice mariborskega dru\u0161tva Humanitar\u010dek, so mo\u0161ki brezdomci povpre\u010dno stari 42 let, \u017eenske 39 let. Na leto povpre\u010dno dobesedno na ulici pre\u017eivijo mo\u0161ki brezdomci kar 131 dni, \u017eenske 17 dni. Na ulico so \u017eenske ve\u010dinoma privedla nezadostna finan\u010dna sredstva, pomanjkanje dela in nasilje v dru\u017eini, mo\u0161ke pa prepovedane substance in nezadostna finan\u010dna sredstva.<\/p>\n<p>&#8220;Dejstvo je, da \u017ee v teh zgodbah opa\u017eamo, da se lahko zgodi dejansko vsakemu &#8211; delavcu, peku, sla\u0161\u010di\u010darki, u\u010ditelju in tako dalje,&#8221; je za STA povedala predsednica Humanitar\u010dka Nina Kozorog.<\/p>\n<p>&#8220;V\u010dasih samo napa\u010den splet okoli\u0161\u010din oziroma napa\u010dna odlo\u010ditev privede do zdrsa na dru\u017ebeno dno. In kot vedno poudarjamo, v sodobni dru\u017ebi ni lahko pasti, te\u017eko se je nato pobrati. Pravzaprav je skorajda nemogo\u010de &#8216;prilesti&#8217; nazaj v ustaljeno dru\u017ebeno ureditev, ki je bistveno ve\u010d kot samo &#8216;streha nad glavo&#8217;,&#8221; je dodala. Zato se ji zdi leto\u0161nje geslo svetovnega dneva brezdomcev ve\u010d kot na mestu.<\/p>\n<h2><b>Dr\u017eava z mre\u017eo programov za brezdomce<\/b><\/h2>\n<p>Na dr\u017eavni ravni je bila pred leti sprejeta Resolucija o nacionalnem programu socialnega varstva za obdobje 2013-2020, ki predvideva Mre\u017eo programov za brezdomce. Zanjo dr\u017eava vsako leto namenja ve\u010d sredstev. Medtem ko je \u0161lo v letu 2014 v ta namen nekaj ve\u010d kot 900.000 evrov, jih je letos po navedbah ministrstva za delo, dru\u017eino, socialne zadeve in enake mo\u017enosti predvidenih \u017ee skoraj 1,2 milijona evrov.<\/p>\n<p>Med drugim se v Sloveniji ob sofinanciranju omenjenega ministrstva izvajajo programi 12 zaveti\u0161\u010d in en nastanitveni program, ki imajo skupaj 269 mest. Do konca leta 2020 se v dr\u017eavi na\u010drtuje 18 zaveti\u0161\u010d s skupno 350 mesti in 20 dnevnih centrov s programi preventivnega in svetovalnega dela.<\/p>\n<p>Kot pojasnjujejo na ministrstvu, so brezdomcem na voljo tudi drugi programi. &#8220;Brezdomne osebe so se lahko vklju\u010dile v projekt odpisa dolgov. Eden od ukrepov za bla\u017eenje stisk ogro\u017eenih je od leta 2006 tudi ukrep pomo\u010di v hrani iz ukrepa EU,&#8221; so povedali za STA. Omenjeno pomo\u010d v hrani je lani prejelo 1822 brezdomcev.<\/p>\n<p>Nevladne organizacije opozarjajo, da je re\u0161evanja stisk \u0161e vedno premalo in da je veliko prelo\u017eeno na posameznike in nevladne organizacije, ki sku\u0161ajo olaj\u0161ati stisko. Med te\u017eavami, ki jih slednje omenjajo, je ta, da so do denarne socialne pomo\u010di upravi\u010dene le osebe, ki imajo prijavljeno stalno prebivali\u0161\u010de. &#8220;Osebe, ki nimajo stalnega prebivali\u0161\u010da in imajo dr\u017eavljanstvo Slovenije, najve\u010dkrat prijavijo na centru za socialno delo svoj naslov. Tako pridobijo pravico do denarne socialne pomo\u010di,&#8221; pojasnjujejo na ministrstvu.<\/p>\n<p>Letos so brezdomci dobili pravico do ban\u010dnega ra\u010duna. Poleti je namre\u010d dr\u017eavni zbor sprejel novelo zakona o pla\u010dilnih storitvah in sistemih, ki vsakemu potro\u0161niku daje pravico do osnovnega ban\u010dnega ra\u010duna. Kako bo to za\u017eivelo v praksi, je prezgodaj govoriti. &#8220;Upam pa, da ne bo to nova etiketa, stigma za ciljno populacijo, kot je na primer stalni naslov na centru za socialno delo. Vsakega \u010dloveka je treba obravnavati dostojanstveno, ne glede na njegovo stanje, brez kakr\u0161nih koli etiket,&#8221; je za STA povedala podpredsednica mre\u017ee Brezdomni do klju\u010da Suzi Kvas.<\/p>\n<p>Varuh \u010dlovekovih pravic pa ob dnevu brezdomcev opozarja, da \u0161tevilo brezdomnih oseb v Sloveniji nara\u0161\u010da, prav tako se spreminja njihova struktura, saj je vedno ve\u010d brezdomnih dru\u017ein. Zato bi bilo treba po njegovem mnenju k re\u0161evanju problematike pristopiti takoj. Med drugim bi morala dr\u017eava \u017ee kon\u010dno sprejeti strategijo obvladovanja brezdomnosti, opozarja. Dodaja \u0161e, da skrbno spremlja ravnanje vlade ter ostalih pristojnih na tem podro\u010dju.<\/p>\n<h2><b>Brezdomci so ljudje kot vsi ostali<\/b><\/h2>\n<p>Da bi spremenili odnos dru\u017ebe do brezdomcev, se vse od leta 2010 obele\u017euje svetovni dan brezdomcev. Obele\u017eevanju se bo v ponedeljek pridru\u017eila tudi Slovenija. V ve\u010d zaveti\u0161\u010dih za brezdomce bodo priredili dan odprtih vrat in druge dejavnosti.<\/p>\n<p>V Mariboru bodo v organizaciji Humanitar\u010dka ponovno sklenili \u017divo verigo \u010dez Stari most, na kateri si bodo brezdomci in ostali ljudje podali roke. &#8220;Vsak brezdomec je eden preve\u010d,&#8221; je \u017ee pred leti poudaril predsednik Slovenske mre\u017ee organizacij za delo z brezdomnimi osebami Bo\u0161tjan Cveti\u010d.<\/p>\n","protected":false},"excerpt":{"rendered":"<p>\u0160tevilo brezdomcev tudi v Sloveniji raste, zato ima leto\u0161nji svetovni dan brezdomcev, ki se obele\u017euje 10. oktobra, slogan Lahko se zgodi tudi tebi. In ko se zgodi, se je te\u017eko pobrati. Kot je pokazala raziskava dru\u0161tva Humanitar\u010dek, mo\u0161ki brezdomci na cesti pre\u017eivijo povpre\u010dno kar 12 let, \u017eenske pa \u0161tiri.<\/p>\n","protected":false},"author":5,"featured_media":150270,"comment_status":"closed","ping_status":"closed","sticky":false,"template":"","format":"standard","meta":{"footnotes":""},"categories":[1179],"tags":[3315,6639],"source":[4511],"supertag":[5675],"acf":[],"yoast_head":"<!-- This site is optimized with the Yoast SEO plugin v21.3 - https:\/\/yoast.com\/wordpress\/plugins\/seo\/ -->\n<title>\u0160tevilo brezdomcev raste: V Sloveniji brez strehe nad glavo ve\u010d kot 2700 ljudi - Hudo Slovenija<\/title>\n<meta name=\"robots\" content=\"index, follow, max-snippet:-1, max-image-preview:large, max-video-preview:-1\" \/>\n<link rel=\"canonical\" href=\"https:\/\/hudo.com\/si\/aktualno\/stevilo-brezdomcev-v-sloveniji-raste-brez-strehe-nad-glavo-vec-kot-2700-ljudi\/\" \/>\n<meta property=\"og:locale\" content=\"sl_SI\" \/>\n<meta property=\"og:type\" content=\"article\" \/>\n<meta property=\"og:title\" content=\"\u0160tevilo brezdomcev raste: V Sloveniji brez strehe nad glavo ve\u010d kot 2700 ljudi - Hudo Slovenija\" \/>\n<meta property=\"og:description\" content=\"\u0160tevilo brezdomcev tudi v Sloveniji raste, zato ima leto\u0161nji svetovni dan brezdomcev, ki se obele\u017euje 10. oktobra, slogan Lahko se zgodi tudi tebi. In ko se zgodi, se je te\u017eko pobrati. Kot je pokazala raziskava dru\u0161tva Humanitar\u010dek, mo\u0161ki brezdomci na cesti pre\u017eivijo povpre\u010dno kar 12 let, \u017eenske pa \u0161tiri.\" \/>\n<meta property=\"og:url\" content=\"https:\/\/hudo.com\/si\/aktualno\/stevilo-brezdomcev-v-sloveniji-raste-brez-strehe-nad-glavo-vec-kot-2700-ljudi\/\" \/>\n<meta property=\"og:site_name\" content=\"Hudo Slovenija\" \/>\n<meta property=\"article:publisher\" content=\"https:\/\/www.facebook.com\/hudo.si\" \/>\n<meta property=\"article:published_time\" content=\"2016-10-09T09:44:18+00:00\" \/>\n<meta property=\"article:modified_time\" content=\"2016-10-09T09:45:21+00:00\" \/>\n<meta property=\"og:image\" content=\"https:\/\/hudo.com\/si\/wp-content\/uploads\/sites\/2\/2016\/10\/profimedia-0299775169.jpg\" \/>\n\t<meta property=\"og:image:width\" content=\"1250\" \/>\n\t<meta property=\"og:image:height\" content=\"833\" \/>\n\t<meta property=\"og:image:type\" content=\"image\/jpeg\" \/>\n<meta name=\"author\" content=\"A. G., STA\" \/>\n<meta name=\"twitter:card\" content=\"summary_large_image\" \/>\n<meta name=\"twitter:creator\" content=\"@hudo_si\" \/>\n<meta name=\"twitter:site\" content=\"@hudo_si\" \/>\n<meta name=\"twitter:label1\" content=\"Written by\" \/>\n\t<meta name=\"twitter:data1\" content=\"A. G., STA\" \/>\n\t<meta name=\"twitter:label2\" content=\"Est. reading time\" \/>\n\t<meta name=\"twitter:data2\" content=\"4 minute\" \/>\n<script type=\"application\/ld+json\" class=\"yoast-schema-graph\">{\"@context\":\"https:\/\/schema.org\",\"@graph\":[{\"@type\":\"Article\",\"@id\":\"https:\/\/hudo.com\/si\/aktualno\/stevilo-brezdomcev-v-sloveniji-raste-brez-strehe-nad-glavo-vec-kot-2700-ljudi\/#article\",\"isPartOf\":{\"@id\":\"https:\/\/hudo.com\/si\/aktualno\/stevilo-brezdomcev-v-sloveniji-raste-brez-strehe-nad-glavo-vec-kot-2700-ljudi\/\"},\"author\":{\"name\":\"A. G., STA\",\"@id\":\"https:\/\/hudo.com\/si\/#\/schema\/person\/2391667a63ea075ba94f2f2dc6b77537\"},\"headline\":\"\u0160tevilo brezdomcev raste: V Sloveniji brez strehe nad glavo ve\u010d kot 2700 ljudi\",\"datePublished\":\"2016-10-09T09:44:18+00:00\",\"dateModified\":\"2016-10-09T09:45:21+00:00\",\"mainEntityOfPage\":{\"@id\":\"https:\/\/hudo.com\/si\/aktualno\/stevilo-brezdomcev-v-sloveniji-raste-brez-strehe-nad-glavo-vec-kot-2700-ljudi\/\"},\"wordCount\":855,\"publisher\":{\"@id\":\"https:\/\/hudo.com\/si\/#organization\"},\"keywords\":[\"brezdomci\",\"svetovni dan brezdomcev\"],\"articleSection\":[\"Aktualno\"],\"inLanguage\":\"sl-SI\"},{\"@type\":\"WebPage\",\"@id\":\"https:\/\/hudo.com\/si\/aktualno\/stevilo-brezdomcev-v-sloveniji-raste-brez-strehe-nad-glavo-vec-kot-2700-ljudi\/\",\"url\":\"https:\/\/hudo.com\/si\/aktualno\/stevilo-brezdomcev-v-sloveniji-raste-brez-strehe-nad-glavo-vec-kot-2700-ljudi\/\",\"name\":\"\u0160tevilo brezdomcev raste: V Sloveniji brez strehe nad glavo ve\u010d kot 2700 ljudi - Hudo Slovenija\",\"isPartOf\":{\"@id\":\"https:\/\/hudo.com\/si\/#website\"},\"datePublished\":\"2016-10-09T09:44:18+00:00\",\"dateModified\":\"2016-10-09T09:45:21+00:00\",\"breadcrumb\":{\"@id\":\"https:\/\/hudo.com\/si\/aktualno\/stevilo-brezdomcev-v-sloveniji-raste-brez-strehe-nad-glavo-vec-kot-2700-ljudi\/#breadcrumb\"},\"inLanguage\":\"sl-SI\",\"potentialAction\":[{\"@type\":\"ReadAction\",\"target\":[\"https:\/\/hudo.com\/si\/aktualno\/stevilo-brezdomcev-v-sloveniji-raste-brez-strehe-nad-glavo-vec-kot-2700-ljudi\/\"]}]},{\"@type\":\"BreadcrumbList\",\"@id\":\"https:\/\/hudo.com\/si\/aktualno\/stevilo-brezdomcev-v-sloveniji-raste-brez-strehe-nad-glavo-vec-kot-2700-ljudi\/#breadcrumb\",\"itemListElement\":[{\"@type\":\"ListItem\",\"position\":1,\"name\":\"Home\",\"item\":\"https:\/\/hudo.com\/si\/\"},{\"@type\":\"ListItem\",\"position\":2,\"name\":\"\u0160tevilo brezdomcev raste: V Sloveniji brez strehe nad glavo ve\u010d kot 2700 ljudi\"}]},{\"@type\":\"WebSite\",\"@id\":\"https:\/\/hudo.com\/si\/#website\",\"url\":\"https:\/\/hudo.com\/si\/\",\"name\":\"Hudo Slovenija\",\"description\":\"Vse novice iz Slovenije in sveta\",\"publisher\":{\"@id\":\"https:\/\/hudo.com\/si\/#organization\"},\"potentialAction\":[{\"@type\":\"SearchAction\",\"target\":{\"@type\":\"EntryPoint\",\"urlTemplate\":\"https:\/\/hudo.com\/si\/?s={search_term_string}\"},\"query-input\":\"required name=search_term_string\"}],\"inLanguage\":\"sl-SI\"},{\"@type\":\"Organization\",\"@id\":\"https:\/\/hudo.com\/si\/#organization\",\"name\":\"VSN Media\",\"url\":\"https:\/\/hudo.com\/si\/\",\"logo\":{\"@type\":\"ImageObject\",\"inLanguage\":\"sl-SI\",\"@id\":\"https:\/\/hudo.com\/si\/#\/schema\/logo\/image\/\",\"url\":\"https:\/\/hudo.com\/si\/wp-content\/uploads\/sites\/2\/2021\/03\/hudo-app-2.png\",\"contentUrl\":\"https:\/\/hudo.com\/si\/wp-content\/uploads\/sites\/2\/2021\/03\/hudo-app-2.png\",\"width\":2185,\"height\":2167,\"caption\":\"VSN Media\"},\"image\":{\"@id\":\"https:\/\/hudo.com\/si\/#\/schema\/logo\/image\/\"},\"sameAs\":[\"https:\/\/www.facebook.com\/hudo.si\",\"https:\/\/twitter.com\/hudo_si\"]},{\"@type\":\"Person\",\"@id\":\"https:\/\/hudo.com\/si\/#\/schema\/person\/2391667a63ea075ba94f2f2dc6b77537\",\"name\":\"A. G., STA\",\"image\":{\"@type\":\"ImageObject\",\"inLanguage\":\"sl-SI\",\"@id\":\"https:\/\/hudo.com\/si\/#\/schema\/person\/image\/\",\"url\":\"https:\/\/secure.gravatar.com\/avatar\/e13d22ac3e442658d5025fbbe6238a79?s=96&d=mm&r=g\",\"contentUrl\":\"https:\/\/secure.gravatar.com\/avatar\/e13d22ac3e442658d5025fbbe6238a79?s=96&d=mm&r=g\",\"caption\":\"A. G., STA\"},\"url\":\"https:\/\/hudo.com\/si\/author\/alenka\/\"}]}<\/script>\n<!-- \/ Yoast SEO plugin. -->","yoast_head_json":{"title":"\u0160tevilo brezdomcev raste: V Sloveniji brez strehe nad glavo ve\u010d kot 2700 ljudi - Hudo Slovenija","robots":{"index":"index","follow":"follow","max-snippet":"max-snippet:-1","max-image-preview":"max-image-preview:large","max-video-preview":"max-video-preview:-1"},"canonical":"https:\/\/hudo.com\/si\/aktualno\/stevilo-brezdomcev-v-sloveniji-raste-brez-strehe-nad-glavo-vec-kot-2700-ljudi\/","og_locale":"sl_SI","og_type":"article","og_title":"\u0160tevilo brezdomcev raste: V Sloveniji brez strehe nad glavo ve\u010d kot 2700 ljudi - Hudo Slovenija","og_description":"\u0160tevilo brezdomcev tudi v Sloveniji raste, zato ima leto\u0161nji svetovni dan brezdomcev, ki se obele\u017euje 10. oktobra, slogan Lahko se zgodi tudi tebi. In ko se zgodi, se je te\u017eko pobrati. Kot je pokazala raziskava dru\u0161tva Humanitar\u010dek, mo\u0161ki brezdomci na cesti pre\u017eivijo povpre\u010dno kar 12 let, \u017eenske pa \u0161tiri.","og_url":"https:\/\/hudo.com\/si\/aktualno\/stevilo-brezdomcev-v-sloveniji-raste-brez-strehe-nad-glavo-vec-kot-2700-ljudi\/","og_site_name":"Hudo Slovenija","article_publisher":"https:\/\/www.facebook.com\/hudo.si","article_published_time":"2016-10-09T09:44:18+00:00","article_modified_time":"2016-10-09T09:45:21+00:00","og_image":[{"width":1250,"height":833,"url":"https:\/\/hudo.com\/si\/wp-content\/uploads\/sites\/2\/2016\/10\/profimedia-0299775169.jpg","type":"image\/jpeg"}],"author":"A. G., STA","twitter_card":"summary_large_image","twitter_creator":"@hudo_si","twitter_site":"@hudo_si","twitter_misc":{"Written by":"A. G., STA","Est. reading time":"4 minute"},"schema":{"@context":"https:\/\/schema.org","@graph":[{"@type":"Article","@id":"https:\/\/hudo.com\/si\/aktualno\/stevilo-brezdomcev-v-sloveniji-raste-brez-strehe-nad-glavo-vec-kot-2700-ljudi\/#article","isPartOf":{"@id":"https:\/\/hudo.com\/si\/aktualno\/stevilo-brezdomcev-v-sloveniji-raste-brez-strehe-nad-glavo-vec-kot-2700-ljudi\/"},"author":{"name":"A. G., STA","@id":"https:\/\/hudo.com\/si\/#\/schema\/person\/2391667a63ea075ba94f2f2dc6b77537"},"headline":"\u0160tevilo brezdomcev raste: V Sloveniji brez strehe nad glavo ve\u010d kot 2700 ljudi","datePublished":"2016-10-09T09:44:18+00:00","dateModified":"2016-10-09T09:45:21+00:00","mainEntityOfPage":{"@id":"https:\/\/hudo.com\/si\/aktualno\/stevilo-brezdomcev-v-sloveniji-raste-brez-strehe-nad-glavo-vec-kot-2700-ljudi\/"},"wordCount":855,"publisher":{"@id":"https:\/\/hudo.com\/si\/#organization"},"keywords":["brezdomci","svetovni dan brezdomcev"],"articleSection":["Aktualno"],"inLanguage":"sl-SI"},{"@type":"WebPage","@id":"https:\/\/hudo.com\/si\/aktualno\/stevilo-brezdomcev-v-sloveniji-raste-brez-strehe-nad-glavo-vec-kot-2700-ljudi\/","url":"https:\/\/hudo.com\/si\/aktualno\/stevilo-brezdomcev-v-sloveniji-raste-brez-strehe-nad-glavo-vec-kot-2700-ljudi\/","name":"\u0160tevilo brezdomcev raste: V Sloveniji brez strehe nad glavo ve\u010d kot 2700 ljudi - Hudo Slovenija","isPartOf":{"@id":"https:\/\/hudo.com\/si\/#website"},"datePublished":"2016-10-09T09:44:18+00:00","dateModified":"2016-10-09T09:45:21+00:00","breadcrumb":{"@id":"https:\/\/hudo.com\/si\/aktualno\/stevilo-brezdomcev-v-sloveniji-raste-brez-strehe-nad-glavo-vec-kot-2700-ljudi\/#breadcrumb"},"inLanguage":"sl-SI","potentialAction":[{"@type":"ReadAction","target":["https:\/\/hudo.com\/si\/aktualno\/stevilo-brezdomcev-v-sloveniji-raste-brez-strehe-nad-glavo-vec-kot-2700-ljudi\/"]}]},{"@type":"BreadcrumbList","@id":"https:\/\/hudo.com\/si\/aktualno\/stevilo-brezdomcev-v-sloveniji-raste-brez-strehe-nad-glavo-vec-kot-2700-ljudi\/#breadcrumb","itemListElement":[{"@type":"ListItem","position":1,"name":"Home","item":"https:\/\/hudo.com\/si\/"},{"@type":"ListItem","position":2,"name":"\u0160tevilo brezdomcev raste: V Sloveniji brez strehe nad glavo ve\u010d kot 2700 ljudi"}]},{"@type":"WebSite","@id":"https:\/\/hudo.com\/si\/#website","url":"https:\/\/hudo.com\/si\/","name":"Hudo Slovenija","description":"Vse novice iz Slovenije in sveta","publisher":{"@id":"https:\/\/hudo.com\/si\/#organization"},"potentialAction":[{"@type":"SearchAction","target":{"@type":"EntryPoint","urlTemplate":"https:\/\/hudo.com\/si\/?s={search_term_string}"},"query-input":"required name=search_term_string"}],"inLanguage":"sl-SI"},{"@type":"Organization","@id":"https:\/\/hudo.com\/si\/#organization","name":"VSN Media","url":"https:\/\/hudo.com\/si\/","logo":{"@type":"ImageObject","inLanguage":"sl-SI","@id":"https:\/\/hudo.com\/si\/#\/schema\/logo\/image\/","url":"https:\/\/hudo.com\/si\/wp-content\/uploads\/sites\/2\/2021\/03\/hudo-app-2.png","contentUrl":"https:\/\/hudo.com\/si\/wp-content\/uploads\/sites\/2\/2021\/03\/hudo-app-2.png","width":2185,"height":2167,"caption":"VSN Media"},"image":{"@id":"https:\/\/hudo.com\/si\/#\/schema\/logo\/image\/"},"sameAs":["https:\/\/www.facebook.com\/hudo.si","https:\/\/twitter.com\/hudo_si"]},{"@type":"Person","@id":"https:\/\/hudo.com\/si\/#\/schema\/person\/2391667a63ea075ba94f2f2dc6b77537","name":"A. G., STA","image":{"@type":"ImageObject","inLanguage":"sl-SI","@id":"https:\/\/hudo.com\/si\/#\/schema\/person\/image\/","url":"https:\/\/secure.gravatar.com\/avatar\/e13d22ac3e442658d5025fbbe6238a79?s=96&d=mm&r=g","contentUrl":"https:\/\/secure.gravatar.com\/avatar\/e13d22ac3e442658d5025fbbe6238a79?s=96&d=mm&r=g","caption":"A. G., STA"},"url":"https:\/\/hudo.com\/si\/author\/alenka\/"}]}},"amp_enabled":true,"_links":{"self":[{"href":"https:\/\/hudo.com\/si\/wp-json\/wp\/v2\/posts\/150269"}],"collection":[{"href":"https:\/\/hudo.com\/si\/wp-json\/wp\/v2\/posts"}],"about":[{"href":"https:\/\/hudo.com\/si\/wp-json\/wp\/v2\/types\/post"}],"author":[{"embeddable":true,"href":"https:\/\/hudo.com\/si\/wp-json\/wp\/v2\/users\/5"}],"replies":[{"embeddable":true,"href":"https:\/\/hudo.com\/si\/wp-json\/wp\/v2\/comments?post=150269"}],"version-history":[{"count":2,"href":"https:\/\/hudo.com\/si\/wp-json\/wp\/v2\/posts\/150269\/revisions"}],"predecessor-version":[{"id":150272,"href":"https:\/\/hudo.com\/si\/wp-json\/wp\/v2\/posts\/150269\/revisions\/150272"}],"wp:featuredmedia":[{"embeddable":true,"href":"https:\/\/hudo.com\/si\/wp-json\/wp\/v2\/media\/150270"}],"wp:attachment":[{"href":"https:\/\/hudo.com\/si\/wp-json\/wp\/v2\/media?parent=150269"}],"wp:term":[{"taxonomy":"category","embeddable":true,"href":"https:\/\/hudo.com\/si\/wp-json\/wp\/v2\/categories?post=150269"},{"taxonomy":"post_tag","embeddable":true,"href":"https:\/\/hudo.com\/si\/wp-json\/wp\/v2\/tags?post=150269"},{"taxonomy":"source","embeddable":true,"href":"https:\/\/hudo.com\/si\/wp-json\/wp\/v2\/source?post=150269"},{"taxonomy":"supertag","embeddable":true,"href":"https:\/\/hudo.com\/si\/wp-json\/wp\/v2\/supertag?post=150269"}],"curies":[{"name":"wp","href":"https:\/\/api.w.org\/{rel}","templated":true}]}}