{"id":150306,"date":"2016-10-09T10:30:00","date_gmt":"2016-10-09T08:30:00","guid":{"rendered":"http:\/\/hudo.com\/si\/2016\/10\/09\/vlada-je-utemeljevala-svobodo-tiska-z-obstojem-nepszabadsaga\/"},"modified":"2016-10-09T10:30:00","modified_gmt":"2016-10-09T08:30:00","slug":"vlada-je-utemeljevala-svobodo-tiska-z-obstojem-nepszabadsaga","status":"publish","type":"post","link":"https:\/\/hudo.com\/si\/aktualno\/vlada-je-utemeljevala-svobodo-tiska-z-obstojem-nepszabadsaga\/","title":{"rendered":"Vlada je utemeljevala svobodo tiska z obstojem N\u00e9pszabads\u00e1ga &#8220;"},"content":{"rendered":"<p>\u00bbTo je bil \u010drni dan za svobodo tiska na Mad\u017earskem. Uti\u0161an je bil eden redkih medijev, v katerem so ljudje \u0161e lahko prebrali kaj kriti\u010dnega o mad\u017earski vladi in njenih ravnanjih. \u0160koda bo, \u010de \u010dasopis ne bo ponovno za\u010del izhajati, nepopravljiva.\u00ab Tako nam je pomen in posledice v\u010deraj\u0161nje ukinitve levo usmerjenega, opozicijskega \u010dasopisa v telefonskem pogovoru opisal starej\u0161i urednik in reporter Andr\u00e1s D\u00e9si, ki je pri N\u00e9pszabads\u00e1gu delal dobrih 26 let. Slednji je zaposloval okoli 100 ljudi od tega 60 novinarjev. Desi je, upo\u0161tevajo\u010d, da so novinarji \u0161e vedno zaposleni \u2013 lastnik Mediaworks je v sporo\u010dilu zapisal, da je izdajanje \u010dasopisa ustavljeno iz ekonomskih razlogov dokler se ne najde nov poslovni model &#8211; razumljivo previden. A na Mad\u017earskem tako reko\u010d nih\u010de ne verjame, da so ukinitvi \u010dasopisa botrovali ekonomski razlogi, \u010deprav je dejstvo, da je \u010dasopis ustvarjal izgubo. Omenjeni \u010dasopis je bil \u017ee dolgo \u0161e edini medijski trn v peti Orbanovi vladi, saj je v \u010dasu protibegunske zgodbe razkril nekaj krutih in nesprejemljivih ravnanj pristojnih organov. V zadnjem \u010dasu pa je objavil tudi dve odmevni zgodbi; prva je zadevala ministra v Orbanovem kabinetu Ant\u00e1la Rog\u00e1n, ki je na predve\u010der referenduma najel helikopter, da je lahko z dru\u017eino odletel na poroko ene od mad\u017earskih starlet in se nato v nedeljo vrnil v Budimpe\u0161to. Ob tem, da je najem stal ve\u010d, kot zna\u0161a njegova pla\u010da, je Rog\u00e1n zanikal, da bi najel helikopter in novinarjem N\u00e9pszabads\u00e1ga grozil s to\u017ebo. Ko so ti pokazali dokaze, pa se je zavil v molk. Druga zgodba zadeva klientelisti\u010dno ravnanje guvernerja mad\u017earske centralne banke, G\u00f6rgya M\u00e1tolcsyja, ki je svoji ljubici in njeni sestri \u2013 obe sta zaposleni v ta isti banki \u2013 omogo\u010dil dobro pla\u010do in izobra\u017eevanje na davkople\u010davalski ra\u010dun. Nadaljevanje obeh zgodb je bilo tudi na naslovnici zadnje izdaje N\u00e9pszabads\u00e1ga. Kako in kdaj ste novinarji izvedeli, da je \u010dasopis ukinjen? \u00bbO tem me je obvestil prijatelj in kolega v soboto zjutraj. Dostavljalci so zaposlenim pred<\/p>\n","protected":false},"excerpt":{"rendered":"<p>\u00bbTo je bil \u010drni dan za svobodo tiska na Mad\u017earskem. Uti\u0161an je bil eden redkih medijev, v katerem so ljudje \u0161e lahko prebrali kaj kriti\u010dnega o mad\u017earski vladi in njenih ravnanjih. \u0160koda bo, \u010de \u010dasopis ne bo ponovno za\u010del izhajati, nepopravljiva.\u00ab Tako nam je pomen in posledice v\u010deraj\u0161nje ukinitve levo usmerjenega, opozicijskega \u010dasopisa v telefonskem pogovoru opisal starej\u0161i urednik in reporter Andr\u00e1s D\u00e9si, ki je pri N\u00e9pszabads\u00e1gu delal dobrih 26 let. Slednji je zaposloval okoli 100 ljudi od tega 60 novinarjev. Desi je, upo\u0161tevajo\u010d, da so novinarji \u0161e vedno zaposleni \u2013 lastnik Mediaworks je v sporo\u010dilu zapisal, da je izdajanje \u010dasopisa ustavljeno iz ekonomskih razlogov dokler se ne najde nov poslovni model &#8211; razumljivo previden. A na Mad\u017earskem tako reko\u010d nih\u010de ne verjame, da so ukinitvi \u010dasopisa botrovali ekonomski razlogi, \u010deprav je dejstvo, da je \u010dasopis ustvarjal izgubo. Omenjeni \u010dasopis je bil \u017ee dolgo \u0161e edini medijski trn v peti Orbanovi vladi, saj je v \u010dasu protibegunske zgodbe razkril nekaj krutih in nesprejemljivih ravnanj pristojnih organov. V zadnjem \u010dasu pa je objavil tudi dve odmevni zgodbi; prva je zadevala ministra v Orbanovem kabinetu Ant\u00e1la Rog\u00e1n, ki je na predve\u010der referenduma najel helikopter, da je lahko z dru\u017eino odletel na poroko ene od mad\u017earskih starlet in se nato v nedeljo vrnil v Budimpe\u0161to. Ob tem, da je najem stal ve\u010d, kot zna\u0161a njegova pla\u010da, je Rog\u00e1n zanikal, da bi najel helikopter in novinarjem N\u00e9pszabads\u00e1ga grozil s to\u017ebo. Ko so ti pokazali dokaze, pa se je zavil v molk. Druga zgodba zadeva klientelisti\u010dno ravnanje guvernerja mad\u017earske centralne banke, G\u00f6rgya M\u00e1tolcsyja, ki je svoji ljubici in njeni sestri \u2013 obe sta zaposleni v ta isti banki \u2013 omogo\u010dil dobro pla\u010do in izobra\u017eevanje na davkople\u010davalski ra\u010dun. Nadaljevanje obeh zgodb je bilo tudi na naslovnici zadnje izdaje N\u00e9pszabads\u00e1ga. Kako in kdaj ste novinarji izvedeli, da je \u010dasopis ukinjen? \u00bbO tem me je obvestil prijatelj in kolega v soboto zjutraj. Dostavljalci so zaposlenim pred<\/p>\n","protected":false},"author":1,"featured_media":0,"comment_status":"closed","ping_status":"closed","sticky":false,"template":"","format":"standard","meta":{"footnotes":""},"categories":[1179],"tags":[],"source":[1711],"supertag":[],"acf":[],"yoast_head":"<!-- This site is optimized with the Yoast SEO plugin v21.3 - https:\/\/yoast.com\/wordpress\/plugins\/seo\/ -->\n<title>Vlada je utemeljevala svobodo tiska z obstojem N\u00e9pszabads\u00e1ga &quot; - Hudo Slovenija<\/title>\n<meta name=\"robots\" content=\"index, follow, max-snippet:-1, max-image-preview:large, max-video-preview:-1\" \/>\n<link rel=\"canonical\" href=\"https:\/\/hudo.com\/si\/aktualno\/vlada-je-utemeljevala-svobodo-tiska-z-obstojem-nepszabadsaga\/\" \/>\n<meta property=\"og:locale\" content=\"sl_SI\" \/>\n<meta property=\"og:type\" content=\"article\" \/>\n<meta property=\"og:title\" content=\"Vlada je utemeljevala svobodo tiska z obstojem N\u00e9pszabads\u00e1ga &quot; - Hudo Slovenija\" \/>\n<meta property=\"og:description\" content=\"\u00bbTo je bil \u010drni dan za svobodo tiska na Mad\u017earskem. Uti\u0161an je bil eden redkih medijev, v katerem so ljudje \u0161e lahko prebrali kaj kriti\u010dnega o mad\u017earski vladi in njenih ravnanjih. \u0160koda bo, \u010de \u010dasopis ne bo ponovno za\u010del izhajati, nepopravljiva.\u00ab Tako nam je pomen in posledice v\u010deraj\u0161nje ukinitve levo usmerjenega, opozicijskega \u010dasopisa v telefonskem pogovoru opisal starej\u0161i urednik in reporter Andr\u00e1s D\u00e9si, ki je pri N\u00e9pszabads\u00e1gu delal dobrih 26 let. Slednji je zaposloval okoli 100 ljudi od tega 60 novinarjev. Desi je, upo\u0161tevajo\u010d, da so novinarji \u0161e vedno zaposleni \u2013 lastnik Mediaworks je v sporo\u010dilu zapisal, da je izdajanje \u010dasopisa ustavljeno iz ekonomskih razlogov dokler se ne najde nov poslovni model - razumljivo previden. A na Mad\u017earskem tako reko\u010d nih\u010de ne verjame, da so ukinitvi \u010dasopisa botrovali ekonomski razlogi, \u010deprav je dejstvo, da je \u010dasopis ustvarjal izgubo. Omenjeni \u010dasopis je bil \u017ee dolgo \u0161e edini medijski trn v peti Orbanovi vladi, saj je v \u010dasu protibegunske zgodbe razkril nekaj krutih in nesprejemljivih ravnanj pristojnih organov. V zadnjem \u010dasu pa je objavil tudi dve odmevni zgodbi; prva je zadevala ministra v Orbanovem kabinetu Ant\u00e1la Rog\u00e1n, ki je na predve\u010der referenduma najel helikopter, da je lahko z dru\u017eino odletel na poroko ene od mad\u017earskih starlet in se nato v nedeljo vrnil v Budimpe\u0161to. Ob tem, da je najem stal ve\u010d, kot zna\u0161a njegova pla\u010da, je Rog\u00e1n zanikal, da bi najel helikopter in novinarjem N\u00e9pszabads\u00e1ga grozil s to\u017ebo. Ko so ti pokazali dokaze, pa se je zavil v molk. Druga zgodba zadeva klientelisti\u010dno ravnanje guvernerja mad\u017earske centralne banke, G\u00f6rgya M\u00e1tolcsyja, ki je svoji ljubici in njeni sestri \u2013 obe sta zaposleni v ta isti banki \u2013 omogo\u010dil dobro pla\u010do in izobra\u017eevanje na davkople\u010davalski ra\u010dun. Nadaljevanje obeh zgodb je bilo tudi na naslovnici zadnje izdaje N\u00e9pszabads\u00e1ga. Kako in kdaj ste novinarji izvedeli, da je \u010dasopis ukinjen? \u00bbO tem me je obvestil prijatelj in kolega v soboto zjutraj. Dostavljalci so zaposlenim pred\" \/>\n<meta property=\"og:url\" content=\"https:\/\/hudo.com\/si\/aktualno\/vlada-je-utemeljevala-svobodo-tiska-z-obstojem-nepszabadsaga\/\" \/>\n<meta property=\"og:site_name\" content=\"Hudo Slovenija\" \/>\n<meta property=\"article:publisher\" content=\"https:\/\/www.facebook.com\/hudo.si\" \/>\n<meta property=\"article:published_time\" content=\"2016-10-09T08:30:00+00:00\" \/>\n<meta property=\"og:image\" content=\"https:\/\/hudo.com\/si\/wp-content\/uploads\/sites\/2\/2016\/10\/01225641F-300.jpg\" \/>\n\t<meta property=\"og:image:width\" content=\"450\" \/>\n\t<meta property=\"og:image:height\" content=\"305\" \/>\n\t<meta property=\"og:image:type\" content=\"image\/jpeg\" \/>\n<meta name=\"author\" content=\"hudo\" \/>\n<meta name=\"twitter:card\" content=\"summary_large_image\" \/>\n<meta name=\"twitter:creator\" content=\"@hudo_si\" \/>\n<meta name=\"twitter:site\" content=\"@hudo_si\" \/>\n<meta name=\"twitter:label1\" content=\"Written by\" \/>\n\t<meta name=\"twitter:data1\" content=\"hudo\" \/>\n\t<meta name=\"twitter:label2\" content=\"Est. reading time\" \/>\n\t<meta name=\"twitter:data2\" content=\"2 minuti\" \/>\n<script type=\"application\/ld+json\" class=\"yoast-schema-graph\">{\"@context\":\"https:\/\/schema.org\",\"@graph\":[{\"@type\":\"Article\",\"@id\":\"https:\/\/hudo.com\/si\/aktualno\/vlada-je-utemeljevala-svobodo-tiska-z-obstojem-nepszabadsaga\/#article\",\"isPartOf\":{\"@id\":\"https:\/\/hudo.com\/si\/aktualno\/vlada-je-utemeljevala-svobodo-tiska-z-obstojem-nepszabadsaga\/\"},\"author\":{\"name\":\"hudo\",\"@id\":\"https:\/\/hudo.com\/si\/#\/schema\/person\/601cf3379633985b20f7e50f2bb47707\"},\"headline\":\"Vlada je utemeljevala svobodo tiska z obstojem N\u00e9pszabads\u00e1ga &#8220;\",\"datePublished\":\"2016-10-09T08:30:00+00:00\",\"dateModified\":\"2016-10-09T08:30:00+00:00\",\"mainEntityOfPage\":{\"@id\":\"https:\/\/hudo.com\/si\/aktualno\/vlada-je-utemeljevala-svobodo-tiska-z-obstojem-nepszabadsaga\/\"},\"wordCount\":361,\"publisher\":{\"@id\":\"https:\/\/hudo.com\/si\/#organization\"},\"articleSection\":[\"Aktualno\"],\"inLanguage\":\"sl-SI\"},{\"@type\":\"WebPage\",\"@id\":\"https:\/\/hudo.com\/si\/aktualno\/vlada-je-utemeljevala-svobodo-tiska-z-obstojem-nepszabadsaga\/\",\"url\":\"https:\/\/hudo.com\/si\/aktualno\/vlada-je-utemeljevala-svobodo-tiska-z-obstojem-nepszabadsaga\/\",\"name\":\"Vlada je utemeljevala svobodo tiska z obstojem N\u00e9pszabads\u00e1ga \\\" - Hudo Slovenija\",\"isPartOf\":{\"@id\":\"https:\/\/hudo.com\/si\/#website\"},\"datePublished\":\"2016-10-09T08:30:00+00:00\",\"dateModified\":\"2016-10-09T08:30:00+00:00\",\"breadcrumb\":{\"@id\":\"https:\/\/hudo.com\/si\/aktualno\/vlada-je-utemeljevala-svobodo-tiska-z-obstojem-nepszabadsaga\/#breadcrumb\"},\"inLanguage\":\"sl-SI\",\"potentialAction\":[{\"@type\":\"ReadAction\",\"target\":[\"https:\/\/hudo.com\/si\/aktualno\/vlada-je-utemeljevala-svobodo-tiska-z-obstojem-nepszabadsaga\/\"]}]},{\"@type\":\"BreadcrumbList\",\"@id\":\"https:\/\/hudo.com\/si\/aktualno\/vlada-je-utemeljevala-svobodo-tiska-z-obstojem-nepszabadsaga\/#breadcrumb\",\"itemListElement\":[{\"@type\":\"ListItem\",\"position\":1,\"name\":\"Home\",\"item\":\"https:\/\/hudo.com\/si\/\"},{\"@type\":\"ListItem\",\"position\":2,\"name\":\"Vlada je utemeljevala svobodo tiska z obstojem N\u00e9pszabads\u00e1ga &#8220;\"}]},{\"@type\":\"WebSite\",\"@id\":\"https:\/\/hudo.com\/si\/#website\",\"url\":\"https:\/\/hudo.com\/si\/\",\"name\":\"Hudo Slovenija\",\"description\":\"Vse novice iz Slovenije in sveta\",\"publisher\":{\"@id\":\"https:\/\/hudo.com\/si\/#organization\"},\"potentialAction\":[{\"@type\":\"SearchAction\",\"target\":{\"@type\":\"EntryPoint\",\"urlTemplate\":\"https:\/\/hudo.com\/si\/?s={search_term_string}\"},\"query-input\":\"required name=search_term_string\"}],\"inLanguage\":\"sl-SI\"},{\"@type\":\"Organization\",\"@id\":\"https:\/\/hudo.com\/si\/#organization\",\"name\":\"VSN Media\",\"url\":\"https:\/\/hudo.com\/si\/\",\"logo\":{\"@type\":\"ImageObject\",\"inLanguage\":\"sl-SI\",\"@id\":\"https:\/\/hudo.com\/si\/#\/schema\/logo\/image\/\",\"url\":\"https:\/\/hudo.com\/si\/wp-content\/uploads\/sites\/2\/2021\/03\/hudo-app-2.png\",\"contentUrl\":\"https:\/\/hudo.com\/si\/wp-content\/uploads\/sites\/2\/2021\/03\/hudo-app-2.png\",\"width\":2185,\"height\":2167,\"caption\":\"VSN Media\"},\"image\":{\"@id\":\"https:\/\/hudo.com\/si\/#\/schema\/logo\/image\/\"},\"sameAs\":[\"https:\/\/www.facebook.com\/hudo.si\",\"https:\/\/twitter.com\/hudo_si\"]},{\"@type\":\"Person\",\"@id\":\"https:\/\/hudo.com\/si\/#\/schema\/person\/601cf3379633985b20f7e50f2bb47707\",\"name\":\"hudo\",\"image\":{\"@type\":\"ImageObject\",\"inLanguage\":\"sl-SI\",\"@id\":\"https:\/\/hudo.com\/si\/#\/schema\/person\/image\/\",\"url\":\"https:\/\/secure.gravatar.com\/avatar\/c4ca25fa72cace7a696b52ff5db9e095?s=96&d=mm&r=g\",\"contentUrl\":\"https:\/\/secure.gravatar.com\/avatar\/c4ca25fa72cace7a696b52ff5db9e095?s=96&d=mm&r=g\",\"caption\":\"hudo\"},\"url\":\"https:\/\/hudo.com\/si\/author\/hudo\/\"}]}<\/script>\n<!-- \/ Yoast SEO plugin. -->","yoast_head_json":{"title":"Vlada je utemeljevala svobodo tiska z obstojem N\u00e9pszabads\u00e1ga \" - Hudo Slovenija","robots":{"index":"index","follow":"follow","max-snippet":"max-snippet:-1","max-image-preview":"max-image-preview:large","max-video-preview":"max-video-preview:-1"},"canonical":"https:\/\/hudo.com\/si\/aktualno\/vlada-je-utemeljevala-svobodo-tiska-z-obstojem-nepszabadsaga\/","og_locale":"sl_SI","og_type":"article","og_title":"Vlada je utemeljevala svobodo tiska z obstojem N\u00e9pszabads\u00e1ga \" - Hudo Slovenija","og_description":"\u00bbTo je bil \u010drni dan za svobodo tiska na Mad\u017earskem. Uti\u0161an je bil eden redkih medijev, v katerem so ljudje \u0161e lahko prebrali kaj kriti\u010dnega o mad\u017earski vladi in njenih ravnanjih. \u0160koda bo, \u010de \u010dasopis ne bo ponovno za\u010del izhajati, nepopravljiva.\u00ab Tako nam je pomen in posledice v\u010deraj\u0161nje ukinitve levo usmerjenega, opozicijskega \u010dasopisa v telefonskem pogovoru opisal starej\u0161i urednik in reporter Andr\u00e1s D\u00e9si, ki je pri N\u00e9pszabads\u00e1gu delal dobrih 26 let. Slednji je zaposloval okoli 100 ljudi od tega 60 novinarjev. Desi je, upo\u0161tevajo\u010d, da so novinarji \u0161e vedno zaposleni \u2013 lastnik Mediaworks je v sporo\u010dilu zapisal, da je izdajanje \u010dasopisa ustavljeno iz ekonomskih razlogov dokler se ne najde nov poslovni model - razumljivo previden. A na Mad\u017earskem tako reko\u010d nih\u010de ne verjame, da so ukinitvi \u010dasopisa botrovali ekonomski razlogi, \u010deprav je dejstvo, da je \u010dasopis ustvarjal izgubo. Omenjeni \u010dasopis je bil \u017ee dolgo \u0161e edini medijski trn v peti Orbanovi vladi, saj je v \u010dasu protibegunske zgodbe razkril nekaj krutih in nesprejemljivih ravnanj pristojnih organov. V zadnjem \u010dasu pa je objavil tudi dve odmevni zgodbi; prva je zadevala ministra v Orbanovem kabinetu Ant\u00e1la Rog\u00e1n, ki je na predve\u010der referenduma najel helikopter, da je lahko z dru\u017eino odletel na poroko ene od mad\u017earskih starlet in se nato v nedeljo vrnil v Budimpe\u0161to. Ob tem, da je najem stal ve\u010d, kot zna\u0161a njegova pla\u010da, je Rog\u00e1n zanikal, da bi najel helikopter in novinarjem N\u00e9pszabads\u00e1ga grozil s to\u017ebo. Ko so ti pokazali dokaze, pa se je zavil v molk. Druga zgodba zadeva klientelisti\u010dno ravnanje guvernerja mad\u017earske centralne banke, G\u00f6rgya M\u00e1tolcsyja, ki je svoji ljubici in njeni sestri \u2013 obe sta zaposleni v ta isti banki \u2013 omogo\u010dil dobro pla\u010do in izobra\u017eevanje na davkople\u010davalski ra\u010dun. Nadaljevanje obeh zgodb je bilo tudi na naslovnici zadnje izdaje N\u00e9pszabads\u00e1ga. Kako in kdaj ste novinarji izvedeli, da je \u010dasopis ukinjen? \u00bbO tem me je obvestil prijatelj in kolega v soboto zjutraj. Dostavljalci so zaposlenim pred","og_url":"https:\/\/hudo.com\/si\/aktualno\/vlada-je-utemeljevala-svobodo-tiska-z-obstojem-nepszabadsaga\/","og_site_name":"Hudo Slovenija","article_publisher":"https:\/\/www.facebook.com\/hudo.si","article_published_time":"2016-10-09T08:30:00+00:00","og_image":[{"width":450,"height":305,"url":"https:\/\/hudo.com\/si\/wp-content\/uploads\/sites\/2\/2016\/10\/01225641F-300.jpg","type":"image\/jpeg"}],"author":"hudo","twitter_card":"summary_large_image","twitter_creator":"@hudo_si","twitter_site":"@hudo_si","twitter_misc":{"Written by":"hudo","Est. reading time":"2 minuti"},"schema":{"@context":"https:\/\/schema.org","@graph":[{"@type":"Article","@id":"https:\/\/hudo.com\/si\/aktualno\/vlada-je-utemeljevala-svobodo-tiska-z-obstojem-nepszabadsaga\/#article","isPartOf":{"@id":"https:\/\/hudo.com\/si\/aktualno\/vlada-je-utemeljevala-svobodo-tiska-z-obstojem-nepszabadsaga\/"},"author":{"name":"hudo","@id":"https:\/\/hudo.com\/si\/#\/schema\/person\/601cf3379633985b20f7e50f2bb47707"},"headline":"Vlada je utemeljevala svobodo tiska z obstojem N\u00e9pszabads\u00e1ga &#8220;","datePublished":"2016-10-09T08:30:00+00:00","dateModified":"2016-10-09T08:30:00+00:00","mainEntityOfPage":{"@id":"https:\/\/hudo.com\/si\/aktualno\/vlada-je-utemeljevala-svobodo-tiska-z-obstojem-nepszabadsaga\/"},"wordCount":361,"publisher":{"@id":"https:\/\/hudo.com\/si\/#organization"},"articleSection":["Aktualno"],"inLanguage":"sl-SI"},{"@type":"WebPage","@id":"https:\/\/hudo.com\/si\/aktualno\/vlada-je-utemeljevala-svobodo-tiska-z-obstojem-nepszabadsaga\/","url":"https:\/\/hudo.com\/si\/aktualno\/vlada-je-utemeljevala-svobodo-tiska-z-obstojem-nepszabadsaga\/","name":"Vlada je utemeljevala svobodo tiska z obstojem N\u00e9pszabads\u00e1ga \" - Hudo Slovenija","isPartOf":{"@id":"https:\/\/hudo.com\/si\/#website"},"datePublished":"2016-10-09T08:30:00+00:00","dateModified":"2016-10-09T08:30:00+00:00","breadcrumb":{"@id":"https:\/\/hudo.com\/si\/aktualno\/vlada-je-utemeljevala-svobodo-tiska-z-obstojem-nepszabadsaga\/#breadcrumb"},"inLanguage":"sl-SI","potentialAction":[{"@type":"ReadAction","target":["https:\/\/hudo.com\/si\/aktualno\/vlada-je-utemeljevala-svobodo-tiska-z-obstojem-nepszabadsaga\/"]}]},{"@type":"BreadcrumbList","@id":"https:\/\/hudo.com\/si\/aktualno\/vlada-je-utemeljevala-svobodo-tiska-z-obstojem-nepszabadsaga\/#breadcrumb","itemListElement":[{"@type":"ListItem","position":1,"name":"Home","item":"https:\/\/hudo.com\/si\/"},{"@type":"ListItem","position":2,"name":"Vlada je utemeljevala svobodo tiska z obstojem N\u00e9pszabads\u00e1ga &#8220;"}]},{"@type":"WebSite","@id":"https:\/\/hudo.com\/si\/#website","url":"https:\/\/hudo.com\/si\/","name":"Hudo Slovenija","description":"Vse novice iz Slovenije in sveta","publisher":{"@id":"https:\/\/hudo.com\/si\/#organization"},"potentialAction":[{"@type":"SearchAction","target":{"@type":"EntryPoint","urlTemplate":"https:\/\/hudo.com\/si\/?s={search_term_string}"},"query-input":"required name=search_term_string"}],"inLanguage":"sl-SI"},{"@type":"Organization","@id":"https:\/\/hudo.com\/si\/#organization","name":"VSN Media","url":"https:\/\/hudo.com\/si\/","logo":{"@type":"ImageObject","inLanguage":"sl-SI","@id":"https:\/\/hudo.com\/si\/#\/schema\/logo\/image\/","url":"https:\/\/hudo.com\/si\/wp-content\/uploads\/sites\/2\/2021\/03\/hudo-app-2.png","contentUrl":"https:\/\/hudo.com\/si\/wp-content\/uploads\/sites\/2\/2021\/03\/hudo-app-2.png","width":2185,"height":2167,"caption":"VSN Media"},"image":{"@id":"https:\/\/hudo.com\/si\/#\/schema\/logo\/image\/"},"sameAs":["https:\/\/www.facebook.com\/hudo.si","https:\/\/twitter.com\/hudo_si"]},{"@type":"Person","@id":"https:\/\/hudo.com\/si\/#\/schema\/person\/601cf3379633985b20f7e50f2bb47707","name":"hudo","image":{"@type":"ImageObject","inLanguage":"sl-SI","@id":"https:\/\/hudo.com\/si\/#\/schema\/person\/image\/","url":"https:\/\/secure.gravatar.com\/avatar\/c4ca25fa72cace7a696b52ff5db9e095?s=96&d=mm&r=g","contentUrl":"https:\/\/secure.gravatar.com\/avatar\/c4ca25fa72cace7a696b52ff5db9e095?s=96&d=mm&r=g","caption":"hudo"},"url":"https:\/\/hudo.com\/si\/author\/hudo\/"}]}},"amp_enabled":true,"_links":{"self":[{"href":"https:\/\/hudo.com\/si\/wp-json\/wp\/v2\/posts\/150306"}],"collection":[{"href":"https:\/\/hudo.com\/si\/wp-json\/wp\/v2\/posts"}],"about":[{"href":"https:\/\/hudo.com\/si\/wp-json\/wp\/v2\/types\/post"}],"author":[{"embeddable":true,"href":"https:\/\/hudo.com\/si\/wp-json\/wp\/v2\/users\/1"}],"replies":[{"embeddable":true,"href":"https:\/\/hudo.com\/si\/wp-json\/wp\/v2\/comments?post=150306"}],"version-history":[{"count":0,"href":"https:\/\/hudo.com\/si\/wp-json\/wp\/v2\/posts\/150306\/revisions"}],"wp:attachment":[{"href":"https:\/\/hudo.com\/si\/wp-json\/wp\/v2\/media?parent=150306"}],"wp:term":[{"taxonomy":"category","embeddable":true,"href":"https:\/\/hudo.com\/si\/wp-json\/wp\/v2\/categories?post=150306"},{"taxonomy":"post_tag","embeddable":true,"href":"https:\/\/hudo.com\/si\/wp-json\/wp\/v2\/tags?post=150306"},{"taxonomy":"source","embeddable":true,"href":"https:\/\/hudo.com\/si\/wp-json\/wp\/v2\/source?post=150306"},{"taxonomy":"supertag","embeddable":true,"href":"https:\/\/hudo.com\/si\/wp-json\/wp\/v2\/supertag?post=150306"}],"curies":[{"name":"wp","href":"https:\/\/api.w.org\/{rel}","templated":true}]}}